{"id":197216,"date":"2025-02-06T16:50:36","date_gmt":"2025-02-06T19:50:36","guid":{"rendered":"https:\/\/aconteceunovale.com.br\/portal\/?p=197216"},"modified":"2025-02-06T16:51:00","modified_gmt":"2025-02-06T19:51:00","slug":"justica-mantem-prisao-de-medico-acusado-de-estupro-e-importunacao-sexual-em-itabira","status":"publish","type":"post","link":"https:\/\/aconteceunovale.com.br\/portal\/?p=197216","title":{"rendered":"Justi\u00e7a mant\u00e9m pris\u00e3o de m\u00e9dico acusado de estupro e importuna\u00e7\u00e3o sexual em Itabira"},"content":{"rendered":"\n<p class=\"wp-block-paragraph\">A Justi\u00e7a negou, nesta quinta-feira (6\/2\/2025), o pedido de revoga\u00e7\u00e3o da pris\u00e3o de um m\u00e9dico mastologista de Itabira, cidade localizada no Quadril\u00e1tero Ferr\u00edfero de Minas Gerais, investigado pelos crimes de estupro e importuna\u00e7\u00e3o sexual, al\u00e9m de outras infra\u00e7\u00f5es contra a dignidade sexual. As v\u00edtimas incluem pacientes, algumas em tratamento contra o c\u00e2ncer.<\/p>\n\n\n\n<p class=\"wp-block-paragraph\">O acusado est\u00e1 em pris\u00e3o preventiva desde a \u00faltima ter\u00e7a-feira (4), ap\u00f3s mandados judiciais de pris\u00e3o e busca e apreens\u00e3o serem cumpridos pela Pol\u00edcia Civil. A deten\u00e7\u00e3o ocorreu a pedido do Minist\u00e9rio P\u00fablico de Minas Gerais (MPMG), por meio da 3\u00aa Promotoria de Justi\u00e7a de Itabira.<\/p>\n\n\n\n<p class=\"wp-block-paragraph\">O crime de estupro que resultou na pris\u00e3o do m\u00e9dico ocorreu no dia 24 de janeiro, durante um atendimento em um hospital da rede p\u00fablica do munic\u00edpio. No mesmo dia, a v\u00edtima acionou a Pol\u00edcia Militar e recebeu atendimento especializado. No entanto, o suspeito n\u00e3o foi localizado para ser preso em flagrante.<\/p>\n\n\n\n<p class=\"wp-block-paragraph\">Com a divulga\u00e7\u00e3o do caso, outras mulheres, incluindo pacientes e funcion\u00e1rias do hospital, prestaram depoimentos \u00e0 Pol\u00edcia Civil relatando situa\u00e7\u00f5es semelhantes. Segundo a promotora de Justi\u00e7a Marianna Michieletto, o relato mais antigo registrado data de 2015.<\/p>\n\n\n\n<p class=\"wp-block-paragraph\">A 1\u00aa Vara Criminal de Itabira justificou a decreta\u00e7\u00e3o da pris\u00e3o preventiva do suspeito com base na <em>&#8220;garantia da ordem p\u00fablica, diante da gravidade concreta do delito, supostamente praticado dentro de consult\u00f3rio, durante atendimento m\u00e9dico, bem como visando se evitar o cometimento de novos crimes&#8221;.<\/em><\/p>\n\n\n\n<h3 class=\"wp-block-heading\"><strong>Nota do Hospital Nossa Senhora das Dores (HNSD)<\/strong><\/h3>\n\n\n\n<p class=\"wp-block-paragraph\">O Hospital Nossa Senhora das Dores (HNSD) manifestou apoio \u00e0s v\u00edtimas envolvidas no caso e informou que desde o dia 27 de janeiro determinou a suspens\u00e3o imediata dos atendimentos, consultas e cirurgias realizadas pelo m\u00e9dico investigado, sem comprometer o tratamento das pacientes oncol\u00f3gicas.<\/p>\n\n\n\n<p class=\"wp-block-paragraph\">A institui\u00e7\u00e3o refor\u00e7ou que adotou outras medidas desde ent\u00e3o:<\/p>\n\n\n\n<ul class=\"wp-block-list\">\n<li><strong>Afastamento do profissional<\/strong>: o m\u00e9dico foi imediatamente retirado de suas fun\u00e7\u00f5es at\u00e9 a conclus\u00e3o das investiga\u00e7\u00f5es;<\/li>\n\n\n\n<li><strong>Colabora\u00e7\u00e3o com as autoridades<\/strong>: o hospital est\u00e1 cooperando integralmente com os \u00f3rg\u00e3os competentes;<\/li>\n\n\n\n<li><strong>Apoio \u00e0s pacientes oncol\u00f3gicas<\/strong>: os atendimentos seguem normalmente, sem preju\u00edzo \u00e0s usu\u00e1rias do servi\u00e7o;<\/li>\n\n\n\n<li><strong>Processo administrativo<\/strong>: medidas jur\u00eddicas est\u00e3o sendo adotadas para a abertura de um procedimento administrativo e notifica\u00e7\u00e3o dos conselhos profissionais respons\u00e1veis.<\/li>\n<\/ul>\n\n\n\n<p class=\"wp-block-paragraph\">O HNSD enfatizou que repudia qualquer conduta que possa prejudicar pacientes e que continuar\u00e1 colaborando com as investiga\u00e7\u00f5es. A institui\u00e7\u00e3o ressaltou ainda que sua hist\u00f3ria de 165 anos \u00e9 pautada pelo compromisso com a seguran\u00e7a e a \u00e9tica profissional.<\/p>\n","protected":false},"excerpt":{"rendered":"<p>A Justi\u00e7a negou, nesta quinta-feira (6\/2\/2025), o pedido de revoga\u00e7\u00e3o da pris\u00e3o de um m\u00e9dico mastologista de Itabira, cidade localizada no Quadril\u00e1tero Ferr\u00edfero de Minas Gerais, investigado pelos crimes de estupro e importuna\u00e7\u00e3o sexual, al\u00e9m de outras infra\u00e7\u00f5es contra a dignidade sexual. As v\u00edtimas incluem pacientes, algumas em tratamento contra o c\u00e2ncer. O acusado est\u00e1 [&hellip;]<\/p>\n","protected":false},"author":4,"featured_media":197217,"comment_status":"open","ping_status":"closed","sticky":false,"template":"","format":"standard","meta":{"amp_status":"","footnotes":""},"categories":[123],"tags":[1018,202,271543,271332,271333,271337,271336,604,239123,271334,271335],"class_list":["post-197216","post","type-post","status-publish","format-standard","has-post-thumbnail","hentry","category-gerais","tag-destaque","tag-itabira","tag-justica-mantem-prisao-de-medico-acusado-de-estupro-e-importunacao-sexual-em-itabira","tag-medico-e-preso-em-itabira-por-estupro-e-importunacao-sexual-contra-seis-mulheres","tag-medico-preso-em-itabira","tag-medico-preso-por-estupro-em-hospital-de-itabira","tag-medico-preso-por-estupro-em-itabira","tag-pcmg","tag-pcmg-itabira","tag-prisao-de-medico-em-itabira","tag-prisao-de-medico-por-estupro-em-itabira"],"yoast_head":"<!-- This site is optimized with the Yoast SEO plugin v28.3 - https:\/\/yoast.com\/product\/yoast-seo-wordpress\/ -->\n<title>Justi\u00e7a mant\u00e9m pris\u00e3o de m\u00e9dico acusado de estupro e importuna\u00e7\u00e3o sexual em Itabira - Aconteceu no Vale<\/title>\n<meta name=\"robots\" content=\"index, follow, max-snippet:-1, max-image-preview:large, max-video-preview:-1\" \/>\n<link rel=\"canonical\" href=\"https:\/\/aconteceunovale.com.br\/portal\/?p=197216\" \/>\n<meta property=\"og:locale\" content=\"pt_BR\" \/>\n<meta property=\"og:type\" content=\"article\" \/>\n<meta property=\"og:title\" content=\"Justi\u00e7a mant\u00e9m pris\u00e3o de m\u00e9dico acusado de estupro e importuna\u00e7\u00e3o sexual em Itabira - Aconteceu no Vale\" \/>\n<meta property=\"og:description\" content=\"A Justi\u00e7a negou, nesta quinta-feira (6\/2\/2025), o pedido de revoga\u00e7\u00e3o da pris\u00e3o de um m\u00e9dico mastologista de Itabira, cidade localizada no Quadril\u00e1tero Ferr\u00edfero de Minas Gerais, investigado pelos crimes de estupro e importuna\u00e7\u00e3o sexual, al\u00e9m de outras infra\u00e7\u00f5es contra a dignidade sexual. As v\u00edtimas incluem pacientes, algumas em tratamento contra o c\u00e2ncer. O acusado est\u00e1 [&hellip;]\" \/>\n<meta property=\"og:url\" content=\"https:\/\/aconteceunovale.com.br\/portal\/?p=197216\" \/>\n<meta property=\"og:site_name\" content=\"Aconteceu no Vale\" \/>\n<meta property=\"article:publisher\" content=\"https:\/\/www.facebook.com\/aconteceunovale\/\" \/>\n<meta property=\"article:published_time\" content=\"2025-02-06T19:50:36+00:00\" \/>\n<meta property=\"article:modified_time\" content=\"2025-02-06T19:51:00+00:00\" \/>\n<meta property=\"og:image\" content=\"https:\/\/aconteceunovale.com.br\/portal\/wp-content\/uploads\/2025\/02\/itabira_mg.jpg\" \/>\n\t<meta property=\"og:image:width\" content=\"600\" \/>\n\t<meta property=\"og:image:height\" content=\"450\" \/>\n\t<meta property=\"og:image:type\" content=\"image\/jpeg\" \/>\n<meta name=\"author\" content=\"Reda\u00e7\u00e3o Aconteceu no Vale\" \/>\n<meta name=\"twitter:card\" content=\"summary_large_image\" \/>\n<meta name=\"twitter:creator\" content=\"@noticiadosvales\" \/>\n<meta name=\"twitter:site\" content=\"@noticiadosvales\" \/>\n<meta name=\"twitter:label1\" content=\"Escrito por\" \/>\n\t<meta name=\"twitter:data1\" content=\"Reda\u00e7\u00e3o Aconteceu no Vale\" \/>\n\t<meta name=\"twitter:label2\" content=\"Est. tempo de leitura\" \/>\n\t<meta name=\"twitter:data2\" content=\"2 minutos\" \/>\n<script type=\"application\/ld+json\" class=\"yoast-schema-graph\">{\"@context\":\"https:\\\/\\\/schema.org\",\"@graph\":[{\"@type\":\"Article\",\"@id\":\"https:\\\/\\\/aconteceunovale.com.br\\\/portal\\\/?p=197216#article\",\"isPartOf\":{\"@id\":\"https:\\\/\\\/aconteceunovale.com.br\\\/portal\\\/?p=197216\"},\"author\":{\"name\":\"Reda\u00e7\u00e3o Aconteceu no Vale\",\"@id\":\"https:\\\/\\\/aconteceunovale.com.br\\\/portal\\\/#\\\/schema\\\/person\\\/7d2f26d1483f8a63de73da1ee0754d35\"},\"headline\":\"Justi\u00e7a mant\u00e9m pris\u00e3o de m\u00e9dico acusado de estupro e importuna\u00e7\u00e3o sexual em Itabira\",\"datePublished\":\"2025-02-06T19:50:36+00:00\",\"dateModified\":\"2025-02-06T19:51:00+00:00\",\"mainEntityOfPage\":{\"@id\":\"https:\\\/\\\/aconteceunovale.com.br\\\/portal\\\/?p=197216\"},\"wordCount\":464,\"commentCount\":0,\"image\":{\"@id\":\"https:\\\/\\\/aconteceunovale.com.br\\\/portal\\\/?p=197216#primaryimage\"},\"thumbnailUrl\":\"https:\\\/\\\/aconteceunovale.com.br\\\/portal\\\/wp-content\\\/uploads\\\/2025\\\/02\\\/itabira_mg.jpg\",\"keywords\":[\"destaque\",\"Itabira\",\"Justi\u00e7a mant\u00e9m pris\u00e3o de m\u00e9dico acusado de estupro e importuna\u00e7\u00e3o sexual em Itabira\",\"M\u00e9dico \u00e9 preso em Itabira por estupro e importuna\u00e7\u00e3o sexual contra seis mulheres\",\"M\u00e9dico preso em Itabira\",\"M\u00e9dico preso por estupro em hospital de Itabira\",\"M\u00e9dico preso por estupro em Itabira\",\"PCMG\",\"PCMG Itabira\",\"Pris\u00e3o de m\u00e9dico em Itabira\",\"Pris\u00e3o de m\u00e9dico por estupro em Itabira\"],\"articleSection\":[\"Minas Gerais\"],\"inLanguage\":\"pt-BR\",\"potentialAction\":[{\"@type\":\"CommentAction\",\"name\":\"Comment\",\"target\":[\"https:\\\/\\\/aconteceunovale.com.br\\\/portal\\\/?p=197216#respond\"]}]},{\"@type\":\"WebPage\",\"@id\":\"https:\\\/\\\/aconteceunovale.com.br\\\/portal\\\/?p=197216\",\"url\":\"https:\\\/\\\/aconteceunovale.com.br\\\/portal\\\/?p=197216\",\"name\":\"Justi\u00e7a mant\u00e9m pris\u00e3o de m\u00e9dico acusado de estupro e importuna\u00e7\u00e3o sexual em Itabira - Aconteceu no Vale\",\"isPartOf\":{\"@id\":\"https:\\\/\\\/aconteceunovale.com.br\\\/portal\\\/#website\"},\"primaryImageOfPage\":{\"@id\":\"https:\\\/\\\/aconteceunovale.com.br\\\/portal\\\/?p=197216#primaryimage\"},\"image\":{\"@id\":\"https:\\\/\\\/aconteceunovale.com.br\\\/portal\\\/?p=197216#primaryimage\"},\"thumbnailUrl\":\"https:\\\/\\\/aconteceunovale.com.br\\\/portal\\\/wp-content\\\/uploads\\\/2025\\\/02\\\/itabira_mg.jpg\",\"datePublished\":\"2025-02-06T19:50:36+00:00\",\"dateModified\":\"2025-02-06T19:51:00+00:00\",\"author\":{\"@id\":\"https:\\\/\\\/aconteceunovale.com.br\\\/portal\\\/#\\\/schema\\\/person\\\/7d2f26d1483f8a63de73da1ee0754d35\"},\"breadcrumb\":{\"@id\":\"https:\\\/\\\/aconteceunovale.com.br\\\/portal\\\/?p=197216#breadcrumb\"},\"inLanguage\":\"pt-BR\",\"potentialAction\":[{\"@type\":\"ReadAction\",\"target\":[\"https:\\\/\\\/aconteceunovale.com.br\\\/portal\\\/?p=197216\"]}]},{\"@type\":\"ImageObject\",\"inLanguage\":\"pt-BR\",\"@id\":\"https:\\\/\\\/aconteceunovale.com.br\\\/portal\\\/?p=197216#primaryimage\",\"url\":\"https:\\\/\\\/aconteceunovale.com.br\\\/portal\\\/wp-content\\\/uploads\\\/2025\\\/02\\\/itabira_mg.jpg\",\"contentUrl\":\"https:\\\/\\\/aconteceunovale.com.br\\\/portal\\\/wp-content\\\/uploads\\\/2025\\\/02\\\/itabira_mg.jpg\",\"width\":600,\"height\":450},{\"@type\":\"BreadcrumbList\",\"@id\":\"https:\\\/\\\/aconteceunovale.com.br\\\/portal\\\/?p=197216#breadcrumb\",\"itemListElement\":[{\"@type\":\"ListItem\",\"position\":1,\"name\":\"In\u00edcio\",\"item\":\"https:\\\/\\\/aconteceunovale.com.br\\\/portal\\\/\"},{\"@type\":\"ListItem\",\"position\":2,\"name\":\"Justi\u00e7a mant\u00e9m pris\u00e3o de m\u00e9dico acusado de estupro e importuna\u00e7\u00e3o sexual em Itabira\"}]},{\"@type\":\"WebSite\",\"@id\":\"https:\\\/\\\/aconteceunovale.com.br\\\/portal\\\/#website\",\"url\":\"https:\\\/\\\/aconteceunovale.com.br\\\/portal\\\/\",\"name\":\"Aconteceu no Vale\",\"description\":\"Portal de Not\u00edcias\",\"potentialAction\":[{\"@type\":\"SearchAction\",\"target\":{\"@type\":\"EntryPoint\",\"urlTemplate\":\"https:\\\/\\\/aconteceunovale.com.br\\\/portal\\\/?s={search_term_string}\"},\"query-input\":{\"@type\":\"PropertyValueSpecification\",\"valueRequired\":true,\"valueName\":\"search_term_string\"}}],\"inLanguage\":\"pt-BR\"},{\"@type\":\"Person\",\"@id\":\"https:\\\/\\\/aconteceunovale.com.br\\\/portal\\\/#\\\/schema\\\/person\\\/7d2f26d1483f8a63de73da1ee0754d35\",\"name\":\"Reda\u00e7\u00e3o Aconteceu no Vale\",\"description\":\"Equipe de reportagem do Aconteceu no Vale, portal de not\u00edcias do Vale do Jequitinhonha, em Minas Gerais. Cobrimos as 51 cidades do Vale desde 2013. Sugest\u00f5es de pauta e pedidos de corre\u00e7\u00e3o: contato@aconteceunovale.com.br\",\"url\":\"https:\\\/\\\/aconteceunovale.com.br\\\/portal\\\/?author=4\"}]}<\/script>\n<!-- \/ Yoast SEO plugin. -->","yoast_head_json":{"title":"Justi\u00e7a mant\u00e9m pris\u00e3o de m\u00e9dico acusado de estupro e importuna\u00e7\u00e3o sexual em Itabira - Aconteceu no Vale","robots":{"index":"index","follow":"follow","max-snippet":"max-snippet:-1","max-image-preview":"max-image-preview:large","max-video-preview":"max-video-preview:-1"},"canonical":"https:\/\/aconteceunovale.com.br\/portal\/?p=197216","og_locale":"pt_BR","og_type":"article","og_title":"Justi\u00e7a mant\u00e9m pris\u00e3o de m\u00e9dico acusado de estupro e importuna\u00e7\u00e3o sexual em Itabira - Aconteceu no Vale","og_description":"A Justi\u00e7a negou, nesta quinta-feira (6\/2\/2025), o pedido de revoga\u00e7\u00e3o da pris\u00e3o de um m\u00e9dico mastologista de Itabira, cidade localizada no Quadril\u00e1tero Ferr\u00edfero de Minas Gerais, investigado pelos crimes de estupro e importuna\u00e7\u00e3o sexual, al\u00e9m de outras infra\u00e7\u00f5es contra a dignidade sexual. As v\u00edtimas incluem pacientes, algumas em tratamento contra o c\u00e2ncer. O acusado est\u00e1 [&hellip;]","og_url":"https:\/\/aconteceunovale.com.br\/portal\/?p=197216","og_site_name":"Aconteceu no Vale","article_publisher":"https:\/\/www.facebook.com\/aconteceunovale\/","article_published_time":"2025-02-06T19:50:36+00:00","article_modified_time":"2025-02-06T19:51:00+00:00","og_image":[{"width":600,"height":450,"url":"https:\/\/aconteceunovale.com.br\/portal\/wp-content\/uploads\/2025\/02\/itabira_mg.jpg","type":"image\/jpeg"}],"author":"Reda\u00e7\u00e3o Aconteceu no Vale","twitter_card":"summary_large_image","twitter_creator":"@noticiadosvales","twitter_site":"@noticiadosvales","twitter_misc":{"Escrito por":"Reda\u00e7\u00e3o Aconteceu no Vale","Est. tempo de leitura":"2 minutos"},"schema":{"@context":"https:\/\/schema.org","@graph":[{"@type":"Article","@id":"https:\/\/aconteceunovale.com.br\/portal\/?p=197216#article","isPartOf":{"@id":"https:\/\/aconteceunovale.com.br\/portal\/?p=197216"},"author":{"name":"Reda\u00e7\u00e3o Aconteceu no Vale","@id":"https:\/\/aconteceunovale.com.br\/portal\/#\/schema\/person\/7d2f26d1483f8a63de73da1ee0754d35"},"headline":"Justi\u00e7a mant\u00e9m pris\u00e3o de m\u00e9dico acusado de estupro e importuna\u00e7\u00e3o sexual em Itabira","datePublished":"2025-02-06T19:50:36+00:00","dateModified":"2025-02-06T19:51:00+00:00","mainEntityOfPage":{"@id":"https:\/\/aconteceunovale.com.br\/portal\/?p=197216"},"wordCount":464,"commentCount":0,"image":{"@id":"https:\/\/aconteceunovale.com.br\/portal\/?p=197216#primaryimage"},"thumbnailUrl":"https:\/\/aconteceunovale.com.br\/portal\/wp-content\/uploads\/2025\/02\/itabira_mg.jpg","keywords":["destaque","Itabira","Justi\u00e7a mant\u00e9m pris\u00e3o de m\u00e9dico acusado de estupro e importuna\u00e7\u00e3o sexual em Itabira","M\u00e9dico \u00e9 preso em Itabira por estupro e importuna\u00e7\u00e3o sexual contra seis mulheres","M\u00e9dico preso em Itabira","M\u00e9dico preso por estupro em hospital de Itabira","M\u00e9dico preso por estupro em Itabira","PCMG","PCMG Itabira","Pris\u00e3o de m\u00e9dico em Itabira","Pris\u00e3o de m\u00e9dico por estupro em Itabira"],"articleSection":["Minas Gerais"],"inLanguage":"pt-BR","potentialAction":[{"@type":"CommentAction","name":"Comment","target":["https:\/\/aconteceunovale.com.br\/portal\/?p=197216#respond"]}]},{"@type":"WebPage","@id":"https:\/\/aconteceunovale.com.br\/portal\/?p=197216","url":"https:\/\/aconteceunovale.com.br\/portal\/?p=197216","name":"Justi\u00e7a mant\u00e9m pris\u00e3o de m\u00e9dico acusado de estupro e importuna\u00e7\u00e3o sexual em Itabira - Aconteceu no Vale","isPartOf":{"@id":"https:\/\/aconteceunovale.com.br\/portal\/#website"},"primaryImageOfPage":{"@id":"https:\/\/aconteceunovale.com.br\/portal\/?p=197216#primaryimage"},"image":{"@id":"https:\/\/aconteceunovale.com.br\/portal\/?p=197216#primaryimage"},"thumbnailUrl":"https:\/\/aconteceunovale.com.br\/portal\/wp-content\/uploads\/2025\/02\/itabira_mg.jpg","datePublished":"2025-02-06T19:50:36+00:00","dateModified":"2025-02-06T19:51:00+00:00","author":{"@id":"https:\/\/aconteceunovale.com.br\/portal\/#\/schema\/person\/7d2f26d1483f8a63de73da1ee0754d35"},"breadcrumb":{"@id":"https:\/\/aconteceunovale.com.br\/portal\/?p=197216#breadcrumb"},"inLanguage":"pt-BR","potentialAction":[{"@type":"ReadAction","target":["https:\/\/aconteceunovale.com.br\/portal\/?p=197216"]}]},{"@type":"ImageObject","inLanguage":"pt-BR","@id":"https:\/\/aconteceunovale.com.br\/portal\/?p=197216#primaryimage","url":"https:\/\/aconteceunovale.com.br\/portal\/wp-content\/uploads\/2025\/02\/itabira_mg.jpg","contentUrl":"https:\/\/aconteceunovale.com.br\/portal\/wp-content\/uploads\/2025\/02\/itabira_mg.jpg","width":600,"height":450},{"@type":"BreadcrumbList","@id":"https:\/\/aconteceunovale.com.br\/portal\/?p=197216#breadcrumb","itemListElement":[{"@type":"ListItem","position":1,"name":"In\u00edcio","item":"https:\/\/aconteceunovale.com.br\/portal\/"},{"@type":"ListItem","position":2,"name":"Justi\u00e7a mant\u00e9m pris\u00e3o de m\u00e9dico acusado de estupro e importuna\u00e7\u00e3o sexual em Itabira"}]},{"@type":"WebSite","@id":"https:\/\/aconteceunovale.com.br\/portal\/#website","url":"https:\/\/aconteceunovale.com.br\/portal\/","name":"Aconteceu no Vale","description":"Portal de Not\u00edcias","potentialAction":[{"@type":"SearchAction","target":{"@type":"EntryPoint","urlTemplate":"https:\/\/aconteceunovale.com.br\/portal\/?s={search_term_string}"},"query-input":{"@type":"PropertyValueSpecification","valueRequired":true,"valueName":"search_term_string"}}],"inLanguage":"pt-BR"},{"@type":"Person","@id":"https:\/\/aconteceunovale.com.br\/portal\/#\/schema\/person\/7d2f26d1483f8a63de73da1ee0754d35","name":"Reda\u00e7\u00e3o Aconteceu no Vale","description":"Equipe de reportagem do Aconteceu no Vale, portal de not\u00edcias do Vale do Jequitinhonha, em Minas Gerais. Cobrimos as 51 cidades do Vale desde 2013. Sugest\u00f5es de pauta e pedidos de corre\u00e7\u00e3o: contato@aconteceunovale.com.br","url":"https:\/\/aconteceunovale.com.br\/portal\/?author=4"}]}},"_links":{"self":[{"href":"https:\/\/aconteceunovale.com.br\/portal\/index.php?rest_route=\/wp\/v2\/posts\/197216","targetHints":{"allow":["GET"]}}],"collection":[{"href":"https:\/\/aconteceunovale.com.br\/portal\/index.php?rest_route=\/wp\/v2\/posts"}],"about":[{"href":"https:\/\/aconteceunovale.com.br\/portal\/index.php?rest_route=\/wp\/v2\/types\/post"}],"author":[{"embeddable":true,"href":"https:\/\/aconteceunovale.com.br\/portal\/index.php?rest_route=\/wp\/v2\/users\/4"}],"replies":[{"embeddable":true,"href":"https:\/\/aconteceunovale.com.br\/portal\/index.php?rest_route=%2Fwp%2Fv2%2Fcomments&post=197216"}],"version-history":[{"count":1,"href":"https:\/\/aconteceunovale.com.br\/portal\/index.php?rest_route=\/wp\/v2\/posts\/197216\/revisions"}],"predecessor-version":[{"id":197218,"href":"https:\/\/aconteceunovale.com.br\/portal\/index.php?rest_route=\/wp\/v2\/posts\/197216\/revisions\/197218"}],"wp:featuredmedia":[{"embeddable":true,"href":"https:\/\/aconteceunovale.com.br\/portal\/index.php?rest_route=\/wp\/v2\/media\/197217"}],"wp:attachment":[{"href":"https:\/\/aconteceunovale.com.br\/portal\/index.php?rest_route=%2Fwp%2Fv2%2Fmedia&parent=197216"}],"wp:term":[{"taxonomy":"category","embeddable":true,"href":"https:\/\/aconteceunovale.com.br\/portal\/index.php?rest_route=%2Fwp%2Fv2%2Fcategories&post=197216"},{"taxonomy":"post_tag","embeddable":true,"href":"https:\/\/aconteceunovale.com.br\/portal\/index.php?rest_route=%2Fwp%2Fv2%2Ftags&post=197216"}],"curies":[{"name":"wp","href":"https:\/\/api.w.org\/{rel}","templated":true}]}}