{"id":197207,"date":"2025-02-06T11:57:07","date_gmt":"2025-02-06T14:57:07","guid":{"rendered":"https:\/\/aconteceunovale.com.br\/portal\/?p=197207"},"modified":"2025-02-06T22:26:13","modified_gmt":"2025-02-07T01:26:13","slug":"policia-recupera-carga-roubada-e-prende-suspeito-em-sao-domingos-do-prata","status":"publish","type":"post","link":"https:\/\/aconteceunovale.com.br\/portal\/?p=197207","title":{"rendered":"Pol\u00edcia recupera carga roubada e prende suspeito em S\u00e3o Domingos do Prata"},"content":{"rendered":"\n<p class=\"wp-block-paragraph\">Uma a\u00e7\u00e3o conjunta das pol\u00edcias Militar de Minas Gerais (PMMG) e Rodovi\u00e1ria Federal (PRF) recuperou, na quarta-feira (5\/2\/2025), uma carga roubada e prendeu um suspeito na localidade de Tocos, zona rural de S\u00e3o Domingos do Prata, na regi\u00e3o do M\u00e9dio Rio Piracicaba.<\/p>\n\n\n\n<figure class=\"wp-block-gallery has-nested-images columns-default is-cropped wp-block-gallery-1 is-layout-flex wp-block-gallery-is-layout-flex\">\n<figure class=\"wp-block-image size-large\"><img loading=\"lazy\" decoding=\"async\" width=\"678\" height=\"407\" data-id=\"197238\" src=\"https:\/\/aconteceunovale.com.br\/portal\/wp-content\/uploads\/2025\/02\/sao_domingos_do_prata.jpeg\" alt=\"\" class=\"wp-image-197238\" srcset=\"https:\/\/aconteceunovale.com.br\/portal\/wp-content\/uploads\/2025\/02\/sao_domingos_do_prata.jpeg 678w, https:\/\/aconteceunovale.com.br\/portal\/wp-content\/uploads\/2025\/02\/sao_domingos_do_prata-300x180.jpeg 300w\" sizes=\"auto, (max-width: 678px) 100vw, 678px\" \/><figcaption class=\"wp-element-caption\"><em>Foto: Divulga\u00e7\u00e3o \/ PMMG<\/em><\/figcaption><\/figure>\n<\/figure>\n\n\n\n<p class=\"wp-block-paragraph\">O roubo ocorreu na BR-381, quando o condutor de um caminh\u00e3o VW\/7.90, que transportava produtos diversos de S\u00e3o Paulo\/SP para Teixeira de Freitas\/BA, foi atacado por criminosos. Por volta da meia-noite, na altura do km 310, em Ant\u00f4nio Dias, o motorista viu um clar\u00e3o e ouviu um disparo que estilha\u00e7ou o vidro da cabine. Em seguida, um Fiat Palio interceptou o ve\u00edculo de carga, e um dos ocupantes efetuou um novo disparo contra o para-brisa, anunciando o assalto.<\/p>\n\n\n\n<p class=\"wp-block-paragraph\">Os criminosos obrigaram o condutor a parar o ve\u00edculo. Dois deles entraram na cabine, um assumiu a dire\u00e7\u00e3o e o outro manteve o motorista sob amea\u00e7a armada. A v\u00edtima teve a cabe\u00e7a encoberta com uma camisa e as m\u00e3os amarradas com o pr\u00f3prio cinto. Posteriormente, foi abandonado nas proximidades de Bela Vista de Minas.<\/p>\n\n\n\n<p class=\"wp-block-paragraph\">A partir da ocorr\u00eancia, as equipes de intelig\u00eancia da PM e da PRF iniciaram levantamentos que culminaram em uma opera\u00e7\u00e3o envolvendo o T\u00e1tico M\u00f3vel e viaturas de Jo\u00e3o Monlevade e S\u00e3o Domingos do Prata. Durante a a\u00e7\u00e3o, foi apreendida uma motocicleta XRE 300 furtada, repintada e sem placas. Al\u00e9m disso, foram recuperados eletr\u00f4nicos, materiais de limpeza, vestu\u00e1rio, arames, pneus, produtos de est\u00e9tica, copos t\u00e9rmicos, bebidas, mantimentos, pe\u00e7as automotivas, materiais de constru\u00e7\u00e3o e ferramentas.<\/p>\n\n\n\n<p class=\"wp-block-paragraph\">Um homem de 26 anos foi preso no local, enquanto outro suspeito, de 43 anos, foi identificado e qualificado. Os materiais apreendidos foram encaminhados \u00e0 Delegacia de Pol\u00edcia Civil para as provid\u00eancias cab\u00edveis.<\/p>\n","protected":false},"excerpt":{"rendered":"<p>Uma a\u00e7\u00e3o conjunta das pol\u00edcias Militar de Minas Gerais (PMMG) e Rodovi\u00e1ria Federal (PRF) recuperou, na quarta-feira (5\/2\/2025), uma carga roubada e prendeu um suspeito na localidade de Tocos, zona rural de S\u00e3o Domingos do Prata, na regi\u00e3o do M\u00e9dio Rio Piracicaba. O roubo ocorreu na BR-381, quando o condutor de um caminh\u00e3o VW\/7.90, que [&hellip;]<\/p>\n","protected":false},"author":4,"featured_media":197238,"comment_status":"open","ping_status":"closed","sticky":false,"template":"","format":"standard","meta":{"amp_status":"","footnotes":""},"categories":[121],"tags":[1740,1102,38187,271534,243387,271536,271535,239,14911],"class_list":["post-197207","post","type-post","status-publish","format-standard","has-post-thumbnail","hentry","category-leste","tag-antonio-dias","tag-joao-monlevade","tag-pmmg","tag-policia-recupera-carga-roubada-e-prende-suspeito-em-sao-domingos-do-prata","tag-preso-em-sao-domingos-do-prata","tag-preso-por-roubo-de-carga-na-br-381","tag-preso-por-roubo-em-sao-domingos-do-prata","tag-prf","tag-sao-domingos-do-prata"],"yoast_head":"<!-- This site is optimized with the Yoast SEO plugin v28.3 - https:\/\/yoast.com\/product\/yoast-seo-wordpress\/ -->\n<title>Pol\u00edcia recupera carga roubada e prende suspeito em S\u00e3o Domingos do Prata - Aconteceu no Vale<\/title>\n<meta name=\"robots\" content=\"index, follow, max-snippet:-1, max-image-preview:large, max-video-preview:-1\" \/>\n<link rel=\"canonical\" href=\"https:\/\/aconteceunovale.com.br\/portal\/?p=197207\" \/>\n<meta property=\"og:locale\" content=\"pt_BR\" \/>\n<meta property=\"og:type\" content=\"article\" \/>\n<meta property=\"og:title\" content=\"Pol\u00edcia recupera carga roubada e prende suspeito em S\u00e3o Domingos do Prata - Aconteceu no Vale\" \/>\n<meta property=\"og:description\" content=\"Uma a\u00e7\u00e3o conjunta das pol\u00edcias Militar de Minas Gerais (PMMG) e Rodovi\u00e1ria Federal (PRF) recuperou, na quarta-feira (5\/2\/2025), uma carga roubada e prendeu um suspeito na localidade de Tocos, zona rural de S\u00e3o Domingos do Prata, na regi\u00e3o do M\u00e9dio Rio Piracicaba. O roubo ocorreu na BR-381, quando o condutor de um caminh\u00e3o VW\/7.90, que [&hellip;]\" \/>\n<meta property=\"og:url\" content=\"https:\/\/aconteceunovale.com.br\/portal\/?p=197207\" \/>\n<meta property=\"og:site_name\" content=\"Aconteceu no Vale\" \/>\n<meta property=\"article:publisher\" content=\"https:\/\/www.facebook.com\/aconteceunovale\/\" \/>\n<meta property=\"article:published_time\" content=\"2025-02-06T14:57:07+00:00\" \/>\n<meta property=\"article:modified_time\" content=\"2025-02-07T01:26:13+00:00\" \/>\n<meta property=\"og:image\" content=\"https:\/\/aconteceunovale.com.br\/portal\/wp-content\/uploads\/2025\/02\/sao_domingos_do_prata.jpeg\" \/>\n\t<meta property=\"og:image:width\" content=\"678\" \/>\n\t<meta property=\"og:image:height\" content=\"407\" \/>\n\t<meta property=\"og:image:type\" content=\"image\/jpeg\" \/>\n<meta name=\"author\" content=\"Reda\u00e7\u00e3o Aconteceu no Vale\" \/>\n<meta name=\"twitter:card\" content=\"summary_large_image\" \/>\n<meta name=\"twitter:creator\" content=\"@noticiadosvales\" \/>\n<meta name=\"twitter:site\" content=\"@noticiadosvales\" \/>\n<meta name=\"twitter:label1\" content=\"Escrito por\" \/>\n\t<meta name=\"twitter:data1\" content=\"Reda\u00e7\u00e3o Aconteceu no Vale\" \/>\n\t<meta name=\"twitter:label2\" content=\"Est. tempo de leitura\" \/>\n\t<meta name=\"twitter:data2\" content=\"2 minutos\" \/>\n<script type=\"application\/ld+json\" class=\"yoast-schema-graph\">{\"@context\":\"https:\\\/\\\/schema.org\",\"@graph\":[{\"@type\":\"Article\",\"@id\":\"https:\\\/\\\/aconteceunovale.com.br\\\/portal\\\/?p=197207#article\",\"isPartOf\":{\"@id\":\"https:\\\/\\\/aconteceunovale.com.br\\\/portal\\\/?p=197207\"},\"author\":{\"name\":\"Reda\u00e7\u00e3o Aconteceu no Vale\",\"@id\":\"https:\\\/\\\/aconteceunovale.com.br\\\/portal\\\/#\\\/schema\\\/person\\\/7d2f26d1483f8a63de73da1ee0754d35\"},\"headline\":\"Pol\u00edcia recupera carga roubada e prende suspeito em S\u00e3o Domingos do Prata\",\"datePublished\":\"2025-02-06T14:57:07+00:00\",\"dateModified\":\"2025-02-07T01:26:13+00:00\",\"mainEntityOfPage\":{\"@id\":\"https:\\\/\\\/aconteceunovale.com.br\\\/portal\\\/?p=197207\"},\"wordCount\":331,\"commentCount\":0,\"image\":{\"@id\":\"https:\\\/\\\/aconteceunovale.com.br\\\/portal\\\/?p=197207#primaryimage\"},\"thumbnailUrl\":\"https:\\\/\\\/aconteceunovale.com.br\\\/portal\\\/wp-content\\\/uploads\\\/2025\\\/02\\\/sao_domingos_do_prata.jpeg\",\"keywords\":[\"Ant\u00f4nio Dias\",\"Jo\u00e3o Monlevade\",\"PMMG\",\"Pol\u00edcia recupera carga roubada e prende suspeito em S\u00e3o Domingos do Prata\",\"Preso em S\u00e3o Domingos do Prata\",\"Preso por roubo de carga na BR-381\",\"Preso por roubo em S\u00e3o Domingos do Prata\",\"PRF\",\"S\u00e3o Domingos do Prata\"],\"articleSection\":[\"Leste de Minas\"],\"inLanguage\":\"pt-BR\",\"potentialAction\":[{\"@type\":\"CommentAction\",\"name\":\"Comment\",\"target\":[\"https:\\\/\\\/aconteceunovale.com.br\\\/portal\\\/?p=197207#respond\"]}]},{\"@type\":\"WebPage\",\"@id\":\"https:\\\/\\\/aconteceunovale.com.br\\\/portal\\\/?p=197207\",\"url\":\"https:\\\/\\\/aconteceunovale.com.br\\\/portal\\\/?p=197207\",\"name\":\"Pol\u00edcia recupera carga roubada e prende suspeito em S\u00e3o Domingos do Prata - Aconteceu no Vale\",\"isPartOf\":{\"@id\":\"https:\\\/\\\/aconteceunovale.com.br\\\/portal\\\/#website\"},\"primaryImageOfPage\":{\"@id\":\"https:\\\/\\\/aconteceunovale.com.br\\\/portal\\\/?p=197207#primaryimage\"},\"image\":{\"@id\":\"https:\\\/\\\/aconteceunovale.com.br\\\/portal\\\/?p=197207#primaryimage\"},\"thumbnailUrl\":\"https:\\\/\\\/aconteceunovale.com.br\\\/portal\\\/wp-content\\\/uploads\\\/2025\\\/02\\\/sao_domingos_do_prata.jpeg\",\"datePublished\":\"2025-02-06T14:57:07+00:00\",\"dateModified\":\"2025-02-07T01:26:13+00:00\",\"author\":{\"@id\":\"https:\\\/\\\/aconteceunovale.com.br\\\/portal\\\/#\\\/schema\\\/person\\\/7d2f26d1483f8a63de73da1ee0754d35\"},\"breadcrumb\":{\"@id\":\"https:\\\/\\\/aconteceunovale.com.br\\\/portal\\\/?p=197207#breadcrumb\"},\"inLanguage\":\"pt-BR\",\"potentialAction\":[{\"@type\":\"ReadAction\",\"target\":[\"https:\\\/\\\/aconteceunovale.com.br\\\/portal\\\/?p=197207\"]}]},{\"@type\":\"ImageObject\",\"inLanguage\":\"pt-BR\",\"@id\":\"https:\\\/\\\/aconteceunovale.com.br\\\/portal\\\/?p=197207#primaryimage\",\"url\":\"https:\\\/\\\/aconteceunovale.com.br\\\/portal\\\/wp-content\\\/uploads\\\/2025\\\/02\\\/sao_domingos_do_prata.jpeg\",\"contentUrl\":\"https:\\\/\\\/aconteceunovale.com.br\\\/portal\\\/wp-content\\\/uploads\\\/2025\\\/02\\\/sao_domingos_do_prata.jpeg\",\"width\":678,\"height\":407,\"caption\":\"Foto: Divulga\u00e7\u00e3o \\\/ PMMG\"},{\"@type\":\"BreadcrumbList\",\"@id\":\"https:\\\/\\\/aconteceunovale.com.br\\\/portal\\\/?p=197207#breadcrumb\",\"itemListElement\":[{\"@type\":\"ListItem\",\"position\":1,\"name\":\"In\u00edcio\",\"item\":\"https:\\\/\\\/aconteceunovale.com.br\\\/portal\\\/\"},{\"@type\":\"ListItem\",\"position\":2,\"name\":\"Pol\u00edcia recupera carga roubada e prende suspeito em S\u00e3o Domingos do Prata\"}]},{\"@type\":\"WebSite\",\"@id\":\"https:\\\/\\\/aconteceunovale.com.br\\\/portal\\\/#website\",\"url\":\"https:\\\/\\\/aconteceunovale.com.br\\\/portal\\\/\",\"name\":\"Aconteceu no Vale\",\"description\":\"Portal de Not\u00edcias\",\"potentialAction\":[{\"@type\":\"SearchAction\",\"target\":{\"@type\":\"EntryPoint\",\"urlTemplate\":\"https:\\\/\\\/aconteceunovale.com.br\\\/portal\\\/?s={search_term_string}\"},\"query-input\":{\"@type\":\"PropertyValueSpecification\",\"valueRequired\":true,\"valueName\":\"search_term_string\"}}],\"inLanguage\":\"pt-BR\"},{\"@type\":\"Person\",\"@id\":\"https:\\\/\\\/aconteceunovale.com.br\\\/portal\\\/#\\\/schema\\\/person\\\/7d2f26d1483f8a63de73da1ee0754d35\",\"name\":\"Reda\u00e7\u00e3o Aconteceu no Vale\",\"description\":\"Equipe de reportagem do Aconteceu no Vale, portal de not\u00edcias do Vale do Jequitinhonha, em Minas Gerais. Cobrimos as 51 cidades do Vale desde 2013. Sugest\u00f5es de pauta e pedidos de corre\u00e7\u00e3o: contato@aconteceunovale.com.br\",\"url\":\"https:\\\/\\\/aconteceunovale.com.br\\\/portal\\\/?author=4\"}]}<\/script>\n<!-- \/ Yoast SEO plugin. -->","yoast_head_json":{"title":"Pol\u00edcia recupera carga roubada e prende suspeito em S\u00e3o Domingos do Prata - Aconteceu no Vale","robots":{"index":"index","follow":"follow","max-snippet":"max-snippet:-1","max-image-preview":"max-image-preview:large","max-video-preview":"max-video-preview:-1"},"canonical":"https:\/\/aconteceunovale.com.br\/portal\/?p=197207","og_locale":"pt_BR","og_type":"article","og_title":"Pol\u00edcia recupera carga roubada e prende suspeito em S\u00e3o Domingos do Prata - Aconteceu no Vale","og_description":"Uma a\u00e7\u00e3o conjunta das pol\u00edcias Militar de Minas Gerais (PMMG) e Rodovi\u00e1ria Federal (PRF) recuperou, na quarta-feira (5\/2\/2025), uma carga roubada e prendeu um suspeito na localidade de Tocos, zona rural de S\u00e3o Domingos do Prata, na regi\u00e3o do M\u00e9dio Rio Piracicaba. O roubo ocorreu na BR-381, quando o condutor de um caminh\u00e3o VW\/7.90, que [&hellip;]","og_url":"https:\/\/aconteceunovale.com.br\/portal\/?p=197207","og_site_name":"Aconteceu no Vale","article_publisher":"https:\/\/www.facebook.com\/aconteceunovale\/","article_published_time":"2025-02-06T14:57:07+00:00","article_modified_time":"2025-02-07T01:26:13+00:00","og_image":[{"width":678,"height":407,"url":"https:\/\/aconteceunovale.com.br\/portal\/wp-content\/uploads\/2025\/02\/sao_domingos_do_prata.jpeg","type":"image\/jpeg"}],"author":"Reda\u00e7\u00e3o Aconteceu no Vale","twitter_card":"summary_large_image","twitter_creator":"@noticiadosvales","twitter_site":"@noticiadosvales","twitter_misc":{"Escrito por":"Reda\u00e7\u00e3o Aconteceu no Vale","Est. tempo de leitura":"2 minutos"},"schema":{"@context":"https:\/\/schema.org","@graph":[{"@type":"Article","@id":"https:\/\/aconteceunovale.com.br\/portal\/?p=197207#article","isPartOf":{"@id":"https:\/\/aconteceunovale.com.br\/portal\/?p=197207"},"author":{"name":"Reda\u00e7\u00e3o Aconteceu no Vale","@id":"https:\/\/aconteceunovale.com.br\/portal\/#\/schema\/person\/7d2f26d1483f8a63de73da1ee0754d35"},"headline":"Pol\u00edcia recupera carga roubada e prende suspeito em S\u00e3o Domingos do Prata","datePublished":"2025-02-06T14:57:07+00:00","dateModified":"2025-02-07T01:26:13+00:00","mainEntityOfPage":{"@id":"https:\/\/aconteceunovale.com.br\/portal\/?p=197207"},"wordCount":331,"commentCount":0,"image":{"@id":"https:\/\/aconteceunovale.com.br\/portal\/?p=197207#primaryimage"},"thumbnailUrl":"https:\/\/aconteceunovale.com.br\/portal\/wp-content\/uploads\/2025\/02\/sao_domingos_do_prata.jpeg","keywords":["Ant\u00f4nio Dias","Jo\u00e3o Monlevade","PMMG","Pol\u00edcia recupera carga roubada e prende suspeito em S\u00e3o Domingos do Prata","Preso em S\u00e3o Domingos do Prata","Preso por roubo de carga na BR-381","Preso por roubo em S\u00e3o Domingos do Prata","PRF","S\u00e3o Domingos do Prata"],"articleSection":["Leste de Minas"],"inLanguage":"pt-BR","potentialAction":[{"@type":"CommentAction","name":"Comment","target":["https:\/\/aconteceunovale.com.br\/portal\/?p=197207#respond"]}]},{"@type":"WebPage","@id":"https:\/\/aconteceunovale.com.br\/portal\/?p=197207","url":"https:\/\/aconteceunovale.com.br\/portal\/?p=197207","name":"Pol\u00edcia recupera carga roubada e prende suspeito em S\u00e3o Domingos do Prata - Aconteceu no Vale","isPartOf":{"@id":"https:\/\/aconteceunovale.com.br\/portal\/#website"},"primaryImageOfPage":{"@id":"https:\/\/aconteceunovale.com.br\/portal\/?p=197207#primaryimage"},"image":{"@id":"https:\/\/aconteceunovale.com.br\/portal\/?p=197207#primaryimage"},"thumbnailUrl":"https:\/\/aconteceunovale.com.br\/portal\/wp-content\/uploads\/2025\/02\/sao_domingos_do_prata.jpeg","datePublished":"2025-02-06T14:57:07+00:00","dateModified":"2025-02-07T01:26:13+00:00","author":{"@id":"https:\/\/aconteceunovale.com.br\/portal\/#\/schema\/person\/7d2f26d1483f8a63de73da1ee0754d35"},"breadcrumb":{"@id":"https:\/\/aconteceunovale.com.br\/portal\/?p=197207#breadcrumb"},"inLanguage":"pt-BR","potentialAction":[{"@type":"ReadAction","target":["https:\/\/aconteceunovale.com.br\/portal\/?p=197207"]}]},{"@type":"ImageObject","inLanguage":"pt-BR","@id":"https:\/\/aconteceunovale.com.br\/portal\/?p=197207#primaryimage","url":"https:\/\/aconteceunovale.com.br\/portal\/wp-content\/uploads\/2025\/02\/sao_domingos_do_prata.jpeg","contentUrl":"https:\/\/aconteceunovale.com.br\/portal\/wp-content\/uploads\/2025\/02\/sao_domingos_do_prata.jpeg","width":678,"height":407,"caption":"Foto: Divulga\u00e7\u00e3o \/ PMMG"},{"@type":"BreadcrumbList","@id":"https:\/\/aconteceunovale.com.br\/portal\/?p=197207#breadcrumb","itemListElement":[{"@type":"ListItem","position":1,"name":"In\u00edcio","item":"https:\/\/aconteceunovale.com.br\/portal\/"},{"@type":"ListItem","position":2,"name":"Pol\u00edcia recupera carga roubada e prende suspeito em S\u00e3o Domingos do Prata"}]},{"@type":"WebSite","@id":"https:\/\/aconteceunovale.com.br\/portal\/#website","url":"https:\/\/aconteceunovale.com.br\/portal\/","name":"Aconteceu no Vale","description":"Portal de Not\u00edcias","potentialAction":[{"@type":"SearchAction","target":{"@type":"EntryPoint","urlTemplate":"https:\/\/aconteceunovale.com.br\/portal\/?s={search_term_string}"},"query-input":{"@type":"PropertyValueSpecification","valueRequired":true,"valueName":"search_term_string"}}],"inLanguage":"pt-BR"},{"@type":"Person","@id":"https:\/\/aconteceunovale.com.br\/portal\/#\/schema\/person\/7d2f26d1483f8a63de73da1ee0754d35","name":"Reda\u00e7\u00e3o Aconteceu no Vale","description":"Equipe de reportagem do Aconteceu no Vale, portal de not\u00edcias do Vale do Jequitinhonha, em Minas Gerais. Cobrimos as 51 cidades do Vale desde 2013. Sugest\u00f5es de pauta e pedidos de corre\u00e7\u00e3o: contato@aconteceunovale.com.br","url":"https:\/\/aconteceunovale.com.br\/portal\/?author=4"}]}},"_links":{"self":[{"href":"https:\/\/aconteceunovale.com.br\/portal\/index.php?rest_route=\/wp\/v2\/posts\/197207","targetHints":{"allow":["GET"]}}],"collection":[{"href":"https:\/\/aconteceunovale.com.br\/portal\/index.php?rest_route=\/wp\/v2\/posts"}],"about":[{"href":"https:\/\/aconteceunovale.com.br\/portal\/index.php?rest_route=\/wp\/v2\/types\/post"}],"author":[{"embeddable":true,"href":"https:\/\/aconteceunovale.com.br\/portal\/index.php?rest_route=\/wp\/v2\/users\/4"}],"replies":[{"embeddable":true,"href":"https:\/\/aconteceunovale.com.br\/portal\/index.php?rest_route=%2Fwp%2Fv2%2Fcomments&post=197207"}],"version-history":[{"count":2,"href":"https:\/\/aconteceunovale.com.br\/portal\/index.php?rest_route=\/wp\/v2\/posts\/197207\/revisions"}],"predecessor-version":[{"id":197239,"href":"https:\/\/aconteceunovale.com.br\/portal\/index.php?rest_route=\/wp\/v2\/posts\/197207\/revisions\/197239"}],"wp:featuredmedia":[{"embeddable":true,"href":"https:\/\/aconteceunovale.com.br\/portal\/index.php?rest_route=\/wp\/v2\/media\/197238"}],"wp:attachment":[{"href":"https:\/\/aconteceunovale.com.br\/portal\/index.php?rest_route=%2Fwp%2Fv2%2Fmedia&parent=197207"}],"wp:term":[{"taxonomy":"category","embeddable":true,"href":"https:\/\/aconteceunovale.com.br\/portal\/index.php?rest_route=%2Fwp%2Fv2%2Fcategories&post=197207"},{"taxonomy":"post_tag","embeddable":true,"href":"https:\/\/aconteceunovale.com.br\/portal\/index.php?rest_route=%2Fwp%2Fv2%2Ftags&post=197207"}],"curies":[{"name":"wp","href":"https:\/\/api.w.org\/{rel}","templated":true}]}}