{"id":197198,"date":"2025-02-06T09:40:45","date_gmt":"2025-02-06T12:40:45","guid":{"rendered":"https:\/\/aconteceunovale.com.br\/portal\/?p=197198"},"modified":"2025-02-06T09:41:45","modified_gmt":"2025-02-06T12:41:45","slug":"janeiro-de-2025-registra-recorde-como-o-mes-mais-quente-da-historia","status":"publish","type":"post","link":"https:\/\/aconteceunovale.com.br\/portal\/?p=197198","title":{"rendered":"Janeiro de 2025 registra recorde como o m\u00eas mais quente da hist\u00f3ria"},"content":{"rendered":"\n<p class=\"wp-block-paragraph\">Em janeiro de 2025, a temperatura do planeta registrou 1,75 grau Celsius (\u00b0C) acima do n\u00edvel pr\u00e9-industrial. Foi a maior j\u00e1 anotada pela s\u00e9rie hist\u00f3rica do Servi\u00e7o Copernicus para Mudan\u00e7as Clim\u00e1ticas da Uni\u00e3o Europeia, ficando 0,79\u00b0C acima da m\u00e9dia de 1991-2020 para o m\u00eas, com temperatura do ar na superf\u00edcie de 13,23\u00baC.<\/p>\n\n\n\n<figure class=\"wp-block-gallery has-nested-images columns-default is-cropped wp-block-gallery-1 is-layout-flex wp-block-gallery-is-layout-flex\">\n<figure class=\"wp-block-image size-large\"><img loading=\"lazy\" decoding=\"async\" width=\"678\" height=\"406\" data-id=\"197199\" src=\"https:\/\/aconteceunovale.com.br\/portal\/wp-content\/uploads\/2025\/02\/40graus.png\" alt=\"\" class=\"wp-image-197199\" srcset=\"https:\/\/aconteceunovale.com.br\/portal\/wp-content\/uploads\/2025\/02\/40graus.png 678w, https:\/\/aconteceunovale.com.br\/portal\/wp-content\/uploads\/2025\/02\/40graus-300x180.png 300w\" sizes=\"auto, (max-width: 678px) 100vw, 678px\" \/><figcaption class=\"wp-element-caption\"><em>Foto: T\u00e2nia R\u00eago\/Ag\u00eancia Brasil<\/em><\/figcaption><\/figure>\n<\/figure>\n\n\n\n<p class=\"wp-block-paragraph\">\u201cJaneiro de 2025 \u00e9 outro m\u00eas surpreendente, continuando as temperaturas recordes observadas nos \u00faltimos dois anos, apesar do desenvolvimento das condi\u00e7\u00f5es de La Ni\u00f1a no Pac\u00edfico tropical e seu efeito de resfriamento tempor\u00e1rio nas temperaturas globais\u201d, diz Samantha Burgess, l\u00edder estrat\u00e9gica para o clima do Centro Europeu de Previs\u00f5es Meteorol\u00f3gicas de M\u00e9dio Prazo (ECMWF, na sigla em ingl\u00eas).<\/p>\n\n\n\n<p class=\"wp-block-paragraph\">O registro leva o planeta ao 18\u00ba m\u00eas &#8211; dos \u00faltimos 19 meses &#8211; em que a temperatura m\u00e9dia global do ar superficial foi superior a 1,5\u00b0C acima do n\u00edvel pr\u00e9-industrial. De fevereiro de 2024 a janeiro de 2025, o planeta ficou 1,61\u00b0C acima da m\u00e9dia estimada de 1850-1900 usada para definir o n\u00edvel pr\u00e9-industrial.<\/p>\n\n\n\n<p class=\"wp-block-paragraph\">De acordo com o relat\u00f3rio da institui\u00e7\u00e3o divulgado nesta quinta-feira (6), as temperaturas acima da m\u00e9dia foram observadas principalmente no sudeste da Europa, nordeste e noroeste do Canad\u00e1, Alasca e Sib\u00e9ria, sul da Am\u00e9rica do Sul, \u00c1frica e grande parte da Austr\u00e1lia e Ant\u00e1rtica.<\/p>\n\n\n\n<p class=\"wp-block-paragraph\">J\u00e1 no norte da Europa, Estados Unidos e nas regi\u00f5es mais orientais da R\u00fassia, Pen\u00ednsula Ar\u00e1bica e sudeste Asi\u00e1tico, as temperaturas foram abaixo da m\u00e9dia.<\/p>\n\n\n\n<p class=\"wp-block-paragraph\">A temperatura m\u00e9dia da superf\u00edcie do mar para janeiro foi de 20,78\u00baC, considerando as zonas temperadas e intertropical, a cerca de 10 metros de profundidade. De acordo com o Copernicus, esse \u00e9 o segundo valor mais alto anotado para o m\u00eas: 0,19\u00b0C abaixo de janeiro de 2024.<\/p>\n\n\n\n<h2 class=\"wp-block-heading\">Chuvas<\/h2>\n\n\n\n<p class=\"wp-block-paragraph\">O relat\u00f3rio informou ainda que janeiro tamb\u00e9m foi predominantemente mais \u00famido do que a m\u00e9dia, com fortes precipita\u00e7\u00f5es que levaram a inunda\u00e7\u00f5es em algumas regi\u00f5es.<\/p>\n\n\n\n<p class=\"wp-block-paragraph\">A m\u00e9dia de chuvas foi maior na Europa Ocidental, em partes da It\u00e1lia, Escandin\u00e1via e pa\u00edses b\u00e1lticos; no Alasca, Canad\u00e1, centro e leste da R\u00fassia, leste da Austr\u00e1lia, sudeste da \u00c1frica e sul do Brasil.<\/p>\n\n\n\n<h2 class=\"wp-block-heading\">Medi\u00e7\u00f5es<\/h2>\n\n\n\n<p class=\"wp-block-paragraph\">O Copernicus \u00e9 um programa de observa\u00e7\u00e3o da Terra que utiliza medi\u00e7\u00f5es de sat\u00e9lites, navios, aeronaves e esta\u00e7\u00f5es meteorol\u00f3gicas em todo o mundo para produzir an\u00e1lises de dados da atmosfera, marinho, Terra, altera\u00e7\u00f5es clim\u00e1ticas, seguran\u00e7a e emerg\u00eancia.<\/p>\n\n\n\n<p class=\"wp-block-paragraph\">O programa \u00e9 coordenado e gerido pela Comiss\u00e3o Europeia e implementado em parceria com estados-membros, Ag\u00eancia Espacial Europeia (ESA), Organiza\u00e7\u00e3o Europeia para a Explora\u00e7\u00e3o de Sat\u00e9lites Meteorol\u00f3gicos e Centro Europeu de Previs\u00f5es Meteorol\u00f3gicas em M\u00e9dio Prazo, entre outros.<\/p>\n","protected":false},"excerpt":{"rendered":"<p>Em janeiro de 2025, a temperatura do planeta registrou 1,75 grau Celsius (\u00b0C) acima do n\u00edvel pr\u00e9-industrial. Foi a maior j\u00e1 anotada pela s\u00e9rie hist\u00f3rica do Servi\u00e7o Copernicus para Mudan\u00e7as Clim\u00e1ticas da Uni\u00e3o Europeia, ficando 0,79\u00b0C acima da m\u00e9dia de 1991-2020 para o m\u00eas, com temperatura do ar na superf\u00edcie de 13,23\u00baC. \u201cJaneiro de 2025 [&hellip;]<\/p>\n","protected":false},"author":4,"featured_media":197199,"comment_status":"open","ping_status":"closed","sticky":false,"template":"","format":"standard","meta":{"amp_status":"","footnotes":""},"categories":[28848],"tags":[271520,251635,271524,271518,271522,271517,271519,271523,271521],"class_list":["post-197198","post","type-post","status-publish","format-standard","has-post-thumbnail","hentry","category-mundo","tag-calor-em-janeiro-de-2025","tag-copernicus","tag-ecmwf","tag-janeiro-de-2025","tag-janeiro-de-2025-mes-mais-quente-do-planeta","tag-janeiro-de-2025-registra-recorde-como-o-mes-mais-quente-da-historia","tag-mes-mais-quente-da-historia","tag-samantha-burgess","tag-temperatura-janeiro-de-2025"],"yoast_head":"<!-- This site is optimized with the Yoast SEO plugin v28.3 - https:\/\/yoast.com\/product\/yoast-seo-wordpress\/ -->\n<title>Janeiro de 2025 registra recorde como o m\u00eas mais quente da hist\u00f3ria - Aconteceu no Vale<\/title>\n<meta name=\"robots\" content=\"index, follow, max-snippet:-1, max-image-preview:large, max-video-preview:-1\" \/>\n<link rel=\"canonical\" href=\"https:\/\/aconteceunovale.com.br\/portal\/?p=197198\" \/>\n<meta property=\"og:locale\" content=\"pt_BR\" \/>\n<meta property=\"og:type\" content=\"article\" \/>\n<meta property=\"og:title\" content=\"Janeiro de 2025 registra recorde como o m\u00eas mais quente da hist\u00f3ria - Aconteceu no Vale\" \/>\n<meta property=\"og:description\" content=\"Em janeiro de 2025, a temperatura do planeta registrou 1,75 grau Celsius (\u00b0C) acima do n\u00edvel pr\u00e9-industrial. Foi a maior j\u00e1 anotada pela s\u00e9rie hist\u00f3rica do Servi\u00e7o Copernicus para Mudan\u00e7as Clim\u00e1ticas da Uni\u00e3o Europeia, ficando 0,79\u00b0C acima da m\u00e9dia de 1991-2020 para o m\u00eas, com temperatura do ar na superf\u00edcie de 13,23\u00baC. \u201cJaneiro de 2025 [&hellip;]\" \/>\n<meta property=\"og:url\" content=\"https:\/\/aconteceunovale.com.br\/portal\/?p=197198\" \/>\n<meta property=\"og:site_name\" content=\"Aconteceu no Vale\" \/>\n<meta property=\"article:publisher\" content=\"https:\/\/www.facebook.com\/aconteceunovale\/\" \/>\n<meta property=\"article:published_time\" content=\"2025-02-06T12:40:45+00:00\" \/>\n<meta property=\"article:modified_time\" content=\"2025-02-06T12:41:45+00:00\" \/>\n<meta property=\"og:image\" content=\"https:\/\/aconteceunovale.com.br\/portal\/wp-content\/uploads\/2025\/02\/40graus.png\" \/>\n\t<meta property=\"og:image:width\" content=\"678\" \/>\n\t<meta property=\"og:image:height\" content=\"406\" \/>\n\t<meta property=\"og:image:type\" content=\"image\/png\" \/>\n<meta name=\"author\" content=\"Reda\u00e7\u00e3o Aconteceu no Vale\" \/>\n<meta name=\"twitter:card\" content=\"summary_large_image\" \/>\n<meta name=\"twitter:creator\" content=\"@noticiadosvales\" \/>\n<meta name=\"twitter:site\" content=\"@noticiadosvales\" \/>\n<meta name=\"twitter:label1\" content=\"Escrito por\" \/>\n\t<meta name=\"twitter:data1\" content=\"Reda\u00e7\u00e3o Aconteceu no Vale\" \/>\n\t<meta name=\"twitter:label2\" content=\"Est. tempo de leitura\" \/>\n\t<meta name=\"twitter:data2\" content=\"2 minutos\" \/>\n<script type=\"application\/ld+json\" class=\"yoast-schema-graph\">{\"@context\":\"https:\\\/\\\/schema.org\",\"@graph\":[{\"@type\":\"Article\",\"@id\":\"https:\\\/\\\/aconteceunovale.com.br\\\/portal\\\/?p=197198#article\",\"isPartOf\":{\"@id\":\"https:\\\/\\\/aconteceunovale.com.br\\\/portal\\\/?p=197198\"},\"author\":{\"name\":\"Reda\u00e7\u00e3o Aconteceu no Vale\",\"@id\":\"https:\\\/\\\/aconteceunovale.com.br\\\/portal\\\/#\\\/schema\\\/person\\\/7d2f26d1483f8a63de73da1ee0754d35\"},\"headline\":\"Janeiro de 2025 registra recorde como o m\u00eas mais quente da hist\u00f3ria\",\"datePublished\":\"2025-02-06T12:40:45+00:00\",\"dateModified\":\"2025-02-06T12:41:45+00:00\",\"mainEntityOfPage\":{\"@id\":\"https:\\\/\\\/aconteceunovale.com.br\\\/portal\\\/?p=197198\"},\"wordCount\":503,\"commentCount\":0,\"image\":{\"@id\":\"https:\\\/\\\/aconteceunovale.com.br\\\/portal\\\/?p=197198#primaryimage\"},\"thumbnailUrl\":\"https:\\\/\\\/aconteceunovale.com.br\\\/portal\\\/wp-content\\\/uploads\\\/2025\\\/02\\\/40graus.png\",\"keywords\":[\"Calor em Janeiro de 2025\",\"Copernicus\",\"ECMWF\",\"Janeiro de 2025\",\"Janeiro de 2025 m\u00eas mais quente do planeta\",\"Janeiro de 2025 registra recorde como o m\u00eas mais quente da hist\u00f3ria\",\"M\u00eas mais quente da hist\u00f3ria\",\"Samantha Burgess\",\"Temperatura Janeiro de 2025\"],\"articleSection\":[\"Mundo\"],\"inLanguage\":\"pt-BR\",\"potentialAction\":[{\"@type\":\"CommentAction\",\"name\":\"Comment\",\"target\":[\"https:\\\/\\\/aconteceunovale.com.br\\\/portal\\\/?p=197198#respond\"]}]},{\"@type\":\"WebPage\",\"@id\":\"https:\\\/\\\/aconteceunovale.com.br\\\/portal\\\/?p=197198\",\"url\":\"https:\\\/\\\/aconteceunovale.com.br\\\/portal\\\/?p=197198\",\"name\":\"Janeiro de 2025 registra recorde como o m\u00eas mais quente da hist\u00f3ria - Aconteceu no Vale\",\"isPartOf\":{\"@id\":\"https:\\\/\\\/aconteceunovale.com.br\\\/portal\\\/#website\"},\"primaryImageOfPage\":{\"@id\":\"https:\\\/\\\/aconteceunovale.com.br\\\/portal\\\/?p=197198#primaryimage\"},\"image\":{\"@id\":\"https:\\\/\\\/aconteceunovale.com.br\\\/portal\\\/?p=197198#primaryimage\"},\"thumbnailUrl\":\"https:\\\/\\\/aconteceunovale.com.br\\\/portal\\\/wp-content\\\/uploads\\\/2025\\\/02\\\/40graus.png\",\"datePublished\":\"2025-02-06T12:40:45+00:00\",\"dateModified\":\"2025-02-06T12:41:45+00:00\",\"author\":{\"@id\":\"https:\\\/\\\/aconteceunovale.com.br\\\/portal\\\/#\\\/schema\\\/person\\\/7d2f26d1483f8a63de73da1ee0754d35\"},\"breadcrumb\":{\"@id\":\"https:\\\/\\\/aconteceunovale.com.br\\\/portal\\\/?p=197198#breadcrumb\"},\"inLanguage\":\"pt-BR\",\"potentialAction\":[{\"@type\":\"ReadAction\",\"target\":[\"https:\\\/\\\/aconteceunovale.com.br\\\/portal\\\/?p=197198\"]}]},{\"@type\":\"ImageObject\",\"inLanguage\":\"pt-BR\",\"@id\":\"https:\\\/\\\/aconteceunovale.com.br\\\/portal\\\/?p=197198#primaryimage\",\"url\":\"https:\\\/\\\/aconteceunovale.com.br\\\/portal\\\/wp-content\\\/uploads\\\/2025\\\/02\\\/40graus.png\",\"contentUrl\":\"https:\\\/\\\/aconteceunovale.com.br\\\/portal\\\/wp-content\\\/uploads\\\/2025\\\/02\\\/40graus.png\",\"width\":678,\"height\":406,\"caption\":\"Foto: T\u00e2nia R\u00eago\\\/Ag\u00eancia Brasil\"},{\"@type\":\"BreadcrumbList\",\"@id\":\"https:\\\/\\\/aconteceunovale.com.br\\\/portal\\\/?p=197198#breadcrumb\",\"itemListElement\":[{\"@type\":\"ListItem\",\"position\":1,\"name\":\"In\u00edcio\",\"item\":\"https:\\\/\\\/aconteceunovale.com.br\\\/portal\\\/\"},{\"@type\":\"ListItem\",\"position\":2,\"name\":\"Janeiro de 2025 registra recorde como o m\u00eas mais quente da hist\u00f3ria\"}]},{\"@type\":\"WebSite\",\"@id\":\"https:\\\/\\\/aconteceunovale.com.br\\\/portal\\\/#website\",\"url\":\"https:\\\/\\\/aconteceunovale.com.br\\\/portal\\\/\",\"name\":\"Aconteceu no Vale\",\"description\":\"Portal de Not\u00edcias\",\"potentialAction\":[{\"@type\":\"SearchAction\",\"target\":{\"@type\":\"EntryPoint\",\"urlTemplate\":\"https:\\\/\\\/aconteceunovale.com.br\\\/portal\\\/?s={search_term_string}\"},\"query-input\":{\"@type\":\"PropertyValueSpecification\",\"valueRequired\":true,\"valueName\":\"search_term_string\"}}],\"inLanguage\":\"pt-BR\"},{\"@type\":\"Person\",\"@id\":\"https:\\\/\\\/aconteceunovale.com.br\\\/portal\\\/#\\\/schema\\\/person\\\/7d2f26d1483f8a63de73da1ee0754d35\",\"name\":\"Reda\u00e7\u00e3o Aconteceu no Vale\",\"description\":\"Equipe de reportagem do Aconteceu no Vale, portal de not\u00edcias do Vale do Jequitinhonha, em Minas Gerais. Cobrimos as 51 cidades do Vale desde 2013. Sugest\u00f5es de pauta e pedidos de corre\u00e7\u00e3o: contato@aconteceunovale.com.br\",\"url\":\"https:\\\/\\\/aconteceunovale.com.br\\\/portal\\\/?author=4\"}]}<\/script>\n<!-- \/ Yoast SEO plugin. -->","yoast_head_json":{"title":"Janeiro de 2025 registra recorde como o m\u00eas mais quente da hist\u00f3ria - Aconteceu no Vale","robots":{"index":"index","follow":"follow","max-snippet":"max-snippet:-1","max-image-preview":"max-image-preview:large","max-video-preview":"max-video-preview:-1"},"canonical":"https:\/\/aconteceunovale.com.br\/portal\/?p=197198","og_locale":"pt_BR","og_type":"article","og_title":"Janeiro de 2025 registra recorde como o m\u00eas mais quente da hist\u00f3ria - Aconteceu no Vale","og_description":"Em janeiro de 2025, a temperatura do planeta registrou 1,75 grau Celsius (\u00b0C) acima do n\u00edvel pr\u00e9-industrial. Foi a maior j\u00e1 anotada pela s\u00e9rie hist\u00f3rica do Servi\u00e7o Copernicus para Mudan\u00e7as Clim\u00e1ticas da Uni\u00e3o Europeia, ficando 0,79\u00b0C acima da m\u00e9dia de 1991-2020 para o m\u00eas, com temperatura do ar na superf\u00edcie de 13,23\u00baC. \u201cJaneiro de 2025 [&hellip;]","og_url":"https:\/\/aconteceunovale.com.br\/portal\/?p=197198","og_site_name":"Aconteceu no Vale","article_publisher":"https:\/\/www.facebook.com\/aconteceunovale\/","article_published_time":"2025-02-06T12:40:45+00:00","article_modified_time":"2025-02-06T12:41:45+00:00","og_image":[{"width":678,"height":406,"url":"https:\/\/aconteceunovale.com.br\/portal\/wp-content\/uploads\/2025\/02\/40graus.png","type":"image\/png"}],"author":"Reda\u00e7\u00e3o Aconteceu no Vale","twitter_card":"summary_large_image","twitter_creator":"@noticiadosvales","twitter_site":"@noticiadosvales","twitter_misc":{"Escrito por":"Reda\u00e7\u00e3o Aconteceu no Vale","Est. tempo de leitura":"2 minutos"},"schema":{"@context":"https:\/\/schema.org","@graph":[{"@type":"Article","@id":"https:\/\/aconteceunovale.com.br\/portal\/?p=197198#article","isPartOf":{"@id":"https:\/\/aconteceunovale.com.br\/portal\/?p=197198"},"author":{"name":"Reda\u00e7\u00e3o Aconteceu no Vale","@id":"https:\/\/aconteceunovale.com.br\/portal\/#\/schema\/person\/7d2f26d1483f8a63de73da1ee0754d35"},"headline":"Janeiro de 2025 registra recorde como o m\u00eas mais quente da hist\u00f3ria","datePublished":"2025-02-06T12:40:45+00:00","dateModified":"2025-02-06T12:41:45+00:00","mainEntityOfPage":{"@id":"https:\/\/aconteceunovale.com.br\/portal\/?p=197198"},"wordCount":503,"commentCount":0,"image":{"@id":"https:\/\/aconteceunovale.com.br\/portal\/?p=197198#primaryimage"},"thumbnailUrl":"https:\/\/aconteceunovale.com.br\/portal\/wp-content\/uploads\/2025\/02\/40graus.png","keywords":["Calor em Janeiro de 2025","Copernicus","ECMWF","Janeiro de 2025","Janeiro de 2025 m\u00eas mais quente do planeta","Janeiro de 2025 registra recorde como o m\u00eas mais quente da hist\u00f3ria","M\u00eas mais quente da hist\u00f3ria","Samantha Burgess","Temperatura Janeiro de 2025"],"articleSection":["Mundo"],"inLanguage":"pt-BR","potentialAction":[{"@type":"CommentAction","name":"Comment","target":["https:\/\/aconteceunovale.com.br\/portal\/?p=197198#respond"]}]},{"@type":"WebPage","@id":"https:\/\/aconteceunovale.com.br\/portal\/?p=197198","url":"https:\/\/aconteceunovale.com.br\/portal\/?p=197198","name":"Janeiro de 2025 registra recorde como o m\u00eas mais quente da hist\u00f3ria - Aconteceu no Vale","isPartOf":{"@id":"https:\/\/aconteceunovale.com.br\/portal\/#website"},"primaryImageOfPage":{"@id":"https:\/\/aconteceunovale.com.br\/portal\/?p=197198#primaryimage"},"image":{"@id":"https:\/\/aconteceunovale.com.br\/portal\/?p=197198#primaryimage"},"thumbnailUrl":"https:\/\/aconteceunovale.com.br\/portal\/wp-content\/uploads\/2025\/02\/40graus.png","datePublished":"2025-02-06T12:40:45+00:00","dateModified":"2025-02-06T12:41:45+00:00","author":{"@id":"https:\/\/aconteceunovale.com.br\/portal\/#\/schema\/person\/7d2f26d1483f8a63de73da1ee0754d35"},"breadcrumb":{"@id":"https:\/\/aconteceunovale.com.br\/portal\/?p=197198#breadcrumb"},"inLanguage":"pt-BR","potentialAction":[{"@type":"ReadAction","target":["https:\/\/aconteceunovale.com.br\/portal\/?p=197198"]}]},{"@type":"ImageObject","inLanguage":"pt-BR","@id":"https:\/\/aconteceunovale.com.br\/portal\/?p=197198#primaryimage","url":"https:\/\/aconteceunovale.com.br\/portal\/wp-content\/uploads\/2025\/02\/40graus.png","contentUrl":"https:\/\/aconteceunovale.com.br\/portal\/wp-content\/uploads\/2025\/02\/40graus.png","width":678,"height":406,"caption":"Foto: T\u00e2nia R\u00eago\/Ag\u00eancia Brasil"},{"@type":"BreadcrumbList","@id":"https:\/\/aconteceunovale.com.br\/portal\/?p=197198#breadcrumb","itemListElement":[{"@type":"ListItem","position":1,"name":"In\u00edcio","item":"https:\/\/aconteceunovale.com.br\/portal\/"},{"@type":"ListItem","position":2,"name":"Janeiro de 2025 registra recorde como o m\u00eas mais quente da hist\u00f3ria"}]},{"@type":"WebSite","@id":"https:\/\/aconteceunovale.com.br\/portal\/#website","url":"https:\/\/aconteceunovale.com.br\/portal\/","name":"Aconteceu no Vale","description":"Portal de Not\u00edcias","potentialAction":[{"@type":"SearchAction","target":{"@type":"EntryPoint","urlTemplate":"https:\/\/aconteceunovale.com.br\/portal\/?s={search_term_string}"},"query-input":{"@type":"PropertyValueSpecification","valueRequired":true,"valueName":"search_term_string"}}],"inLanguage":"pt-BR"},{"@type":"Person","@id":"https:\/\/aconteceunovale.com.br\/portal\/#\/schema\/person\/7d2f26d1483f8a63de73da1ee0754d35","name":"Reda\u00e7\u00e3o Aconteceu no Vale","description":"Equipe de reportagem do Aconteceu no Vale, portal de not\u00edcias do Vale do Jequitinhonha, em Minas Gerais. Cobrimos as 51 cidades do Vale desde 2013. Sugest\u00f5es de pauta e pedidos de corre\u00e7\u00e3o: contato@aconteceunovale.com.br","url":"https:\/\/aconteceunovale.com.br\/portal\/?author=4"}]}},"_links":{"self":[{"href":"https:\/\/aconteceunovale.com.br\/portal\/index.php?rest_route=\/wp\/v2\/posts\/197198","targetHints":{"allow":["GET"]}}],"collection":[{"href":"https:\/\/aconteceunovale.com.br\/portal\/index.php?rest_route=\/wp\/v2\/posts"}],"about":[{"href":"https:\/\/aconteceunovale.com.br\/portal\/index.php?rest_route=\/wp\/v2\/types\/post"}],"author":[{"embeddable":true,"href":"https:\/\/aconteceunovale.com.br\/portal\/index.php?rest_route=\/wp\/v2\/users\/4"}],"replies":[{"embeddable":true,"href":"https:\/\/aconteceunovale.com.br\/portal\/index.php?rest_route=%2Fwp%2Fv2%2Fcomments&post=197198"}],"version-history":[{"count":1,"href":"https:\/\/aconteceunovale.com.br\/portal\/index.php?rest_route=\/wp\/v2\/posts\/197198\/revisions"}],"predecessor-version":[{"id":197200,"href":"https:\/\/aconteceunovale.com.br\/portal\/index.php?rest_route=\/wp\/v2\/posts\/197198\/revisions\/197200"}],"wp:featuredmedia":[{"embeddable":true,"href":"https:\/\/aconteceunovale.com.br\/portal\/index.php?rest_route=\/wp\/v2\/media\/197199"}],"wp:attachment":[{"href":"https:\/\/aconteceunovale.com.br\/portal\/index.php?rest_route=%2Fwp%2Fv2%2Fmedia&parent=197198"}],"wp:term":[{"taxonomy":"category","embeddable":true,"href":"https:\/\/aconteceunovale.com.br\/portal\/index.php?rest_route=%2Fwp%2Fv2%2Fcategories&post=197198"},{"taxonomy":"post_tag","embeddable":true,"href":"https:\/\/aconteceunovale.com.br\/portal\/index.php?rest_route=%2Fwp%2Fv2%2Ftags&post=197198"}],"curies":[{"name":"wp","href":"https:\/\/api.w.org\/{rel}","templated":true}]}}