{"id":197188,"date":"2025-02-05T23:41:18","date_gmt":"2025-02-06T02:41:18","guid":{"rendered":"https:\/\/aconteceunovale.com.br\/portal\/?p=197188"},"modified":"2025-02-05T23:43:43","modified_gmt":"2025-02-06T02:43:43","slug":"acidente-deixa-uma-vitima-fatal-e-dois-feridos-na-mgc-418","status":"publish","type":"post","link":"https:\/\/aconteceunovale.com.br\/portal\/?p=197188","title":{"rendered":"Acidente deixa uma v\u00edtima fatal e dois feridos na MGC-418"},"content":{"rendered":"\n<p class=\"wp-block-paragraph\">Uma pessoa morreu e duas ficaram feridas ap\u00f3s o capotamento de um carro de passeio na MGC-418, na regi\u00e3o do Vale do Mucuri, na tarde desta quarta-feira (5\/2\/2025). O acidente ocorreu na altura da Curva do Padre, pr\u00f3ximo ao distrito de Mayrink, no munic\u00edpio de Carlos Chagas (MG). A v\u00edtima fatal foi identificada como Saiara Silva Abreu, de 20 anos.<\/p>\n\n\n\n<figure class=\"wp-block-gallery has-nested-images columns-default is-cropped wp-block-gallery-1 is-layout-flex wp-block-gallery-is-layout-flex\">\n<figure class=\"wp-block-image size-large\"><img loading=\"lazy\" decoding=\"async\" width=\"678\" height=\"405\" data-id=\"197189\" src=\"https:\/\/aconteceunovale.com.br\/portal\/wp-content\/uploads\/2025\/02\/acidente_418_1.png\" alt=\"\" class=\"wp-image-197189\" srcset=\"https:\/\/aconteceunovale.com.br\/portal\/wp-content\/uploads\/2025\/02\/acidente_418_1.png 678w, https:\/\/aconteceunovale.com.br\/portal\/wp-content\/uploads\/2025\/02\/acidente_418_1-300x179.png 300w\" sizes=\"auto, (max-width: 678px) 100vw, 678px\" \/><figcaption class=\"wp-element-caption\"><em><sub>Foto: Frame v\u00eddeo R\u00e1dio 94 FM Nanuque \/ Reprodu\u00e7\u00e3o<\/sub><\/em><\/figcaption><\/figure>\n<\/figure>\n\n\n\n<p class=\"wp-block-paragraph\">De acordo com informa\u00e7\u00f5es da Pol\u00edcia Militar Rodovi\u00e1ria, o motorista perdeu o controle do ve\u00edculo ap\u00f3s um problema do pneu dianteiro direito. O carro saiu da pista, colidiu contra uma cerca de arame e, em seguida, atingiu uma \u00e1rvore.<\/p>\n\n\n\n<p class=\"wp-block-paragraph\">A passageira Saiara ficou presa \u00e0s ferragens e veio a \u00f3bito. O motorista e um passageiro que estava no banco da frente foram socorridos por uma equipe do Servi\u00e7o de Atendimento M\u00f3vel de Urg\u00eancia (SAMU) e encaminhados ao Pronto-Socorro de Nanuque para atendimento m\u00e9dico.<\/p>\n\n\n\n<p class=\"wp-block-paragraph\">A Per\u00edcia T\u00e9cnica da Pol\u00edcia Civil compareceu ao local para realizar os procedimentos necess\u00e1rios. O corpo da v\u00edtima fatal foi liberado para o Instituto M\u00e9dico Legal (IML) de Nanuque. As causas do acidente ser\u00e3o apuradas pelas autoridades competentes.<\/p>\n\n\n\n<figure class=\"wp-block-gallery has-nested-images columns-default is-cropped wp-block-gallery-2 is-layout-flex wp-block-gallery-is-layout-flex\">\n<figure class=\"wp-block-image size-large\"><img loading=\"lazy\" decoding=\"async\" width=\"678\" height=\"413\" data-id=\"197190\" src=\"https:\/\/aconteceunovale.com.br\/portal\/wp-content\/uploads\/2025\/02\/acidente_418_2.png\" alt=\"\" class=\"wp-image-197190\" srcset=\"https:\/\/aconteceunovale.com.br\/portal\/wp-content\/uploads\/2025\/02\/acidente_418_2.png 678w, https:\/\/aconteceunovale.com.br\/portal\/wp-content\/uploads\/2025\/02\/acidente_418_2-300x183.png 300w\" sizes=\"auto, (max-width: 678px) 100vw, 678px\" \/><figcaption class=\"wp-element-caption\"><em><sub>Foto: Frame v\u00eddeo R\u00e1dio 94 FM Nanuque \/ Reprodu\u00e7\u00e3o<\/sub><\/em><\/figcaption><\/figure>\n<\/figure>\n","protected":false},"excerpt":{"rendered":"<p>Uma pessoa morreu e duas ficaram feridas ap\u00f3s o capotamento de um carro de passeio na MGC-418, na regi\u00e3o do Vale do Mucuri, na tarde desta quarta-feira (5\/2\/2025). O acidente ocorreu na altura da Curva do Padre, pr\u00f3ximo ao distrito de Mayrink, no munic\u00edpio de Carlos Chagas (MG). A v\u00edtima fatal foi identificada como Saiara [&hellip;]<\/p>\n","protected":false},"author":4,"featured_media":197189,"comment_status":"open","ping_status":"closed","sticky":false,"template":"","format":"standard","meta":{"amp_status":"","footnotes":""},"categories":[122],"tags":[271507,80781,271509,270119,271508,33601,1175,1018,238538,252,271510],"class_list":["post-197188","post","type-post","status-publish","format-standard","has-post-thumbnail","hentry","category-mucuri","tag-acidente-deixa-uma-vitima-fatal-e-dois-feridos-na-mgc-418","tag-acidente-entre-carlos-chagas-e-nanuque","tag-acidente-na-curva-do-padre","tag-acidente-na-mgc-418","tag-acidente-na-mgc-418-em-carlos-chagas","tag-acidente-perto-de-mayrink","tag-carlos-chagas","tag-destaque","tag-mgc-418","tag-nanuque","tag-saiara-silva-abreu"],"yoast_head":"<!-- This site is optimized with the Yoast SEO plugin v28.3 - https:\/\/yoast.com\/product\/yoast-seo-wordpress\/ -->\n<title>Acidente deixa uma v\u00edtima fatal e dois feridos na MGC-418 - Aconteceu no Vale<\/title>\n<meta name=\"robots\" content=\"index, follow, max-snippet:-1, max-image-preview:large, max-video-preview:-1\" \/>\n<link rel=\"canonical\" href=\"https:\/\/aconteceunovale.com.br\/portal\/?p=197188\" \/>\n<meta property=\"og:locale\" content=\"pt_BR\" \/>\n<meta property=\"og:type\" content=\"article\" \/>\n<meta property=\"og:title\" content=\"Acidente deixa uma v\u00edtima fatal e dois feridos na MGC-418 - Aconteceu no Vale\" \/>\n<meta property=\"og:description\" content=\"Uma pessoa morreu e duas ficaram feridas ap\u00f3s o capotamento de um carro de passeio na MGC-418, na regi\u00e3o do Vale do Mucuri, na tarde desta quarta-feira (5\/2\/2025). O acidente ocorreu na altura da Curva do Padre, pr\u00f3ximo ao distrito de Mayrink, no munic\u00edpio de Carlos Chagas (MG). A v\u00edtima fatal foi identificada como Saiara [&hellip;]\" \/>\n<meta property=\"og:url\" content=\"https:\/\/aconteceunovale.com.br\/portal\/?p=197188\" \/>\n<meta property=\"og:site_name\" content=\"Aconteceu no Vale\" \/>\n<meta property=\"article:publisher\" content=\"https:\/\/www.facebook.com\/aconteceunovale\/\" \/>\n<meta property=\"article:published_time\" content=\"2025-02-06T02:41:18+00:00\" \/>\n<meta property=\"article:modified_time\" content=\"2025-02-06T02:43:43+00:00\" \/>\n<meta property=\"og:image\" content=\"https:\/\/aconteceunovale.com.br\/portal\/wp-content\/uploads\/2025\/02\/acidente_418_1.png\" \/>\n\t<meta property=\"og:image:width\" content=\"678\" \/>\n\t<meta property=\"og:image:height\" content=\"405\" \/>\n\t<meta property=\"og:image:type\" content=\"image\/png\" \/>\n<meta name=\"author\" content=\"Reda\u00e7\u00e3o Aconteceu no Vale\" \/>\n<meta name=\"twitter:card\" content=\"summary_large_image\" \/>\n<meta name=\"twitter:creator\" content=\"@noticiadosvales\" \/>\n<meta name=\"twitter:site\" content=\"@noticiadosvales\" \/>\n<meta name=\"twitter:label1\" content=\"Escrito por\" \/>\n\t<meta name=\"twitter:data1\" content=\"Reda\u00e7\u00e3o Aconteceu no Vale\" \/>\n\t<meta name=\"twitter:label2\" content=\"Est. tempo de leitura\" \/>\n\t<meta name=\"twitter:data2\" content=\"1 minuto\" \/>\n<script type=\"application\/ld+json\" class=\"yoast-schema-graph\">{\"@context\":\"https:\\\/\\\/schema.org\",\"@graph\":[{\"@type\":\"Article\",\"@id\":\"https:\\\/\\\/aconteceunovale.com.br\\\/portal\\\/?p=197188#article\",\"isPartOf\":{\"@id\":\"https:\\\/\\\/aconteceunovale.com.br\\\/portal\\\/?p=197188\"},\"author\":{\"name\":\"Reda\u00e7\u00e3o Aconteceu no Vale\",\"@id\":\"https:\\\/\\\/aconteceunovale.com.br\\\/portal\\\/#\\\/schema\\\/person\\\/7d2f26d1483f8a63de73da1ee0754d35\"},\"headline\":\"Acidente deixa uma v\u00edtima fatal e dois feridos na MGC-418\",\"datePublished\":\"2025-02-06T02:41:18+00:00\",\"dateModified\":\"2025-02-06T02:43:43+00:00\",\"mainEntityOfPage\":{\"@id\":\"https:\\\/\\\/aconteceunovale.com.br\\\/portal\\\/?p=197188\"},\"wordCount\":231,\"commentCount\":0,\"image\":{\"@id\":\"https:\\\/\\\/aconteceunovale.com.br\\\/portal\\\/?p=197188#primaryimage\"},\"thumbnailUrl\":\"https:\\\/\\\/aconteceunovale.com.br\\\/portal\\\/wp-content\\\/uploads\\\/2025\\\/02\\\/acidente_418_1.png\",\"keywords\":[\"Acidente deixa uma v\u00edtima fatal e dois feridos na MGC-418\",\"acidente entre carlos chagas e nanuque\",\"Acidente na Curva do Padre\",\"Acidente na MGC-418\",\"Acidente na MGC-418 em Carlos Chagas\",\"acidente perto de mayrink\",\"carlos chagas\",\"destaque\",\"MGC-418\",\"Nanuque\",\"Saiara Silva Abreu\"],\"articleSection\":[\"Vale do Mucuri\"],\"inLanguage\":\"pt-BR\",\"potentialAction\":[{\"@type\":\"CommentAction\",\"name\":\"Comment\",\"target\":[\"https:\\\/\\\/aconteceunovale.com.br\\\/portal\\\/?p=197188#respond\"]}]},{\"@type\":\"WebPage\",\"@id\":\"https:\\\/\\\/aconteceunovale.com.br\\\/portal\\\/?p=197188\",\"url\":\"https:\\\/\\\/aconteceunovale.com.br\\\/portal\\\/?p=197188\",\"name\":\"Acidente deixa uma v\u00edtima fatal e dois feridos na MGC-418 - Aconteceu no Vale\",\"isPartOf\":{\"@id\":\"https:\\\/\\\/aconteceunovale.com.br\\\/portal\\\/#website\"},\"primaryImageOfPage\":{\"@id\":\"https:\\\/\\\/aconteceunovale.com.br\\\/portal\\\/?p=197188#primaryimage\"},\"image\":{\"@id\":\"https:\\\/\\\/aconteceunovale.com.br\\\/portal\\\/?p=197188#primaryimage\"},\"thumbnailUrl\":\"https:\\\/\\\/aconteceunovale.com.br\\\/portal\\\/wp-content\\\/uploads\\\/2025\\\/02\\\/acidente_418_1.png\",\"datePublished\":\"2025-02-06T02:41:18+00:00\",\"dateModified\":\"2025-02-06T02:43:43+00:00\",\"author\":{\"@id\":\"https:\\\/\\\/aconteceunovale.com.br\\\/portal\\\/#\\\/schema\\\/person\\\/7d2f26d1483f8a63de73da1ee0754d35\"},\"breadcrumb\":{\"@id\":\"https:\\\/\\\/aconteceunovale.com.br\\\/portal\\\/?p=197188#breadcrumb\"},\"inLanguage\":\"pt-BR\",\"potentialAction\":[{\"@type\":\"ReadAction\",\"target\":[\"https:\\\/\\\/aconteceunovale.com.br\\\/portal\\\/?p=197188\"]}]},{\"@type\":\"ImageObject\",\"inLanguage\":\"pt-BR\",\"@id\":\"https:\\\/\\\/aconteceunovale.com.br\\\/portal\\\/?p=197188#primaryimage\",\"url\":\"https:\\\/\\\/aconteceunovale.com.br\\\/portal\\\/wp-content\\\/uploads\\\/2025\\\/02\\\/acidente_418_1.png\",\"contentUrl\":\"https:\\\/\\\/aconteceunovale.com.br\\\/portal\\\/wp-content\\\/uploads\\\/2025\\\/02\\\/acidente_418_1.png\",\"width\":678,\"height\":405,\"caption\":\"Foto: Frame v\u00eddeo R\u00e1dio 94 FM Nanuque \\\/ Reprodu\u00e7\u00e3o\"},{\"@type\":\"BreadcrumbList\",\"@id\":\"https:\\\/\\\/aconteceunovale.com.br\\\/portal\\\/?p=197188#breadcrumb\",\"itemListElement\":[{\"@type\":\"ListItem\",\"position\":1,\"name\":\"In\u00edcio\",\"item\":\"https:\\\/\\\/aconteceunovale.com.br\\\/portal\\\/\"},{\"@type\":\"ListItem\",\"position\":2,\"name\":\"Acidente deixa uma v\u00edtima fatal e dois feridos na MGC-418\"}]},{\"@type\":\"WebSite\",\"@id\":\"https:\\\/\\\/aconteceunovale.com.br\\\/portal\\\/#website\",\"url\":\"https:\\\/\\\/aconteceunovale.com.br\\\/portal\\\/\",\"name\":\"Aconteceu no Vale\",\"description\":\"Portal de Not\u00edcias\",\"potentialAction\":[{\"@type\":\"SearchAction\",\"target\":{\"@type\":\"EntryPoint\",\"urlTemplate\":\"https:\\\/\\\/aconteceunovale.com.br\\\/portal\\\/?s={search_term_string}\"},\"query-input\":{\"@type\":\"PropertyValueSpecification\",\"valueRequired\":true,\"valueName\":\"search_term_string\"}}],\"inLanguage\":\"pt-BR\"},{\"@type\":\"Person\",\"@id\":\"https:\\\/\\\/aconteceunovale.com.br\\\/portal\\\/#\\\/schema\\\/person\\\/7d2f26d1483f8a63de73da1ee0754d35\",\"name\":\"Reda\u00e7\u00e3o Aconteceu no Vale\",\"description\":\"Equipe de reportagem do Aconteceu no Vale, portal de not\u00edcias do Vale do Jequitinhonha, em Minas Gerais. Cobrimos as 51 cidades do Vale desde 2013. Sugest\u00f5es de pauta e pedidos de corre\u00e7\u00e3o: contato@aconteceunovale.com.br\",\"url\":\"https:\\\/\\\/aconteceunovale.com.br\\\/portal\\\/?author=4\"}]}<\/script>\n<!-- \/ Yoast SEO plugin. -->","yoast_head_json":{"title":"Acidente deixa uma v\u00edtima fatal e dois feridos na MGC-418 - Aconteceu no Vale","robots":{"index":"index","follow":"follow","max-snippet":"max-snippet:-1","max-image-preview":"max-image-preview:large","max-video-preview":"max-video-preview:-1"},"canonical":"https:\/\/aconteceunovale.com.br\/portal\/?p=197188","og_locale":"pt_BR","og_type":"article","og_title":"Acidente deixa uma v\u00edtima fatal e dois feridos na MGC-418 - Aconteceu no Vale","og_description":"Uma pessoa morreu e duas ficaram feridas ap\u00f3s o capotamento de um carro de passeio na MGC-418, na regi\u00e3o do Vale do Mucuri, na tarde desta quarta-feira (5\/2\/2025). O acidente ocorreu na altura da Curva do Padre, pr\u00f3ximo ao distrito de Mayrink, no munic\u00edpio de Carlos Chagas (MG). A v\u00edtima fatal foi identificada como Saiara [&hellip;]","og_url":"https:\/\/aconteceunovale.com.br\/portal\/?p=197188","og_site_name":"Aconteceu no Vale","article_publisher":"https:\/\/www.facebook.com\/aconteceunovale\/","article_published_time":"2025-02-06T02:41:18+00:00","article_modified_time":"2025-02-06T02:43:43+00:00","og_image":[{"width":678,"height":405,"url":"https:\/\/aconteceunovale.com.br\/portal\/wp-content\/uploads\/2025\/02\/acidente_418_1.png","type":"image\/png"}],"author":"Reda\u00e7\u00e3o Aconteceu no Vale","twitter_card":"summary_large_image","twitter_creator":"@noticiadosvales","twitter_site":"@noticiadosvales","twitter_misc":{"Escrito por":"Reda\u00e7\u00e3o Aconteceu no Vale","Est. tempo de leitura":"1 minuto"},"schema":{"@context":"https:\/\/schema.org","@graph":[{"@type":"Article","@id":"https:\/\/aconteceunovale.com.br\/portal\/?p=197188#article","isPartOf":{"@id":"https:\/\/aconteceunovale.com.br\/portal\/?p=197188"},"author":{"name":"Reda\u00e7\u00e3o Aconteceu no Vale","@id":"https:\/\/aconteceunovale.com.br\/portal\/#\/schema\/person\/7d2f26d1483f8a63de73da1ee0754d35"},"headline":"Acidente deixa uma v\u00edtima fatal e dois feridos na MGC-418","datePublished":"2025-02-06T02:41:18+00:00","dateModified":"2025-02-06T02:43:43+00:00","mainEntityOfPage":{"@id":"https:\/\/aconteceunovale.com.br\/portal\/?p=197188"},"wordCount":231,"commentCount":0,"image":{"@id":"https:\/\/aconteceunovale.com.br\/portal\/?p=197188#primaryimage"},"thumbnailUrl":"https:\/\/aconteceunovale.com.br\/portal\/wp-content\/uploads\/2025\/02\/acidente_418_1.png","keywords":["Acidente deixa uma v\u00edtima fatal e dois feridos na MGC-418","acidente entre carlos chagas e nanuque","Acidente na Curva do Padre","Acidente na MGC-418","Acidente na MGC-418 em Carlos Chagas","acidente perto de mayrink","carlos chagas","destaque","MGC-418","Nanuque","Saiara Silva Abreu"],"articleSection":["Vale do Mucuri"],"inLanguage":"pt-BR","potentialAction":[{"@type":"CommentAction","name":"Comment","target":["https:\/\/aconteceunovale.com.br\/portal\/?p=197188#respond"]}]},{"@type":"WebPage","@id":"https:\/\/aconteceunovale.com.br\/portal\/?p=197188","url":"https:\/\/aconteceunovale.com.br\/portal\/?p=197188","name":"Acidente deixa uma v\u00edtima fatal e dois feridos na MGC-418 - Aconteceu no Vale","isPartOf":{"@id":"https:\/\/aconteceunovale.com.br\/portal\/#website"},"primaryImageOfPage":{"@id":"https:\/\/aconteceunovale.com.br\/portal\/?p=197188#primaryimage"},"image":{"@id":"https:\/\/aconteceunovale.com.br\/portal\/?p=197188#primaryimage"},"thumbnailUrl":"https:\/\/aconteceunovale.com.br\/portal\/wp-content\/uploads\/2025\/02\/acidente_418_1.png","datePublished":"2025-02-06T02:41:18+00:00","dateModified":"2025-02-06T02:43:43+00:00","author":{"@id":"https:\/\/aconteceunovale.com.br\/portal\/#\/schema\/person\/7d2f26d1483f8a63de73da1ee0754d35"},"breadcrumb":{"@id":"https:\/\/aconteceunovale.com.br\/portal\/?p=197188#breadcrumb"},"inLanguage":"pt-BR","potentialAction":[{"@type":"ReadAction","target":["https:\/\/aconteceunovale.com.br\/portal\/?p=197188"]}]},{"@type":"ImageObject","inLanguage":"pt-BR","@id":"https:\/\/aconteceunovale.com.br\/portal\/?p=197188#primaryimage","url":"https:\/\/aconteceunovale.com.br\/portal\/wp-content\/uploads\/2025\/02\/acidente_418_1.png","contentUrl":"https:\/\/aconteceunovale.com.br\/portal\/wp-content\/uploads\/2025\/02\/acidente_418_1.png","width":678,"height":405,"caption":"Foto: Frame v\u00eddeo R\u00e1dio 94 FM Nanuque \/ Reprodu\u00e7\u00e3o"},{"@type":"BreadcrumbList","@id":"https:\/\/aconteceunovale.com.br\/portal\/?p=197188#breadcrumb","itemListElement":[{"@type":"ListItem","position":1,"name":"In\u00edcio","item":"https:\/\/aconteceunovale.com.br\/portal\/"},{"@type":"ListItem","position":2,"name":"Acidente deixa uma v\u00edtima fatal e dois feridos na MGC-418"}]},{"@type":"WebSite","@id":"https:\/\/aconteceunovale.com.br\/portal\/#website","url":"https:\/\/aconteceunovale.com.br\/portal\/","name":"Aconteceu no Vale","description":"Portal de Not\u00edcias","potentialAction":[{"@type":"SearchAction","target":{"@type":"EntryPoint","urlTemplate":"https:\/\/aconteceunovale.com.br\/portal\/?s={search_term_string}"},"query-input":{"@type":"PropertyValueSpecification","valueRequired":true,"valueName":"search_term_string"}}],"inLanguage":"pt-BR"},{"@type":"Person","@id":"https:\/\/aconteceunovale.com.br\/portal\/#\/schema\/person\/7d2f26d1483f8a63de73da1ee0754d35","name":"Reda\u00e7\u00e3o Aconteceu no Vale","description":"Equipe de reportagem do Aconteceu no Vale, portal de not\u00edcias do Vale do Jequitinhonha, em Minas Gerais. Cobrimos as 51 cidades do Vale desde 2013. Sugest\u00f5es de pauta e pedidos de corre\u00e7\u00e3o: contato@aconteceunovale.com.br","url":"https:\/\/aconteceunovale.com.br\/portal\/?author=4"}]}},"_links":{"self":[{"href":"https:\/\/aconteceunovale.com.br\/portal\/index.php?rest_route=\/wp\/v2\/posts\/197188","targetHints":{"allow":["GET"]}}],"collection":[{"href":"https:\/\/aconteceunovale.com.br\/portal\/index.php?rest_route=\/wp\/v2\/posts"}],"about":[{"href":"https:\/\/aconteceunovale.com.br\/portal\/index.php?rest_route=\/wp\/v2\/types\/post"}],"author":[{"embeddable":true,"href":"https:\/\/aconteceunovale.com.br\/portal\/index.php?rest_route=\/wp\/v2\/users\/4"}],"replies":[{"embeddable":true,"href":"https:\/\/aconteceunovale.com.br\/portal\/index.php?rest_route=%2Fwp%2Fv2%2Fcomments&post=197188"}],"version-history":[{"count":1,"href":"https:\/\/aconteceunovale.com.br\/portal\/index.php?rest_route=\/wp\/v2\/posts\/197188\/revisions"}],"predecessor-version":[{"id":197191,"href":"https:\/\/aconteceunovale.com.br\/portal\/index.php?rest_route=\/wp\/v2\/posts\/197188\/revisions\/197191"}],"wp:featuredmedia":[{"embeddable":true,"href":"https:\/\/aconteceunovale.com.br\/portal\/index.php?rest_route=\/wp\/v2\/media\/197189"}],"wp:attachment":[{"href":"https:\/\/aconteceunovale.com.br\/portal\/index.php?rest_route=%2Fwp%2Fv2%2Fmedia&parent=197188"}],"wp:term":[{"taxonomy":"category","embeddable":true,"href":"https:\/\/aconteceunovale.com.br\/portal\/index.php?rest_route=%2Fwp%2Fv2%2Fcategories&post=197188"},{"taxonomy":"post_tag","embeddable":true,"href":"https:\/\/aconteceunovale.com.br\/portal\/index.php?rest_route=%2Fwp%2Fv2%2Ftags&post=197188"}],"curies":[{"name":"wp","href":"https:\/\/api.w.org\/{rel}","templated":true}]}}