{"id":197183,"date":"2025-02-05T23:03:20","date_gmt":"2025-02-06T02:03:20","guid":{"rendered":"https:\/\/aconteceunovale.com.br\/portal\/?p=197183"},"modified":"2025-02-05T23:04:20","modified_gmt":"2025-02-06T02:04:20","slug":"desabamento-em-igreja-historica-de-salvador-deixa-um-morto-e-seis-feridos","status":"publish","type":"post","link":"https:\/\/aconteceunovale.com.br\/portal\/?p=197183","title":{"rendered":"Desabamento em igreja hist\u00f3rica de Salvador deixa um morto e seis feridos"},"content":{"rendered":"\n<p class=\"wp-block-paragraph\">O desabamento do teto da Igreja de S\u00e3o Francisco de Assis, no Centro Hist\u00f3rico de Salvador, nesta quarta-feira (5\/2\/2025), resultou na morte de Giulia Panchoni Righetto, de 26 anos, e deixou outras seis pessoas feridas. Equipes da Defesa Civil, do Corpo de Bombeiros e da Pol\u00edcia Civil da Bahia foram acionadas para prestar assist\u00eancia \u00e0s v\u00edtimas e investigar as causas do acidente.<\/p>\n\n\n\n<figure class=\"wp-block-gallery has-nested-images columns-default is-cropped wp-block-gallery-1 is-layout-flex wp-block-gallery-is-layout-flex\">\n<figure class=\"wp-block-image size-large\"><img loading=\"lazy\" decoding=\"async\" width=\"678\" height=\"406\" data-id=\"197184\" src=\"https:\/\/aconteceunovale.com.br\/portal\/wp-content\/uploads\/2025\/02\/acidente_igreja_salvador.png\" alt=\"\" class=\"wp-image-197184\" srcset=\"https:\/\/aconteceunovale.com.br\/portal\/wp-content\/uploads\/2025\/02\/acidente_igreja_salvador.png 678w, https:\/\/aconteceunovale.com.br\/portal\/wp-content\/uploads\/2025\/02\/acidente_igreja_salvador-300x180.png 300w\" sizes=\"auto, (max-width: 678px) 100vw, 678px\" \/><figcaption class=\"wp-element-caption\"><em>Foto: Defesa Civil de Salvador\/Divulga\u00e7\u00e3o<\/em><\/figcaption><\/figure>\n<\/figure>\n\n\n\n<p class=\"wp-block-paragraph\">O Minist\u00e9rio da Cultura e o Instituto do Patrim\u00f4nio Hist\u00f3rico e Art\u00edstico Nacional (Iphan) emitiram uma nota oficial lamentando o ocorrido. <em>\u201cNeste momento de dor, expressamos nossa solidariedade \u00e0s v\u00edtimas, seus familiares e \u00e0 comunidade local\u201d<\/em>, declararam as institui\u00e7\u00f5es.<\/p>\n\n\n\n<h3 class=\"wp-block-heading\">Manuten\u00e7\u00e3o e obras<\/h3>\n\n\n\n<p class=\"wp-block-paragraph\">O governo federal esclareceu que o im\u00f3vel pertence \u00e0 Ordem Primeira de S\u00e3o Francisco, respons\u00e1vel direta por sua gest\u00e3o e manuten\u00e7\u00e3o. O Iphan informou que atua na preserva\u00e7\u00e3o do patrim\u00f4nio e destacou que, recentemente, coordenou o restauro dos pain\u00e9is de azulejaria portuguesa da igreja, obra conclu\u00edda em maio de 2023.<\/p>\n","protected":false},"excerpt":{"rendered":"<p>O desabamento do teto da Igreja de S\u00e3o Francisco de Assis, no Centro Hist\u00f3rico de Salvador, nesta quarta-feira (5\/2\/2025), resultou na morte de Giulia Panchoni Righetto, de 26 anos, e deixou outras seis pessoas feridas. Equipes da Defesa Civil, do Corpo de Bombeiros e da Pol\u00edcia Civil da Bahia foram acionadas para prestar assist\u00eancia \u00e0s [&hellip;]<\/p>\n","protected":false},"author":4,"featured_media":197184,"comment_status":"open","ping_status":"closed","sticky":false,"template":"","format":"standard","meta":{"amp_status":"","footnotes":""},"categories":[6],"tags":[271500,271502,271504,271503,2379,271501,271499,271505,6531],"class_list":["post-197183","post","type-post","status-publish","format-standard","has-post-thumbnail","hentry","category-br","tag-acidente-em-igreja-de-salvador","tag-acidente-em-igreja-historica-de-salvador","tag-acidente-na-igreja-de-sao-francisco-de-assis","tag-acidente-no-centro-historico-de-salvador","tag-bahia","tag-desabamento-em-igreja-de-salvador","tag-desabamento-em-igreja-historica-de-salvador-deixa-um-morto-e-seis-feridos","tag-giulia-panchoni-righetto","tag-salvador"],"yoast_head":"<!-- This site is optimized with the Yoast SEO plugin v28.3 - https:\/\/yoast.com\/product\/yoast-seo-wordpress\/ -->\n<title>Desabamento em igreja hist\u00f3rica de Salvador deixa um morto e seis feridos - Aconteceu no Vale<\/title>\n<meta name=\"robots\" content=\"index, follow, max-snippet:-1, max-image-preview:large, max-video-preview:-1\" \/>\n<link rel=\"canonical\" href=\"https:\/\/aconteceunovale.com.br\/portal\/?p=197183\" \/>\n<meta property=\"og:locale\" content=\"pt_BR\" \/>\n<meta property=\"og:type\" content=\"article\" \/>\n<meta property=\"og:title\" content=\"Desabamento em igreja hist\u00f3rica de Salvador deixa um morto e seis feridos - Aconteceu no Vale\" \/>\n<meta property=\"og:description\" content=\"O desabamento do teto da Igreja de S\u00e3o Francisco de Assis, no Centro Hist\u00f3rico de Salvador, nesta quarta-feira (5\/2\/2025), resultou na morte de Giulia Panchoni Righetto, de 26 anos, e deixou outras seis pessoas feridas. Equipes da Defesa Civil, do Corpo de Bombeiros e da Pol\u00edcia Civil da Bahia foram acionadas para prestar assist\u00eancia \u00e0s [&hellip;]\" \/>\n<meta property=\"og:url\" content=\"https:\/\/aconteceunovale.com.br\/portal\/?p=197183\" \/>\n<meta property=\"og:site_name\" content=\"Aconteceu no Vale\" \/>\n<meta property=\"article:publisher\" content=\"https:\/\/www.facebook.com\/aconteceunovale\/\" \/>\n<meta property=\"article:published_time\" content=\"2025-02-06T02:03:20+00:00\" \/>\n<meta property=\"article:modified_time\" content=\"2025-02-06T02:04:20+00:00\" \/>\n<meta property=\"og:image\" content=\"https:\/\/aconteceunovale.com.br\/portal\/wp-content\/uploads\/2025\/02\/acidente_igreja_salvador.png\" \/>\n\t<meta property=\"og:image:width\" content=\"678\" \/>\n\t<meta property=\"og:image:height\" content=\"406\" \/>\n\t<meta property=\"og:image:type\" content=\"image\/png\" \/>\n<meta name=\"author\" content=\"Reda\u00e7\u00e3o Aconteceu no Vale\" \/>\n<meta name=\"twitter:card\" content=\"summary_large_image\" \/>\n<meta name=\"twitter:creator\" content=\"@noticiadosvales\" \/>\n<meta name=\"twitter:site\" content=\"@noticiadosvales\" \/>\n<meta name=\"twitter:label1\" content=\"Escrito por\" \/>\n\t<meta name=\"twitter:data1\" content=\"Reda\u00e7\u00e3o Aconteceu no Vale\" \/>\n\t<meta name=\"twitter:label2\" content=\"Est. tempo de leitura\" \/>\n\t<meta name=\"twitter:data2\" content=\"1 minuto\" \/>\n<script type=\"application\/ld+json\" class=\"yoast-schema-graph\">{\"@context\":\"https:\\\/\\\/schema.org\",\"@graph\":[{\"@type\":\"Article\",\"@id\":\"https:\\\/\\\/aconteceunovale.com.br\\\/portal\\\/?p=197183#article\",\"isPartOf\":{\"@id\":\"https:\\\/\\\/aconteceunovale.com.br\\\/portal\\\/?p=197183\"},\"author\":{\"name\":\"Reda\u00e7\u00e3o Aconteceu no Vale\",\"@id\":\"https:\\\/\\\/aconteceunovale.com.br\\\/portal\\\/#\\\/schema\\\/person\\\/7d2f26d1483f8a63de73da1ee0754d35\"},\"headline\":\"Desabamento em igreja hist\u00f3rica de Salvador deixa um morto e seis feridos\",\"datePublished\":\"2025-02-06T02:03:20+00:00\",\"dateModified\":\"2025-02-06T02:04:20+00:00\",\"mainEntityOfPage\":{\"@id\":\"https:\\\/\\\/aconteceunovale.com.br\\\/portal\\\/?p=197183\"},\"wordCount\":190,\"commentCount\":0,\"image\":{\"@id\":\"https:\\\/\\\/aconteceunovale.com.br\\\/portal\\\/?p=197183#primaryimage\"},\"thumbnailUrl\":\"https:\\\/\\\/aconteceunovale.com.br\\\/portal\\\/wp-content\\\/uploads\\\/2025\\\/02\\\/acidente_igreja_salvador.png\",\"keywords\":[\"Acidente em igreja de Salvador\",\"Acidente em igreja hist\u00f3rica de Salvador\",\"Acidente na igreja de S\u00e3o Francisco de Assis\",\"Acidente no Centro Hist\u00f3rico de Salvador\",\"Bahia\",\"Desabamento em igreja de Salvador\",\"Desabamento em igreja hist\u00f3rica de Salvador deixa um morto e seis feridos\",\"Giulia Panchoni Righetto\",\"Salvador\"],\"articleSection\":[\"Brasil\"],\"inLanguage\":\"pt-BR\",\"potentialAction\":[{\"@type\":\"CommentAction\",\"name\":\"Comment\",\"target\":[\"https:\\\/\\\/aconteceunovale.com.br\\\/portal\\\/?p=197183#respond\"]}]},{\"@type\":\"WebPage\",\"@id\":\"https:\\\/\\\/aconteceunovale.com.br\\\/portal\\\/?p=197183\",\"url\":\"https:\\\/\\\/aconteceunovale.com.br\\\/portal\\\/?p=197183\",\"name\":\"Desabamento em igreja hist\u00f3rica de Salvador deixa um morto e seis feridos - Aconteceu no Vale\",\"isPartOf\":{\"@id\":\"https:\\\/\\\/aconteceunovale.com.br\\\/portal\\\/#website\"},\"primaryImageOfPage\":{\"@id\":\"https:\\\/\\\/aconteceunovale.com.br\\\/portal\\\/?p=197183#primaryimage\"},\"image\":{\"@id\":\"https:\\\/\\\/aconteceunovale.com.br\\\/portal\\\/?p=197183#primaryimage\"},\"thumbnailUrl\":\"https:\\\/\\\/aconteceunovale.com.br\\\/portal\\\/wp-content\\\/uploads\\\/2025\\\/02\\\/acidente_igreja_salvador.png\",\"datePublished\":\"2025-02-06T02:03:20+00:00\",\"dateModified\":\"2025-02-06T02:04:20+00:00\",\"author\":{\"@id\":\"https:\\\/\\\/aconteceunovale.com.br\\\/portal\\\/#\\\/schema\\\/person\\\/7d2f26d1483f8a63de73da1ee0754d35\"},\"breadcrumb\":{\"@id\":\"https:\\\/\\\/aconteceunovale.com.br\\\/portal\\\/?p=197183#breadcrumb\"},\"inLanguage\":\"pt-BR\",\"potentialAction\":[{\"@type\":\"ReadAction\",\"target\":[\"https:\\\/\\\/aconteceunovale.com.br\\\/portal\\\/?p=197183\"]}]},{\"@type\":\"ImageObject\",\"inLanguage\":\"pt-BR\",\"@id\":\"https:\\\/\\\/aconteceunovale.com.br\\\/portal\\\/?p=197183#primaryimage\",\"url\":\"https:\\\/\\\/aconteceunovale.com.br\\\/portal\\\/wp-content\\\/uploads\\\/2025\\\/02\\\/acidente_igreja_salvador.png\",\"contentUrl\":\"https:\\\/\\\/aconteceunovale.com.br\\\/portal\\\/wp-content\\\/uploads\\\/2025\\\/02\\\/acidente_igreja_salvador.png\",\"width\":678,\"height\":406,\"caption\":\"Foto: Defesa Civil de Salvador\\\/Divulga\u00e7\u00e3o\"},{\"@type\":\"BreadcrumbList\",\"@id\":\"https:\\\/\\\/aconteceunovale.com.br\\\/portal\\\/?p=197183#breadcrumb\",\"itemListElement\":[{\"@type\":\"ListItem\",\"position\":1,\"name\":\"In\u00edcio\",\"item\":\"https:\\\/\\\/aconteceunovale.com.br\\\/portal\\\/\"},{\"@type\":\"ListItem\",\"position\":2,\"name\":\"Desabamento em igreja hist\u00f3rica de Salvador deixa um morto e seis feridos\"}]},{\"@type\":\"WebSite\",\"@id\":\"https:\\\/\\\/aconteceunovale.com.br\\\/portal\\\/#website\",\"url\":\"https:\\\/\\\/aconteceunovale.com.br\\\/portal\\\/\",\"name\":\"Aconteceu no Vale\",\"description\":\"Portal de Not\u00edcias\",\"potentialAction\":[{\"@type\":\"SearchAction\",\"target\":{\"@type\":\"EntryPoint\",\"urlTemplate\":\"https:\\\/\\\/aconteceunovale.com.br\\\/portal\\\/?s={search_term_string}\"},\"query-input\":{\"@type\":\"PropertyValueSpecification\",\"valueRequired\":true,\"valueName\":\"search_term_string\"}}],\"inLanguage\":\"pt-BR\"},{\"@type\":\"Person\",\"@id\":\"https:\\\/\\\/aconteceunovale.com.br\\\/portal\\\/#\\\/schema\\\/person\\\/7d2f26d1483f8a63de73da1ee0754d35\",\"name\":\"Reda\u00e7\u00e3o Aconteceu no Vale\",\"description\":\"Equipe de reportagem do Aconteceu no Vale, portal de not\u00edcias do Vale do Jequitinhonha, em Minas Gerais. Cobrimos as 51 cidades do Vale desde 2013. Sugest\u00f5es de pauta e pedidos de corre\u00e7\u00e3o: contato@aconteceunovale.com.br\",\"url\":\"https:\\\/\\\/aconteceunovale.com.br\\\/portal\\\/?author=4\"}]}<\/script>\n<!-- \/ Yoast SEO plugin. -->","yoast_head_json":{"title":"Desabamento em igreja hist\u00f3rica de Salvador deixa um morto e seis feridos - Aconteceu no Vale","robots":{"index":"index","follow":"follow","max-snippet":"max-snippet:-1","max-image-preview":"max-image-preview:large","max-video-preview":"max-video-preview:-1"},"canonical":"https:\/\/aconteceunovale.com.br\/portal\/?p=197183","og_locale":"pt_BR","og_type":"article","og_title":"Desabamento em igreja hist\u00f3rica de Salvador deixa um morto e seis feridos - Aconteceu no Vale","og_description":"O desabamento do teto da Igreja de S\u00e3o Francisco de Assis, no Centro Hist\u00f3rico de Salvador, nesta quarta-feira (5\/2\/2025), resultou na morte de Giulia Panchoni Righetto, de 26 anos, e deixou outras seis pessoas feridas. Equipes da Defesa Civil, do Corpo de Bombeiros e da Pol\u00edcia Civil da Bahia foram acionadas para prestar assist\u00eancia \u00e0s [&hellip;]","og_url":"https:\/\/aconteceunovale.com.br\/portal\/?p=197183","og_site_name":"Aconteceu no Vale","article_publisher":"https:\/\/www.facebook.com\/aconteceunovale\/","article_published_time":"2025-02-06T02:03:20+00:00","article_modified_time":"2025-02-06T02:04:20+00:00","og_image":[{"width":678,"height":406,"url":"https:\/\/aconteceunovale.com.br\/portal\/wp-content\/uploads\/2025\/02\/acidente_igreja_salvador.png","type":"image\/png"}],"author":"Reda\u00e7\u00e3o Aconteceu no Vale","twitter_card":"summary_large_image","twitter_creator":"@noticiadosvales","twitter_site":"@noticiadosvales","twitter_misc":{"Escrito por":"Reda\u00e7\u00e3o Aconteceu no Vale","Est. tempo de leitura":"1 minuto"},"schema":{"@context":"https:\/\/schema.org","@graph":[{"@type":"Article","@id":"https:\/\/aconteceunovale.com.br\/portal\/?p=197183#article","isPartOf":{"@id":"https:\/\/aconteceunovale.com.br\/portal\/?p=197183"},"author":{"name":"Reda\u00e7\u00e3o Aconteceu no Vale","@id":"https:\/\/aconteceunovale.com.br\/portal\/#\/schema\/person\/7d2f26d1483f8a63de73da1ee0754d35"},"headline":"Desabamento em igreja hist\u00f3rica de Salvador deixa um morto e seis feridos","datePublished":"2025-02-06T02:03:20+00:00","dateModified":"2025-02-06T02:04:20+00:00","mainEntityOfPage":{"@id":"https:\/\/aconteceunovale.com.br\/portal\/?p=197183"},"wordCount":190,"commentCount":0,"image":{"@id":"https:\/\/aconteceunovale.com.br\/portal\/?p=197183#primaryimage"},"thumbnailUrl":"https:\/\/aconteceunovale.com.br\/portal\/wp-content\/uploads\/2025\/02\/acidente_igreja_salvador.png","keywords":["Acidente em igreja de Salvador","Acidente em igreja hist\u00f3rica de Salvador","Acidente na igreja de S\u00e3o Francisco de Assis","Acidente no Centro Hist\u00f3rico de Salvador","Bahia","Desabamento em igreja de Salvador","Desabamento em igreja hist\u00f3rica de Salvador deixa um morto e seis feridos","Giulia Panchoni Righetto","Salvador"],"articleSection":["Brasil"],"inLanguage":"pt-BR","potentialAction":[{"@type":"CommentAction","name":"Comment","target":["https:\/\/aconteceunovale.com.br\/portal\/?p=197183#respond"]}]},{"@type":"WebPage","@id":"https:\/\/aconteceunovale.com.br\/portal\/?p=197183","url":"https:\/\/aconteceunovale.com.br\/portal\/?p=197183","name":"Desabamento em igreja hist\u00f3rica de Salvador deixa um morto e seis feridos - Aconteceu no Vale","isPartOf":{"@id":"https:\/\/aconteceunovale.com.br\/portal\/#website"},"primaryImageOfPage":{"@id":"https:\/\/aconteceunovale.com.br\/portal\/?p=197183#primaryimage"},"image":{"@id":"https:\/\/aconteceunovale.com.br\/portal\/?p=197183#primaryimage"},"thumbnailUrl":"https:\/\/aconteceunovale.com.br\/portal\/wp-content\/uploads\/2025\/02\/acidente_igreja_salvador.png","datePublished":"2025-02-06T02:03:20+00:00","dateModified":"2025-02-06T02:04:20+00:00","author":{"@id":"https:\/\/aconteceunovale.com.br\/portal\/#\/schema\/person\/7d2f26d1483f8a63de73da1ee0754d35"},"breadcrumb":{"@id":"https:\/\/aconteceunovale.com.br\/portal\/?p=197183#breadcrumb"},"inLanguage":"pt-BR","potentialAction":[{"@type":"ReadAction","target":["https:\/\/aconteceunovale.com.br\/portal\/?p=197183"]}]},{"@type":"ImageObject","inLanguage":"pt-BR","@id":"https:\/\/aconteceunovale.com.br\/portal\/?p=197183#primaryimage","url":"https:\/\/aconteceunovale.com.br\/portal\/wp-content\/uploads\/2025\/02\/acidente_igreja_salvador.png","contentUrl":"https:\/\/aconteceunovale.com.br\/portal\/wp-content\/uploads\/2025\/02\/acidente_igreja_salvador.png","width":678,"height":406,"caption":"Foto: Defesa Civil de Salvador\/Divulga\u00e7\u00e3o"},{"@type":"BreadcrumbList","@id":"https:\/\/aconteceunovale.com.br\/portal\/?p=197183#breadcrumb","itemListElement":[{"@type":"ListItem","position":1,"name":"In\u00edcio","item":"https:\/\/aconteceunovale.com.br\/portal\/"},{"@type":"ListItem","position":2,"name":"Desabamento em igreja hist\u00f3rica de Salvador deixa um morto e seis feridos"}]},{"@type":"WebSite","@id":"https:\/\/aconteceunovale.com.br\/portal\/#website","url":"https:\/\/aconteceunovale.com.br\/portal\/","name":"Aconteceu no Vale","description":"Portal de Not\u00edcias","potentialAction":[{"@type":"SearchAction","target":{"@type":"EntryPoint","urlTemplate":"https:\/\/aconteceunovale.com.br\/portal\/?s={search_term_string}"},"query-input":{"@type":"PropertyValueSpecification","valueRequired":true,"valueName":"search_term_string"}}],"inLanguage":"pt-BR"},{"@type":"Person","@id":"https:\/\/aconteceunovale.com.br\/portal\/#\/schema\/person\/7d2f26d1483f8a63de73da1ee0754d35","name":"Reda\u00e7\u00e3o Aconteceu no Vale","description":"Equipe de reportagem do Aconteceu no Vale, portal de not\u00edcias do Vale do Jequitinhonha, em Minas Gerais. Cobrimos as 51 cidades do Vale desde 2013. Sugest\u00f5es de pauta e pedidos de corre\u00e7\u00e3o: contato@aconteceunovale.com.br","url":"https:\/\/aconteceunovale.com.br\/portal\/?author=4"}]}},"_links":{"self":[{"href":"https:\/\/aconteceunovale.com.br\/portal\/index.php?rest_route=\/wp\/v2\/posts\/197183","targetHints":{"allow":["GET"]}}],"collection":[{"href":"https:\/\/aconteceunovale.com.br\/portal\/index.php?rest_route=\/wp\/v2\/posts"}],"about":[{"href":"https:\/\/aconteceunovale.com.br\/portal\/index.php?rest_route=\/wp\/v2\/types\/post"}],"author":[{"embeddable":true,"href":"https:\/\/aconteceunovale.com.br\/portal\/index.php?rest_route=\/wp\/v2\/users\/4"}],"replies":[{"embeddable":true,"href":"https:\/\/aconteceunovale.com.br\/portal\/index.php?rest_route=%2Fwp%2Fv2%2Fcomments&post=197183"}],"version-history":[{"count":1,"href":"https:\/\/aconteceunovale.com.br\/portal\/index.php?rest_route=\/wp\/v2\/posts\/197183\/revisions"}],"predecessor-version":[{"id":197185,"href":"https:\/\/aconteceunovale.com.br\/portal\/index.php?rest_route=\/wp\/v2\/posts\/197183\/revisions\/197185"}],"wp:featuredmedia":[{"embeddable":true,"href":"https:\/\/aconteceunovale.com.br\/portal\/index.php?rest_route=\/wp\/v2\/media\/197184"}],"wp:attachment":[{"href":"https:\/\/aconteceunovale.com.br\/portal\/index.php?rest_route=%2Fwp%2Fv2%2Fmedia&parent=197183"}],"wp:term":[{"taxonomy":"category","embeddable":true,"href":"https:\/\/aconteceunovale.com.br\/portal\/index.php?rest_route=%2Fwp%2Fv2%2Fcategories&post=197183"},{"taxonomy":"post_tag","embeddable":true,"href":"https:\/\/aconteceunovale.com.br\/portal\/index.php?rest_route=%2Fwp%2Fv2%2Ftags&post=197183"}],"curies":[{"name":"wp","href":"https:\/\/api.w.org\/{rel}","templated":true}]}}