{"id":197171,"date":"2025-02-05T20:08:09","date_gmt":"2025-02-05T23:08:09","guid":{"rendered":"https:\/\/aconteceunovale.com.br\/portal\/?p=197171"},"modified":"2025-02-05T20:09:03","modified_gmt":"2025-02-05T23:09:03","slug":"condicoes-climaticas-e-alta-demanda-devem-manter-preco-do-cafe-elevado","status":"publish","type":"post","link":"https:\/\/aconteceunovale.com.br\/portal\/?p=197171","title":{"rendered":"Condi\u00e7\u00f5es clim\u00e1ticas e alta demanda devem manter pre\u00e7o do caf\u00e9 elevado"},"content":{"rendered":"\n<p class=\"wp-block-paragraph\">O pre\u00e7o do caf\u00e9 deve continuar subindo nas pr\u00f3ximas semanas, pelo menos at\u00e9 a safra deste ano, que come\u00e7a a ser colhida por volta de abril ou maio. A afirma\u00e7\u00e3o \u00e9 da Associa\u00e7\u00e3o Brasileira da Ind\u00fastria do Caf\u00e9 (Abic). A principal causa do aumento nos pre\u00e7os s\u00e3o os eventos clim\u00e1ticos, que influenciam na safra do gr\u00e3o. O aumento do consumo em todo o mundo e a chegada de um novo mercado consumidor global, a China, tamb\u00e9m influenciam.<\/p>\n\n\n\n<figure class=\"wp-block-gallery has-nested-images columns-default is-cropped wp-block-gallery-1 is-layout-flex wp-block-gallery-is-layout-flex\">\n<figure class=\"wp-block-image size-large\"><img loading=\"lazy\" decoding=\"async\" width=\"678\" height=\"406\" data-id=\"197172\" src=\"https:\/\/aconteceunovale.com.br\/portal\/wp-content\/uploads\/2025\/02\/cafe.png\" alt=\"\" class=\"wp-image-197172\" srcset=\"https:\/\/aconteceunovale.com.br\/portal\/wp-content\/uploads\/2025\/02\/cafe.png 678w, https:\/\/aconteceunovale.com.br\/portal\/wp-content\/uploads\/2025\/02\/cafe-300x180.png 300w\" sizes=\"auto, (max-width: 678px) 100vw, 678px\" \/><figcaption class=\"wp-element-caption\"><em>Foto: Marcello Casal jr\/Ag\u00eancia Brasil<\/em><\/figcaption><\/figure>\n<\/figure>\n\n\n\n<p class=\"wp-block-paragraph\">Segundo a entidade, esse impacto sobre os pre\u00e7os deve se manter por mais dois ou tr\u00eas meses. Depois, deve vir um momento de arrefecimento no valor do produto, com uma certa estabiliza\u00e7\u00e3o. A queda de pre\u00e7os, no entanto, s\u00f3 dever\u00e1 acontecer a partir da safra do pr\u00f3ximo ano, estima a associa\u00e7\u00e3o.<\/p>\n\n\n\n<p class=\"wp-block-paragraph\">O aumento no pre\u00e7o do caf\u00e9 vem sendo observado desde novembro do ano passado. E n\u00e3o \u00e9 um fen\u00f4meno apenas no Brasil, que \u00e9 o principal exportador mundial de caf\u00e9 no mundo, representando quase 40% da produ\u00e7\u00e3o mundial, seguido pelo Vietn\u00e3 (em torno de 17%) e pela Col\u00f4mbia.<\/p>\n\n\n\n<h2 class=\"wp-block-heading\">Safra<\/h2>\n\n\n\n<p class=\"wp-block-paragraph\">Em 2020, a safra brasileira bateu recordes, mas os anos seguintes foram ruins para a lavoura, influenciado pelo clima. Em 2021, houve uma geada que dizimou quase 20% da safra de ar\u00e1bica. Em 2022, ela n\u00e3o conseguiu se recuperar \u2013 no geral, a safra demora dois anos para que isso ocorra, explicou a Abic.&nbsp;<\/p>\n\n\n\n<p class=\"wp-block-paragraph\">J\u00e1 em 2023, a lavoura sofreu os efeitos do El Ni\u00f1o [fen\u00f4meno que afeta o clima em todo o planeta], com um per\u00edodo longo de estiagem e altas temperaturas. E, no ano passado, o fen\u00f4meno que atuou foi o La Ni\u00f1a, que trouxe chuvas alongadas.<\/p>\n\n\n\n<p class=\"wp-block-paragraph\">\u201cIsso \u00e9 muito ruim para a lavoura\u201d, explicou \u00a0o presidente da Abic, Pavel Cardoso, acrescentando que a safra que ser\u00e1 colhida neste ano ser\u00e1 ligeiramente menor que a do ano passado.<\/p>\n\n\n\n<p class=\"wp-block-paragraph\">\u201cEsse ac\u00famulo de quatro anos de problemas clim\u00e1ticos e o crescimento da demanda global d\u00e3o a explica\u00e7\u00e3o dessa escalada de pre\u00e7os no caf\u00e9\u201d, ressaltou.<\/p>\n\n\n\n<p class=\"wp-block-paragraph\">Com todos esses problemas clim\u00e1ticos afetando a lavoura, os produtores precisaram aumentar os gastos para a produ\u00e7\u00e3o. Com isso, o custo da mat\u00e9ria-prima subiu. A ind\u00fastria, informou a Abic, teve aumentos superiores a 200% e teve que repassar parte disso, em torno de 38%, ao consumidor.<\/p>\n\n\n\n<p class=\"wp-block-paragraph\">Todos esses fatores conjugados acabaram contribuindo para a alta dos pre\u00e7os da commodity nas bolsas internacionais, o que tamb\u00e9m traz reflexos para o bolso do consumidor. Na Bolsa de Nova York, os principais contratos de caf\u00e9 ar\u00e1bica atingiram os valores mais altos da hist\u00f3ria. Hoje, por exemplo, a cota\u00e7\u00e3o voltou a subir e batia recorde, chegando US$ 3,97 a libra-peso.&nbsp;<\/p>\n\n\n\n<p class=\"wp-block-paragraph\">\u201cEm rela\u00e7\u00e3o a esse recorde, que est\u00e1 quase chegando a US$ 4 a libra-peso, muito se atribuiu a uma potencializa\u00e7\u00e3o dessa oferta curta. \u00c9 uma entrada forte de fundos que gera um n\u00famero hist\u00f3rico, mas que \u00e9 potencialmente importante para a reflex\u00e3o de todo o setor. Esse momento \u00e9 ganho para todos? \u00c9 uma situa\u00e7\u00e3o que cabe a todos n\u00f3s refletir\u201d, disse Cardoso. \u201cEssa escalada em algum momento vai parar, mas n\u00e3o se sabe quando. Essa \u00e9 a pergunta que todos n\u00f3s fazemos\u201d.<\/p>\n\n\n\n<h2 class=\"wp-block-heading\">Estimativas<\/h2>\n\n\n\n<p class=\"wp-block-paragraph\">A Abic espera que a safra deste ano, que come\u00e7a a ser colhida em abril, ajude a estabilizar os pre\u00e7os. O setor tamb\u00e9m tem uma grande expectativa para a safra do ano que vem, que pode bater o recorde de 2020, ajudando a ampliar a oferta e diminuir os pre\u00e7os do produto. Enquanto isso n\u00e3o ocorre, o consumidor ainda deve sofrer com o aumento no caf\u00e9 j\u00e1 que a ind\u00fastria ainda tem repasses a fazer pelo seu alto custo.<\/p>\n\n\n\n<p class=\"wp-block-paragraph\">\u201cEm rela\u00e7\u00e3o \u00e0 mat\u00e9ria-prima, devemos ter ainda alguma volatilidade adicional at\u00e9 a chegada da safra, que deve tensionar por conta de uma oferta muito curta. A partir da chegada dessa safra, entendemos que haver\u00e1 alguma estabilidade. E quando tivermos finalizado a colheita, portanto, com um olhar para 2026, esperamos ter uma grande safra, possivelmente superior a 2020, quando tivemos safra recorde\u201d, informou Cardoso,&nbsp;<\/p>\n\n\n\n<p class=\"wp-block-paragraph\">\u201cCom rela\u00e7\u00e3o ao consumidor, teremos algum aumento adicional, afinal, tivemos aumentos superiores a 180% para a ind\u00fastria, que absorveu esse aumento e repassou parte disso para os mercados, chegando a 37% para os consumidores. Ent\u00e3o, parte desse aumento ser\u00e1 transferido para os varejistas e, consequentemente, aos consumidores\u201d, explicou.<\/p>\n\n\n\n<h2 class=\"wp-block-heading\">Dados do setor<\/h2>\n\n\n\n<p class=\"wp-block-paragraph\">O consumo da bebida no Brasil entre novembro de 2023 e outubro de 2024 cresceu 1,11% em rela\u00e7\u00e3o ao ano anterior, segundo dados divulgados pela Abic nesta quarta-feira (5).&nbsp;<\/p>\n\n\n\n<p class=\"wp-block-paragraph\">O Brasil, que \u00e9 o maior produtor e exportador do produto, \u00e9 tamb\u00e9m o segundo maior consumidor mundial de caf\u00e9, tendo consumido 21,916 milh\u00f5es de sacas em 2024, o que significou 4,1 milh\u00f5es de sacas a menos do que \u00e9 consumido pelo pa\u00eds que est\u00e1 na lideran\u00e7a desse ranking, os Estados Unidos. Os dados do setor tamb\u00e9m informaram que o brasileiro consome, em m\u00e9dia, 1.430 x\u00edcaras\/ano de caf\u00e9.<\/p>\n\n\n\n<p class=\"wp-block-paragraph\">O faturamento da ind\u00fastria de caf\u00e9 torrado no mercado interno somou R$ 36,82 bilh\u00f5es no ano passado, uma varia\u00e7\u00e3o de 60,85% quando comparado a 2023. A altera\u00e7\u00e3o ocorre devido ao aumento do pre\u00e7o do caf\u00e9 na g\u00f4ndola. No mercado externo, o faturamento foi de R$ 134 milh\u00f5es.<\/p>\n\n\n\n<p class=\"wp-block-paragraph\">Os caf\u00e9s especiais sofreram um aumento de 9,80%, quando comparado o per\u00edodo de janeiro de 2024 com dezembro de 2024. J\u00e1 a categoria de caf\u00e9s Gourmets registrou um aumento de 16,17%; os caf\u00e9s Superiores, de 34,38%; e os caf\u00e9s Tradicionais e Extrafortes, tiveram aumento de 39,36%. Os caf\u00e9s em c\u00e1psula tamb\u00e9m registraram um aumento nos pre\u00e7os (2,07%).<\/p>\n\n\n\n<p class=\"wp-block-paragraph\">Nos \u00faltimos quatro anos, a mat\u00e9ria-prima aumentou 224%, e o caf\u00e9 no varejo aumentou 110%. No \u00faltimo ano, a varia\u00e7\u00e3o de pre\u00e7o ao consumidor do caf\u00e9 torrado e mo\u00eddo foi de 37,4%, um aumento maior que a m\u00e9dia da cesta b\u00e1sica (2,7%).<\/p>\n","protected":false},"excerpt":{"rendered":"<p>O pre\u00e7o do caf\u00e9 deve continuar subindo nas pr\u00f3ximas semanas, pelo menos at\u00e9 a safra deste ano, que come\u00e7a a ser colhida por volta de abril ou maio. A afirma\u00e7\u00e3o \u00e9 da Associa\u00e7\u00e3o Brasileira da Ind\u00fastria do Caf\u00e9 (Abic). A principal causa do aumento nos pre\u00e7os s\u00e3o os eventos clim\u00e1ticos, que influenciam na safra do [&hellip;]<\/p>\n","protected":false},"author":4,"featured_media":170816,"comment_status":"open","ping_status":"closed","sticky":false,"template":"","format":"standard","meta":{"amp_status":"","footnotes":""},"categories":[6,40239,123],"tags":[155824,271492,271488,271490,271491,44521,30594,271487,1018,249804,121196,271489],"class_list":["post-197171","post","type-post","status-publish","format-standard","has-post-thumbnail","hentry","category-br","category-economia-2","category-gerais","tag-abic","tag-alta-demanda-de-cafe","tag-alta-do-cafe","tag-associacao-brasileira-da-industria-do-cafe","tag-aumento-de-preco-do-cafe","tag-cafe","tag-china","tag-condicoes-climaticas-e-alta-demanda-devem-manter-preco-do-cafe-elevado","tag-destaque","tag-preco-do-cafe","tag-producao-de-cafe","tag-valor-do-cafe"],"yoast_head":"<!-- This site is optimized with the Yoast SEO plugin v28.3 - https:\/\/yoast.com\/product\/yoast-seo-wordpress\/ -->\n<title>Condi\u00e7\u00f5es clim\u00e1ticas e alta demanda devem manter pre\u00e7o do caf\u00e9 elevado - Aconteceu no Vale<\/title>\n<meta name=\"robots\" content=\"index, follow, max-snippet:-1, max-image-preview:large, max-video-preview:-1\" \/>\n<link rel=\"canonical\" href=\"https:\/\/aconteceunovale.com.br\/portal\/?p=197171\" \/>\n<meta property=\"og:locale\" content=\"pt_BR\" \/>\n<meta property=\"og:type\" content=\"article\" \/>\n<meta property=\"og:title\" content=\"Condi\u00e7\u00f5es clim\u00e1ticas e alta demanda devem manter pre\u00e7o do caf\u00e9 elevado - Aconteceu no Vale\" \/>\n<meta property=\"og:description\" content=\"O pre\u00e7o do caf\u00e9 deve continuar subindo nas pr\u00f3ximas semanas, pelo menos at\u00e9 a safra deste ano, que come\u00e7a a ser colhida por volta de abril ou maio. A afirma\u00e7\u00e3o \u00e9 da Associa\u00e7\u00e3o Brasileira da Ind\u00fastria do Caf\u00e9 (Abic). A principal causa do aumento nos pre\u00e7os s\u00e3o os eventos clim\u00e1ticos, que influenciam na safra do [&hellip;]\" \/>\n<meta property=\"og:url\" content=\"https:\/\/aconteceunovale.com.br\/portal\/?p=197171\" \/>\n<meta property=\"og:site_name\" content=\"Aconteceu no Vale\" \/>\n<meta property=\"article:publisher\" content=\"https:\/\/www.facebook.com\/aconteceunovale\/\" \/>\n<meta property=\"article:published_time\" content=\"2025-02-05T23:08:09+00:00\" \/>\n<meta property=\"article:modified_time\" content=\"2025-02-05T23:09:03+00:00\" \/>\n<meta property=\"og:image\" content=\"https:\/\/aconteceunovale.com.br\/portal\/wp-content\/uploads\/2020\/12\/cafe_queijo.jpg\" \/>\n\t<meta property=\"og:image:width\" content=\"650\" \/>\n\t<meta property=\"og:image:height\" content=\"433\" \/>\n\t<meta property=\"og:image:type\" content=\"image\/jpeg\" \/>\n<meta name=\"author\" content=\"Reda\u00e7\u00e3o Aconteceu no Vale\" \/>\n<meta name=\"twitter:card\" content=\"summary_large_image\" \/>\n<meta name=\"twitter:creator\" content=\"@noticiadosvales\" \/>\n<meta name=\"twitter:site\" content=\"@noticiadosvales\" \/>\n<meta name=\"twitter:label1\" content=\"Escrito por\" \/>\n\t<meta name=\"twitter:data1\" content=\"Reda\u00e7\u00e3o Aconteceu no Vale\" \/>\n\t<meta name=\"twitter:label2\" content=\"Est. tempo de leitura\" \/>\n\t<meta name=\"twitter:data2\" content=\"5 minutos\" \/>\n<script type=\"application\/ld+json\" class=\"yoast-schema-graph\">{\"@context\":\"https:\\\/\\\/schema.org\",\"@graph\":[{\"@type\":\"Article\",\"@id\":\"https:\\\/\\\/aconteceunovale.com.br\\\/portal\\\/?p=197171#article\",\"isPartOf\":{\"@id\":\"https:\\\/\\\/aconteceunovale.com.br\\\/portal\\\/?p=197171\"},\"author\":{\"name\":\"Reda\u00e7\u00e3o Aconteceu no Vale\",\"@id\":\"https:\\\/\\\/aconteceunovale.com.br\\\/portal\\\/#\\\/schema\\\/person\\\/7d2f26d1483f8a63de73da1ee0754d35\"},\"headline\":\"Condi\u00e7\u00f5es clim\u00e1ticas e alta demanda devem manter pre\u00e7o do caf\u00e9 elevado\",\"datePublished\":\"2025-02-05T23:08:09+00:00\",\"dateModified\":\"2025-02-05T23:09:03+00:00\",\"mainEntityOfPage\":{\"@id\":\"https:\\\/\\\/aconteceunovale.com.br\\\/portal\\\/?p=197171\"},\"wordCount\":1024,\"commentCount\":0,\"image\":{\"@id\":\"https:\\\/\\\/aconteceunovale.com.br\\\/portal\\\/?p=197171#primaryimage\"},\"thumbnailUrl\":\"https:\\\/\\\/aconteceunovale.com.br\\\/portal\\\/wp-content\\\/uploads\\\/2020\\\/12\\\/cafe_queijo.jpg\",\"keywords\":[\"Abic\",\"Alta demanda de caf\u00e9\",\"Alta do caf\u00e9\",\"Associa\u00e7\u00e3o Brasileira da Ind\u00fastria do Caf\u00e9\",\"Aumento de pre\u00e7o do caf\u00e9\",\"caf\u00e9\",\"China\",\"Condi\u00e7\u00f5es clim\u00e1ticas e alta demanda devem manter pre\u00e7o do caf\u00e9 elevado\",\"destaque\",\"Pre\u00e7o do caf\u00e9\",\"produ\u00e7\u00e3o de caf\u00e9\",\"Valor do caf\u00e9\"],\"articleSection\":[\"Brasil\",\"Economia\",\"Minas Gerais\"],\"inLanguage\":\"pt-BR\",\"potentialAction\":[{\"@type\":\"CommentAction\",\"name\":\"Comment\",\"target\":[\"https:\\\/\\\/aconteceunovale.com.br\\\/portal\\\/?p=197171#respond\"]}]},{\"@type\":\"WebPage\",\"@id\":\"https:\\\/\\\/aconteceunovale.com.br\\\/portal\\\/?p=197171\",\"url\":\"https:\\\/\\\/aconteceunovale.com.br\\\/portal\\\/?p=197171\",\"name\":\"Condi\u00e7\u00f5es clim\u00e1ticas e alta demanda devem manter pre\u00e7o do caf\u00e9 elevado - Aconteceu no Vale\",\"isPartOf\":{\"@id\":\"https:\\\/\\\/aconteceunovale.com.br\\\/portal\\\/#website\"},\"primaryImageOfPage\":{\"@id\":\"https:\\\/\\\/aconteceunovale.com.br\\\/portal\\\/?p=197171#primaryimage\"},\"image\":{\"@id\":\"https:\\\/\\\/aconteceunovale.com.br\\\/portal\\\/?p=197171#primaryimage\"},\"thumbnailUrl\":\"https:\\\/\\\/aconteceunovale.com.br\\\/portal\\\/wp-content\\\/uploads\\\/2020\\\/12\\\/cafe_queijo.jpg\",\"datePublished\":\"2025-02-05T23:08:09+00:00\",\"dateModified\":\"2025-02-05T23:09:03+00:00\",\"author\":{\"@id\":\"https:\\\/\\\/aconteceunovale.com.br\\\/portal\\\/#\\\/schema\\\/person\\\/7d2f26d1483f8a63de73da1ee0754d35\"},\"breadcrumb\":{\"@id\":\"https:\\\/\\\/aconteceunovale.com.br\\\/portal\\\/?p=197171#breadcrumb\"},\"inLanguage\":\"pt-BR\",\"potentialAction\":[{\"@type\":\"ReadAction\",\"target\":[\"https:\\\/\\\/aconteceunovale.com.br\\\/portal\\\/?p=197171\"]}]},{\"@type\":\"ImageObject\",\"inLanguage\":\"pt-BR\",\"@id\":\"https:\\\/\\\/aconteceunovale.com.br\\\/portal\\\/?p=197171#primaryimage\",\"url\":\"https:\\\/\\\/aconteceunovale.com.br\\\/portal\\\/wp-content\\\/uploads\\\/2020\\\/12\\\/cafe_queijo.jpg\",\"contentUrl\":\"https:\\\/\\\/aconteceunovale.com.br\\\/portal\\\/wp-content\\\/uploads\\\/2020\\\/12\\\/cafe_queijo.jpg\",\"width\":650,\"height\":433},{\"@type\":\"BreadcrumbList\",\"@id\":\"https:\\\/\\\/aconteceunovale.com.br\\\/portal\\\/?p=197171#breadcrumb\",\"itemListElement\":[{\"@type\":\"ListItem\",\"position\":1,\"name\":\"In\u00edcio\",\"item\":\"https:\\\/\\\/aconteceunovale.com.br\\\/portal\\\/\"},{\"@type\":\"ListItem\",\"position\":2,\"name\":\"Condi\u00e7\u00f5es clim\u00e1ticas e alta demanda devem manter pre\u00e7o do caf\u00e9 elevado\"}]},{\"@type\":\"WebSite\",\"@id\":\"https:\\\/\\\/aconteceunovale.com.br\\\/portal\\\/#website\",\"url\":\"https:\\\/\\\/aconteceunovale.com.br\\\/portal\\\/\",\"name\":\"Aconteceu no Vale\",\"description\":\"Portal de Not\u00edcias\",\"potentialAction\":[{\"@type\":\"SearchAction\",\"target\":{\"@type\":\"EntryPoint\",\"urlTemplate\":\"https:\\\/\\\/aconteceunovale.com.br\\\/portal\\\/?s={search_term_string}\"},\"query-input\":{\"@type\":\"PropertyValueSpecification\",\"valueRequired\":true,\"valueName\":\"search_term_string\"}}],\"inLanguage\":\"pt-BR\"},{\"@type\":\"Person\",\"@id\":\"https:\\\/\\\/aconteceunovale.com.br\\\/portal\\\/#\\\/schema\\\/person\\\/7d2f26d1483f8a63de73da1ee0754d35\",\"name\":\"Reda\u00e7\u00e3o Aconteceu no Vale\",\"description\":\"Equipe de reportagem do Aconteceu no Vale, portal de not\u00edcias do Vale do Jequitinhonha, em Minas Gerais. Cobrimos as 51 cidades do Vale desde 2013. Sugest\u00f5es de pauta e pedidos de corre\u00e7\u00e3o: contato@aconteceunovale.com.br\",\"url\":\"https:\\\/\\\/aconteceunovale.com.br\\\/portal\\\/?author=4\"}]}<\/script>\n<!-- \/ Yoast SEO plugin. -->","yoast_head_json":{"title":"Condi\u00e7\u00f5es clim\u00e1ticas e alta demanda devem manter pre\u00e7o do caf\u00e9 elevado - Aconteceu no Vale","robots":{"index":"index","follow":"follow","max-snippet":"max-snippet:-1","max-image-preview":"max-image-preview:large","max-video-preview":"max-video-preview:-1"},"canonical":"https:\/\/aconteceunovale.com.br\/portal\/?p=197171","og_locale":"pt_BR","og_type":"article","og_title":"Condi\u00e7\u00f5es clim\u00e1ticas e alta demanda devem manter pre\u00e7o do caf\u00e9 elevado - Aconteceu no Vale","og_description":"O pre\u00e7o do caf\u00e9 deve continuar subindo nas pr\u00f3ximas semanas, pelo menos at\u00e9 a safra deste ano, que come\u00e7a a ser colhida por volta de abril ou maio. A afirma\u00e7\u00e3o \u00e9 da Associa\u00e7\u00e3o Brasileira da Ind\u00fastria do Caf\u00e9 (Abic). A principal causa do aumento nos pre\u00e7os s\u00e3o os eventos clim\u00e1ticos, que influenciam na safra do [&hellip;]","og_url":"https:\/\/aconteceunovale.com.br\/portal\/?p=197171","og_site_name":"Aconteceu no Vale","article_publisher":"https:\/\/www.facebook.com\/aconteceunovale\/","article_published_time":"2025-02-05T23:08:09+00:00","article_modified_time":"2025-02-05T23:09:03+00:00","og_image":[{"width":650,"height":433,"url":"https:\/\/aconteceunovale.com.br\/portal\/wp-content\/uploads\/2020\/12\/cafe_queijo.jpg","type":"image\/jpeg"}],"author":"Reda\u00e7\u00e3o Aconteceu no Vale","twitter_card":"summary_large_image","twitter_creator":"@noticiadosvales","twitter_site":"@noticiadosvales","twitter_misc":{"Escrito por":"Reda\u00e7\u00e3o Aconteceu no Vale","Est. tempo de leitura":"5 minutos"},"schema":{"@context":"https:\/\/schema.org","@graph":[{"@type":"Article","@id":"https:\/\/aconteceunovale.com.br\/portal\/?p=197171#article","isPartOf":{"@id":"https:\/\/aconteceunovale.com.br\/portal\/?p=197171"},"author":{"name":"Reda\u00e7\u00e3o Aconteceu no Vale","@id":"https:\/\/aconteceunovale.com.br\/portal\/#\/schema\/person\/7d2f26d1483f8a63de73da1ee0754d35"},"headline":"Condi\u00e7\u00f5es clim\u00e1ticas e alta demanda devem manter pre\u00e7o do caf\u00e9 elevado","datePublished":"2025-02-05T23:08:09+00:00","dateModified":"2025-02-05T23:09:03+00:00","mainEntityOfPage":{"@id":"https:\/\/aconteceunovale.com.br\/portal\/?p=197171"},"wordCount":1024,"commentCount":0,"image":{"@id":"https:\/\/aconteceunovale.com.br\/portal\/?p=197171#primaryimage"},"thumbnailUrl":"https:\/\/aconteceunovale.com.br\/portal\/wp-content\/uploads\/2020\/12\/cafe_queijo.jpg","keywords":["Abic","Alta demanda de caf\u00e9","Alta do caf\u00e9","Associa\u00e7\u00e3o Brasileira da Ind\u00fastria do Caf\u00e9","Aumento de pre\u00e7o do caf\u00e9","caf\u00e9","China","Condi\u00e7\u00f5es clim\u00e1ticas e alta demanda devem manter pre\u00e7o do caf\u00e9 elevado","destaque","Pre\u00e7o do caf\u00e9","produ\u00e7\u00e3o de caf\u00e9","Valor do caf\u00e9"],"articleSection":["Brasil","Economia","Minas Gerais"],"inLanguage":"pt-BR","potentialAction":[{"@type":"CommentAction","name":"Comment","target":["https:\/\/aconteceunovale.com.br\/portal\/?p=197171#respond"]}]},{"@type":"WebPage","@id":"https:\/\/aconteceunovale.com.br\/portal\/?p=197171","url":"https:\/\/aconteceunovale.com.br\/portal\/?p=197171","name":"Condi\u00e7\u00f5es clim\u00e1ticas e alta demanda devem manter pre\u00e7o do caf\u00e9 elevado - Aconteceu no Vale","isPartOf":{"@id":"https:\/\/aconteceunovale.com.br\/portal\/#website"},"primaryImageOfPage":{"@id":"https:\/\/aconteceunovale.com.br\/portal\/?p=197171#primaryimage"},"image":{"@id":"https:\/\/aconteceunovale.com.br\/portal\/?p=197171#primaryimage"},"thumbnailUrl":"https:\/\/aconteceunovale.com.br\/portal\/wp-content\/uploads\/2020\/12\/cafe_queijo.jpg","datePublished":"2025-02-05T23:08:09+00:00","dateModified":"2025-02-05T23:09:03+00:00","author":{"@id":"https:\/\/aconteceunovale.com.br\/portal\/#\/schema\/person\/7d2f26d1483f8a63de73da1ee0754d35"},"breadcrumb":{"@id":"https:\/\/aconteceunovale.com.br\/portal\/?p=197171#breadcrumb"},"inLanguage":"pt-BR","potentialAction":[{"@type":"ReadAction","target":["https:\/\/aconteceunovale.com.br\/portal\/?p=197171"]}]},{"@type":"ImageObject","inLanguage":"pt-BR","@id":"https:\/\/aconteceunovale.com.br\/portal\/?p=197171#primaryimage","url":"https:\/\/aconteceunovale.com.br\/portal\/wp-content\/uploads\/2020\/12\/cafe_queijo.jpg","contentUrl":"https:\/\/aconteceunovale.com.br\/portal\/wp-content\/uploads\/2020\/12\/cafe_queijo.jpg","width":650,"height":433},{"@type":"BreadcrumbList","@id":"https:\/\/aconteceunovale.com.br\/portal\/?p=197171#breadcrumb","itemListElement":[{"@type":"ListItem","position":1,"name":"In\u00edcio","item":"https:\/\/aconteceunovale.com.br\/portal\/"},{"@type":"ListItem","position":2,"name":"Condi\u00e7\u00f5es clim\u00e1ticas e alta demanda devem manter pre\u00e7o do caf\u00e9 elevado"}]},{"@type":"WebSite","@id":"https:\/\/aconteceunovale.com.br\/portal\/#website","url":"https:\/\/aconteceunovale.com.br\/portal\/","name":"Aconteceu no Vale","description":"Portal de Not\u00edcias","potentialAction":[{"@type":"SearchAction","target":{"@type":"EntryPoint","urlTemplate":"https:\/\/aconteceunovale.com.br\/portal\/?s={search_term_string}"},"query-input":{"@type":"PropertyValueSpecification","valueRequired":true,"valueName":"search_term_string"}}],"inLanguage":"pt-BR"},{"@type":"Person","@id":"https:\/\/aconteceunovale.com.br\/portal\/#\/schema\/person\/7d2f26d1483f8a63de73da1ee0754d35","name":"Reda\u00e7\u00e3o Aconteceu no Vale","description":"Equipe de reportagem do Aconteceu no Vale, portal de not\u00edcias do Vale do Jequitinhonha, em Minas Gerais. Cobrimos as 51 cidades do Vale desde 2013. Sugest\u00f5es de pauta e pedidos de corre\u00e7\u00e3o: contato@aconteceunovale.com.br","url":"https:\/\/aconteceunovale.com.br\/portal\/?author=4"}]}},"_links":{"self":[{"href":"https:\/\/aconteceunovale.com.br\/portal\/index.php?rest_route=\/wp\/v2\/posts\/197171","targetHints":{"allow":["GET"]}}],"collection":[{"href":"https:\/\/aconteceunovale.com.br\/portal\/index.php?rest_route=\/wp\/v2\/posts"}],"about":[{"href":"https:\/\/aconteceunovale.com.br\/portal\/index.php?rest_route=\/wp\/v2\/types\/post"}],"author":[{"embeddable":true,"href":"https:\/\/aconteceunovale.com.br\/portal\/index.php?rest_route=\/wp\/v2\/users\/4"}],"replies":[{"embeddable":true,"href":"https:\/\/aconteceunovale.com.br\/portal\/index.php?rest_route=%2Fwp%2Fv2%2Fcomments&post=197171"}],"version-history":[{"count":1,"href":"https:\/\/aconteceunovale.com.br\/portal\/index.php?rest_route=\/wp\/v2\/posts\/197171\/revisions"}],"predecessor-version":[{"id":197173,"href":"https:\/\/aconteceunovale.com.br\/portal\/index.php?rest_route=\/wp\/v2\/posts\/197171\/revisions\/197173"}],"wp:featuredmedia":[{"embeddable":true,"href":"https:\/\/aconteceunovale.com.br\/portal\/index.php?rest_route=\/wp\/v2\/media\/170816"}],"wp:attachment":[{"href":"https:\/\/aconteceunovale.com.br\/portal\/index.php?rest_route=%2Fwp%2Fv2%2Fmedia&parent=197171"}],"wp:term":[{"taxonomy":"category","embeddable":true,"href":"https:\/\/aconteceunovale.com.br\/portal\/index.php?rest_route=%2Fwp%2Fv2%2Fcategories&post=197171"},{"taxonomy":"post_tag","embeddable":true,"href":"https:\/\/aconteceunovale.com.br\/portal\/index.php?rest_route=%2Fwp%2Fv2%2Ftags&post=197171"}],"curies":[{"name":"wp","href":"https:\/\/api.w.org\/{rel}","templated":true}]}}