{"id":197168,"date":"2025-02-05T19:25:00","date_gmt":"2025-02-05T22:25:00","guid":{"rendered":"https:\/\/aconteceunovale.com.br\/portal\/?p=197168"},"modified":"2025-02-05T19:25:47","modified_gmt":"2025-02-05T22:25:47","slug":"carnaval-2025-e-cancelado-em-serro-devido-aos-impactos-das-chuvas","status":"publish","type":"post","link":"https:\/\/aconteceunovale.com.br\/portal\/?p=197168","title":{"rendered":"Carnaval 2025 \u00e9 cancelado em Serro devido aos impactos das chuvas"},"content":{"rendered":"\n<p class=\"wp-block-paragraph\">A Prefeitura de Serro (MG) anunciou o cancelamento do Carnaval 2025 como medida de solidariedade e prioridade \u00e0 recupera\u00e7\u00e3o do munic\u00edpio, que enfrenta os impactos das intensas chuvas desde o in\u00edcio de janeiro deste ano. A decis\u00e3o, divulgada nessa ter\u00e7a-feira (4\/2), foi tomada diante do cen\u00e1rio de destrui\u00e7\u00e3o e dificuldades vivenciado por diversas fam\u00edlias.<\/p>\n\n\n\n<p class=\"wp-block-paragraph\">De acordo com a Defesa Civil Municipal, as chuvas causaram mais de 20 ocorr\u00eancias, incluindo resid\u00eancias danificadas, pontes e passarelas destru\u00eddas e estradas bloqueadas. O balan\u00e7o aponta um \u00f3bito confirmado, 16 fam\u00edlias desalojadas, cerca de 570 pessoas ilhadas, mais de 8.000 enfrentando dificuldades de acesso a servi\u00e7os essenciais e aproximadamente 13.600 cidad\u00e3os afetados indiretamente.<\/p>\n\n\n\n<p class=\"wp-block-paragraph\">Diante desse quadro, a Administra\u00e7\u00e3o Municipal decidiu cancelar a festa deste ano e concentrar os esfor\u00e7os na recupera\u00e7\u00e3o da infraestrutura comprometida e no apoio \u00e0s fam\u00edlias atingidas.<\/p>\n\n\n\n<p class=\"wp-block-paragraph\">A Situa\u00e7\u00e3o de Emerg\u00eancia, decretada pelo munic\u00edpio por meio do Decreto Municipal n\u00ba 8.220, de 14 de janeiro de 2025, foi reconhecida pelo Governo de Minas Gerais atrav\u00e9s do Decreto NE n\u00ba 45, de 17 de janeiro de 2025, e pelo Governo Federal, por meio da Portaria n\u00ba 153, de 22 de janeiro de 2025. Esse reconhecimento viabiliza a destina\u00e7\u00e3o de recursos para a reconstru\u00e7\u00e3o das \u00e1reas afetadas.<\/p>\n\n\n\n<p class=\"wp-block-paragraph\">Embora o Carnaval seja um evento de grande import\u00e2ncia cultural, tur\u00edstica e econ\u00f4mica para Serro, a Administra\u00e7\u00e3o Municipal ressaltou que, neste momento, a prioridade \u00e9 garantir assist\u00eancia \u00e0 popula\u00e7\u00e3o e restaurar os danos causados pelas chuvas.<\/p>\n\n\n\n<h2 class=\"wp-block-heading\"><strong>Preju\u00edzo de R$ 10,7 milh\u00f5es<\/strong><\/h2>\n\n\n\n<p class=\"wp-block-paragraph\">O munic\u00edpio enfrenta um cen\u00e1rio preocupante ap\u00f3s as fortes chuvas. Segundo Landerson, coordenador da Coordenadoria Municipal de Defesa Civil (COMDEC), os preju\u00edzos j\u00e1 ultrapassam R$ 10,7 milh\u00f5es. Al\u00e9m disso, \u00e1reas que haviam recebido interven\u00e7\u00f5es paliativas voltaram a ser afetadas no \u00faltimo fim de semana, agravando a situa\u00e7\u00e3o.<\/p>\n","protected":false},"excerpt":{"rendered":"<p>A Prefeitura de Serro (MG) anunciou o cancelamento do Carnaval 2025 como medida de solidariedade e prioridade \u00e0 recupera\u00e7\u00e3o do munic\u00edpio, que enfrenta os impactos das intensas chuvas desde o in\u00edcio de janeiro deste ano. A decis\u00e3o, divulgada nessa ter\u00e7a-feira (4\/2), foi tomada diante do cen\u00e1rio de destrui\u00e7\u00e3o e dificuldades vivenciado por diversas fam\u00edlias. De [&hellip;]<\/p>\n","protected":false},"author":4,"featured_media":197169,"comment_status":"open","ping_status":"closed","sticky":false,"template":"","format":"standard","meta":{"amp_status":"","footnotes":""},"categories":[125,120],"tags":[271485,269175,271483,271484,4011,1018,154,271486],"class_list":["post-197168","post","type-post","status-publish","format-standard","has-post-thumbnail","hentry","category-noticias","category-jequi","tag-cancelamento-do-carnaval-em-serro","tag-carnaval-2025","tag-carnaval-2025-e-cancelado-em-serro-devido-aos-impactos-das-chuvas","tag-carnaval-2025-em-serro","tag-carnaval-do-serro","tag-destaque","tag-serro","tag-serro-cancela-carnaval"],"yoast_head":"<!-- This site is optimized with the Yoast SEO plugin v28.3 - https:\/\/yoast.com\/product\/yoast-seo-wordpress\/ -->\n<title>Carnaval 2025 \u00e9 cancelado em Serro devido aos impactos das chuvas - Aconteceu no Vale<\/title>\n<meta name=\"robots\" content=\"index, follow, max-snippet:-1, max-image-preview:large, max-video-preview:-1\" \/>\n<link rel=\"canonical\" href=\"https:\/\/aconteceunovale.com.br\/portal\/?p=197168\" \/>\n<meta property=\"og:locale\" content=\"pt_BR\" \/>\n<meta property=\"og:type\" content=\"article\" \/>\n<meta property=\"og:title\" content=\"Carnaval 2025 \u00e9 cancelado em Serro devido aos impactos das chuvas - Aconteceu no Vale\" \/>\n<meta property=\"og:description\" content=\"A Prefeitura de Serro (MG) anunciou o cancelamento do Carnaval 2025 como medida de solidariedade e prioridade \u00e0 recupera\u00e7\u00e3o do munic\u00edpio, que enfrenta os impactos das intensas chuvas desde o in\u00edcio de janeiro deste ano. A decis\u00e3o, divulgada nessa ter\u00e7a-feira (4\/2), foi tomada diante do cen\u00e1rio de destrui\u00e7\u00e3o e dificuldades vivenciado por diversas fam\u00edlias. De [&hellip;]\" \/>\n<meta property=\"og:url\" content=\"https:\/\/aconteceunovale.com.br\/portal\/?p=197168\" \/>\n<meta property=\"og:site_name\" content=\"Aconteceu no Vale\" \/>\n<meta property=\"article:publisher\" content=\"https:\/\/www.facebook.com\/aconteceunovale\/\" \/>\n<meta property=\"article:published_time\" content=\"2025-02-05T22:25:00+00:00\" \/>\n<meta property=\"article:modified_time\" content=\"2025-02-05T22:25:47+00:00\" \/>\n<meta property=\"og:image\" content=\"https:\/\/aconteceunovale.com.br\/portal\/wp-content\/uploads\/2025\/02\/carnaval_serro.png\" \/>\n\t<meta property=\"og:image:width\" content=\"627\" \/>\n\t<meta property=\"og:image:height\" content=\"450\" \/>\n\t<meta property=\"og:image:type\" content=\"image\/png\" \/>\n<meta name=\"author\" content=\"Reda\u00e7\u00e3o Aconteceu no Vale\" \/>\n<meta name=\"twitter:card\" content=\"summary_large_image\" \/>\n<meta name=\"twitter:creator\" content=\"@noticiadosvales\" \/>\n<meta name=\"twitter:site\" content=\"@noticiadosvales\" \/>\n<meta name=\"twitter:label1\" content=\"Escrito por\" \/>\n\t<meta name=\"twitter:data1\" content=\"Reda\u00e7\u00e3o Aconteceu no Vale\" \/>\n\t<meta name=\"twitter:label2\" content=\"Est. tempo de leitura\" \/>\n\t<meta name=\"twitter:data2\" content=\"2 minutos\" \/>\n<script type=\"application\/ld+json\" class=\"yoast-schema-graph\">{\"@context\":\"https:\\\/\\\/schema.org\",\"@graph\":[{\"@type\":\"Article\",\"@id\":\"https:\\\/\\\/aconteceunovale.com.br\\\/portal\\\/?p=197168#article\",\"isPartOf\":{\"@id\":\"https:\\\/\\\/aconteceunovale.com.br\\\/portal\\\/?p=197168\"},\"author\":{\"name\":\"Reda\u00e7\u00e3o Aconteceu no Vale\",\"@id\":\"https:\\\/\\\/aconteceunovale.com.br\\\/portal\\\/#\\\/schema\\\/person\\\/7d2f26d1483f8a63de73da1ee0754d35\"},\"headline\":\"Carnaval 2025 \u00e9 cancelado em Serro devido aos impactos das chuvas\",\"datePublished\":\"2025-02-05T22:25:00+00:00\",\"dateModified\":\"2025-02-05T22:25:47+00:00\",\"mainEntityOfPage\":{\"@id\":\"https:\\\/\\\/aconteceunovale.com.br\\\/portal\\\/?p=197168\"},\"wordCount\":320,\"commentCount\":0,\"image\":{\"@id\":\"https:\\\/\\\/aconteceunovale.com.br\\\/portal\\\/?p=197168#primaryimage\"},\"thumbnailUrl\":\"https:\\\/\\\/aconteceunovale.com.br\\\/portal\\\/wp-content\\\/uploads\\\/2025\\\/02\\\/carnaval_serro.png\",\"keywords\":[\"Cancelamento do Carnaval em Serro\",\"Carnaval 2025\",\"Carnaval 2025 \u00e9 cancelado em Serro devido aos impactos das chuvas\",\"Carnaval 2025 em Serro\",\"Carnaval do Serro\",\"destaque\",\"Serro\",\"Serro cancela carnaval\"],\"articleSection\":[\"Eventos\",\"Vale do Jequitinhonha\"],\"inLanguage\":\"pt-BR\",\"potentialAction\":[{\"@type\":\"CommentAction\",\"name\":\"Comment\",\"target\":[\"https:\\\/\\\/aconteceunovale.com.br\\\/portal\\\/?p=197168#respond\"]}]},{\"@type\":\"WebPage\",\"@id\":\"https:\\\/\\\/aconteceunovale.com.br\\\/portal\\\/?p=197168\",\"url\":\"https:\\\/\\\/aconteceunovale.com.br\\\/portal\\\/?p=197168\",\"name\":\"Carnaval 2025 \u00e9 cancelado em Serro devido aos impactos das chuvas - Aconteceu no Vale\",\"isPartOf\":{\"@id\":\"https:\\\/\\\/aconteceunovale.com.br\\\/portal\\\/#website\"},\"primaryImageOfPage\":{\"@id\":\"https:\\\/\\\/aconteceunovale.com.br\\\/portal\\\/?p=197168#primaryimage\"},\"image\":{\"@id\":\"https:\\\/\\\/aconteceunovale.com.br\\\/portal\\\/?p=197168#primaryimage\"},\"thumbnailUrl\":\"https:\\\/\\\/aconteceunovale.com.br\\\/portal\\\/wp-content\\\/uploads\\\/2025\\\/02\\\/carnaval_serro.png\",\"datePublished\":\"2025-02-05T22:25:00+00:00\",\"dateModified\":\"2025-02-05T22:25:47+00:00\",\"author\":{\"@id\":\"https:\\\/\\\/aconteceunovale.com.br\\\/portal\\\/#\\\/schema\\\/person\\\/7d2f26d1483f8a63de73da1ee0754d35\"},\"breadcrumb\":{\"@id\":\"https:\\\/\\\/aconteceunovale.com.br\\\/portal\\\/?p=197168#breadcrumb\"},\"inLanguage\":\"pt-BR\",\"potentialAction\":[{\"@type\":\"ReadAction\",\"target\":[\"https:\\\/\\\/aconteceunovale.com.br\\\/portal\\\/?p=197168\"]}]},{\"@type\":\"ImageObject\",\"inLanguage\":\"pt-BR\",\"@id\":\"https:\\\/\\\/aconteceunovale.com.br\\\/portal\\\/?p=197168#primaryimage\",\"url\":\"https:\\\/\\\/aconteceunovale.com.br\\\/portal\\\/wp-content\\\/uploads\\\/2025\\\/02\\\/carnaval_serro.png\",\"contentUrl\":\"https:\\\/\\\/aconteceunovale.com.br\\\/portal\\\/wp-content\\\/uploads\\\/2025\\\/02\\\/carnaval_serro.png\",\"width\":627,\"height\":450},{\"@type\":\"BreadcrumbList\",\"@id\":\"https:\\\/\\\/aconteceunovale.com.br\\\/portal\\\/?p=197168#breadcrumb\",\"itemListElement\":[{\"@type\":\"ListItem\",\"position\":1,\"name\":\"In\u00edcio\",\"item\":\"https:\\\/\\\/aconteceunovale.com.br\\\/portal\\\/\"},{\"@type\":\"ListItem\",\"position\":2,\"name\":\"Carnaval 2025 \u00e9 cancelado em Serro devido aos impactos das chuvas\"}]},{\"@type\":\"WebSite\",\"@id\":\"https:\\\/\\\/aconteceunovale.com.br\\\/portal\\\/#website\",\"url\":\"https:\\\/\\\/aconteceunovale.com.br\\\/portal\\\/\",\"name\":\"Aconteceu no Vale\",\"description\":\"Portal de Not\u00edcias\",\"potentialAction\":[{\"@type\":\"SearchAction\",\"target\":{\"@type\":\"EntryPoint\",\"urlTemplate\":\"https:\\\/\\\/aconteceunovale.com.br\\\/portal\\\/?s={search_term_string}\"},\"query-input\":{\"@type\":\"PropertyValueSpecification\",\"valueRequired\":true,\"valueName\":\"search_term_string\"}}],\"inLanguage\":\"pt-BR\"},{\"@type\":\"Person\",\"@id\":\"https:\\\/\\\/aconteceunovale.com.br\\\/portal\\\/#\\\/schema\\\/person\\\/7d2f26d1483f8a63de73da1ee0754d35\",\"name\":\"Reda\u00e7\u00e3o Aconteceu no Vale\",\"description\":\"Equipe de reportagem do Aconteceu no Vale, portal de not\u00edcias do Vale do Jequitinhonha, em Minas Gerais. Cobrimos as 51 cidades do Vale desde 2013. Sugest\u00f5es de pauta e pedidos de corre\u00e7\u00e3o: contato@aconteceunovale.com.br\",\"url\":\"https:\\\/\\\/aconteceunovale.com.br\\\/portal\\\/?author=4\"}]}<\/script>\n<!-- \/ Yoast SEO plugin. -->","yoast_head_json":{"title":"Carnaval 2025 \u00e9 cancelado em Serro devido aos impactos das chuvas - Aconteceu no Vale","robots":{"index":"index","follow":"follow","max-snippet":"max-snippet:-1","max-image-preview":"max-image-preview:large","max-video-preview":"max-video-preview:-1"},"canonical":"https:\/\/aconteceunovale.com.br\/portal\/?p=197168","og_locale":"pt_BR","og_type":"article","og_title":"Carnaval 2025 \u00e9 cancelado em Serro devido aos impactos das chuvas - Aconteceu no Vale","og_description":"A Prefeitura de Serro (MG) anunciou o cancelamento do Carnaval 2025 como medida de solidariedade e prioridade \u00e0 recupera\u00e7\u00e3o do munic\u00edpio, que enfrenta os impactos das intensas chuvas desde o in\u00edcio de janeiro deste ano. A decis\u00e3o, divulgada nessa ter\u00e7a-feira (4\/2), foi tomada diante do cen\u00e1rio de destrui\u00e7\u00e3o e dificuldades vivenciado por diversas fam\u00edlias. De [&hellip;]","og_url":"https:\/\/aconteceunovale.com.br\/portal\/?p=197168","og_site_name":"Aconteceu no Vale","article_publisher":"https:\/\/www.facebook.com\/aconteceunovale\/","article_published_time":"2025-02-05T22:25:00+00:00","article_modified_time":"2025-02-05T22:25:47+00:00","og_image":[{"width":627,"height":450,"url":"https:\/\/aconteceunovale.com.br\/portal\/wp-content\/uploads\/2025\/02\/carnaval_serro.png","type":"image\/png"}],"author":"Reda\u00e7\u00e3o Aconteceu no Vale","twitter_card":"summary_large_image","twitter_creator":"@noticiadosvales","twitter_site":"@noticiadosvales","twitter_misc":{"Escrito por":"Reda\u00e7\u00e3o Aconteceu no Vale","Est. tempo de leitura":"2 minutos"},"schema":{"@context":"https:\/\/schema.org","@graph":[{"@type":"Article","@id":"https:\/\/aconteceunovale.com.br\/portal\/?p=197168#article","isPartOf":{"@id":"https:\/\/aconteceunovale.com.br\/portal\/?p=197168"},"author":{"name":"Reda\u00e7\u00e3o Aconteceu no Vale","@id":"https:\/\/aconteceunovale.com.br\/portal\/#\/schema\/person\/7d2f26d1483f8a63de73da1ee0754d35"},"headline":"Carnaval 2025 \u00e9 cancelado em Serro devido aos impactos das chuvas","datePublished":"2025-02-05T22:25:00+00:00","dateModified":"2025-02-05T22:25:47+00:00","mainEntityOfPage":{"@id":"https:\/\/aconteceunovale.com.br\/portal\/?p=197168"},"wordCount":320,"commentCount":0,"image":{"@id":"https:\/\/aconteceunovale.com.br\/portal\/?p=197168#primaryimage"},"thumbnailUrl":"https:\/\/aconteceunovale.com.br\/portal\/wp-content\/uploads\/2025\/02\/carnaval_serro.png","keywords":["Cancelamento do Carnaval em Serro","Carnaval 2025","Carnaval 2025 \u00e9 cancelado em Serro devido aos impactos das chuvas","Carnaval 2025 em Serro","Carnaval do Serro","destaque","Serro","Serro cancela carnaval"],"articleSection":["Eventos","Vale do Jequitinhonha"],"inLanguage":"pt-BR","potentialAction":[{"@type":"CommentAction","name":"Comment","target":["https:\/\/aconteceunovale.com.br\/portal\/?p=197168#respond"]}]},{"@type":"WebPage","@id":"https:\/\/aconteceunovale.com.br\/portal\/?p=197168","url":"https:\/\/aconteceunovale.com.br\/portal\/?p=197168","name":"Carnaval 2025 \u00e9 cancelado em Serro devido aos impactos das chuvas - Aconteceu no Vale","isPartOf":{"@id":"https:\/\/aconteceunovale.com.br\/portal\/#website"},"primaryImageOfPage":{"@id":"https:\/\/aconteceunovale.com.br\/portal\/?p=197168#primaryimage"},"image":{"@id":"https:\/\/aconteceunovale.com.br\/portal\/?p=197168#primaryimage"},"thumbnailUrl":"https:\/\/aconteceunovale.com.br\/portal\/wp-content\/uploads\/2025\/02\/carnaval_serro.png","datePublished":"2025-02-05T22:25:00+00:00","dateModified":"2025-02-05T22:25:47+00:00","author":{"@id":"https:\/\/aconteceunovale.com.br\/portal\/#\/schema\/person\/7d2f26d1483f8a63de73da1ee0754d35"},"breadcrumb":{"@id":"https:\/\/aconteceunovale.com.br\/portal\/?p=197168#breadcrumb"},"inLanguage":"pt-BR","potentialAction":[{"@type":"ReadAction","target":["https:\/\/aconteceunovale.com.br\/portal\/?p=197168"]}]},{"@type":"ImageObject","inLanguage":"pt-BR","@id":"https:\/\/aconteceunovale.com.br\/portal\/?p=197168#primaryimage","url":"https:\/\/aconteceunovale.com.br\/portal\/wp-content\/uploads\/2025\/02\/carnaval_serro.png","contentUrl":"https:\/\/aconteceunovale.com.br\/portal\/wp-content\/uploads\/2025\/02\/carnaval_serro.png","width":627,"height":450},{"@type":"BreadcrumbList","@id":"https:\/\/aconteceunovale.com.br\/portal\/?p=197168#breadcrumb","itemListElement":[{"@type":"ListItem","position":1,"name":"In\u00edcio","item":"https:\/\/aconteceunovale.com.br\/portal\/"},{"@type":"ListItem","position":2,"name":"Carnaval 2025 \u00e9 cancelado em Serro devido aos impactos das chuvas"}]},{"@type":"WebSite","@id":"https:\/\/aconteceunovale.com.br\/portal\/#website","url":"https:\/\/aconteceunovale.com.br\/portal\/","name":"Aconteceu no Vale","description":"Portal de Not\u00edcias","potentialAction":[{"@type":"SearchAction","target":{"@type":"EntryPoint","urlTemplate":"https:\/\/aconteceunovale.com.br\/portal\/?s={search_term_string}"},"query-input":{"@type":"PropertyValueSpecification","valueRequired":true,"valueName":"search_term_string"}}],"inLanguage":"pt-BR"},{"@type":"Person","@id":"https:\/\/aconteceunovale.com.br\/portal\/#\/schema\/person\/7d2f26d1483f8a63de73da1ee0754d35","name":"Reda\u00e7\u00e3o Aconteceu no Vale","description":"Equipe de reportagem do Aconteceu no Vale, portal de not\u00edcias do Vale do Jequitinhonha, em Minas Gerais. Cobrimos as 51 cidades do Vale desde 2013. Sugest\u00f5es de pauta e pedidos de corre\u00e7\u00e3o: contato@aconteceunovale.com.br","url":"https:\/\/aconteceunovale.com.br\/portal\/?author=4"}]}},"_links":{"self":[{"href":"https:\/\/aconteceunovale.com.br\/portal\/index.php?rest_route=\/wp\/v2\/posts\/197168","targetHints":{"allow":["GET"]}}],"collection":[{"href":"https:\/\/aconteceunovale.com.br\/portal\/index.php?rest_route=\/wp\/v2\/posts"}],"about":[{"href":"https:\/\/aconteceunovale.com.br\/portal\/index.php?rest_route=\/wp\/v2\/types\/post"}],"author":[{"embeddable":true,"href":"https:\/\/aconteceunovale.com.br\/portal\/index.php?rest_route=\/wp\/v2\/users\/4"}],"replies":[{"embeddable":true,"href":"https:\/\/aconteceunovale.com.br\/portal\/index.php?rest_route=%2Fwp%2Fv2%2Fcomments&post=197168"}],"version-history":[{"count":1,"href":"https:\/\/aconteceunovale.com.br\/portal\/index.php?rest_route=\/wp\/v2\/posts\/197168\/revisions"}],"predecessor-version":[{"id":197170,"href":"https:\/\/aconteceunovale.com.br\/portal\/index.php?rest_route=\/wp\/v2\/posts\/197168\/revisions\/197170"}],"wp:featuredmedia":[{"embeddable":true,"href":"https:\/\/aconteceunovale.com.br\/portal\/index.php?rest_route=\/wp\/v2\/media\/197169"}],"wp:attachment":[{"href":"https:\/\/aconteceunovale.com.br\/portal\/index.php?rest_route=%2Fwp%2Fv2%2Fmedia&parent=197168"}],"wp:term":[{"taxonomy":"category","embeddable":true,"href":"https:\/\/aconteceunovale.com.br\/portal\/index.php?rest_route=%2Fwp%2Fv2%2Fcategories&post=197168"},{"taxonomy":"post_tag","embeddable":true,"href":"https:\/\/aconteceunovale.com.br\/portal\/index.php?rest_route=%2Fwp%2Fv2%2Ftags&post=197168"}],"curies":[{"name":"wp","href":"https:\/\/api.w.org\/{rel}","templated":true}]}}