{"id":197136,"date":"2025-02-05T15:18:04","date_gmt":"2025-02-05T18:18:04","guid":{"rendered":"https:\/\/aconteceunovale.com.br\/portal\/?p=197136"},"modified":"2025-02-05T15:18:28","modified_gmt":"2025-02-05T18:18:28","slug":"homem-e-preso-por-manter-mulher-e-filha-em-carcere-privado-em-curvelo","status":"publish","type":"post","link":"https:\/\/aconteceunovale.com.br\/portal\/?p=197136","title":{"rendered":"Homem \u00e9 preso por manter mulher e filha em c\u00e1rcere privado em Curvelo"},"content":{"rendered":"\n<p class=\"wp-block-paragraph\">A Pol\u00edcia Militar Rodovi\u00e1ria (PMRv) prendeu um homem acusado de manter uma mulher e a filha dela em c\u00e1rcere privado na cidade de Curvelo, na regi\u00e3o Central de Minas, na noite de ter\u00e7a-feira (4\/2\/2025). Durante uma opera\u00e7\u00e3o de fiscaliza\u00e7\u00e3o de tr\u00e2nsito, policiais militares visualizaram um ve\u00edculo transitando no km 634 da MGC-135. Ao perceberem que a passageira apresentava nervosismo, deram ordem de parada ao condutor e, ao se aproximarem do autom\u00f3vel, constataram que no interior do ve\u00edculo estavam o motorista, de 52 anos, uma mulher, de 33, e tr\u00eas crian\u00e7as, de 12, 7 e 6 anos, sendo a mais velha filha da mulher e as outras duas do homem.<\/p>\n\n\n\n<figure class=\"wp-block-gallery has-nested-images columns-default is-cropped wp-block-gallery-1 is-layout-flex wp-block-gallery-is-layout-flex\">\n<figure class=\"wp-block-image size-large\"><img loading=\"lazy\" decoding=\"async\" width=\"678\" height=\"446\" data-id=\"197137\" src=\"https:\/\/aconteceunovale.com.br\/portal\/wp-content\/uploads\/2025\/02\/arma_curvelo_2.png\" alt=\"\" class=\"wp-image-197137\" srcset=\"https:\/\/aconteceunovale.com.br\/portal\/wp-content\/uploads\/2025\/02\/arma_curvelo_2.png 678w, https:\/\/aconteceunovale.com.br\/portal\/wp-content\/uploads\/2025\/02\/arma_curvelo_2-300x197.png 300w, https:\/\/aconteceunovale.com.br\/portal\/wp-content\/uploads\/2025\/02\/arma_curvelo_2-638x420.png 638w\" sizes=\"auto, (max-width: 678px) 100vw, 678px\" \/><figcaption class=\"wp-element-caption\"><em>Foto: Divulga\u00e7\u00e3o \/ PMMG<\/em><\/figcaption><\/figure>\n<\/figure>\n\n\n\n<p class=\"wp-block-paragraph\">A mulher relatou aos militares ser natural de Nova Serrana e trabalhar como diarista. Segundo ela, no dia 31 de janeiro, foi contratada pelo homem para realizar servi\u00e7os dom\u00e9sticos em seu s\u00edtio. Desde ent\u00e3o, ela e a filha teriam sido mantidas em c\u00e1rcere privado, submetidas a condi\u00e7\u00f5es degradantes de trabalho, privadas de alimenta\u00e7\u00e3o e amea\u00e7adas com arma de fogo e uma espada.<\/p>\n\n\n\n<p class=\"wp-block-paragraph\">Durante a abordagem, os policiais localizaram no interior do ve\u00edculo um rev\u00f3lver calibre .38, sem registro, e seis muni\u00e7\u00f5es.<\/p>\n\n\n\n<p class=\"wp-block-paragraph\">O suspeito foi preso em flagrante, os materiais apreendidos e o ve\u00edculo removido para o p\u00e1tio credenciado. As crian\u00e7as, filhos do suspeito, foram encaminhadas ao Conselho Tutelar de Curvelo.<\/p>\n","protected":false},"excerpt":{"rendered":"<p>A Pol\u00edcia Militar Rodovi\u00e1ria (PMRv) prendeu um homem acusado de manter uma mulher e a filha dela em c\u00e1rcere privado na cidade de Curvelo, na regi\u00e3o Central de Minas, na noite de ter\u00e7a-feira (4\/2\/2025). Durante uma opera\u00e7\u00e3o de fiscaliza\u00e7\u00e3o de tr\u00e2nsito, policiais militares visualizaram um ve\u00edculo transitando no km 634 da MGC-135. Ao perceberem que [&hellip;]<\/p>\n","protected":false},"author":4,"featured_media":197137,"comment_status":"open","ping_status":"closed","sticky":false,"template":"","format":"standard","meta":{"amp_status":"","footnotes":""},"categories":[123],"tags":[197,271462,271463,1515,148362,271464],"class_list":["post-197136","post","type-post","status-publish","format-standard","has-post-thumbnail","hentry","category-gerais","tag-curvelo","tag-homem-e-preso-por-manter-mulher-e-filha-em-carcere-privado-em-curvelo","tag-homem-preso-em-curvelo","tag-nova-serrana","tag-preso-em-curvelo","tag-preso-por-carcere-privado-em-curvelo"],"yoast_head":"<!-- This site is optimized with the Yoast SEO plugin v28.3 - https:\/\/yoast.com\/product\/yoast-seo-wordpress\/ -->\n<title>Homem \u00e9 preso por manter mulher e filha em c\u00e1rcere privado em Curvelo - Aconteceu no Vale<\/title>\n<meta name=\"robots\" content=\"index, follow, max-snippet:-1, max-image-preview:large, max-video-preview:-1\" \/>\n<link rel=\"canonical\" href=\"https:\/\/aconteceunovale.com.br\/portal\/?p=197136\" \/>\n<meta property=\"og:locale\" content=\"pt_BR\" \/>\n<meta property=\"og:type\" content=\"article\" \/>\n<meta property=\"og:title\" content=\"Homem \u00e9 preso por manter mulher e filha em c\u00e1rcere privado em Curvelo - Aconteceu no Vale\" \/>\n<meta property=\"og:description\" content=\"A Pol\u00edcia Militar Rodovi\u00e1ria (PMRv) prendeu um homem acusado de manter uma mulher e a filha dela em c\u00e1rcere privado na cidade de Curvelo, na regi\u00e3o Central de Minas, na noite de ter\u00e7a-feira (4\/2\/2025). Durante uma opera\u00e7\u00e3o de fiscaliza\u00e7\u00e3o de tr\u00e2nsito, policiais militares visualizaram um ve\u00edculo transitando no km 634 da MGC-135. Ao perceberem que [&hellip;]\" \/>\n<meta property=\"og:url\" content=\"https:\/\/aconteceunovale.com.br\/portal\/?p=197136\" \/>\n<meta property=\"og:site_name\" content=\"Aconteceu no Vale\" \/>\n<meta property=\"article:publisher\" content=\"https:\/\/www.facebook.com\/aconteceunovale\/\" \/>\n<meta property=\"article:published_time\" content=\"2025-02-05T18:18:04+00:00\" \/>\n<meta property=\"article:modified_time\" content=\"2025-02-05T18:18:28+00:00\" \/>\n<meta property=\"og:image\" content=\"https:\/\/aconteceunovale.com.br\/portal\/wp-content\/uploads\/2025\/02\/arma_curvelo_2.png\" \/>\n\t<meta property=\"og:image:width\" content=\"678\" \/>\n\t<meta property=\"og:image:height\" content=\"446\" \/>\n\t<meta property=\"og:image:type\" content=\"image\/png\" \/>\n<meta name=\"author\" content=\"Reda\u00e7\u00e3o Aconteceu no Vale\" \/>\n<meta name=\"twitter:card\" content=\"summary_large_image\" \/>\n<meta name=\"twitter:creator\" content=\"@noticiadosvales\" \/>\n<meta name=\"twitter:site\" content=\"@noticiadosvales\" \/>\n<meta name=\"twitter:label1\" content=\"Escrito por\" \/>\n\t<meta name=\"twitter:data1\" content=\"Reda\u00e7\u00e3o Aconteceu no Vale\" \/>\n\t<meta name=\"twitter:label2\" content=\"Est. tempo de leitura\" \/>\n\t<meta name=\"twitter:data2\" content=\"1 minuto\" \/>\n<script type=\"application\/ld+json\" class=\"yoast-schema-graph\">{\"@context\":\"https:\\\/\\\/schema.org\",\"@graph\":[{\"@type\":\"Article\",\"@id\":\"https:\\\/\\\/aconteceunovale.com.br\\\/portal\\\/?p=197136#article\",\"isPartOf\":{\"@id\":\"https:\\\/\\\/aconteceunovale.com.br\\\/portal\\\/?p=197136\"},\"author\":{\"name\":\"Reda\u00e7\u00e3o Aconteceu no Vale\",\"@id\":\"https:\\\/\\\/aconteceunovale.com.br\\\/portal\\\/#\\\/schema\\\/person\\\/7d2f26d1483f8a63de73da1ee0754d35\"},\"headline\":\"Homem \u00e9 preso por manter mulher e filha em c\u00e1rcere privado em Curvelo\",\"datePublished\":\"2025-02-05T18:18:04+00:00\",\"dateModified\":\"2025-02-05T18:18:28+00:00\",\"mainEntityOfPage\":{\"@id\":\"https:\\\/\\\/aconteceunovale.com.br\\\/portal\\\/?p=197136\"},\"wordCount\":254,\"commentCount\":0,\"image\":{\"@id\":\"https:\\\/\\\/aconteceunovale.com.br\\\/portal\\\/?p=197136#primaryimage\"},\"thumbnailUrl\":\"https:\\\/\\\/aconteceunovale.com.br\\\/portal\\\/wp-content\\\/uploads\\\/2025\\\/02\\\/arma_curvelo_2.png\",\"keywords\":[\"Curvelo\",\"Homem \u00e9 preso por manter mulher e filha em c\u00e1rcere privado em Curvelo\",\"Homem preso em Curvelo\",\"Nova Serrana\",\"Preso em Curvelo\",\"Preso por c\u00e1rcere privado em Curvelo\"],\"articleSection\":[\"Minas Gerais\"],\"inLanguage\":\"pt-BR\",\"potentialAction\":[{\"@type\":\"CommentAction\",\"name\":\"Comment\",\"target\":[\"https:\\\/\\\/aconteceunovale.com.br\\\/portal\\\/?p=197136#respond\"]}]},{\"@type\":\"WebPage\",\"@id\":\"https:\\\/\\\/aconteceunovale.com.br\\\/portal\\\/?p=197136\",\"url\":\"https:\\\/\\\/aconteceunovale.com.br\\\/portal\\\/?p=197136\",\"name\":\"Homem \u00e9 preso por manter mulher e filha em c\u00e1rcere privado em Curvelo - Aconteceu no Vale\",\"isPartOf\":{\"@id\":\"https:\\\/\\\/aconteceunovale.com.br\\\/portal\\\/#website\"},\"primaryImageOfPage\":{\"@id\":\"https:\\\/\\\/aconteceunovale.com.br\\\/portal\\\/?p=197136#primaryimage\"},\"image\":{\"@id\":\"https:\\\/\\\/aconteceunovale.com.br\\\/portal\\\/?p=197136#primaryimage\"},\"thumbnailUrl\":\"https:\\\/\\\/aconteceunovale.com.br\\\/portal\\\/wp-content\\\/uploads\\\/2025\\\/02\\\/arma_curvelo_2.png\",\"datePublished\":\"2025-02-05T18:18:04+00:00\",\"dateModified\":\"2025-02-05T18:18:28+00:00\",\"author\":{\"@id\":\"https:\\\/\\\/aconteceunovale.com.br\\\/portal\\\/#\\\/schema\\\/person\\\/7d2f26d1483f8a63de73da1ee0754d35\"},\"breadcrumb\":{\"@id\":\"https:\\\/\\\/aconteceunovale.com.br\\\/portal\\\/?p=197136#breadcrumb\"},\"inLanguage\":\"pt-BR\",\"potentialAction\":[{\"@type\":\"ReadAction\",\"target\":[\"https:\\\/\\\/aconteceunovale.com.br\\\/portal\\\/?p=197136\"]}]},{\"@type\":\"ImageObject\",\"inLanguage\":\"pt-BR\",\"@id\":\"https:\\\/\\\/aconteceunovale.com.br\\\/portal\\\/?p=197136#primaryimage\",\"url\":\"https:\\\/\\\/aconteceunovale.com.br\\\/portal\\\/wp-content\\\/uploads\\\/2025\\\/02\\\/arma_curvelo_2.png\",\"contentUrl\":\"https:\\\/\\\/aconteceunovale.com.br\\\/portal\\\/wp-content\\\/uploads\\\/2025\\\/02\\\/arma_curvelo_2.png\",\"width\":678,\"height\":446,\"caption\":\"Foto: Divulga\u00e7\u00e3o \\\/ PMMG\"},{\"@type\":\"BreadcrumbList\",\"@id\":\"https:\\\/\\\/aconteceunovale.com.br\\\/portal\\\/?p=197136#breadcrumb\",\"itemListElement\":[{\"@type\":\"ListItem\",\"position\":1,\"name\":\"In\u00edcio\",\"item\":\"https:\\\/\\\/aconteceunovale.com.br\\\/portal\\\/\"},{\"@type\":\"ListItem\",\"position\":2,\"name\":\"Homem \u00e9 preso por manter mulher e filha em c\u00e1rcere privado em Curvelo\"}]},{\"@type\":\"WebSite\",\"@id\":\"https:\\\/\\\/aconteceunovale.com.br\\\/portal\\\/#website\",\"url\":\"https:\\\/\\\/aconteceunovale.com.br\\\/portal\\\/\",\"name\":\"Aconteceu no Vale\",\"description\":\"Portal de Not\u00edcias\",\"potentialAction\":[{\"@type\":\"SearchAction\",\"target\":{\"@type\":\"EntryPoint\",\"urlTemplate\":\"https:\\\/\\\/aconteceunovale.com.br\\\/portal\\\/?s={search_term_string}\"},\"query-input\":{\"@type\":\"PropertyValueSpecification\",\"valueRequired\":true,\"valueName\":\"search_term_string\"}}],\"inLanguage\":\"pt-BR\"},{\"@type\":\"Person\",\"@id\":\"https:\\\/\\\/aconteceunovale.com.br\\\/portal\\\/#\\\/schema\\\/person\\\/7d2f26d1483f8a63de73da1ee0754d35\",\"name\":\"Reda\u00e7\u00e3o Aconteceu no Vale\",\"description\":\"Equipe de reportagem do Aconteceu no Vale, portal de not\u00edcias do Vale do Jequitinhonha, em Minas Gerais. Cobrimos as 51 cidades do Vale desde 2013. Sugest\u00f5es de pauta e pedidos de corre\u00e7\u00e3o: contato@aconteceunovale.com.br\",\"url\":\"https:\\\/\\\/aconteceunovale.com.br\\\/portal\\\/?author=4\"}]}<\/script>\n<!-- \/ Yoast SEO plugin. -->","yoast_head_json":{"title":"Homem \u00e9 preso por manter mulher e filha em c\u00e1rcere privado em Curvelo - Aconteceu no Vale","robots":{"index":"index","follow":"follow","max-snippet":"max-snippet:-1","max-image-preview":"max-image-preview:large","max-video-preview":"max-video-preview:-1"},"canonical":"https:\/\/aconteceunovale.com.br\/portal\/?p=197136","og_locale":"pt_BR","og_type":"article","og_title":"Homem \u00e9 preso por manter mulher e filha em c\u00e1rcere privado em Curvelo - Aconteceu no Vale","og_description":"A Pol\u00edcia Militar Rodovi\u00e1ria (PMRv) prendeu um homem acusado de manter uma mulher e a filha dela em c\u00e1rcere privado na cidade de Curvelo, na regi\u00e3o Central de Minas, na noite de ter\u00e7a-feira (4\/2\/2025). Durante uma opera\u00e7\u00e3o de fiscaliza\u00e7\u00e3o de tr\u00e2nsito, policiais militares visualizaram um ve\u00edculo transitando no km 634 da MGC-135. Ao perceberem que [&hellip;]","og_url":"https:\/\/aconteceunovale.com.br\/portal\/?p=197136","og_site_name":"Aconteceu no Vale","article_publisher":"https:\/\/www.facebook.com\/aconteceunovale\/","article_published_time":"2025-02-05T18:18:04+00:00","article_modified_time":"2025-02-05T18:18:28+00:00","og_image":[{"width":678,"height":446,"url":"https:\/\/aconteceunovale.com.br\/portal\/wp-content\/uploads\/2025\/02\/arma_curvelo_2.png","type":"image\/png"}],"author":"Reda\u00e7\u00e3o Aconteceu no Vale","twitter_card":"summary_large_image","twitter_creator":"@noticiadosvales","twitter_site":"@noticiadosvales","twitter_misc":{"Escrito por":"Reda\u00e7\u00e3o Aconteceu no Vale","Est. tempo de leitura":"1 minuto"},"schema":{"@context":"https:\/\/schema.org","@graph":[{"@type":"Article","@id":"https:\/\/aconteceunovale.com.br\/portal\/?p=197136#article","isPartOf":{"@id":"https:\/\/aconteceunovale.com.br\/portal\/?p=197136"},"author":{"name":"Reda\u00e7\u00e3o Aconteceu no Vale","@id":"https:\/\/aconteceunovale.com.br\/portal\/#\/schema\/person\/7d2f26d1483f8a63de73da1ee0754d35"},"headline":"Homem \u00e9 preso por manter mulher e filha em c\u00e1rcere privado em Curvelo","datePublished":"2025-02-05T18:18:04+00:00","dateModified":"2025-02-05T18:18:28+00:00","mainEntityOfPage":{"@id":"https:\/\/aconteceunovale.com.br\/portal\/?p=197136"},"wordCount":254,"commentCount":0,"image":{"@id":"https:\/\/aconteceunovale.com.br\/portal\/?p=197136#primaryimage"},"thumbnailUrl":"https:\/\/aconteceunovale.com.br\/portal\/wp-content\/uploads\/2025\/02\/arma_curvelo_2.png","keywords":["Curvelo","Homem \u00e9 preso por manter mulher e filha em c\u00e1rcere privado em Curvelo","Homem preso em Curvelo","Nova Serrana","Preso em Curvelo","Preso por c\u00e1rcere privado em Curvelo"],"articleSection":["Minas Gerais"],"inLanguage":"pt-BR","potentialAction":[{"@type":"CommentAction","name":"Comment","target":["https:\/\/aconteceunovale.com.br\/portal\/?p=197136#respond"]}]},{"@type":"WebPage","@id":"https:\/\/aconteceunovale.com.br\/portal\/?p=197136","url":"https:\/\/aconteceunovale.com.br\/portal\/?p=197136","name":"Homem \u00e9 preso por manter mulher e filha em c\u00e1rcere privado em Curvelo - Aconteceu no Vale","isPartOf":{"@id":"https:\/\/aconteceunovale.com.br\/portal\/#website"},"primaryImageOfPage":{"@id":"https:\/\/aconteceunovale.com.br\/portal\/?p=197136#primaryimage"},"image":{"@id":"https:\/\/aconteceunovale.com.br\/portal\/?p=197136#primaryimage"},"thumbnailUrl":"https:\/\/aconteceunovale.com.br\/portal\/wp-content\/uploads\/2025\/02\/arma_curvelo_2.png","datePublished":"2025-02-05T18:18:04+00:00","dateModified":"2025-02-05T18:18:28+00:00","author":{"@id":"https:\/\/aconteceunovale.com.br\/portal\/#\/schema\/person\/7d2f26d1483f8a63de73da1ee0754d35"},"breadcrumb":{"@id":"https:\/\/aconteceunovale.com.br\/portal\/?p=197136#breadcrumb"},"inLanguage":"pt-BR","potentialAction":[{"@type":"ReadAction","target":["https:\/\/aconteceunovale.com.br\/portal\/?p=197136"]}]},{"@type":"ImageObject","inLanguage":"pt-BR","@id":"https:\/\/aconteceunovale.com.br\/portal\/?p=197136#primaryimage","url":"https:\/\/aconteceunovale.com.br\/portal\/wp-content\/uploads\/2025\/02\/arma_curvelo_2.png","contentUrl":"https:\/\/aconteceunovale.com.br\/portal\/wp-content\/uploads\/2025\/02\/arma_curvelo_2.png","width":678,"height":446,"caption":"Foto: Divulga\u00e7\u00e3o \/ PMMG"},{"@type":"BreadcrumbList","@id":"https:\/\/aconteceunovale.com.br\/portal\/?p=197136#breadcrumb","itemListElement":[{"@type":"ListItem","position":1,"name":"In\u00edcio","item":"https:\/\/aconteceunovale.com.br\/portal\/"},{"@type":"ListItem","position":2,"name":"Homem \u00e9 preso por manter mulher e filha em c\u00e1rcere privado em Curvelo"}]},{"@type":"WebSite","@id":"https:\/\/aconteceunovale.com.br\/portal\/#website","url":"https:\/\/aconteceunovale.com.br\/portal\/","name":"Aconteceu no Vale","description":"Portal de Not\u00edcias","potentialAction":[{"@type":"SearchAction","target":{"@type":"EntryPoint","urlTemplate":"https:\/\/aconteceunovale.com.br\/portal\/?s={search_term_string}"},"query-input":{"@type":"PropertyValueSpecification","valueRequired":true,"valueName":"search_term_string"}}],"inLanguage":"pt-BR"},{"@type":"Person","@id":"https:\/\/aconteceunovale.com.br\/portal\/#\/schema\/person\/7d2f26d1483f8a63de73da1ee0754d35","name":"Reda\u00e7\u00e3o Aconteceu no Vale","description":"Equipe de reportagem do Aconteceu no Vale, portal de not\u00edcias do Vale do Jequitinhonha, em Minas Gerais. Cobrimos as 51 cidades do Vale desde 2013. Sugest\u00f5es de pauta e pedidos de corre\u00e7\u00e3o: contato@aconteceunovale.com.br","url":"https:\/\/aconteceunovale.com.br\/portal\/?author=4"}]}},"_links":{"self":[{"href":"https:\/\/aconteceunovale.com.br\/portal\/index.php?rest_route=\/wp\/v2\/posts\/197136","targetHints":{"allow":["GET"]}}],"collection":[{"href":"https:\/\/aconteceunovale.com.br\/portal\/index.php?rest_route=\/wp\/v2\/posts"}],"about":[{"href":"https:\/\/aconteceunovale.com.br\/portal\/index.php?rest_route=\/wp\/v2\/types\/post"}],"author":[{"embeddable":true,"href":"https:\/\/aconteceunovale.com.br\/portal\/index.php?rest_route=\/wp\/v2\/users\/4"}],"replies":[{"embeddable":true,"href":"https:\/\/aconteceunovale.com.br\/portal\/index.php?rest_route=%2Fwp%2Fv2%2Fcomments&post=197136"}],"version-history":[{"count":1,"href":"https:\/\/aconteceunovale.com.br\/portal\/index.php?rest_route=\/wp\/v2\/posts\/197136\/revisions"}],"predecessor-version":[{"id":197138,"href":"https:\/\/aconteceunovale.com.br\/portal\/index.php?rest_route=\/wp\/v2\/posts\/197136\/revisions\/197138"}],"wp:featuredmedia":[{"embeddable":true,"href":"https:\/\/aconteceunovale.com.br\/portal\/index.php?rest_route=\/wp\/v2\/media\/197137"}],"wp:attachment":[{"href":"https:\/\/aconteceunovale.com.br\/portal\/index.php?rest_route=%2Fwp%2Fv2%2Fmedia&parent=197136"}],"wp:term":[{"taxonomy":"category","embeddable":true,"href":"https:\/\/aconteceunovale.com.br\/portal\/index.php?rest_route=%2Fwp%2Fv2%2Fcategories&post=197136"},{"taxonomy":"post_tag","embeddable":true,"href":"https:\/\/aconteceunovale.com.br\/portal\/index.php?rest_route=%2Fwp%2Fv2%2Ftags&post=197136"}],"curies":[{"name":"wp","href":"https:\/\/api.w.org\/{rel}","templated":true}]}}