{"id":197133,"date":"2025-02-05T15:01:38","date_gmt":"2025-02-05T18:01:38","guid":{"rendered":"https:\/\/aconteceunovale.com.br\/portal\/?p=197133"},"modified":"2025-02-05T15:02:24","modified_gmt":"2025-02-05T18:02:24","slug":"homem-e-preso-por-importunacao-sexual-em-academia-de-montes-claros","status":"publish","type":"post","link":"https:\/\/aconteceunovale.com.br\/portal\/?p=197133","title":{"rendered":"Homem \u00e9 preso por importuna\u00e7\u00e3o sexual em academia de Montes Claros"},"content":{"rendered":"\n<p class=\"wp-block-paragraph\">Um homem de 23 anos, suspeito de importunar sexualmente uma mulher de 37 anos, foi preso em flagrante pela Pol\u00edcia Civil de Minas Gerais (PCMG) em Montes Claros, no Norte do Estado. O crime ocorreu nessa ter\u00e7a-feira (4\/2\/2025), em uma academia da cidade.<\/p>\n\n\n\n<p class=\"wp-block-paragraph\">De acordo com a delegada Karine Maia, a v\u00edtima relatou ter sido alvo do abuso durante uma avalia\u00e7\u00e3o f\u00edsica, procedimento geralmente exigido por esses estabelecimentos antes do in\u00edcio das atividades.<\/p>\n\n\n\n<p class=\"wp-block-paragraph\"><strong>Importuna\u00e7\u00e3o<\/strong><\/p>\n\n\n\n<p class=\"wp-block-paragraph\">Aos policiais, a v\u00edtima contou que, durante medi\u00e7\u00f5es corporais, o suspeito teria informado que precisava along\u00e1-la, momento em que a deitou em um colchonete e baixou as cal\u00e7as dela at\u00e9 os p\u00e9s. A mulher estranhou o procedimento e questionou, mas o suspeito alegou que era algo necess\u00e1rio.<\/p>\n\n\n\n<p class=\"wp-block-paragraph\">Em seguida, o homem teria apalpado a v\u00edtima, que se desvencilhou do suspeito e vestiu a cal\u00e7a. Ela ainda permaneceu na academia por algum tempo, mas, ao sair do local, sentiu-se angustiada com o ocorrido.<\/p>\n\n\n\n<p class=\"wp-block-paragraph\">Diante disso, a mulher procurou a PCMG e denunciou os atos de importuna\u00e7\u00e3o sexual que havia sofrido. Os policiais da Delegacia de Plant\u00e3o em Montes Claros foram at\u00e9 a resid\u00eancia do suspeito e o conduziram \u00e0 unidade policial.<\/p>\n\n\n\n<p class=\"wp-block-paragraph\"><strong>Pris\u00e3o<\/strong><\/p>\n\n\n\n<p class=\"wp-block-paragraph\">A delegada Karine Maia esclareceu que o caso foi avaliado como importuna\u00e7\u00e3o sexual, tendo em vista envolver atos libidinosos sem o consentimento da v\u00edtima. Ainda segundo a policial, j\u00e1 existe outro inqu\u00e9rito que apura fato semelhante atribu\u00eddo ao mesmo suspeito.<\/p>\n\n\n\n<p class=\"wp-block-paragraph\">O homem foi encaminhado ao sistema prisional e permanece \u00e0 disposi\u00e7\u00e3o da Justi\u00e7a.<\/p>\n","protected":false},"excerpt":{"rendered":"<p>Um homem de 23 anos, suspeito de importunar sexualmente uma mulher de 37 anos, foi preso em flagrante pela Pol\u00edcia Civil de Minas Gerais (PCMG) em Montes Claros, no Norte do Estado. O crime ocorreu nessa ter\u00e7a-feira (4\/2\/2025), em uma academia da cidade. De acordo com a delegada Karine Maia, a v\u00edtima relatou ter sido [&hellip;]<\/p>\n","protected":false},"author":4,"featured_media":197134,"comment_status":"open","ping_status":"closed","sticky":false,"template":"","format":"standard","meta":{"amp_status":"","footnotes":""},"categories":[1236],"tags":[271458,210,66614,271461,271460,271459],"class_list":["post-197133","post","type-post","status-publish","format-standard","has-post-thumbnail","hentry","category-norte_de_minas","tag-homem-e-preso-por-importunacao-sexual-em-academia-de-montes-claros","tag-montes-claros","tag-preso-em-montes-claros","tag-preso-por-assedio-contra-mulher-em-montes-claros","tag-preso-por-importunacao-sexual-em-academia-em-montes-claros","tag-preso-por-importunacao-sexual-em-montes-claros"],"yoast_head":"<!-- This site is optimized with the Yoast SEO plugin v28.3 - https:\/\/yoast.com\/product\/yoast-seo-wordpress\/ -->\n<title>Homem \u00e9 preso por importuna\u00e7\u00e3o sexual em academia de Montes Claros - Aconteceu no Vale<\/title>\n<meta name=\"robots\" content=\"index, follow, max-snippet:-1, max-image-preview:large, max-video-preview:-1\" \/>\n<link rel=\"canonical\" href=\"https:\/\/aconteceunovale.com.br\/portal\/?p=197133\" \/>\n<meta property=\"og:locale\" content=\"pt_BR\" \/>\n<meta property=\"og:type\" content=\"article\" \/>\n<meta property=\"og:title\" content=\"Homem \u00e9 preso por importuna\u00e7\u00e3o sexual em academia de Montes Claros - Aconteceu no Vale\" \/>\n<meta property=\"og:description\" content=\"Um homem de 23 anos, suspeito de importunar sexualmente uma mulher de 37 anos, foi preso em flagrante pela Pol\u00edcia Civil de Minas Gerais (PCMG) em Montes Claros, no Norte do Estado. O crime ocorreu nessa ter\u00e7a-feira (4\/2\/2025), em uma academia da cidade. De acordo com a delegada Karine Maia, a v\u00edtima relatou ter sido [&hellip;]\" \/>\n<meta property=\"og:url\" content=\"https:\/\/aconteceunovale.com.br\/portal\/?p=197133\" \/>\n<meta property=\"og:site_name\" content=\"Aconteceu no Vale\" \/>\n<meta property=\"article:publisher\" content=\"https:\/\/www.facebook.com\/aconteceunovale\/\" \/>\n<meta property=\"article:published_time\" content=\"2025-02-05T18:01:38+00:00\" \/>\n<meta property=\"article:modified_time\" content=\"2025-02-05T18:02:24+00:00\" \/>\n<meta property=\"og:image\" content=\"https:\/\/aconteceunovale.com.br\/portal\/wp-content\/uploads\/2025\/02\/montes_claros.png\" \/>\n\t<meta property=\"og:image:width\" content=\"678\" \/>\n\t<meta property=\"og:image:height\" content=\"381\" \/>\n\t<meta property=\"og:image:type\" content=\"image\/png\" \/>\n<meta name=\"author\" content=\"Reda\u00e7\u00e3o Aconteceu no Vale\" \/>\n<meta name=\"twitter:card\" content=\"summary_large_image\" \/>\n<meta name=\"twitter:creator\" content=\"@noticiadosvales\" \/>\n<meta name=\"twitter:site\" content=\"@noticiadosvales\" \/>\n<meta name=\"twitter:label1\" content=\"Escrito por\" \/>\n\t<meta name=\"twitter:data1\" content=\"Reda\u00e7\u00e3o Aconteceu no Vale\" \/>\n\t<meta name=\"twitter:label2\" content=\"Est. tempo de leitura\" \/>\n\t<meta name=\"twitter:data2\" content=\"1 minuto\" \/>\n<script type=\"application\/ld+json\" class=\"yoast-schema-graph\">{\"@context\":\"https:\\\/\\\/schema.org\",\"@graph\":[{\"@type\":\"Article\",\"@id\":\"https:\\\/\\\/aconteceunovale.com.br\\\/portal\\\/?p=197133#article\",\"isPartOf\":{\"@id\":\"https:\\\/\\\/aconteceunovale.com.br\\\/portal\\\/?p=197133\"},\"author\":{\"name\":\"Reda\u00e7\u00e3o Aconteceu no Vale\",\"@id\":\"https:\\\/\\\/aconteceunovale.com.br\\\/portal\\\/#\\\/schema\\\/person\\\/7d2f26d1483f8a63de73da1ee0754d35\"},\"headline\":\"Homem \u00e9 preso por importuna\u00e7\u00e3o sexual em academia de Montes Claros\",\"datePublished\":\"2025-02-05T18:01:38+00:00\",\"dateModified\":\"2025-02-05T18:02:24+00:00\",\"mainEntityOfPage\":{\"@id\":\"https:\\\/\\\/aconteceunovale.com.br\\\/portal\\\/?p=197133\"},\"wordCount\":279,\"commentCount\":0,\"image\":{\"@id\":\"https:\\\/\\\/aconteceunovale.com.br\\\/portal\\\/?p=197133#primaryimage\"},\"thumbnailUrl\":\"https:\\\/\\\/aconteceunovale.com.br\\\/portal\\\/wp-content\\\/uploads\\\/2025\\\/02\\\/montes_claros.png\",\"keywords\":[\"Homem \u00e9 preso por importuna\u00e7\u00e3o sexual em academia de Montes Claros\",\"Montes Claros\",\"preso em Montes Claros\",\"Preso por ass\u00e9dio contra mulher em Montes Claros\",\"Preso por importuna\u00e7\u00e3o sexual em academia em Montes Claros\",\"Preso por importuna\u00e7\u00e3o sexual em Montes Claros\"],\"articleSection\":[\"Norte de Minas\"],\"inLanguage\":\"pt-BR\",\"potentialAction\":[{\"@type\":\"CommentAction\",\"name\":\"Comment\",\"target\":[\"https:\\\/\\\/aconteceunovale.com.br\\\/portal\\\/?p=197133#respond\"]}]},{\"@type\":\"WebPage\",\"@id\":\"https:\\\/\\\/aconteceunovale.com.br\\\/portal\\\/?p=197133\",\"url\":\"https:\\\/\\\/aconteceunovale.com.br\\\/portal\\\/?p=197133\",\"name\":\"Homem \u00e9 preso por importuna\u00e7\u00e3o sexual em academia de Montes Claros - Aconteceu no Vale\",\"isPartOf\":{\"@id\":\"https:\\\/\\\/aconteceunovale.com.br\\\/portal\\\/#website\"},\"primaryImageOfPage\":{\"@id\":\"https:\\\/\\\/aconteceunovale.com.br\\\/portal\\\/?p=197133#primaryimage\"},\"image\":{\"@id\":\"https:\\\/\\\/aconteceunovale.com.br\\\/portal\\\/?p=197133#primaryimage\"},\"thumbnailUrl\":\"https:\\\/\\\/aconteceunovale.com.br\\\/portal\\\/wp-content\\\/uploads\\\/2025\\\/02\\\/montes_claros.png\",\"datePublished\":\"2025-02-05T18:01:38+00:00\",\"dateModified\":\"2025-02-05T18:02:24+00:00\",\"author\":{\"@id\":\"https:\\\/\\\/aconteceunovale.com.br\\\/portal\\\/#\\\/schema\\\/person\\\/7d2f26d1483f8a63de73da1ee0754d35\"},\"breadcrumb\":{\"@id\":\"https:\\\/\\\/aconteceunovale.com.br\\\/portal\\\/?p=197133#breadcrumb\"},\"inLanguage\":\"pt-BR\",\"potentialAction\":[{\"@type\":\"ReadAction\",\"target\":[\"https:\\\/\\\/aconteceunovale.com.br\\\/portal\\\/?p=197133\"]}]},{\"@type\":\"ImageObject\",\"inLanguage\":\"pt-BR\",\"@id\":\"https:\\\/\\\/aconteceunovale.com.br\\\/portal\\\/?p=197133#primaryimage\",\"url\":\"https:\\\/\\\/aconteceunovale.com.br\\\/portal\\\/wp-content\\\/uploads\\\/2025\\\/02\\\/montes_claros.png\",\"contentUrl\":\"https:\\\/\\\/aconteceunovale.com.br\\\/portal\\\/wp-content\\\/uploads\\\/2025\\\/02\\\/montes_claros.png\",\"width\":678,\"height\":381},{\"@type\":\"BreadcrumbList\",\"@id\":\"https:\\\/\\\/aconteceunovale.com.br\\\/portal\\\/?p=197133#breadcrumb\",\"itemListElement\":[{\"@type\":\"ListItem\",\"position\":1,\"name\":\"In\u00edcio\",\"item\":\"https:\\\/\\\/aconteceunovale.com.br\\\/portal\\\/\"},{\"@type\":\"ListItem\",\"position\":2,\"name\":\"Homem \u00e9 preso por importuna\u00e7\u00e3o sexual em academia de Montes Claros\"}]},{\"@type\":\"WebSite\",\"@id\":\"https:\\\/\\\/aconteceunovale.com.br\\\/portal\\\/#website\",\"url\":\"https:\\\/\\\/aconteceunovale.com.br\\\/portal\\\/\",\"name\":\"Aconteceu no Vale\",\"description\":\"Portal de Not\u00edcias\",\"potentialAction\":[{\"@type\":\"SearchAction\",\"target\":{\"@type\":\"EntryPoint\",\"urlTemplate\":\"https:\\\/\\\/aconteceunovale.com.br\\\/portal\\\/?s={search_term_string}\"},\"query-input\":{\"@type\":\"PropertyValueSpecification\",\"valueRequired\":true,\"valueName\":\"search_term_string\"}}],\"inLanguage\":\"pt-BR\"},{\"@type\":\"Person\",\"@id\":\"https:\\\/\\\/aconteceunovale.com.br\\\/portal\\\/#\\\/schema\\\/person\\\/7d2f26d1483f8a63de73da1ee0754d35\",\"name\":\"Reda\u00e7\u00e3o Aconteceu no Vale\",\"description\":\"Equipe de reportagem do Aconteceu no Vale, portal de not\u00edcias do Vale do Jequitinhonha, em Minas Gerais. Cobrimos as 51 cidades do Vale desde 2013. Sugest\u00f5es de pauta e pedidos de corre\u00e7\u00e3o: contato@aconteceunovale.com.br\",\"url\":\"https:\\\/\\\/aconteceunovale.com.br\\\/portal\\\/?author=4\"}]}<\/script>\n<!-- \/ Yoast SEO plugin. -->","yoast_head_json":{"title":"Homem \u00e9 preso por importuna\u00e7\u00e3o sexual em academia de Montes Claros - Aconteceu no Vale","robots":{"index":"index","follow":"follow","max-snippet":"max-snippet:-1","max-image-preview":"max-image-preview:large","max-video-preview":"max-video-preview:-1"},"canonical":"https:\/\/aconteceunovale.com.br\/portal\/?p=197133","og_locale":"pt_BR","og_type":"article","og_title":"Homem \u00e9 preso por importuna\u00e7\u00e3o sexual em academia de Montes Claros - Aconteceu no Vale","og_description":"Um homem de 23 anos, suspeito de importunar sexualmente uma mulher de 37 anos, foi preso em flagrante pela Pol\u00edcia Civil de Minas Gerais (PCMG) em Montes Claros, no Norte do Estado. O crime ocorreu nessa ter\u00e7a-feira (4\/2\/2025), em uma academia da cidade. De acordo com a delegada Karine Maia, a v\u00edtima relatou ter sido [&hellip;]","og_url":"https:\/\/aconteceunovale.com.br\/portal\/?p=197133","og_site_name":"Aconteceu no Vale","article_publisher":"https:\/\/www.facebook.com\/aconteceunovale\/","article_published_time":"2025-02-05T18:01:38+00:00","article_modified_time":"2025-02-05T18:02:24+00:00","og_image":[{"width":678,"height":381,"url":"https:\/\/aconteceunovale.com.br\/portal\/wp-content\/uploads\/2025\/02\/montes_claros.png","type":"image\/png"}],"author":"Reda\u00e7\u00e3o Aconteceu no Vale","twitter_card":"summary_large_image","twitter_creator":"@noticiadosvales","twitter_site":"@noticiadosvales","twitter_misc":{"Escrito por":"Reda\u00e7\u00e3o Aconteceu no Vale","Est. tempo de leitura":"1 minuto"},"schema":{"@context":"https:\/\/schema.org","@graph":[{"@type":"Article","@id":"https:\/\/aconteceunovale.com.br\/portal\/?p=197133#article","isPartOf":{"@id":"https:\/\/aconteceunovale.com.br\/portal\/?p=197133"},"author":{"name":"Reda\u00e7\u00e3o Aconteceu no Vale","@id":"https:\/\/aconteceunovale.com.br\/portal\/#\/schema\/person\/7d2f26d1483f8a63de73da1ee0754d35"},"headline":"Homem \u00e9 preso por importuna\u00e7\u00e3o sexual em academia de Montes Claros","datePublished":"2025-02-05T18:01:38+00:00","dateModified":"2025-02-05T18:02:24+00:00","mainEntityOfPage":{"@id":"https:\/\/aconteceunovale.com.br\/portal\/?p=197133"},"wordCount":279,"commentCount":0,"image":{"@id":"https:\/\/aconteceunovale.com.br\/portal\/?p=197133#primaryimage"},"thumbnailUrl":"https:\/\/aconteceunovale.com.br\/portal\/wp-content\/uploads\/2025\/02\/montes_claros.png","keywords":["Homem \u00e9 preso por importuna\u00e7\u00e3o sexual em academia de Montes Claros","Montes Claros","preso em Montes Claros","Preso por ass\u00e9dio contra mulher em Montes Claros","Preso por importuna\u00e7\u00e3o sexual em academia em Montes Claros","Preso por importuna\u00e7\u00e3o sexual em Montes Claros"],"articleSection":["Norte de Minas"],"inLanguage":"pt-BR","potentialAction":[{"@type":"CommentAction","name":"Comment","target":["https:\/\/aconteceunovale.com.br\/portal\/?p=197133#respond"]}]},{"@type":"WebPage","@id":"https:\/\/aconteceunovale.com.br\/portal\/?p=197133","url":"https:\/\/aconteceunovale.com.br\/portal\/?p=197133","name":"Homem \u00e9 preso por importuna\u00e7\u00e3o sexual em academia de Montes Claros - Aconteceu no Vale","isPartOf":{"@id":"https:\/\/aconteceunovale.com.br\/portal\/#website"},"primaryImageOfPage":{"@id":"https:\/\/aconteceunovale.com.br\/portal\/?p=197133#primaryimage"},"image":{"@id":"https:\/\/aconteceunovale.com.br\/portal\/?p=197133#primaryimage"},"thumbnailUrl":"https:\/\/aconteceunovale.com.br\/portal\/wp-content\/uploads\/2025\/02\/montes_claros.png","datePublished":"2025-02-05T18:01:38+00:00","dateModified":"2025-02-05T18:02:24+00:00","author":{"@id":"https:\/\/aconteceunovale.com.br\/portal\/#\/schema\/person\/7d2f26d1483f8a63de73da1ee0754d35"},"breadcrumb":{"@id":"https:\/\/aconteceunovale.com.br\/portal\/?p=197133#breadcrumb"},"inLanguage":"pt-BR","potentialAction":[{"@type":"ReadAction","target":["https:\/\/aconteceunovale.com.br\/portal\/?p=197133"]}]},{"@type":"ImageObject","inLanguage":"pt-BR","@id":"https:\/\/aconteceunovale.com.br\/portal\/?p=197133#primaryimage","url":"https:\/\/aconteceunovale.com.br\/portal\/wp-content\/uploads\/2025\/02\/montes_claros.png","contentUrl":"https:\/\/aconteceunovale.com.br\/portal\/wp-content\/uploads\/2025\/02\/montes_claros.png","width":678,"height":381},{"@type":"BreadcrumbList","@id":"https:\/\/aconteceunovale.com.br\/portal\/?p=197133#breadcrumb","itemListElement":[{"@type":"ListItem","position":1,"name":"In\u00edcio","item":"https:\/\/aconteceunovale.com.br\/portal\/"},{"@type":"ListItem","position":2,"name":"Homem \u00e9 preso por importuna\u00e7\u00e3o sexual em academia de Montes Claros"}]},{"@type":"WebSite","@id":"https:\/\/aconteceunovale.com.br\/portal\/#website","url":"https:\/\/aconteceunovale.com.br\/portal\/","name":"Aconteceu no Vale","description":"Portal de Not\u00edcias","potentialAction":[{"@type":"SearchAction","target":{"@type":"EntryPoint","urlTemplate":"https:\/\/aconteceunovale.com.br\/portal\/?s={search_term_string}"},"query-input":{"@type":"PropertyValueSpecification","valueRequired":true,"valueName":"search_term_string"}}],"inLanguage":"pt-BR"},{"@type":"Person","@id":"https:\/\/aconteceunovale.com.br\/portal\/#\/schema\/person\/7d2f26d1483f8a63de73da1ee0754d35","name":"Reda\u00e7\u00e3o Aconteceu no Vale","description":"Equipe de reportagem do Aconteceu no Vale, portal de not\u00edcias do Vale do Jequitinhonha, em Minas Gerais. Cobrimos as 51 cidades do Vale desde 2013. Sugest\u00f5es de pauta e pedidos de corre\u00e7\u00e3o: contato@aconteceunovale.com.br","url":"https:\/\/aconteceunovale.com.br\/portal\/?author=4"}]}},"_links":{"self":[{"href":"https:\/\/aconteceunovale.com.br\/portal\/index.php?rest_route=\/wp\/v2\/posts\/197133","targetHints":{"allow":["GET"]}}],"collection":[{"href":"https:\/\/aconteceunovale.com.br\/portal\/index.php?rest_route=\/wp\/v2\/posts"}],"about":[{"href":"https:\/\/aconteceunovale.com.br\/portal\/index.php?rest_route=\/wp\/v2\/types\/post"}],"author":[{"embeddable":true,"href":"https:\/\/aconteceunovale.com.br\/portal\/index.php?rest_route=\/wp\/v2\/users\/4"}],"replies":[{"embeddable":true,"href":"https:\/\/aconteceunovale.com.br\/portal\/index.php?rest_route=%2Fwp%2Fv2%2Fcomments&post=197133"}],"version-history":[{"count":1,"href":"https:\/\/aconteceunovale.com.br\/portal\/index.php?rest_route=\/wp\/v2\/posts\/197133\/revisions"}],"predecessor-version":[{"id":197135,"href":"https:\/\/aconteceunovale.com.br\/portal\/index.php?rest_route=\/wp\/v2\/posts\/197133\/revisions\/197135"}],"wp:featuredmedia":[{"embeddable":true,"href":"https:\/\/aconteceunovale.com.br\/portal\/index.php?rest_route=\/wp\/v2\/media\/197134"}],"wp:attachment":[{"href":"https:\/\/aconteceunovale.com.br\/portal\/index.php?rest_route=%2Fwp%2Fv2%2Fmedia&parent=197133"}],"wp:term":[{"taxonomy":"category","embeddable":true,"href":"https:\/\/aconteceunovale.com.br\/portal\/index.php?rest_route=%2Fwp%2Fv2%2Fcategories&post=197133"},{"taxonomy":"post_tag","embeddable":true,"href":"https:\/\/aconteceunovale.com.br\/portal\/index.php?rest_route=%2Fwp%2Fv2%2Ftags&post=197133"}],"curies":[{"name":"wp","href":"https:\/\/api.w.org\/{rel}","templated":true}]}}