{"id":197128,"date":"2025-02-05T14:11:29","date_gmt":"2025-02-05T17:11:29","guid":{"rendered":"https:\/\/aconteceunovale.com.br\/portal\/?p=197128"},"modified":"2025-02-05T14:12:01","modified_gmt":"2025-02-05T17:12:01","slug":"caminhao-capota-na-br-259-e-motorista-morre-preso-as-ferragens","status":"publish","type":"post","link":"https:\/\/aconteceunovale.com.br\/portal\/?p=197128","title":{"rendered":"Caminh\u00e3o capota na BR-259 e motorista morre preso \u00e0s ferragens"},"content":{"rendered":"\n<p class=\"wp-block-paragraph\">Um caminh\u00e3o capotou na BR-259, a cerca de 3 km da Vila Alexandre Mascarenhas, no munic\u00edpio de Gouveia, na \u00faltima segunda-feira (3\/2\/2025). O acidente mobilizou a Sexta Companhia Independente de Bombeiros Militar, que foi acionada para o resgate.<\/p>\n\n\n\n<figure class=\"wp-block-gallery has-nested-images columns-default is-cropped wp-block-gallery-1 is-layout-flex wp-block-gallery-is-layout-flex\">\n<figure class=\"wp-block-image size-large\"><img loading=\"lazy\" decoding=\"async\" width=\"678\" height=\"446\" data-id=\"197129\" src=\"https:\/\/aconteceunovale.com.br\/portal\/wp-content\/uploads\/2025\/02\/acidente_259_4.png\" alt=\"\" class=\"wp-image-197129\" srcset=\"https:\/\/aconteceunovale.com.br\/portal\/wp-content\/uploads\/2025\/02\/acidente_259_4.png 678w, https:\/\/aconteceunovale.com.br\/portal\/wp-content\/uploads\/2025\/02\/acidente_259_4-300x197.png 300w, https:\/\/aconteceunovale.com.br\/portal\/wp-content\/uploads\/2025\/02\/acidente_259_4-638x420.png 638w\" sizes=\"auto, (max-width: 678px) 100vw, 678px\" \/><figcaption class=\"wp-element-caption\"><em>Foto: Divulga\u00e7\u00e3o \/ CBMMG<\/em><\/figcaption><\/figure>\n<\/figure>\n\n\n\n<p class=\"wp-block-paragraph\">Ao chegarem ao local, os bombeiros identificaram um forte odor de subst\u00e2ncia org\u00e2nica em decomposi\u00e7\u00e3o. Durante a avalia\u00e7\u00e3o da cena, constatou-se que o ve\u00edculo transportava restos de alimentos humanos, que se espalharam pela \u00e1rea da ocorr\u00eancia, agravando as condi\u00e7\u00f5es ambientais.<\/p>\n\n\n\n<p class=\"wp-block-paragraph\">O caminh\u00e3o estava capotado sobre o lado do motorista, que sofreu os maiores danos estruturais. O acesso \u00e0 cabine foi dificultado por galhos e troncos de \u00e1rvores retorcidos, exigindo o uso de equipamentos especiais para sua remo\u00e7\u00e3o. Com os Equipamentos de Prote\u00e7\u00e3o Individual (EPIs) adequados e ferramentas de desencarceramento, os bombeiros conseguiram abrir a porta do lado do passageiro, j\u00e1 que o lado do motorista estava severamente danificado.<\/p>\n\n\n\n<p class=\"wp-block-paragraph\">Dentro da cabine, a v\u00edtima foi encontrada presa entre os destro\u00e7os, bancos e painel do ve\u00edculo. Infelizmente, ela j\u00e1 estava sem vida, apresentando sinais evidentes de \u00f3bito. O corpo foi removido com cautela pela equipe de resgate.<\/p>\n\n\n\n<p class=\"wp-block-paragraph\">Ap\u00f3s a conclus\u00e3o dos trabalhos, o local foi deixado sob responsabilidade da Pol\u00edcia Militar de Minas Gerais (PMMG), que seguiu com os procedimentos legais e administrativos.<\/p>\n\n\n\n<p class=\"wp-block-paragraph\">As autoridades refor\u00e7am a import\u00e2ncia de aten\u00e7\u00e3o redobrada nas rodovias, especialmente em trechos de curvas perigosas e condi\u00e7\u00f5es adversas, a fim de evitar acidentes. Em situa\u00e7\u00f5es de emerg\u00eancia, o Corpo de Bombeiros pode ser acionado pelo telefone 193.<\/p>\n\n\n\n<figure class=\"wp-block-gallery has-nested-images columns-default is-cropped wp-block-gallery-2 is-layout-flex wp-block-gallery-is-layout-flex\">\n<figure class=\"wp-block-image size-large\"><img loading=\"lazy\" decoding=\"async\" width=\"450\" height=\"450\" data-id=\"197131\" src=\"https:\/\/aconteceunovale.com.br\/portal\/wp-content\/uploads\/2025\/02\/acidente_259_1.jpg\" alt=\"\" class=\"wp-image-197131\" srcset=\"https:\/\/aconteceunovale.com.br\/portal\/wp-content\/uploads\/2025\/02\/acidente_259_1.jpg 450w, https:\/\/aconteceunovale.com.br\/portal\/wp-content\/uploads\/2025\/02\/acidente_259_1-300x300.jpg 300w, https:\/\/aconteceunovale.com.br\/portal\/wp-content\/uploads\/2025\/02\/acidente_259_1-150x150.jpg 150w, https:\/\/aconteceunovale.com.br\/portal\/wp-content\/uploads\/2025\/02\/acidente_259_1-420x420.jpg 420w\" sizes=\"auto, (max-width: 450px) 100vw, 450px\" \/><figcaption class=\"wp-element-caption\"><em>Foto: Divulga\u00e7\u00e3o \/ CBMMG<\/em><\/figcaption><\/figure>\n\n\n\n<figure class=\"wp-block-image size-large\"><img loading=\"lazy\" decoding=\"async\" width=\"450\" height=\"450\" data-id=\"197130\" src=\"https:\/\/aconteceunovale.com.br\/portal\/wp-content\/uploads\/2025\/02\/acidente_259_3.jpg\" alt=\"\" class=\"wp-image-197130\" srcset=\"https:\/\/aconteceunovale.com.br\/portal\/wp-content\/uploads\/2025\/02\/acidente_259_3.jpg 450w, https:\/\/aconteceunovale.com.br\/portal\/wp-content\/uploads\/2025\/02\/acidente_259_3-300x300.jpg 300w, https:\/\/aconteceunovale.com.br\/portal\/wp-content\/uploads\/2025\/02\/acidente_259_3-150x150.jpg 150w, https:\/\/aconteceunovale.com.br\/portal\/wp-content\/uploads\/2025\/02\/acidente_259_3-420x420.jpg 420w\" sizes=\"auto, (max-width: 450px) 100vw, 450px\" \/><figcaption class=\"wp-element-caption\"><em>Foto: Divulga\u00e7\u00e3o \/ CBMMG<\/em><\/figcaption><\/figure>\n<\/figure>\n","protected":false},"excerpt":{"rendered":"<p>Um caminh\u00e3o capotou na BR-259, a cerca de 3 km da Vila Alexandre Mascarenhas, no munic\u00edpio de Gouveia, na \u00faltima segunda-feira (3\/2\/2025). O acidente mobilizou a Sexta Companhia Independente de Bombeiros Militar, que foi acionada para o resgate. Ao chegarem ao local, os bombeiros identificaram um forte odor de subst\u00e2ncia org\u00e2nica em decomposi\u00e7\u00e3o. Durante a [&hellip;]<\/p>\n","protected":false},"author":4,"featured_media":197129,"comment_status":"open","ping_status":"closed","sticky":false,"template":"","format":"standard","meta":{"amp_status":"","footnotes":""},"categories":[120],"tags":[237025,217292,271457,71975,271456,198,2998,270654],"class_list":["post-197128","post","type-post","status-publish","format-standard","has-post-thumbnail","hentry","category-jequi","tag-acidente-com-caminhao-na-br-259","tag-acidente-em-gouveia","tag-acidente-perto-da-vila-alexandre-mascarenhas","tag-br-259","tag-caminhao-capota-na-br-259-e-motorista-morre-preso-as-ferragens","tag-diamantina","tag-gouveia","tag-vila-alexandre-mascarenhas"],"yoast_head":"<!-- This site is optimized with the Yoast SEO plugin v28.3 - https:\/\/yoast.com\/product\/yoast-seo-wordpress\/ -->\n<title>Caminh\u00e3o capota na BR-259 e motorista morre preso \u00e0s ferragens - Aconteceu no Vale<\/title>\n<meta name=\"robots\" content=\"index, follow, max-snippet:-1, max-image-preview:large, max-video-preview:-1\" \/>\n<link rel=\"canonical\" href=\"https:\/\/aconteceunovale.com.br\/portal\/?p=197128\" \/>\n<meta property=\"og:locale\" content=\"pt_BR\" \/>\n<meta property=\"og:type\" content=\"article\" \/>\n<meta property=\"og:title\" content=\"Caminh\u00e3o capota na BR-259 e motorista morre preso \u00e0s ferragens - Aconteceu no Vale\" \/>\n<meta property=\"og:description\" content=\"Um caminh\u00e3o capotou na BR-259, a cerca de 3 km da Vila Alexandre Mascarenhas, no munic\u00edpio de Gouveia, na \u00faltima segunda-feira (3\/2\/2025). O acidente mobilizou a Sexta Companhia Independente de Bombeiros Militar, que foi acionada para o resgate. Ao chegarem ao local, os bombeiros identificaram um forte odor de subst\u00e2ncia org\u00e2nica em decomposi\u00e7\u00e3o. Durante a [&hellip;]\" \/>\n<meta property=\"og:url\" content=\"https:\/\/aconteceunovale.com.br\/portal\/?p=197128\" \/>\n<meta property=\"og:site_name\" content=\"Aconteceu no Vale\" \/>\n<meta property=\"article:publisher\" content=\"https:\/\/www.facebook.com\/aconteceunovale\/\" \/>\n<meta property=\"article:published_time\" content=\"2025-02-05T17:11:29+00:00\" \/>\n<meta property=\"article:modified_time\" content=\"2025-02-05T17:12:01+00:00\" \/>\n<meta property=\"og:image\" content=\"https:\/\/aconteceunovale.com.br\/portal\/wp-content\/uploads\/2025\/02\/acidente_259_4.png\" \/>\n\t<meta property=\"og:image:width\" content=\"678\" \/>\n\t<meta property=\"og:image:height\" content=\"446\" \/>\n\t<meta property=\"og:image:type\" content=\"image\/png\" \/>\n<meta name=\"author\" content=\"Reda\u00e7\u00e3o Aconteceu no Vale\" \/>\n<meta name=\"twitter:card\" content=\"summary_large_image\" \/>\n<meta name=\"twitter:creator\" content=\"@noticiadosvales\" \/>\n<meta name=\"twitter:site\" content=\"@noticiadosvales\" \/>\n<meta name=\"twitter:label1\" content=\"Escrito por\" \/>\n\t<meta name=\"twitter:data1\" content=\"Reda\u00e7\u00e3o Aconteceu no Vale\" \/>\n\t<meta name=\"twitter:label2\" content=\"Est. tempo de leitura\" \/>\n\t<meta name=\"twitter:data2\" content=\"1 minuto\" \/>\n<script type=\"application\/ld+json\" class=\"yoast-schema-graph\">{\"@context\":\"https:\\\/\\\/schema.org\",\"@graph\":[{\"@type\":\"Article\",\"@id\":\"https:\\\/\\\/aconteceunovale.com.br\\\/portal\\\/?p=197128#article\",\"isPartOf\":{\"@id\":\"https:\\\/\\\/aconteceunovale.com.br\\\/portal\\\/?p=197128\"},\"author\":{\"name\":\"Reda\u00e7\u00e3o Aconteceu no Vale\",\"@id\":\"https:\\\/\\\/aconteceunovale.com.br\\\/portal\\\/#\\\/schema\\\/person\\\/7d2f26d1483f8a63de73da1ee0754d35\"},\"headline\":\"Caminh\u00e3o capota na BR-259 e motorista morre preso \u00e0s ferragens\",\"datePublished\":\"2025-02-05T17:11:29+00:00\",\"dateModified\":\"2025-02-05T17:12:01+00:00\",\"mainEntityOfPage\":{\"@id\":\"https:\\\/\\\/aconteceunovale.com.br\\\/portal\\\/?p=197128\"},\"wordCount\":290,\"commentCount\":0,\"image\":{\"@id\":\"https:\\\/\\\/aconteceunovale.com.br\\\/portal\\\/?p=197128#primaryimage\"},\"thumbnailUrl\":\"https:\\\/\\\/aconteceunovale.com.br\\\/portal\\\/wp-content\\\/uploads\\\/2025\\\/02\\\/acidente_259_4.png\",\"keywords\":[\"Acidente com caminh\u00e3o na BR-259\",\"Acidente em Gouveia\",\"Acidente perto da Vila Alexandre Mascarenhas\",\"BR-259\",\"Caminh\u00e3o capota na BR-259 e motorista morre preso \u00e0s ferragens\",\"Diamantina\",\"Gouveia\",\"Vila Alexandre Mascarenhas\"],\"articleSection\":[\"Vale do Jequitinhonha\"],\"inLanguage\":\"pt-BR\",\"potentialAction\":[{\"@type\":\"CommentAction\",\"name\":\"Comment\",\"target\":[\"https:\\\/\\\/aconteceunovale.com.br\\\/portal\\\/?p=197128#respond\"]}]},{\"@type\":\"WebPage\",\"@id\":\"https:\\\/\\\/aconteceunovale.com.br\\\/portal\\\/?p=197128\",\"url\":\"https:\\\/\\\/aconteceunovale.com.br\\\/portal\\\/?p=197128\",\"name\":\"Caminh\u00e3o capota na BR-259 e motorista morre preso \u00e0s ferragens - Aconteceu no Vale\",\"isPartOf\":{\"@id\":\"https:\\\/\\\/aconteceunovale.com.br\\\/portal\\\/#website\"},\"primaryImageOfPage\":{\"@id\":\"https:\\\/\\\/aconteceunovale.com.br\\\/portal\\\/?p=197128#primaryimage\"},\"image\":{\"@id\":\"https:\\\/\\\/aconteceunovale.com.br\\\/portal\\\/?p=197128#primaryimage\"},\"thumbnailUrl\":\"https:\\\/\\\/aconteceunovale.com.br\\\/portal\\\/wp-content\\\/uploads\\\/2025\\\/02\\\/acidente_259_4.png\",\"datePublished\":\"2025-02-05T17:11:29+00:00\",\"dateModified\":\"2025-02-05T17:12:01+00:00\",\"author\":{\"@id\":\"https:\\\/\\\/aconteceunovale.com.br\\\/portal\\\/#\\\/schema\\\/person\\\/7d2f26d1483f8a63de73da1ee0754d35\"},\"breadcrumb\":{\"@id\":\"https:\\\/\\\/aconteceunovale.com.br\\\/portal\\\/?p=197128#breadcrumb\"},\"inLanguage\":\"pt-BR\",\"potentialAction\":[{\"@type\":\"ReadAction\",\"target\":[\"https:\\\/\\\/aconteceunovale.com.br\\\/portal\\\/?p=197128\"]}]},{\"@type\":\"ImageObject\",\"inLanguage\":\"pt-BR\",\"@id\":\"https:\\\/\\\/aconteceunovale.com.br\\\/portal\\\/?p=197128#primaryimage\",\"url\":\"https:\\\/\\\/aconteceunovale.com.br\\\/portal\\\/wp-content\\\/uploads\\\/2025\\\/02\\\/acidente_259_4.png\",\"contentUrl\":\"https:\\\/\\\/aconteceunovale.com.br\\\/portal\\\/wp-content\\\/uploads\\\/2025\\\/02\\\/acidente_259_4.png\",\"width\":678,\"height\":446,\"caption\":\"Foto: Divulga\u00e7\u00e3o \\\/ CBMMG\"},{\"@type\":\"BreadcrumbList\",\"@id\":\"https:\\\/\\\/aconteceunovale.com.br\\\/portal\\\/?p=197128#breadcrumb\",\"itemListElement\":[{\"@type\":\"ListItem\",\"position\":1,\"name\":\"In\u00edcio\",\"item\":\"https:\\\/\\\/aconteceunovale.com.br\\\/portal\\\/\"},{\"@type\":\"ListItem\",\"position\":2,\"name\":\"Caminh\u00e3o capota na BR-259 e motorista morre preso \u00e0s ferragens\"}]},{\"@type\":\"WebSite\",\"@id\":\"https:\\\/\\\/aconteceunovale.com.br\\\/portal\\\/#website\",\"url\":\"https:\\\/\\\/aconteceunovale.com.br\\\/portal\\\/\",\"name\":\"Aconteceu no Vale\",\"description\":\"Portal de Not\u00edcias\",\"potentialAction\":[{\"@type\":\"SearchAction\",\"target\":{\"@type\":\"EntryPoint\",\"urlTemplate\":\"https:\\\/\\\/aconteceunovale.com.br\\\/portal\\\/?s={search_term_string}\"},\"query-input\":{\"@type\":\"PropertyValueSpecification\",\"valueRequired\":true,\"valueName\":\"search_term_string\"}}],\"inLanguage\":\"pt-BR\"},{\"@type\":\"Person\",\"@id\":\"https:\\\/\\\/aconteceunovale.com.br\\\/portal\\\/#\\\/schema\\\/person\\\/7d2f26d1483f8a63de73da1ee0754d35\",\"name\":\"Reda\u00e7\u00e3o Aconteceu no Vale\",\"description\":\"Equipe de reportagem do Aconteceu no Vale, portal de not\u00edcias do Vale do Jequitinhonha, em Minas Gerais. Cobrimos as 51 cidades do Vale desde 2013. Sugest\u00f5es de pauta e pedidos de corre\u00e7\u00e3o: contato@aconteceunovale.com.br\",\"url\":\"https:\\\/\\\/aconteceunovale.com.br\\\/portal\\\/?author=4\"}]}<\/script>\n<!-- \/ Yoast SEO plugin. -->","yoast_head_json":{"title":"Caminh\u00e3o capota na BR-259 e motorista morre preso \u00e0s ferragens - Aconteceu no Vale","robots":{"index":"index","follow":"follow","max-snippet":"max-snippet:-1","max-image-preview":"max-image-preview:large","max-video-preview":"max-video-preview:-1"},"canonical":"https:\/\/aconteceunovale.com.br\/portal\/?p=197128","og_locale":"pt_BR","og_type":"article","og_title":"Caminh\u00e3o capota na BR-259 e motorista morre preso \u00e0s ferragens - Aconteceu no Vale","og_description":"Um caminh\u00e3o capotou na BR-259, a cerca de 3 km da Vila Alexandre Mascarenhas, no munic\u00edpio de Gouveia, na \u00faltima segunda-feira (3\/2\/2025). O acidente mobilizou a Sexta Companhia Independente de Bombeiros Militar, que foi acionada para o resgate. Ao chegarem ao local, os bombeiros identificaram um forte odor de subst\u00e2ncia org\u00e2nica em decomposi\u00e7\u00e3o. Durante a [&hellip;]","og_url":"https:\/\/aconteceunovale.com.br\/portal\/?p=197128","og_site_name":"Aconteceu no Vale","article_publisher":"https:\/\/www.facebook.com\/aconteceunovale\/","article_published_time":"2025-02-05T17:11:29+00:00","article_modified_time":"2025-02-05T17:12:01+00:00","og_image":[{"width":678,"height":446,"url":"https:\/\/aconteceunovale.com.br\/portal\/wp-content\/uploads\/2025\/02\/acidente_259_4.png","type":"image\/png"}],"author":"Reda\u00e7\u00e3o Aconteceu no Vale","twitter_card":"summary_large_image","twitter_creator":"@noticiadosvales","twitter_site":"@noticiadosvales","twitter_misc":{"Escrito por":"Reda\u00e7\u00e3o Aconteceu no Vale","Est. tempo de leitura":"1 minuto"},"schema":{"@context":"https:\/\/schema.org","@graph":[{"@type":"Article","@id":"https:\/\/aconteceunovale.com.br\/portal\/?p=197128#article","isPartOf":{"@id":"https:\/\/aconteceunovale.com.br\/portal\/?p=197128"},"author":{"name":"Reda\u00e7\u00e3o Aconteceu no Vale","@id":"https:\/\/aconteceunovale.com.br\/portal\/#\/schema\/person\/7d2f26d1483f8a63de73da1ee0754d35"},"headline":"Caminh\u00e3o capota na BR-259 e motorista morre preso \u00e0s ferragens","datePublished":"2025-02-05T17:11:29+00:00","dateModified":"2025-02-05T17:12:01+00:00","mainEntityOfPage":{"@id":"https:\/\/aconteceunovale.com.br\/portal\/?p=197128"},"wordCount":290,"commentCount":0,"image":{"@id":"https:\/\/aconteceunovale.com.br\/portal\/?p=197128#primaryimage"},"thumbnailUrl":"https:\/\/aconteceunovale.com.br\/portal\/wp-content\/uploads\/2025\/02\/acidente_259_4.png","keywords":["Acidente com caminh\u00e3o na BR-259","Acidente em Gouveia","Acidente perto da Vila Alexandre Mascarenhas","BR-259","Caminh\u00e3o capota na BR-259 e motorista morre preso \u00e0s ferragens","Diamantina","Gouveia","Vila Alexandre Mascarenhas"],"articleSection":["Vale do Jequitinhonha"],"inLanguage":"pt-BR","potentialAction":[{"@type":"CommentAction","name":"Comment","target":["https:\/\/aconteceunovale.com.br\/portal\/?p=197128#respond"]}]},{"@type":"WebPage","@id":"https:\/\/aconteceunovale.com.br\/portal\/?p=197128","url":"https:\/\/aconteceunovale.com.br\/portal\/?p=197128","name":"Caminh\u00e3o capota na BR-259 e motorista morre preso \u00e0s ferragens - Aconteceu no Vale","isPartOf":{"@id":"https:\/\/aconteceunovale.com.br\/portal\/#website"},"primaryImageOfPage":{"@id":"https:\/\/aconteceunovale.com.br\/portal\/?p=197128#primaryimage"},"image":{"@id":"https:\/\/aconteceunovale.com.br\/portal\/?p=197128#primaryimage"},"thumbnailUrl":"https:\/\/aconteceunovale.com.br\/portal\/wp-content\/uploads\/2025\/02\/acidente_259_4.png","datePublished":"2025-02-05T17:11:29+00:00","dateModified":"2025-02-05T17:12:01+00:00","author":{"@id":"https:\/\/aconteceunovale.com.br\/portal\/#\/schema\/person\/7d2f26d1483f8a63de73da1ee0754d35"},"breadcrumb":{"@id":"https:\/\/aconteceunovale.com.br\/portal\/?p=197128#breadcrumb"},"inLanguage":"pt-BR","potentialAction":[{"@type":"ReadAction","target":["https:\/\/aconteceunovale.com.br\/portal\/?p=197128"]}]},{"@type":"ImageObject","inLanguage":"pt-BR","@id":"https:\/\/aconteceunovale.com.br\/portal\/?p=197128#primaryimage","url":"https:\/\/aconteceunovale.com.br\/portal\/wp-content\/uploads\/2025\/02\/acidente_259_4.png","contentUrl":"https:\/\/aconteceunovale.com.br\/portal\/wp-content\/uploads\/2025\/02\/acidente_259_4.png","width":678,"height":446,"caption":"Foto: Divulga\u00e7\u00e3o \/ CBMMG"},{"@type":"BreadcrumbList","@id":"https:\/\/aconteceunovale.com.br\/portal\/?p=197128#breadcrumb","itemListElement":[{"@type":"ListItem","position":1,"name":"In\u00edcio","item":"https:\/\/aconteceunovale.com.br\/portal\/"},{"@type":"ListItem","position":2,"name":"Caminh\u00e3o capota na BR-259 e motorista morre preso \u00e0s ferragens"}]},{"@type":"WebSite","@id":"https:\/\/aconteceunovale.com.br\/portal\/#website","url":"https:\/\/aconteceunovale.com.br\/portal\/","name":"Aconteceu no Vale","description":"Portal de Not\u00edcias","potentialAction":[{"@type":"SearchAction","target":{"@type":"EntryPoint","urlTemplate":"https:\/\/aconteceunovale.com.br\/portal\/?s={search_term_string}"},"query-input":{"@type":"PropertyValueSpecification","valueRequired":true,"valueName":"search_term_string"}}],"inLanguage":"pt-BR"},{"@type":"Person","@id":"https:\/\/aconteceunovale.com.br\/portal\/#\/schema\/person\/7d2f26d1483f8a63de73da1ee0754d35","name":"Reda\u00e7\u00e3o Aconteceu no Vale","description":"Equipe de reportagem do Aconteceu no Vale, portal de not\u00edcias do Vale do Jequitinhonha, em Minas Gerais. Cobrimos as 51 cidades do Vale desde 2013. Sugest\u00f5es de pauta e pedidos de corre\u00e7\u00e3o: contato@aconteceunovale.com.br","url":"https:\/\/aconteceunovale.com.br\/portal\/?author=4"}]}},"_links":{"self":[{"href":"https:\/\/aconteceunovale.com.br\/portal\/index.php?rest_route=\/wp\/v2\/posts\/197128","targetHints":{"allow":["GET"]}}],"collection":[{"href":"https:\/\/aconteceunovale.com.br\/portal\/index.php?rest_route=\/wp\/v2\/posts"}],"about":[{"href":"https:\/\/aconteceunovale.com.br\/portal\/index.php?rest_route=\/wp\/v2\/types\/post"}],"author":[{"embeddable":true,"href":"https:\/\/aconteceunovale.com.br\/portal\/index.php?rest_route=\/wp\/v2\/users\/4"}],"replies":[{"embeddable":true,"href":"https:\/\/aconteceunovale.com.br\/portal\/index.php?rest_route=%2Fwp%2Fv2%2Fcomments&post=197128"}],"version-history":[{"count":1,"href":"https:\/\/aconteceunovale.com.br\/portal\/index.php?rest_route=\/wp\/v2\/posts\/197128\/revisions"}],"predecessor-version":[{"id":197132,"href":"https:\/\/aconteceunovale.com.br\/portal\/index.php?rest_route=\/wp\/v2\/posts\/197128\/revisions\/197132"}],"wp:featuredmedia":[{"embeddable":true,"href":"https:\/\/aconteceunovale.com.br\/portal\/index.php?rest_route=\/wp\/v2\/media\/197129"}],"wp:attachment":[{"href":"https:\/\/aconteceunovale.com.br\/portal\/index.php?rest_route=%2Fwp%2Fv2%2Fmedia&parent=197128"}],"wp:term":[{"taxonomy":"category","embeddable":true,"href":"https:\/\/aconteceunovale.com.br\/portal\/index.php?rest_route=%2Fwp%2Fv2%2Fcategories&post=197128"},{"taxonomy":"post_tag","embeddable":true,"href":"https:\/\/aconteceunovale.com.br\/portal\/index.php?rest_route=%2Fwp%2Fv2%2Ftags&post=197128"}],"curies":[{"name":"wp","href":"https:\/\/api.w.org\/{rel}","templated":true}]}}