{"id":197122,"date":"2025-02-05T00:18:03","date_gmt":"2025-02-05T03:18:03","guid":{"rendered":"https:\/\/aconteceunovale.com.br\/portal\/?p=197122"},"modified":"2025-02-05T13:19:09","modified_gmt":"2025-02-05T16:19:09","slug":"atletico-vence-o-athletic-e-assume-a-lideranca-do-grupo-a-do-campeonato-mineiro","status":"publish","type":"post","link":"https:\/\/aconteceunovale.com.br\/portal\/?p=197122","title":{"rendered":"Atl\u00e9tico vence o Athletic e assume a lideran\u00e7a do Grupo A do Campeonato Mineiro"},"content":{"rendered":"\n<p class=\"wp-block-paragraph\">Ap\u00f3s cinco meses, o Atl\u00e9tico-MG voltou a vencer duas partidas consecutivas. Na noite desta ter\u00e7a-feira (4\/2), o time alvinegro derrotou o Athletic por 1 a 0, no Mineir\u00e3o, pela sexta rodada do Campeonato Mineiro. O gol da vit\u00f3ria foi marcado por Hulk, aos 46 minutos do primeiro tempo, ap\u00f3s uma jogada r\u00e1pida e um drible no goleiro advers\u00e1rio, com pouca perspectiva de \u00e2ngulo. A vit\u00f3ria colocou o Atl\u00e9tico na lideran\u00e7a do Grupo A do Estadual.<\/p>\n\n\n\n<figure class=\"wp-block-gallery has-nested-images columns-default is-cropped wp-block-gallery-1 is-layout-flex wp-block-gallery-is-layout-flex\">\n<figure class=\"wp-block-image size-large\"><img loading=\"lazy\" decoding=\"async\" width=\"675\" height=\"450\" data-id=\"197123\" src=\"https:\/\/aconteceunovale.com.br\/portal\/wp-content\/uploads\/2025\/02\/atletico_athletic.jpg\" alt=\"\" class=\"wp-image-197123\" srcset=\"https:\/\/aconteceunovale.com.br\/portal\/wp-content\/uploads\/2025\/02\/atletico_athletic.jpg 675w, https:\/\/aconteceunovale.com.br\/portal\/wp-content\/uploads\/2025\/02\/atletico_athletic-300x200.jpg 300w, https:\/\/aconteceunovale.com.br\/portal\/wp-content\/uploads\/2025\/02\/atletico_athletic-630x420.jpg 630w\" sizes=\"auto, (max-width: 675px) 100vw, 675px\" \/><figcaption class=\"wp-element-caption\"><em>Atletas do Galo comemoram gol da vit\u00f3ria &#8211; Foto: Pedro Souza \/ Atl\u00e9tico<\/em><\/figcaption><\/figure>\n<\/figure>\n\n\n\n<p class=\"wp-block-paragraph\">Desde setembro do ano passado, quando venceu o Bragantino e o Fluminense, o Galo n\u00e3o comemorava duas vit\u00f3rias seguidas. Com o resultado, a equipe assume a lideran\u00e7a do Grupo A com 10 pontos, dois a mais que o Betim, que joga nesta quarta-feira. J\u00e1 o Athletic, que segue na lideran\u00e7a do Grupo B com 12 pontos, pode ser ultrapassado pelo Am\u00e9rica, que enfrenta o Cruzeiro tamb\u00e9m nesta quarta-feira.<\/p>\n\n\n\n<p class=\"wp-block-paragraph\"><strong>O Jogo<\/strong><\/p>\n\n\n\n<p class=\"wp-block-paragraph\">O Atl\u00e9tico demonstrou um bom volume ofensivo desde o in\u00edcio da partida, obrigando o goleiro do Athletic a trabalhar bastante. Antes dos dois minutos, o meia Rubens teve uma boa chance dentro da \u00e1rea, mas foi interceptado pelo arqueiro advers\u00e1rio. O pr\u00f3prio Rubens teve outra oportunidade de cabe\u00e7a, mas novamente o goleiro fez a defesa. Gabriel Menino, Gustavo Scarpa e Lyanco tamb\u00e9m tiveram chances, mas n\u00e3o conseguiram marcar, deixando o primeiro tempo em dom\u00ednio do Galo.<\/p>\n\n\n\n<p class=\"wp-block-paragraph\">O Athletic teve dois ataques perigosos, mas n\u00e3o conseguiu acertar a finaliza\u00e7\u00e3o. Aos 37 minutos, Tom\u00e1s Cuello, que estreava como titular, sofreu uma tor\u00e7\u00e3o no tornozelo e foi substitu\u00eddo por J\u00fanior Santos.<\/p>\n\n\n\n<p class=\"wp-block-paragraph\"><strong>O Gol<\/strong><\/p>\n\n\n\n<p class=\"wp-block-paragraph\">Aos 47 minutos do primeiro tempo, o Atl\u00e9tico marcou o gol da vit\u00f3ria. Gustavo Scarpa fez um passe perfeito, por tr\u00e1s da zaga, para Hulk, que driblou o goleiro e, mesmo com pouco \u00e2ngulo, finalizou de p\u00e9 direito para fazer o segundo gol dele na temporada.<\/p>\n\n\n\n<p class=\"wp-block-paragraph\"><strong>Segundo Tempo<\/strong><\/p>\n\n\n\n<p class=\"wp-block-paragraph\">No segundo tempo, o Atl\u00e9tico manteve a forma\u00e7\u00e3o inicial, mas o ritmo da partida diminuiu. Mesmo assim, as melhores chances continuaram sendo do Galo. J\u00fanior Santos teve uma boa oportunidade ap\u00f3s passe de Hulk, mas o goleiro conseguiu defender. Cuca fez algumas trocas, colocando Ot\u00e1vio e Bernard nas vagas de Gabriel Menino (amarelado) e Rubens. Mais tarde, Saravia e Palacios substitu\u00edram Natanael e Scarpa.<\/p>\n\n\n\n<p class=\"wp-block-paragraph\">O Atl\u00e9tico controlou bem o jogo, impedindo o \u00edmpeto do Athletic e ainda teve mais uma chance em contra-ataque. Hulk tocou para J\u00fanior Santos, que n\u00e3o conseguiu concluir com precis\u00e3o. No \u00faltimo minuto da partida, J\u00fanior Santos recebeu o segundo cart\u00e3o amarelo por uma falta cometida e foi expulso, ficando fora da pr\u00f3xima rodada.<\/p>\n\n\n\n<p class=\"wp-block-paragraph\"><strong>Fala de Hulk<\/strong><\/p>\n\n\n\n<p class=\"wp-block-paragraph\">Ap\u00f3s o jogo, Hulk comentou sobre o lance do gol: <em>\u201cEra o que dava para ser feito ali. Lance r\u00e1pido, tentei ver o goleiro para ver se dava para cavar, fiquei de costas para ele, ent\u00e3o a \u00fanica op\u00e7\u00e3o que tinha era tentar o drible. Excelente passe do Scarpa, vis\u00e3o de jogo extraordin\u00e1ria para dar o passe na hora certa\u201d.<\/em><\/p>\n\n\n\n<p class=\"wp-block-paragraph\"><strong>Pr\u00f3ximos Jogos<\/strong><\/p>\n\n\n\n<p class=\"wp-block-paragraph\">O Atl\u00e9tico enfrentar\u00e1 o Cruzeiro no pr\u00f3ximo domingo, \u00e0s 16h (de Bras\u00edlia), no Mineir\u00e3o, com a presen\u00e7a exclusiva de torcedores cruzeirenses. No mesmo dia e hor\u00e1rio, o Athletic visitar\u00e1 o Uberl\u00e2ndia, no Tri\u00e2ngulo Mineiro. Ambos os jogos s\u00e3o v\u00e1lidos pela pen\u00faltima rodada da primeira fase do Campeonato Mineiro.<\/p>\n","protected":false},"excerpt":{"rendered":"<p>Ap\u00f3s cinco meses, o Atl\u00e9tico-MG voltou a vencer duas partidas consecutivas. Na noite desta ter\u00e7a-feira (4\/2), o time alvinegro derrotou o Athletic por 1 a 0, no Mineir\u00e3o, pela sexta rodada do Campeonato Mineiro. O gol da vit\u00f3ria foi marcado por Hulk, aos 46 minutos do primeiro tempo, ap\u00f3s uma jogada r\u00e1pida e um drible [&hellip;]<\/p>\n","protected":false},"author":4,"featured_media":197123,"comment_status":"open","ping_status":"closed","sticky":false,"template":"","format":"standard","meta":{"amp_status":"","footnotes":""},"categories":[59,123],"tags":[239017,239018,12311,2741,271450,40575,194,1017,4404,270046,1018,258751,261502,12312,271451,16500,270045,218],"class_list":["post-197122","post","type-post","status-publish","format-standard","has-post-thumbnail","hentry","category-esportes","category-gerais","tag-athletic","tag-athletic-de-sao-joao-del-rei","tag-atletico","tag-atletico-mineiro","tag-atletico-vence-o-athletic-e-assume-a-lideranca-do-grupo-a-do-campeonato-mineiro","tag-atletico-mg","tag-belo-horizonte","tag-bh","tag-campeonato-mineiro","tag-campeonato-mineiro-2025","tag-destaque","tag-esquadrao-de-aco","tag-futebol-mineiro","tag-galo","tag-grupo-a-do-campeonato-mineiro","tag-mineirao","tag-mineiro-2025","tag-sao-joao-del-rei"],"yoast_head":"<!-- This site is optimized with the Yoast SEO plugin v28.3 - https:\/\/yoast.com\/product\/yoast-seo-wordpress\/ -->\n<title>Atl\u00e9tico vence o Athletic e assume a lideran\u00e7a do Grupo A do Campeonato Mineiro - Aconteceu no Vale<\/title>\n<meta name=\"robots\" content=\"index, follow, max-snippet:-1, max-image-preview:large, max-video-preview:-1\" \/>\n<link rel=\"canonical\" href=\"https:\/\/aconteceunovale.com.br\/portal\/?p=197122\" \/>\n<meta property=\"og:locale\" content=\"pt_BR\" \/>\n<meta property=\"og:type\" content=\"article\" \/>\n<meta property=\"og:title\" content=\"Atl\u00e9tico vence o Athletic e assume a lideran\u00e7a do Grupo A do Campeonato Mineiro - Aconteceu no Vale\" \/>\n<meta property=\"og:description\" content=\"Ap\u00f3s cinco meses, o Atl\u00e9tico-MG voltou a vencer duas partidas consecutivas. Na noite desta ter\u00e7a-feira (4\/2), o time alvinegro derrotou o Athletic por 1 a 0, no Mineir\u00e3o, pela sexta rodada do Campeonato Mineiro. O gol da vit\u00f3ria foi marcado por Hulk, aos 46 minutos do primeiro tempo, ap\u00f3s uma jogada r\u00e1pida e um drible [&hellip;]\" \/>\n<meta property=\"og:url\" content=\"https:\/\/aconteceunovale.com.br\/portal\/?p=197122\" \/>\n<meta property=\"og:site_name\" content=\"Aconteceu no Vale\" \/>\n<meta property=\"article:publisher\" content=\"https:\/\/www.facebook.com\/aconteceunovale\/\" \/>\n<meta property=\"article:published_time\" content=\"2025-02-05T03:18:03+00:00\" \/>\n<meta property=\"article:modified_time\" content=\"2025-02-05T16:19:09+00:00\" \/>\n<meta property=\"og:image\" content=\"https:\/\/aconteceunovale.com.br\/portal\/wp-content\/uploads\/2025\/02\/atletico_athletic.jpg\" \/>\n\t<meta property=\"og:image:width\" content=\"675\" \/>\n\t<meta property=\"og:image:height\" content=\"450\" \/>\n\t<meta property=\"og:image:type\" content=\"image\/jpeg\" \/>\n<meta name=\"author\" content=\"Reda\u00e7\u00e3o Aconteceu no Vale\" \/>\n<meta name=\"twitter:card\" content=\"summary_large_image\" \/>\n<meta name=\"twitter:creator\" content=\"@noticiadosvales\" \/>\n<meta name=\"twitter:site\" content=\"@noticiadosvales\" \/>\n<meta name=\"twitter:label1\" content=\"Escrito por\" \/>\n\t<meta name=\"twitter:data1\" content=\"Reda\u00e7\u00e3o Aconteceu no Vale\" \/>\n\t<meta name=\"twitter:label2\" content=\"Est. tempo de leitura\" \/>\n\t<meta name=\"twitter:data2\" content=\"3 minutos\" \/>\n<script type=\"application\/ld+json\" class=\"yoast-schema-graph\">{\"@context\":\"https:\\\/\\\/schema.org\",\"@graph\":[{\"@type\":\"Article\",\"@id\":\"https:\\\/\\\/aconteceunovale.com.br\\\/portal\\\/?p=197122#article\",\"isPartOf\":{\"@id\":\"https:\\\/\\\/aconteceunovale.com.br\\\/portal\\\/?p=197122\"},\"author\":{\"name\":\"Reda\u00e7\u00e3o Aconteceu no Vale\",\"@id\":\"https:\\\/\\\/aconteceunovale.com.br\\\/portal\\\/#\\\/schema\\\/person\\\/7d2f26d1483f8a63de73da1ee0754d35\"},\"headline\":\"Atl\u00e9tico vence o Athletic e assume a lideran\u00e7a do Grupo A do Campeonato Mineiro\",\"datePublished\":\"2025-02-05T03:18:03+00:00\",\"dateModified\":\"2025-02-05T16:19:09+00:00\",\"mainEntityOfPage\":{\"@id\":\"https:\\\/\\\/aconteceunovale.com.br\\\/portal\\\/?p=197122\"},\"wordCount\":621,\"commentCount\":0,\"image\":{\"@id\":\"https:\\\/\\\/aconteceunovale.com.br\\\/portal\\\/?p=197122#primaryimage\"},\"thumbnailUrl\":\"https:\\\/\\\/aconteceunovale.com.br\\\/portal\\\/wp-content\\\/uploads\\\/2025\\\/02\\\/atletico_athletic.jpg\",\"keywords\":[\"Athletic\",\"Athletic de S\u00e3o Jo\u00e3o del-Rei\",\"Atl\u00e9tico\",\"Atl\u00e9tico Mineiro\",\"Atl\u00e9tico vence o Athletic e assume a lideran\u00e7a do Grupo A do Campeonato Mineiro\",\"Atl\u00e9tico-MG\",\"Belo Horizonte\",\"bh\",\"Campeonato Mineiro\",\"Campeonato Mineiro 2025\",\"destaque\",\"Esquadr\u00e3o de A\u00e7o\",\"Futebol mineiro\",\"galo\",\"Grupo A do Campeonato Mineiro\",\"Mineir\u00e3o\",\"Mineiro 2025\",\"S\u00e3o Jo\u00e3o del Rei\"],\"articleSection\":[\"Esportes\",\"Minas Gerais\"],\"inLanguage\":\"pt-BR\",\"potentialAction\":[{\"@type\":\"CommentAction\",\"name\":\"Comment\",\"target\":[\"https:\\\/\\\/aconteceunovale.com.br\\\/portal\\\/?p=197122#respond\"]}]},{\"@type\":\"WebPage\",\"@id\":\"https:\\\/\\\/aconteceunovale.com.br\\\/portal\\\/?p=197122\",\"url\":\"https:\\\/\\\/aconteceunovale.com.br\\\/portal\\\/?p=197122\",\"name\":\"Atl\u00e9tico vence o Athletic e assume a lideran\u00e7a do Grupo A do Campeonato Mineiro - Aconteceu no Vale\",\"isPartOf\":{\"@id\":\"https:\\\/\\\/aconteceunovale.com.br\\\/portal\\\/#website\"},\"primaryImageOfPage\":{\"@id\":\"https:\\\/\\\/aconteceunovale.com.br\\\/portal\\\/?p=197122#primaryimage\"},\"image\":{\"@id\":\"https:\\\/\\\/aconteceunovale.com.br\\\/portal\\\/?p=197122#primaryimage\"},\"thumbnailUrl\":\"https:\\\/\\\/aconteceunovale.com.br\\\/portal\\\/wp-content\\\/uploads\\\/2025\\\/02\\\/atletico_athletic.jpg\",\"datePublished\":\"2025-02-05T03:18:03+00:00\",\"dateModified\":\"2025-02-05T16:19:09+00:00\",\"author\":{\"@id\":\"https:\\\/\\\/aconteceunovale.com.br\\\/portal\\\/#\\\/schema\\\/person\\\/7d2f26d1483f8a63de73da1ee0754d35\"},\"breadcrumb\":{\"@id\":\"https:\\\/\\\/aconteceunovale.com.br\\\/portal\\\/?p=197122#breadcrumb\"},\"inLanguage\":\"pt-BR\",\"potentialAction\":[{\"@type\":\"ReadAction\",\"target\":[\"https:\\\/\\\/aconteceunovale.com.br\\\/portal\\\/?p=197122\"]}]},{\"@type\":\"ImageObject\",\"inLanguage\":\"pt-BR\",\"@id\":\"https:\\\/\\\/aconteceunovale.com.br\\\/portal\\\/?p=197122#primaryimage\",\"url\":\"https:\\\/\\\/aconteceunovale.com.br\\\/portal\\\/wp-content\\\/uploads\\\/2025\\\/02\\\/atletico_athletic.jpg\",\"contentUrl\":\"https:\\\/\\\/aconteceunovale.com.br\\\/portal\\\/wp-content\\\/uploads\\\/2025\\\/02\\\/atletico_athletic.jpg\",\"width\":675,\"height\":450,\"caption\":\"Atletas do Galo comemoram gol da vit\u00f3ria - Foto: Pedro Souza \\\/ Atl\u00e9tico\"},{\"@type\":\"BreadcrumbList\",\"@id\":\"https:\\\/\\\/aconteceunovale.com.br\\\/portal\\\/?p=197122#breadcrumb\",\"itemListElement\":[{\"@type\":\"ListItem\",\"position\":1,\"name\":\"In\u00edcio\",\"item\":\"https:\\\/\\\/aconteceunovale.com.br\\\/portal\\\/\"},{\"@type\":\"ListItem\",\"position\":2,\"name\":\"Atl\u00e9tico vence o Athletic e assume a lideran\u00e7a do Grupo A do Campeonato Mineiro\"}]},{\"@type\":\"WebSite\",\"@id\":\"https:\\\/\\\/aconteceunovale.com.br\\\/portal\\\/#website\",\"url\":\"https:\\\/\\\/aconteceunovale.com.br\\\/portal\\\/\",\"name\":\"Aconteceu no Vale\",\"description\":\"Portal de Not\u00edcias\",\"potentialAction\":[{\"@type\":\"SearchAction\",\"target\":{\"@type\":\"EntryPoint\",\"urlTemplate\":\"https:\\\/\\\/aconteceunovale.com.br\\\/portal\\\/?s={search_term_string}\"},\"query-input\":{\"@type\":\"PropertyValueSpecification\",\"valueRequired\":true,\"valueName\":\"search_term_string\"}}],\"inLanguage\":\"pt-BR\"},{\"@type\":\"Person\",\"@id\":\"https:\\\/\\\/aconteceunovale.com.br\\\/portal\\\/#\\\/schema\\\/person\\\/7d2f26d1483f8a63de73da1ee0754d35\",\"name\":\"Reda\u00e7\u00e3o Aconteceu no Vale\",\"description\":\"Equipe de reportagem do Aconteceu no Vale, portal de not\u00edcias do Vale do Jequitinhonha, em Minas Gerais. Cobrimos as 51 cidades do Vale desde 2013. Sugest\u00f5es de pauta e pedidos de corre\u00e7\u00e3o: contato@aconteceunovale.com.br\",\"url\":\"https:\\\/\\\/aconteceunovale.com.br\\\/portal\\\/?author=4\"}]}<\/script>\n<!-- \/ Yoast SEO plugin. -->","yoast_head_json":{"title":"Atl\u00e9tico vence o Athletic e assume a lideran\u00e7a do Grupo A do Campeonato Mineiro - Aconteceu no Vale","robots":{"index":"index","follow":"follow","max-snippet":"max-snippet:-1","max-image-preview":"max-image-preview:large","max-video-preview":"max-video-preview:-1"},"canonical":"https:\/\/aconteceunovale.com.br\/portal\/?p=197122","og_locale":"pt_BR","og_type":"article","og_title":"Atl\u00e9tico vence o Athletic e assume a lideran\u00e7a do Grupo A do Campeonato Mineiro - Aconteceu no Vale","og_description":"Ap\u00f3s cinco meses, o Atl\u00e9tico-MG voltou a vencer duas partidas consecutivas. Na noite desta ter\u00e7a-feira (4\/2), o time alvinegro derrotou o Athletic por 1 a 0, no Mineir\u00e3o, pela sexta rodada do Campeonato Mineiro. O gol da vit\u00f3ria foi marcado por Hulk, aos 46 minutos do primeiro tempo, ap\u00f3s uma jogada r\u00e1pida e um drible [&hellip;]","og_url":"https:\/\/aconteceunovale.com.br\/portal\/?p=197122","og_site_name":"Aconteceu no Vale","article_publisher":"https:\/\/www.facebook.com\/aconteceunovale\/","article_published_time":"2025-02-05T03:18:03+00:00","article_modified_time":"2025-02-05T16:19:09+00:00","og_image":[{"width":675,"height":450,"url":"https:\/\/aconteceunovale.com.br\/portal\/wp-content\/uploads\/2025\/02\/atletico_athletic.jpg","type":"image\/jpeg"}],"author":"Reda\u00e7\u00e3o Aconteceu no Vale","twitter_card":"summary_large_image","twitter_creator":"@noticiadosvales","twitter_site":"@noticiadosvales","twitter_misc":{"Escrito por":"Reda\u00e7\u00e3o Aconteceu no Vale","Est. tempo de leitura":"3 minutos"},"schema":{"@context":"https:\/\/schema.org","@graph":[{"@type":"Article","@id":"https:\/\/aconteceunovale.com.br\/portal\/?p=197122#article","isPartOf":{"@id":"https:\/\/aconteceunovale.com.br\/portal\/?p=197122"},"author":{"name":"Reda\u00e7\u00e3o Aconteceu no Vale","@id":"https:\/\/aconteceunovale.com.br\/portal\/#\/schema\/person\/7d2f26d1483f8a63de73da1ee0754d35"},"headline":"Atl\u00e9tico vence o Athletic e assume a lideran\u00e7a do Grupo A do Campeonato Mineiro","datePublished":"2025-02-05T03:18:03+00:00","dateModified":"2025-02-05T16:19:09+00:00","mainEntityOfPage":{"@id":"https:\/\/aconteceunovale.com.br\/portal\/?p=197122"},"wordCount":621,"commentCount":0,"image":{"@id":"https:\/\/aconteceunovale.com.br\/portal\/?p=197122#primaryimage"},"thumbnailUrl":"https:\/\/aconteceunovale.com.br\/portal\/wp-content\/uploads\/2025\/02\/atletico_athletic.jpg","keywords":["Athletic","Athletic de S\u00e3o Jo\u00e3o del-Rei","Atl\u00e9tico","Atl\u00e9tico Mineiro","Atl\u00e9tico vence o Athletic e assume a lideran\u00e7a do Grupo A do Campeonato Mineiro","Atl\u00e9tico-MG","Belo Horizonte","bh","Campeonato Mineiro","Campeonato Mineiro 2025","destaque","Esquadr\u00e3o de A\u00e7o","Futebol mineiro","galo","Grupo A do Campeonato Mineiro","Mineir\u00e3o","Mineiro 2025","S\u00e3o Jo\u00e3o del Rei"],"articleSection":["Esportes","Minas Gerais"],"inLanguage":"pt-BR","potentialAction":[{"@type":"CommentAction","name":"Comment","target":["https:\/\/aconteceunovale.com.br\/portal\/?p=197122#respond"]}]},{"@type":"WebPage","@id":"https:\/\/aconteceunovale.com.br\/portal\/?p=197122","url":"https:\/\/aconteceunovale.com.br\/portal\/?p=197122","name":"Atl\u00e9tico vence o Athletic e assume a lideran\u00e7a do Grupo A do Campeonato Mineiro - Aconteceu no Vale","isPartOf":{"@id":"https:\/\/aconteceunovale.com.br\/portal\/#website"},"primaryImageOfPage":{"@id":"https:\/\/aconteceunovale.com.br\/portal\/?p=197122#primaryimage"},"image":{"@id":"https:\/\/aconteceunovale.com.br\/portal\/?p=197122#primaryimage"},"thumbnailUrl":"https:\/\/aconteceunovale.com.br\/portal\/wp-content\/uploads\/2025\/02\/atletico_athletic.jpg","datePublished":"2025-02-05T03:18:03+00:00","dateModified":"2025-02-05T16:19:09+00:00","author":{"@id":"https:\/\/aconteceunovale.com.br\/portal\/#\/schema\/person\/7d2f26d1483f8a63de73da1ee0754d35"},"breadcrumb":{"@id":"https:\/\/aconteceunovale.com.br\/portal\/?p=197122#breadcrumb"},"inLanguage":"pt-BR","potentialAction":[{"@type":"ReadAction","target":["https:\/\/aconteceunovale.com.br\/portal\/?p=197122"]}]},{"@type":"ImageObject","inLanguage":"pt-BR","@id":"https:\/\/aconteceunovale.com.br\/portal\/?p=197122#primaryimage","url":"https:\/\/aconteceunovale.com.br\/portal\/wp-content\/uploads\/2025\/02\/atletico_athletic.jpg","contentUrl":"https:\/\/aconteceunovale.com.br\/portal\/wp-content\/uploads\/2025\/02\/atletico_athletic.jpg","width":675,"height":450,"caption":"Atletas do Galo comemoram gol da vit\u00f3ria - Foto: Pedro Souza \/ Atl\u00e9tico"},{"@type":"BreadcrumbList","@id":"https:\/\/aconteceunovale.com.br\/portal\/?p=197122#breadcrumb","itemListElement":[{"@type":"ListItem","position":1,"name":"In\u00edcio","item":"https:\/\/aconteceunovale.com.br\/portal\/"},{"@type":"ListItem","position":2,"name":"Atl\u00e9tico vence o Athletic e assume a lideran\u00e7a do Grupo A do Campeonato Mineiro"}]},{"@type":"WebSite","@id":"https:\/\/aconteceunovale.com.br\/portal\/#website","url":"https:\/\/aconteceunovale.com.br\/portal\/","name":"Aconteceu no Vale","description":"Portal de Not\u00edcias","potentialAction":[{"@type":"SearchAction","target":{"@type":"EntryPoint","urlTemplate":"https:\/\/aconteceunovale.com.br\/portal\/?s={search_term_string}"},"query-input":{"@type":"PropertyValueSpecification","valueRequired":true,"valueName":"search_term_string"}}],"inLanguage":"pt-BR"},{"@type":"Person","@id":"https:\/\/aconteceunovale.com.br\/portal\/#\/schema\/person\/7d2f26d1483f8a63de73da1ee0754d35","name":"Reda\u00e7\u00e3o Aconteceu no Vale","description":"Equipe de reportagem do Aconteceu no Vale, portal de not\u00edcias do Vale do Jequitinhonha, em Minas Gerais. Cobrimos as 51 cidades do Vale desde 2013. Sugest\u00f5es de pauta e pedidos de corre\u00e7\u00e3o: contato@aconteceunovale.com.br","url":"https:\/\/aconteceunovale.com.br\/portal\/?author=4"}]}},"_links":{"self":[{"href":"https:\/\/aconteceunovale.com.br\/portal\/index.php?rest_route=\/wp\/v2\/posts\/197122","targetHints":{"allow":["GET"]}}],"collection":[{"href":"https:\/\/aconteceunovale.com.br\/portal\/index.php?rest_route=\/wp\/v2\/posts"}],"about":[{"href":"https:\/\/aconteceunovale.com.br\/portal\/index.php?rest_route=\/wp\/v2\/types\/post"}],"author":[{"embeddable":true,"href":"https:\/\/aconteceunovale.com.br\/portal\/index.php?rest_route=\/wp\/v2\/users\/4"}],"replies":[{"embeddable":true,"href":"https:\/\/aconteceunovale.com.br\/portal\/index.php?rest_route=%2Fwp%2Fv2%2Fcomments&post=197122"}],"version-history":[{"count":1,"href":"https:\/\/aconteceunovale.com.br\/portal\/index.php?rest_route=\/wp\/v2\/posts\/197122\/revisions"}],"predecessor-version":[{"id":197124,"href":"https:\/\/aconteceunovale.com.br\/portal\/index.php?rest_route=\/wp\/v2\/posts\/197122\/revisions\/197124"}],"wp:featuredmedia":[{"embeddable":true,"href":"https:\/\/aconteceunovale.com.br\/portal\/index.php?rest_route=\/wp\/v2\/media\/197123"}],"wp:attachment":[{"href":"https:\/\/aconteceunovale.com.br\/portal\/index.php?rest_route=%2Fwp%2Fv2%2Fmedia&parent=197122"}],"wp:term":[{"taxonomy":"category","embeddable":true,"href":"https:\/\/aconteceunovale.com.br\/portal\/index.php?rest_route=%2Fwp%2Fv2%2Fcategories&post=197122"},{"taxonomy":"post_tag","embeddable":true,"href":"https:\/\/aconteceunovale.com.br\/portal\/index.php?rest_route=%2Fwp%2Fv2%2Ftags&post=197122"}],"curies":[{"name":"wp","href":"https:\/\/api.w.org\/{rel}","templated":true}]}}