{"id":197119,"date":"2025-02-05T12:01:15","date_gmt":"2025-02-05T15:01:15","guid":{"rendered":"https:\/\/aconteceunovale.com.br\/portal\/?p=197119"},"modified":"2025-02-05T12:01:51","modified_gmt":"2025-02-05T15:01:51","slug":"acidente-entre-carro-e-caminhao-deixa-tres-vitimas-fatais-em-paracatu","status":"publish","type":"post","link":"https:\/\/aconteceunovale.com.br\/portal\/?p=197119","title":{"rendered":"Acidente entre carro e caminh\u00e3o deixa tr\u00eas v\u00edtimas fatais em Paracatu"},"content":{"rendered":"\n<p class=\"wp-block-paragraph\">Um grave acidente ocorreu no km 26 da BR-040, em Paracatu, na manh\u00e3 de ter\u00e7a-feira (4\/2), envolvendo uma colis\u00e3o frontal entre um carro e um caminh\u00e3o. O acidente resultou na morte de tr\u00eas pessoas, que ficaram presas \u00e0s ferragens do ve\u00edculo de passeio.<\/p>\n\n\n\n<figure class=\"wp-block-gallery has-nested-images columns-default is-cropped wp-block-gallery-1 is-layout-flex wp-block-gallery-is-layout-flex\">\n<figure class=\"wp-block-image size-large\"><img loading=\"lazy\" decoding=\"async\" width=\"678\" height=\"444\" data-id=\"197120\" src=\"https:\/\/aconteceunovale.com.br\/portal\/wp-content\/uploads\/2025\/02\/acidente_040.png\" alt=\"\" class=\"wp-image-197120\" srcset=\"https:\/\/aconteceunovale.com.br\/portal\/wp-content\/uploads\/2025\/02\/acidente_040.png 678w, https:\/\/aconteceunovale.com.br\/portal\/wp-content\/uploads\/2025\/02\/acidente_040-300x196.png 300w, https:\/\/aconteceunovale.com.br\/portal\/wp-content\/uploads\/2025\/02\/acidente_040-641x420.png 641w\" sizes=\"auto, (max-width: 678px) 100vw, 678px\" \/><figcaption class=\"wp-element-caption\"><em>Foto: Divulga\u00e7\u00e3o \/ CBMMG<\/em><\/figcaption><\/figure>\n<\/figure>\n\n\n\n<p class=\"wp-block-paragraph\">As v\u00edtimas foram identificadas como um homem de 28 anos, sua companheira de 19 anos e a filha do casal, uma crian\u00e7a de 2 anos. De acordo com informa\u00e7\u00f5es do Corpo de Bombeiros, o carro seguia no sentido Cristalina\/GO, e o condutor tentou realizar uma ultrapassagem, mas perdeu o controle do ve\u00edculo, rodou na pista e colidiu frontalmente com o caminh\u00e3o.<\/p>\n\n\n\n<p class=\"wp-block-paragraph\">Ap\u00f3s o impacto, ambos os ve\u00edculos sa\u00edram da pista. O m\u00e9dico do Servi\u00e7o de Atendimento M\u00f3vel de Urg\u00eancia (Samu) confirmou as mortes no local.<\/p>\n\n\n\n<p class=\"wp-block-paragraph\">A Pol\u00edcia Rodovi\u00e1ria Federal (PRF) foi acionada para controlar o tr\u00e1fego e registrar a ocorr\u00eancia, enquanto a Pol\u00edcia Civil de Minas Gerais (PCMG) ficou respons\u00e1vel pela per\u00edcia. O motorista do caminh\u00e3o n\u00e3o sofreu ferimentos.<\/p>\n\n\n\n<p class=\"wp-block-paragraph\">As causas do acidente ser\u00e3o investigadas pelas autoridades competentes.<\/p>\n","protected":false},"excerpt":{"rendered":"<p>Um grave acidente ocorreu no km 26 da BR-040, em Paracatu, na manh\u00e3 de ter\u00e7a-feira (4\/2), envolvendo uma colis\u00e3o frontal entre um carro e um caminh\u00e3o. O acidente resultou na morte de tr\u00eas pessoas, que ficaram presas \u00e0s ferragens do ve\u00edculo de passeio. As v\u00edtimas foram identificadas como um homem de 28 anos, sua companheira [&hellip;]<\/p>\n","protected":false},"author":4,"featured_media":197120,"comment_status":"open","ping_status":"closed","sticky":false,"template":"","format":"standard","meta":{"amp_status":"","footnotes":""},"categories":[123],"tags":[271446,271445,271448,271449,271447,207339,212],"class_list":["post-197119","post","type-post","status-publish","format-standard","has-post-thumbnail","hentry","category-gerais","tag-acidente-em-paracatu","tag-acidente-entre-carro-e-caminhao-deixa-tres-vitimas-fatais-em-paracatu","tag-acidente-entre-carro-e-caminhao-em-paracatu","tag-acidente-entre-carro-e-caminhao-na-br-040","tag-acidente-na-br-040-em-paracatu","tag-br-040-2","tag-paracatu"],"yoast_head":"<!-- This site is optimized with the Yoast SEO plugin v28.3 - https:\/\/yoast.com\/product\/yoast-seo-wordpress\/ -->\n<title>Acidente entre carro e caminh\u00e3o deixa tr\u00eas v\u00edtimas fatais em Paracatu - Aconteceu no Vale<\/title>\n<meta name=\"robots\" content=\"index, follow, max-snippet:-1, max-image-preview:large, max-video-preview:-1\" \/>\n<link rel=\"canonical\" href=\"https:\/\/aconteceunovale.com.br\/portal\/?p=197119\" \/>\n<meta property=\"og:locale\" content=\"pt_BR\" \/>\n<meta property=\"og:type\" content=\"article\" \/>\n<meta property=\"og:title\" content=\"Acidente entre carro e caminh\u00e3o deixa tr\u00eas v\u00edtimas fatais em Paracatu - Aconteceu no Vale\" \/>\n<meta property=\"og:description\" content=\"Um grave acidente ocorreu no km 26 da BR-040, em Paracatu, na manh\u00e3 de ter\u00e7a-feira (4\/2), envolvendo uma colis\u00e3o frontal entre um carro e um caminh\u00e3o. O acidente resultou na morte de tr\u00eas pessoas, que ficaram presas \u00e0s ferragens do ve\u00edculo de passeio. As v\u00edtimas foram identificadas como um homem de 28 anos, sua companheira [&hellip;]\" \/>\n<meta property=\"og:url\" content=\"https:\/\/aconteceunovale.com.br\/portal\/?p=197119\" \/>\n<meta property=\"og:site_name\" content=\"Aconteceu no Vale\" \/>\n<meta property=\"article:publisher\" content=\"https:\/\/www.facebook.com\/aconteceunovale\/\" \/>\n<meta property=\"article:published_time\" content=\"2025-02-05T15:01:15+00:00\" \/>\n<meta property=\"article:modified_time\" content=\"2025-02-05T15:01:51+00:00\" \/>\n<meta property=\"og:image\" content=\"https:\/\/aconteceunovale.com.br\/portal\/wp-content\/uploads\/2025\/02\/acidente_040.png\" \/>\n\t<meta property=\"og:image:width\" content=\"678\" \/>\n\t<meta property=\"og:image:height\" content=\"444\" \/>\n\t<meta property=\"og:image:type\" content=\"image\/png\" \/>\n<meta name=\"author\" content=\"Reda\u00e7\u00e3o Aconteceu no Vale\" \/>\n<meta name=\"twitter:card\" content=\"summary_large_image\" \/>\n<meta name=\"twitter:creator\" content=\"@noticiadosvales\" \/>\n<meta name=\"twitter:site\" content=\"@noticiadosvales\" \/>\n<meta name=\"twitter:label1\" content=\"Escrito por\" \/>\n\t<meta name=\"twitter:data1\" content=\"Reda\u00e7\u00e3o Aconteceu no Vale\" \/>\n\t<meta name=\"twitter:label2\" content=\"Est. tempo de leitura\" \/>\n\t<meta name=\"twitter:data2\" content=\"1 minuto\" \/>\n<script type=\"application\/ld+json\" class=\"yoast-schema-graph\">{\"@context\":\"https:\\\/\\\/schema.org\",\"@graph\":[{\"@type\":\"Article\",\"@id\":\"https:\\\/\\\/aconteceunovale.com.br\\\/portal\\\/?p=197119#article\",\"isPartOf\":{\"@id\":\"https:\\\/\\\/aconteceunovale.com.br\\\/portal\\\/?p=197119\"},\"author\":{\"name\":\"Reda\u00e7\u00e3o Aconteceu no Vale\",\"@id\":\"https:\\\/\\\/aconteceunovale.com.br\\\/portal\\\/#\\\/schema\\\/person\\\/7d2f26d1483f8a63de73da1ee0754d35\"},\"headline\":\"Acidente entre carro e caminh\u00e3o deixa tr\u00eas v\u00edtimas fatais em Paracatu\",\"datePublished\":\"2025-02-05T15:01:15+00:00\",\"dateModified\":\"2025-02-05T15:01:51+00:00\",\"mainEntityOfPage\":{\"@id\":\"https:\\\/\\\/aconteceunovale.com.br\\\/portal\\\/?p=197119\"},\"wordCount\":212,\"commentCount\":0,\"image\":{\"@id\":\"https:\\\/\\\/aconteceunovale.com.br\\\/portal\\\/?p=197119#primaryimage\"},\"thumbnailUrl\":\"https:\\\/\\\/aconteceunovale.com.br\\\/portal\\\/wp-content\\\/uploads\\\/2025\\\/02\\\/acidente_040.png\",\"keywords\":[\"Acidente em Paracatu\",\"Acidente entre carro e caminh\u00e3o deixa tr\u00eas v\u00edtimas fatais em Paracatu\",\"Acidente entre carro e caminh\u00e3o em Paracatu\",\"Acidente entre carro e caminh\u00e3o na BR-040\",\"Acidente na BR-040 em Paracatu\",\"BR-040\",\"Paracatu\"],\"articleSection\":[\"Minas Gerais\"],\"inLanguage\":\"pt-BR\",\"potentialAction\":[{\"@type\":\"CommentAction\",\"name\":\"Comment\",\"target\":[\"https:\\\/\\\/aconteceunovale.com.br\\\/portal\\\/?p=197119#respond\"]}]},{\"@type\":\"WebPage\",\"@id\":\"https:\\\/\\\/aconteceunovale.com.br\\\/portal\\\/?p=197119\",\"url\":\"https:\\\/\\\/aconteceunovale.com.br\\\/portal\\\/?p=197119\",\"name\":\"Acidente entre carro e caminh\u00e3o deixa tr\u00eas v\u00edtimas fatais em Paracatu - Aconteceu no Vale\",\"isPartOf\":{\"@id\":\"https:\\\/\\\/aconteceunovale.com.br\\\/portal\\\/#website\"},\"primaryImageOfPage\":{\"@id\":\"https:\\\/\\\/aconteceunovale.com.br\\\/portal\\\/?p=197119#primaryimage\"},\"image\":{\"@id\":\"https:\\\/\\\/aconteceunovale.com.br\\\/portal\\\/?p=197119#primaryimage\"},\"thumbnailUrl\":\"https:\\\/\\\/aconteceunovale.com.br\\\/portal\\\/wp-content\\\/uploads\\\/2025\\\/02\\\/acidente_040.png\",\"datePublished\":\"2025-02-05T15:01:15+00:00\",\"dateModified\":\"2025-02-05T15:01:51+00:00\",\"author\":{\"@id\":\"https:\\\/\\\/aconteceunovale.com.br\\\/portal\\\/#\\\/schema\\\/person\\\/7d2f26d1483f8a63de73da1ee0754d35\"},\"breadcrumb\":{\"@id\":\"https:\\\/\\\/aconteceunovale.com.br\\\/portal\\\/?p=197119#breadcrumb\"},\"inLanguage\":\"pt-BR\",\"potentialAction\":[{\"@type\":\"ReadAction\",\"target\":[\"https:\\\/\\\/aconteceunovale.com.br\\\/portal\\\/?p=197119\"]}]},{\"@type\":\"ImageObject\",\"inLanguage\":\"pt-BR\",\"@id\":\"https:\\\/\\\/aconteceunovale.com.br\\\/portal\\\/?p=197119#primaryimage\",\"url\":\"https:\\\/\\\/aconteceunovale.com.br\\\/portal\\\/wp-content\\\/uploads\\\/2025\\\/02\\\/acidente_040.png\",\"contentUrl\":\"https:\\\/\\\/aconteceunovale.com.br\\\/portal\\\/wp-content\\\/uploads\\\/2025\\\/02\\\/acidente_040.png\",\"width\":678,\"height\":444,\"caption\":\"Foto: Divulga\u00e7\u00e3o \\\/ CBMMG\"},{\"@type\":\"BreadcrumbList\",\"@id\":\"https:\\\/\\\/aconteceunovale.com.br\\\/portal\\\/?p=197119#breadcrumb\",\"itemListElement\":[{\"@type\":\"ListItem\",\"position\":1,\"name\":\"In\u00edcio\",\"item\":\"https:\\\/\\\/aconteceunovale.com.br\\\/portal\\\/\"},{\"@type\":\"ListItem\",\"position\":2,\"name\":\"Acidente entre carro e caminh\u00e3o deixa tr\u00eas v\u00edtimas fatais em Paracatu\"}]},{\"@type\":\"WebSite\",\"@id\":\"https:\\\/\\\/aconteceunovale.com.br\\\/portal\\\/#website\",\"url\":\"https:\\\/\\\/aconteceunovale.com.br\\\/portal\\\/\",\"name\":\"Aconteceu no Vale\",\"description\":\"Portal de Not\u00edcias\",\"potentialAction\":[{\"@type\":\"SearchAction\",\"target\":{\"@type\":\"EntryPoint\",\"urlTemplate\":\"https:\\\/\\\/aconteceunovale.com.br\\\/portal\\\/?s={search_term_string}\"},\"query-input\":{\"@type\":\"PropertyValueSpecification\",\"valueRequired\":true,\"valueName\":\"search_term_string\"}}],\"inLanguage\":\"pt-BR\"},{\"@type\":\"Person\",\"@id\":\"https:\\\/\\\/aconteceunovale.com.br\\\/portal\\\/#\\\/schema\\\/person\\\/7d2f26d1483f8a63de73da1ee0754d35\",\"name\":\"Reda\u00e7\u00e3o Aconteceu no Vale\",\"description\":\"Equipe de reportagem do Aconteceu no Vale, portal de not\u00edcias do Vale do Jequitinhonha, em Minas Gerais. Cobrimos as 51 cidades do Vale desde 2013. Sugest\u00f5es de pauta e pedidos de corre\u00e7\u00e3o: contato@aconteceunovale.com.br\",\"url\":\"https:\\\/\\\/aconteceunovale.com.br\\\/portal\\\/?author=4\"}]}<\/script>\n<!-- \/ Yoast SEO plugin. -->","yoast_head_json":{"title":"Acidente entre carro e caminh\u00e3o deixa tr\u00eas v\u00edtimas fatais em Paracatu - Aconteceu no Vale","robots":{"index":"index","follow":"follow","max-snippet":"max-snippet:-1","max-image-preview":"max-image-preview:large","max-video-preview":"max-video-preview:-1"},"canonical":"https:\/\/aconteceunovale.com.br\/portal\/?p=197119","og_locale":"pt_BR","og_type":"article","og_title":"Acidente entre carro e caminh\u00e3o deixa tr\u00eas v\u00edtimas fatais em Paracatu - Aconteceu no Vale","og_description":"Um grave acidente ocorreu no km 26 da BR-040, em Paracatu, na manh\u00e3 de ter\u00e7a-feira (4\/2), envolvendo uma colis\u00e3o frontal entre um carro e um caminh\u00e3o. O acidente resultou na morte de tr\u00eas pessoas, que ficaram presas \u00e0s ferragens do ve\u00edculo de passeio. As v\u00edtimas foram identificadas como um homem de 28 anos, sua companheira [&hellip;]","og_url":"https:\/\/aconteceunovale.com.br\/portal\/?p=197119","og_site_name":"Aconteceu no Vale","article_publisher":"https:\/\/www.facebook.com\/aconteceunovale\/","article_published_time":"2025-02-05T15:01:15+00:00","article_modified_time":"2025-02-05T15:01:51+00:00","og_image":[{"width":678,"height":444,"url":"https:\/\/aconteceunovale.com.br\/portal\/wp-content\/uploads\/2025\/02\/acidente_040.png","type":"image\/png"}],"author":"Reda\u00e7\u00e3o Aconteceu no Vale","twitter_card":"summary_large_image","twitter_creator":"@noticiadosvales","twitter_site":"@noticiadosvales","twitter_misc":{"Escrito por":"Reda\u00e7\u00e3o Aconteceu no Vale","Est. tempo de leitura":"1 minuto"},"schema":{"@context":"https:\/\/schema.org","@graph":[{"@type":"Article","@id":"https:\/\/aconteceunovale.com.br\/portal\/?p=197119#article","isPartOf":{"@id":"https:\/\/aconteceunovale.com.br\/portal\/?p=197119"},"author":{"name":"Reda\u00e7\u00e3o Aconteceu no Vale","@id":"https:\/\/aconteceunovale.com.br\/portal\/#\/schema\/person\/7d2f26d1483f8a63de73da1ee0754d35"},"headline":"Acidente entre carro e caminh\u00e3o deixa tr\u00eas v\u00edtimas fatais em Paracatu","datePublished":"2025-02-05T15:01:15+00:00","dateModified":"2025-02-05T15:01:51+00:00","mainEntityOfPage":{"@id":"https:\/\/aconteceunovale.com.br\/portal\/?p=197119"},"wordCount":212,"commentCount":0,"image":{"@id":"https:\/\/aconteceunovale.com.br\/portal\/?p=197119#primaryimage"},"thumbnailUrl":"https:\/\/aconteceunovale.com.br\/portal\/wp-content\/uploads\/2025\/02\/acidente_040.png","keywords":["Acidente em Paracatu","Acidente entre carro e caminh\u00e3o deixa tr\u00eas v\u00edtimas fatais em Paracatu","Acidente entre carro e caminh\u00e3o em Paracatu","Acidente entre carro e caminh\u00e3o na BR-040","Acidente na BR-040 em Paracatu","BR-040","Paracatu"],"articleSection":["Minas Gerais"],"inLanguage":"pt-BR","potentialAction":[{"@type":"CommentAction","name":"Comment","target":["https:\/\/aconteceunovale.com.br\/portal\/?p=197119#respond"]}]},{"@type":"WebPage","@id":"https:\/\/aconteceunovale.com.br\/portal\/?p=197119","url":"https:\/\/aconteceunovale.com.br\/portal\/?p=197119","name":"Acidente entre carro e caminh\u00e3o deixa tr\u00eas v\u00edtimas fatais em Paracatu - Aconteceu no Vale","isPartOf":{"@id":"https:\/\/aconteceunovale.com.br\/portal\/#website"},"primaryImageOfPage":{"@id":"https:\/\/aconteceunovale.com.br\/portal\/?p=197119#primaryimage"},"image":{"@id":"https:\/\/aconteceunovale.com.br\/portal\/?p=197119#primaryimage"},"thumbnailUrl":"https:\/\/aconteceunovale.com.br\/portal\/wp-content\/uploads\/2025\/02\/acidente_040.png","datePublished":"2025-02-05T15:01:15+00:00","dateModified":"2025-02-05T15:01:51+00:00","author":{"@id":"https:\/\/aconteceunovale.com.br\/portal\/#\/schema\/person\/7d2f26d1483f8a63de73da1ee0754d35"},"breadcrumb":{"@id":"https:\/\/aconteceunovale.com.br\/portal\/?p=197119#breadcrumb"},"inLanguage":"pt-BR","potentialAction":[{"@type":"ReadAction","target":["https:\/\/aconteceunovale.com.br\/portal\/?p=197119"]}]},{"@type":"ImageObject","inLanguage":"pt-BR","@id":"https:\/\/aconteceunovale.com.br\/portal\/?p=197119#primaryimage","url":"https:\/\/aconteceunovale.com.br\/portal\/wp-content\/uploads\/2025\/02\/acidente_040.png","contentUrl":"https:\/\/aconteceunovale.com.br\/portal\/wp-content\/uploads\/2025\/02\/acidente_040.png","width":678,"height":444,"caption":"Foto: Divulga\u00e7\u00e3o \/ CBMMG"},{"@type":"BreadcrumbList","@id":"https:\/\/aconteceunovale.com.br\/portal\/?p=197119#breadcrumb","itemListElement":[{"@type":"ListItem","position":1,"name":"In\u00edcio","item":"https:\/\/aconteceunovale.com.br\/portal\/"},{"@type":"ListItem","position":2,"name":"Acidente entre carro e caminh\u00e3o deixa tr\u00eas v\u00edtimas fatais em Paracatu"}]},{"@type":"WebSite","@id":"https:\/\/aconteceunovale.com.br\/portal\/#website","url":"https:\/\/aconteceunovale.com.br\/portal\/","name":"Aconteceu no Vale","description":"Portal de Not\u00edcias","potentialAction":[{"@type":"SearchAction","target":{"@type":"EntryPoint","urlTemplate":"https:\/\/aconteceunovale.com.br\/portal\/?s={search_term_string}"},"query-input":{"@type":"PropertyValueSpecification","valueRequired":true,"valueName":"search_term_string"}}],"inLanguage":"pt-BR"},{"@type":"Person","@id":"https:\/\/aconteceunovale.com.br\/portal\/#\/schema\/person\/7d2f26d1483f8a63de73da1ee0754d35","name":"Reda\u00e7\u00e3o Aconteceu no Vale","description":"Equipe de reportagem do Aconteceu no Vale, portal de not\u00edcias do Vale do Jequitinhonha, em Minas Gerais. Cobrimos as 51 cidades do Vale desde 2013. Sugest\u00f5es de pauta e pedidos de corre\u00e7\u00e3o: contato@aconteceunovale.com.br","url":"https:\/\/aconteceunovale.com.br\/portal\/?author=4"}]}},"_links":{"self":[{"href":"https:\/\/aconteceunovale.com.br\/portal\/index.php?rest_route=\/wp\/v2\/posts\/197119","targetHints":{"allow":["GET"]}}],"collection":[{"href":"https:\/\/aconteceunovale.com.br\/portal\/index.php?rest_route=\/wp\/v2\/posts"}],"about":[{"href":"https:\/\/aconteceunovale.com.br\/portal\/index.php?rest_route=\/wp\/v2\/types\/post"}],"author":[{"embeddable":true,"href":"https:\/\/aconteceunovale.com.br\/portal\/index.php?rest_route=\/wp\/v2\/users\/4"}],"replies":[{"embeddable":true,"href":"https:\/\/aconteceunovale.com.br\/portal\/index.php?rest_route=%2Fwp%2Fv2%2Fcomments&post=197119"}],"version-history":[{"count":1,"href":"https:\/\/aconteceunovale.com.br\/portal\/index.php?rest_route=\/wp\/v2\/posts\/197119\/revisions"}],"predecessor-version":[{"id":197121,"href":"https:\/\/aconteceunovale.com.br\/portal\/index.php?rest_route=\/wp\/v2\/posts\/197119\/revisions\/197121"}],"wp:featuredmedia":[{"embeddable":true,"href":"https:\/\/aconteceunovale.com.br\/portal\/index.php?rest_route=\/wp\/v2\/media\/197120"}],"wp:attachment":[{"href":"https:\/\/aconteceunovale.com.br\/portal\/index.php?rest_route=%2Fwp%2Fv2%2Fmedia&parent=197119"}],"wp:term":[{"taxonomy":"category","embeddable":true,"href":"https:\/\/aconteceunovale.com.br\/portal\/index.php?rest_route=%2Fwp%2Fv2%2Fcategories&post=197119"},{"taxonomy":"post_tag","embeddable":true,"href":"https:\/\/aconteceunovale.com.br\/portal\/index.php?rest_route=%2Fwp%2Fv2%2Ftags&post=197119"}],"curies":[{"name":"wp","href":"https:\/\/api.w.org\/{rel}","templated":true}]}}