{"id":197113,"date":"2025-02-05T11:33:53","date_gmt":"2025-02-05T14:33:53","guid":{"rendered":"https:\/\/aconteceunovale.com.br\/portal\/?p=197113"},"modified":"2025-02-05T11:34:35","modified_gmt":"2025-02-05T14:34:35","slug":"corpo-de-bombeiros-de-minas-gerais-tem-primeira-comandante-mulher-em-113-anos-de-historia","status":"publish","type":"post","link":"https:\/\/aconteceunovale.com.br\/portal\/?p=197113","title":{"rendered":"Corpo de Bombeiros de Minas Gerais tem primeira comandante mulher em 113 anos de hist\u00f3ria"},"content":{"rendered":"\n<p class=\"wp-block-paragraph\">O Corpo de Bombeiros Militar de Minas Gerais (CBMMG) realizou, na manh\u00e3 de ter\u00e7a-feira (4\/2\/2025), a solenidade de troca de comando. Pela primeira vez em 113 anos de hist\u00f3ria da corpora\u00e7\u00e3o, a chefia ser\u00e1 assumida por uma mulher: a coronel Jordana de Oliveira Filgueiras Daldegan.<\/p>\n\n\n\n<figure class=\"wp-block-gallery has-nested-images columns-default is-cropped wp-block-gallery-1 is-layout-flex wp-block-gallery-is-layout-flex\">\n<figure class=\"wp-block-image size-large\"><img loading=\"lazy\" decoding=\"async\" width=\"675\" height=\"450\" data-id=\"197114\" src=\"https:\/\/aconteceunovale.com.br\/portal\/wp-content\/uploads\/2025\/02\/troca_de_comando_cbmmg.jpg\" alt=\"\" class=\"wp-image-197114\" srcset=\"https:\/\/aconteceunovale.com.br\/portal\/wp-content\/uploads\/2025\/02\/troca_de_comando_cbmmg.jpg 675w, https:\/\/aconteceunovale.com.br\/portal\/wp-content\/uploads\/2025\/02\/troca_de_comando_cbmmg-300x200.jpg 300w, https:\/\/aconteceunovale.com.br\/portal\/wp-content\/uploads\/2025\/02\/troca_de_comando_cbmmg-630x420.jpg 630w\" sizes=\"auto, (max-width: 675px) 100vw, 675px\" \/><figcaption class=\"wp-element-caption\"><em>Foto: Dirceu Aur\u00e9lio \/ Imprensa MG<\/em><\/figcaption><\/figure>\n<\/figure>\n\n\n\n<p class=\"wp-block-paragraph\">A coronel Jordana assume o comando-geral da institui\u00e7\u00e3o no lugar do coronel Erlon Dias do Nascimento Botelho, que deixa o posto ap\u00f3s um ciclo de gest\u00e3o. Ao receber a nova comandante, o governador Romeu Zema destacou a import\u00e2ncia de se promover a participa\u00e7\u00e3o feminina nos principais cargos de lideran\u00e7a da administra\u00e7\u00e3o p\u00fablica estadual.<\/p>\n\n\n\n<p class=\"wp-block-paragraph\"><em>\u201cTivemos a primeira mulher ocupando a pasta da Secretaria de Agricultura e Pecu\u00e1ria, a primeira mulher ocupando a Secretaria de Meio Ambiente na hist\u00f3ria do Estado e, agora, a primeira mulher tamb\u00e9m ocupando um comando militar. Eu n\u00e3o tenho medo de mudan\u00e7as, tenho medo de continuismo, que \u00e9 o que muitas vezes atrapalha a administra\u00e7\u00e3o\u201d, <\/em>afirmou Zema.<\/p>\n\n\n\n<p class=\"wp-block-paragraph\"><strong>Nova comandante-geral do CBMMG<\/strong><\/p>\n\n\n\n<p class=\"wp-block-paragraph\">A coronel Jordana de Oliveira Daldegan possui vasta experi\u00eancia dentro do CBMMG, tendo ocupado cargos de destaque ao longo de sua carreira, como a subchefia da Se\u00e7\u00e3o de Planejamento Operacional do Estado-Maior, o subcomando do 3\u00ba BBM, a chefia da Assessoria de Comunica\u00e7\u00e3o do CBMMG e, mais recentemente, a Diretoria de Assuntos Institucionais. Ela \u00e9 especialista em Administra\u00e7\u00e3o P\u00fablica, com enfoque em Gest\u00e3o de Pessoas pela Escola de Governo da Funda\u00e7\u00e3o Jo\u00e3o Pinheiro, e em Gest\u00e3o Estrat\u00e9gica e Pol\u00edticas P\u00fablicas pela Academia de Bombeiros Militar.<\/p>\n\n\n\n<p class=\"wp-block-paragraph\"><em>&#8220;Para mim \u00e9 uma honra muito grande. Acho que todos podem imaginar a emo\u00e7\u00e3o desse momento. O que vem agora \u00e9 muita responsabilidade para dar continuidade a um trabalho de uma corpora\u00e7\u00e3o presente em todo o estado. Vamos continuar buscando a excel\u00eancia do nosso servi\u00e7o prestado a toda a sociedade&#8221;, <\/em>declarou a nova comandante-geral.<\/p>\n\n\n\n<figure class=\"wp-block-gallery has-nested-images columns-default is-cropped wp-block-gallery-2 is-layout-flex wp-block-gallery-is-layout-flex\">\n<figure class=\"wp-block-image size-large\"><img loading=\"lazy\" decoding=\"async\" width=\"675\" height=\"450\" data-id=\"197115\" src=\"https:\/\/aconteceunovale.com.br\/portal\/wp-content\/uploads\/2025\/02\/troca_de_comando_cbmmg2.jpg\" alt=\"\" class=\"wp-image-197115\" srcset=\"https:\/\/aconteceunovale.com.br\/portal\/wp-content\/uploads\/2025\/02\/troca_de_comando_cbmmg2.jpg 675w, https:\/\/aconteceunovale.com.br\/portal\/wp-content\/uploads\/2025\/02\/troca_de_comando_cbmmg2-300x200.jpg 300w, https:\/\/aconteceunovale.com.br\/portal\/wp-content\/uploads\/2025\/02\/troca_de_comando_cbmmg2-630x420.jpg 630w\" sizes=\"auto, (max-width: 675px) 100vw, 675px\" \/><figcaption class=\"wp-element-caption\"><em>Foto: Dirceu Aur\u00e9lio \/ Imprensa MG<\/em><\/figcaption><\/figure>\n<\/figure>\n\n\n\n<p class=\"wp-block-paragraph\"><strong>Novos cargos de lideran\u00e7a<\/strong><\/p>\n\n\n\n<p class=\"wp-block-paragraph\">O subcomando do CBMMG e a chefia do Estado-Maior ser\u00e3o assumidos pelo coronel Mois\u00e9s Magalh\u00e3es de Sousa, que substituir\u00e1 a coronel Daniela Lopes. Ele tomar\u00e1 posse no dia 12 de fevereiro. Mois\u00e9s Magalh\u00e3es \u00e9 especialista em Engenharia de Seguran\u00e7a do Trabalho, Normaliza\u00e7\u00e3o de Medidas contra Inc\u00eandio, P\u00e2nico e Explos\u00f5es, al\u00e9m de ter experi\u00eancia em Gest\u00e3o Estrat\u00e9gica e Pol\u00edticas P\u00fablicas. Tamb\u00e9m leciona e orienta no Curso de P\u00f3s-Gradua\u00e7\u00e3o em Gest\u00e3o Estrat\u00e9gica e Pol\u00edticas P\u00fablicas da Academia de Bombeiros Militar.<\/p>\n","protected":false},"excerpt":{"rendered":"<p>O Corpo de Bombeiros Militar de Minas Gerais (CBMMG) realizou, na manh\u00e3 de ter\u00e7a-feira (4\/2\/2025), a solenidade de troca de comando. Pela primeira vez em 113 anos de hist\u00f3ria da corpora\u00e7\u00e3o, a chefia ser\u00e1 assumida por uma mulher: a coronel Jordana de Oliveira Filgueiras Daldegan. A coronel Jordana assume o comando-geral da institui\u00e7\u00e3o no lugar [&hellip;]<\/p>\n","protected":false},"author":4,"featured_media":197114,"comment_status":"open","ping_status":"closed","sticky":false,"template":"","format":"standard","meta":{"amp_status":"","footnotes":""},"categories":[123],"tags":[29660,270847,270848,31706,271438,270851,1018,270850,178207,270849],"class_list":["post-197113","post","type-post","status-publish","format-standard","has-post-thumbnail","hentry","category-gerais","tag-cbmmg","tag-coronel-jordana-de-oliveira-filgueiras-daldegan","tag-coronel-moises-magalhaes-de-souza","tag-corpo-de-bombeiros-de-minas-gerais","tag-corpo-de-bombeiros-de-minas-gerais-tem-primeira-comandante-mulher-em-113-anos-de-historia","tag-daniela-lopes-rocha-da-costa","tag-destaque","tag-erlon-dias-do-nascimento-botelho","tag-romeu-zema","tag-uma-mulher-vai-comandar-o-corpo-de-bombeiros-de-minas-gerais-pela-primeira-vez-na-historia"],"yoast_head":"<!-- This site is optimized with the Yoast SEO plugin v28.3 - https:\/\/yoast.com\/product\/yoast-seo-wordpress\/ -->\n<title>Corpo de Bombeiros de Minas Gerais tem primeira comandante mulher em 113 anos de hist\u00f3ria - Aconteceu no Vale<\/title>\n<meta name=\"robots\" content=\"index, follow, max-snippet:-1, max-image-preview:large, max-video-preview:-1\" \/>\n<link rel=\"canonical\" href=\"https:\/\/aconteceunovale.com.br\/portal\/?p=197113\" \/>\n<meta property=\"og:locale\" content=\"pt_BR\" \/>\n<meta property=\"og:type\" content=\"article\" \/>\n<meta property=\"og:title\" content=\"Corpo de Bombeiros de Minas Gerais tem primeira comandante mulher em 113 anos de hist\u00f3ria - Aconteceu no Vale\" \/>\n<meta property=\"og:description\" content=\"O Corpo de Bombeiros Militar de Minas Gerais (CBMMG) realizou, na manh\u00e3 de ter\u00e7a-feira (4\/2\/2025), a solenidade de troca de comando. Pela primeira vez em 113 anos de hist\u00f3ria da corpora\u00e7\u00e3o, a chefia ser\u00e1 assumida por uma mulher: a coronel Jordana de Oliveira Filgueiras Daldegan. A coronel Jordana assume o comando-geral da institui\u00e7\u00e3o no lugar [&hellip;]\" \/>\n<meta property=\"og:url\" content=\"https:\/\/aconteceunovale.com.br\/portal\/?p=197113\" \/>\n<meta property=\"og:site_name\" content=\"Aconteceu no Vale\" \/>\n<meta property=\"article:publisher\" content=\"https:\/\/www.facebook.com\/aconteceunovale\/\" \/>\n<meta property=\"article:published_time\" content=\"2025-02-05T14:33:53+00:00\" \/>\n<meta property=\"article:modified_time\" content=\"2025-02-05T14:34:35+00:00\" \/>\n<meta property=\"og:image\" content=\"https:\/\/aconteceunovale.com.br\/portal\/wp-content\/uploads\/2025\/02\/troca_de_comando_cbmmg.jpg\" \/>\n\t<meta property=\"og:image:width\" content=\"675\" \/>\n\t<meta property=\"og:image:height\" content=\"450\" \/>\n\t<meta property=\"og:image:type\" content=\"image\/jpeg\" \/>\n<meta name=\"author\" content=\"Reda\u00e7\u00e3o Aconteceu no Vale\" \/>\n<meta name=\"twitter:card\" content=\"summary_large_image\" \/>\n<meta name=\"twitter:creator\" content=\"@noticiadosvales\" \/>\n<meta name=\"twitter:site\" content=\"@noticiadosvales\" \/>\n<meta name=\"twitter:label1\" content=\"Escrito por\" \/>\n\t<meta name=\"twitter:data1\" content=\"Reda\u00e7\u00e3o Aconteceu no Vale\" \/>\n\t<meta name=\"twitter:label2\" content=\"Est. tempo de leitura\" \/>\n\t<meta name=\"twitter:data2\" content=\"2 minutos\" \/>\n<script type=\"application\/ld+json\" class=\"yoast-schema-graph\">{\"@context\":\"https:\\\/\\\/schema.org\",\"@graph\":[{\"@type\":\"Article\",\"@id\":\"https:\\\/\\\/aconteceunovale.com.br\\\/portal\\\/?p=197113#article\",\"isPartOf\":{\"@id\":\"https:\\\/\\\/aconteceunovale.com.br\\\/portal\\\/?p=197113\"},\"author\":{\"name\":\"Reda\u00e7\u00e3o Aconteceu no Vale\",\"@id\":\"https:\\\/\\\/aconteceunovale.com.br\\\/portal\\\/#\\\/schema\\\/person\\\/7d2f26d1483f8a63de73da1ee0754d35\"},\"headline\":\"Corpo de Bombeiros de Minas Gerais tem primeira comandante mulher em 113 anos de hist\u00f3ria\",\"datePublished\":\"2025-02-05T14:33:53+00:00\",\"dateModified\":\"2025-02-05T14:34:35+00:00\",\"mainEntityOfPage\":{\"@id\":\"https:\\\/\\\/aconteceunovale.com.br\\\/portal\\\/?p=197113\"},\"wordCount\":455,\"commentCount\":0,\"image\":{\"@id\":\"https:\\\/\\\/aconteceunovale.com.br\\\/portal\\\/?p=197113#primaryimage\"},\"thumbnailUrl\":\"https:\\\/\\\/aconteceunovale.com.br\\\/portal\\\/wp-content\\\/uploads\\\/2025\\\/02\\\/troca_de_comando_cbmmg.jpg\",\"keywords\":[\"CBMMG\",\"Coronel Jordana de Oliveira Filgueiras Daldegan\",\"Coronel Mois\u00e9s Magalh\u00e3es de Souza\",\"Corpo de bombeiros de minas gerais\",\"Corpo de Bombeiros de Minas Gerais tem primeira comandante mulher em 113 anos de hist\u00f3ria\",\"Daniela Lopes Rocha da Costa\",\"destaque\",\"Erlon Dias do Nascimento Botelho\",\"Romeu Zema\",\"Uma mulher vai comandar o Corpo de Bombeiros de Minas Gerais pela primeira vez na hist\u00f3ria\"],\"articleSection\":[\"Minas Gerais\"],\"inLanguage\":\"pt-BR\",\"potentialAction\":[{\"@type\":\"CommentAction\",\"name\":\"Comment\",\"target\":[\"https:\\\/\\\/aconteceunovale.com.br\\\/portal\\\/?p=197113#respond\"]}]},{\"@type\":\"WebPage\",\"@id\":\"https:\\\/\\\/aconteceunovale.com.br\\\/portal\\\/?p=197113\",\"url\":\"https:\\\/\\\/aconteceunovale.com.br\\\/portal\\\/?p=197113\",\"name\":\"Corpo de Bombeiros de Minas Gerais tem primeira comandante mulher em 113 anos de hist\u00f3ria - Aconteceu no Vale\",\"isPartOf\":{\"@id\":\"https:\\\/\\\/aconteceunovale.com.br\\\/portal\\\/#website\"},\"primaryImageOfPage\":{\"@id\":\"https:\\\/\\\/aconteceunovale.com.br\\\/portal\\\/?p=197113#primaryimage\"},\"image\":{\"@id\":\"https:\\\/\\\/aconteceunovale.com.br\\\/portal\\\/?p=197113#primaryimage\"},\"thumbnailUrl\":\"https:\\\/\\\/aconteceunovale.com.br\\\/portal\\\/wp-content\\\/uploads\\\/2025\\\/02\\\/troca_de_comando_cbmmg.jpg\",\"datePublished\":\"2025-02-05T14:33:53+00:00\",\"dateModified\":\"2025-02-05T14:34:35+00:00\",\"author\":{\"@id\":\"https:\\\/\\\/aconteceunovale.com.br\\\/portal\\\/#\\\/schema\\\/person\\\/7d2f26d1483f8a63de73da1ee0754d35\"},\"breadcrumb\":{\"@id\":\"https:\\\/\\\/aconteceunovale.com.br\\\/portal\\\/?p=197113#breadcrumb\"},\"inLanguage\":\"pt-BR\",\"potentialAction\":[{\"@type\":\"ReadAction\",\"target\":[\"https:\\\/\\\/aconteceunovale.com.br\\\/portal\\\/?p=197113\"]}]},{\"@type\":\"ImageObject\",\"inLanguage\":\"pt-BR\",\"@id\":\"https:\\\/\\\/aconteceunovale.com.br\\\/portal\\\/?p=197113#primaryimage\",\"url\":\"https:\\\/\\\/aconteceunovale.com.br\\\/portal\\\/wp-content\\\/uploads\\\/2025\\\/02\\\/troca_de_comando_cbmmg.jpg\",\"contentUrl\":\"https:\\\/\\\/aconteceunovale.com.br\\\/portal\\\/wp-content\\\/uploads\\\/2025\\\/02\\\/troca_de_comando_cbmmg.jpg\",\"width\":675,\"height\":450,\"caption\":\"Foto: Dirceu Aur\u00e9lio \\\/ Imprensa MG\"},{\"@type\":\"BreadcrumbList\",\"@id\":\"https:\\\/\\\/aconteceunovale.com.br\\\/portal\\\/?p=197113#breadcrumb\",\"itemListElement\":[{\"@type\":\"ListItem\",\"position\":1,\"name\":\"In\u00edcio\",\"item\":\"https:\\\/\\\/aconteceunovale.com.br\\\/portal\\\/\"},{\"@type\":\"ListItem\",\"position\":2,\"name\":\"Corpo de Bombeiros de Minas Gerais tem primeira comandante mulher em 113 anos de hist\u00f3ria\"}]},{\"@type\":\"WebSite\",\"@id\":\"https:\\\/\\\/aconteceunovale.com.br\\\/portal\\\/#website\",\"url\":\"https:\\\/\\\/aconteceunovale.com.br\\\/portal\\\/\",\"name\":\"Aconteceu no Vale\",\"description\":\"Portal de Not\u00edcias\",\"potentialAction\":[{\"@type\":\"SearchAction\",\"target\":{\"@type\":\"EntryPoint\",\"urlTemplate\":\"https:\\\/\\\/aconteceunovale.com.br\\\/portal\\\/?s={search_term_string}\"},\"query-input\":{\"@type\":\"PropertyValueSpecification\",\"valueRequired\":true,\"valueName\":\"search_term_string\"}}],\"inLanguage\":\"pt-BR\"},{\"@type\":\"Person\",\"@id\":\"https:\\\/\\\/aconteceunovale.com.br\\\/portal\\\/#\\\/schema\\\/person\\\/7d2f26d1483f8a63de73da1ee0754d35\",\"name\":\"Reda\u00e7\u00e3o Aconteceu no Vale\",\"description\":\"Equipe de reportagem do Aconteceu no Vale, portal de not\u00edcias do Vale do Jequitinhonha, em Minas Gerais. Cobrimos as 51 cidades do Vale desde 2013. Sugest\u00f5es de pauta e pedidos de corre\u00e7\u00e3o: contato@aconteceunovale.com.br\",\"url\":\"https:\\\/\\\/aconteceunovale.com.br\\\/portal\\\/?author=4\"}]}<\/script>\n<!-- \/ Yoast SEO plugin. -->","yoast_head_json":{"title":"Corpo de Bombeiros de Minas Gerais tem primeira comandante mulher em 113 anos de hist\u00f3ria - Aconteceu no Vale","robots":{"index":"index","follow":"follow","max-snippet":"max-snippet:-1","max-image-preview":"max-image-preview:large","max-video-preview":"max-video-preview:-1"},"canonical":"https:\/\/aconteceunovale.com.br\/portal\/?p=197113","og_locale":"pt_BR","og_type":"article","og_title":"Corpo de Bombeiros de Minas Gerais tem primeira comandante mulher em 113 anos de hist\u00f3ria - Aconteceu no Vale","og_description":"O Corpo de Bombeiros Militar de Minas Gerais (CBMMG) realizou, na manh\u00e3 de ter\u00e7a-feira (4\/2\/2025), a solenidade de troca de comando. Pela primeira vez em 113 anos de hist\u00f3ria da corpora\u00e7\u00e3o, a chefia ser\u00e1 assumida por uma mulher: a coronel Jordana de Oliveira Filgueiras Daldegan. A coronel Jordana assume o comando-geral da institui\u00e7\u00e3o no lugar [&hellip;]","og_url":"https:\/\/aconteceunovale.com.br\/portal\/?p=197113","og_site_name":"Aconteceu no Vale","article_publisher":"https:\/\/www.facebook.com\/aconteceunovale\/","article_published_time":"2025-02-05T14:33:53+00:00","article_modified_time":"2025-02-05T14:34:35+00:00","og_image":[{"width":675,"height":450,"url":"https:\/\/aconteceunovale.com.br\/portal\/wp-content\/uploads\/2025\/02\/troca_de_comando_cbmmg.jpg","type":"image\/jpeg"}],"author":"Reda\u00e7\u00e3o Aconteceu no Vale","twitter_card":"summary_large_image","twitter_creator":"@noticiadosvales","twitter_site":"@noticiadosvales","twitter_misc":{"Escrito por":"Reda\u00e7\u00e3o Aconteceu no Vale","Est. tempo de leitura":"2 minutos"},"schema":{"@context":"https:\/\/schema.org","@graph":[{"@type":"Article","@id":"https:\/\/aconteceunovale.com.br\/portal\/?p=197113#article","isPartOf":{"@id":"https:\/\/aconteceunovale.com.br\/portal\/?p=197113"},"author":{"name":"Reda\u00e7\u00e3o Aconteceu no Vale","@id":"https:\/\/aconteceunovale.com.br\/portal\/#\/schema\/person\/7d2f26d1483f8a63de73da1ee0754d35"},"headline":"Corpo de Bombeiros de Minas Gerais tem primeira comandante mulher em 113 anos de hist\u00f3ria","datePublished":"2025-02-05T14:33:53+00:00","dateModified":"2025-02-05T14:34:35+00:00","mainEntityOfPage":{"@id":"https:\/\/aconteceunovale.com.br\/portal\/?p=197113"},"wordCount":455,"commentCount":0,"image":{"@id":"https:\/\/aconteceunovale.com.br\/portal\/?p=197113#primaryimage"},"thumbnailUrl":"https:\/\/aconteceunovale.com.br\/portal\/wp-content\/uploads\/2025\/02\/troca_de_comando_cbmmg.jpg","keywords":["CBMMG","Coronel Jordana de Oliveira Filgueiras Daldegan","Coronel Mois\u00e9s Magalh\u00e3es de Souza","Corpo de bombeiros de minas gerais","Corpo de Bombeiros de Minas Gerais tem primeira comandante mulher em 113 anos de hist\u00f3ria","Daniela Lopes Rocha da Costa","destaque","Erlon Dias do Nascimento Botelho","Romeu Zema","Uma mulher vai comandar o Corpo de Bombeiros de Minas Gerais pela primeira vez na hist\u00f3ria"],"articleSection":["Minas Gerais"],"inLanguage":"pt-BR","potentialAction":[{"@type":"CommentAction","name":"Comment","target":["https:\/\/aconteceunovale.com.br\/portal\/?p=197113#respond"]}]},{"@type":"WebPage","@id":"https:\/\/aconteceunovale.com.br\/portal\/?p=197113","url":"https:\/\/aconteceunovale.com.br\/portal\/?p=197113","name":"Corpo de Bombeiros de Minas Gerais tem primeira comandante mulher em 113 anos de hist\u00f3ria - Aconteceu no Vale","isPartOf":{"@id":"https:\/\/aconteceunovale.com.br\/portal\/#website"},"primaryImageOfPage":{"@id":"https:\/\/aconteceunovale.com.br\/portal\/?p=197113#primaryimage"},"image":{"@id":"https:\/\/aconteceunovale.com.br\/portal\/?p=197113#primaryimage"},"thumbnailUrl":"https:\/\/aconteceunovale.com.br\/portal\/wp-content\/uploads\/2025\/02\/troca_de_comando_cbmmg.jpg","datePublished":"2025-02-05T14:33:53+00:00","dateModified":"2025-02-05T14:34:35+00:00","author":{"@id":"https:\/\/aconteceunovale.com.br\/portal\/#\/schema\/person\/7d2f26d1483f8a63de73da1ee0754d35"},"breadcrumb":{"@id":"https:\/\/aconteceunovale.com.br\/portal\/?p=197113#breadcrumb"},"inLanguage":"pt-BR","potentialAction":[{"@type":"ReadAction","target":["https:\/\/aconteceunovale.com.br\/portal\/?p=197113"]}]},{"@type":"ImageObject","inLanguage":"pt-BR","@id":"https:\/\/aconteceunovale.com.br\/portal\/?p=197113#primaryimage","url":"https:\/\/aconteceunovale.com.br\/portal\/wp-content\/uploads\/2025\/02\/troca_de_comando_cbmmg.jpg","contentUrl":"https:\/\/aconteceunovale.com.br\/portal\/wp-content\/uploads\/2025\/02\/troca_de_comando_cbmmg.jpg","width":675,"height":450,"caption":"Foto: Dirceu Aur\u00e9lio \/ Imprensa MG"},{"@type":"BreadcrumbList","@id":"https:\/\/aconteceunovale.com.br\/portal\/?p=197113#breadcrumb","itemListElement":[{"@type":"ListItem","position":1,"name":"In\u00edcio","item":"https:\/\/aconteceunovale.com.br\/portal\/"},{"@type":"ListItem","position":2,"name":"Corpo de Bombeiros de Minas Gerais tem primeira comandante mulher em 113 anos de hist\u00f3ria"}]},{"@type":"WebSite","@id":"https:\/\/aconteceunovale.com.br\/portal\/#website","url":"https:\/\/aconteceunovale.com.br\/portal\/","name":"Aconteceu no Vale","description":"Portal de Not\u00edcias","potentialAction":[{"@type":"SearchAction","target":{"@type":"EntryPoint","urlTemplate":"https:\/\/aconteceunovale.com.br\/portal\/?s={search_term_string}"},"query-input":{"@type":"PropertyValueSpecification","valueRequired":true,"valueName":"search_term_string"}}],"inLanguage":"pt-BR"},{"@type":"Person","@id":"https:\/\/aconteceunovale.com.br\/portal\/#\/schema\/person\/7d2f26d1483f8a63de73da1ee0754d35","name":"Reda\u00e7\u00e3o Aconteceu no Vale","description":"Equipe de reportagem do Aconteceu no Vale, portal de not\u00edcias do Vale do Jequitinhonha, em Minas Gerais. Cobrimos as 51 cidades do Vale desde 2013. Sugest\u00f5es de pauta e pedidos de corre\u00e7\u00e3o: contato@aconteceunovale.com.br","url":"https:\/\/aconteceunovale.com.br\/portal\/?author=4"}]}},"_links":{"self":[{"href":"https:\/\/aconteceunovale.com.br\/portal\/index.php?rest_route=\/wp\/v2\/posts\/197113","targetHints":{"allow":["GET"]}}],"collection":[{"href":"https:\/\/aconteceunovale.com.br\/portal\/index.php?rest_route=\/wp\/v2\/posts"}],"about":[{"href":"https:\/\/aconteceunovale.com.br\/portal\/index.php?rest_route=\/wp\/v2\/types\/post"}],"author":[{"embeddable":true,"href":"https:\/\/aconteceunovale.com.br\/portal\/index.php?rest_route=\/wp\/v2\/users\/4"}],"replies":[{"embeddable":true,"href":"https:\/\/aconteceunovale.com.br\/portal\/index.php?rest_route=%2Fwp%2Fv2%2Fcomments&post=197113"}],"version-history":[{"count":1,"href":"https:\/\/aconteceunovale.com.br\/portal\/index.php?rest_route=\/wp\/v2\/posts\/197113\/revisions"}],"predecessor-version":[{"id":197116,"href":"https:\/\/aconteceunovale.com.br\/portal\/index.php?rest_route=\/wp\/v2\/posts\/197113\/revisions\/197116"}],"wp:featuredmedia":[{"embeddable":true,"href":"https:\/\/aconteceunovale.com.br\/portal\/index.php?rest_route=\/wp\/v2\/media\/197114"}],"wp:attachment":[{"href":"https:\/\/aconteceunovale.com.br\/portal\/index.php?rest_route=%2Fwp%2Fv2%2Fmedia&parent=197113"}],"wp:term":[{"taxonomy":"category","embeddable":true,"href":"https:\/\/aconteceunovale.com.br\/portal\/index.php?rest_route=%2Fwp%2Fv2%2Fcategories&post=197113"},{"taxonomy":"post_tag","embeddable":true,"href":"https:\/\/aconteceunovale.com.br\/portal\/index.php?rest_route=%2Fwp%2Fv2%2Ftags&post=197113"}],"curies":[{"name":"wp","href":"https:\/\/api.w.org\/{rel}","templated":true}]}}