{"id":197077,"date":"2025-02-05T09:09:02","date_gmt":"2025-02-05T12:09:02","guid":{"rendered":"https:\/\/aconteceunovale.com.br\/portal\/?p=197077"},"modified":"2025-02-05T09:09:59","modified_gmt":"2025-02-05T12:09:59","slug":"caminhao-tomba-na-br-365-e-motorista-fica-ferido","status":"publish","type":"post","link":"https:\/\/aconteceunovale.com.br\/portal\/?p=197077","title":{"rendered":"Caminh\u00e3o tomba na BR-365 e motorista fica ferido"},"content":{"rendered":"\n<p class=\"wp-block-paragraph\">Um caminh\u00e3o carregado com caixas de manga tombou na BR-365, pr\u00f3ximo ao trevo de Jequita\u00ed (MG), na madrugada desta quarta-feira (5\/2\/2025). O acidente aconteceu por volta das 5h30, quando o ve\u00edculo seguia em dire\u00e7\u00e3o a S\u00e3o Paulo.<\/p>\n\n\n\n<p class=\"wp-block-paragraph\">Com o impacto, parte da carga ficou espalhada pela rodovia. Uma equipe do Servi\u00e7o de Atendimento M\u00f3vel de Urg\u00eancia (SAMU) foi acionada para prestar socorro ao motorista, um jovem de 21 anos. Ele recebeu atendimento no local e foi encaminhado ao hospital de Jequita\u00ed, apresentando escoria\u00e7\u00f5es pelo corpo e queixas de dor na perna.<\/p>\n\n\n\n<p class=\"wp-block-paragraph\">A causa do acidente ainda n\u00e3o foi divulgada. Autoridades competentes investigam as circunst\u00e2ncias da ocorr\u00eancia.<\/p>\n\n\n\n<figure class=\"wp-block-gallery has-nested-images columns-2 is-cropped wp-block-gallery-1 is-layout-flex wp-block-gallery-is-layout-flex\">\n<figure class=\"wp-block-image size-large\"><img loading=\"lazy\" decoding=\"async\" width=\"600\" height=\"450\" data-id=\"197078\" src=\"https:\/\/aconteceunovale.com.br\/portal\/wp-content\/uploads\/2025\/02\/acidente_manga_jequitai_3.jpg\" alt=\"\" class=\"wp-image-197078\" srcset=\"https:\/\/aconteceunovale.com.br\/portal\/wp-content\/uploads\/2025\/02\/acidente_manga_jequitai_3.jpg 600w, https:\/\/aconteceunovale.com.br\/portal\/wp-content\/uploads\/2025\/02\/acidente_manga_jequitai_3-300x225.jpg 300w, https:\/\/aconteceunovale.com.br\/portal\/wp-content\/uploads\/2025\/02\/acidente_manga_jequitai_3-80x60.jpg 80w, https:\/\/aconteceunovale.com.br\/portal\/wp-content\/uploads\/2025\/02\/acidente_manga_jequitai_3-265x198.jpg 265w, https:\/\/aconteceunovale.com.br\/portal\/wp-content\/uploads\/2025\/02\/acidente_manga_jequitai_3-560x420.jpg 560w\" sizes=\"auto, (max-width: 600px) 100vw, 600px\" \/><figcaption class=\"wp-element-caption\"><em>Foto: Divulga\u00e7\u00e3o \/ Samu Macro Norte<\/em><\/figcaption><\/figure>\n\n\n\n<figure class=\"wp-block-image size-large\"><img loading=\"lazy\" decoding=\"async\" width=\"600\" height=\"450\" data-id=\"197079\" src=\"https:\/\/aconteceunovale.com.br\/portal\/wp-content\/uploads\/2025\/02\/acidente_manga_jequitai_2.jpg\" alt=\"\" class=\"wp-image-197079\" srcset=\"https:\/\/aconteceunovale.com.br\/portal\/wp-content\/uploads\/2025\/02\/acidente_manga_jequitai_2.jpg 600w, https:\/\/aconteceunovale.com.br\/portal\/wp-content\/uploads\/2025\/02\/acidente_manga_jequitai_2-300x225.jpg 300w, https:\/\/aconteceunovale.com.br\/portal\/wp-content\/uploads\/2025\/02\/acidente_manga_jequitai_2-80x60.jpg 80w, https:\/\/aconteceunovale.com.br\/portal\/wp-content\/uploads\/2025\/02\/acidente_manga_jequitai_2-265x198.jpg 265w, https:\/\/aconteceunovale.com.br\/portal\/wp-content\/uploads\/2025\/02\/acidente_manga_jequitai_2-560x420.jpg 560w\" sizes=\"auto, (max-width: 600px) 100vw, 600px\" \/><figcaption class=\"wp-element-caption\"><em>Foto: Divulga\u00e7\u00e3o \/ Samu Macro Norte<\/em><\/figcaption><\/figure>\n\n\n\n<figure class=\"wp-block-image size-large\"><img loading=\"lazy\" decoding=\"async\" width=\"600\" height=\"450\" data-id=\"197080\" src=\"https:\/\/aconteceunovale.com.br\/portal\/wp-content\/uploads\/2025\/02\/acidente_manga_jequitai_1.jpg\" alt=\"\" class=\"wp-image-197080\" srcset=\"https:\/\/aconteceunovale.com.br\/portal\/wp-content\/uploads\/2025\/02\/acidente_manga_jequitai_1.jpg 600w, https:\/\/aconteceunovale.com.br\/portal\/wp-content\/uploads\/2025\/02\/acidente_manga_jequitai_1-300x225.jpg 300w, https:\/\/aconteceunovale.com.br\/portal\/wp-content\/uploads\/2025\/02\/acidente_manga_jequitai_1-80x60.jpg 80w, https:\/\/aconteceunovale.com.br\/portal\/wp-content\/uploads\/2025\/02\/acidente_manga_jequitai_1-265x198.jpg 265w, https:\/\/aconteceunovale.com.br\/portal\/wp-content\/uploads\/2025\/02\/acidente_manga_jequitai_1-560x420.jpg 560w\" sizes=\"auto, (max-width: 600px) 100vw, 600px\" \/><figcaption class=\"wp-element-caption\"><em>Foto: Divulga\u00e7\u00e3o \/ Samu Macro Norte<\/em><\/figcaption><\/figure>\n<\/figure>\n","protected":false},"excerpt":{"rendered":"<p>Um caminh\u00e3o carregado com caixas de manga tombou na BR-365, pr\u00f3ximo ao trevo de Jequita\u00ed (MG), na madrugada desta quarta-feira (5\/2\/2025). O acidente aconteceu por volta das 5h30, quando o ve\u00edculo seguia em dire\u00e7\u00e3o a S\u00e3o Paulo. Com o impacto, parte da carga ficou espalhada pela rodovia. Uma equipe do Servi\u00e7o de Atendimento M\u00f3vel de [&hellip;]<\/p>\n","protected":false},"author":4,"featured_media":197080,"comment_status":"open","ping_status":"closed","sticky":false,"template":"","format":"standard","meta":{"amp_status":"","footnotes":""},"categories":[1236],"tags":[271401,207970,229906,271400,271399,3724],"class_list":["post-197077","post","type-post","status-publish","format-standard","has-post-thumbnail","hentry","category-norte_de_minas","tag-acidente-com-caminhao-carregado-de-manga-na-br-365","tag-acidente-na-br-365-2","tag-acidente-perto-de-jequitai","tag-acidente-perto-do-trevo-de-jequitai","tag-caminhao-tomba-na-br-365-e-motorista-fica-ferido","tag-jequitai"],"yoast_head":"<!-- This site is optimized with the Yoast SEO plugin v28.3 - https:\/\/yoast.com\/product\/yoast-seo-wordpress\/ -->\n<title>Caminh\u00e3o tomba na BR-365 e motorista fica ferido - Aconteceu no Vale<\/title>\n<meta name=\"robots\" content=\"index, follow, max-snippet:-1, max-image-preview:large, max-video-preview:-1\" \/>\n<link rel=\"canonical\" href=\"https:\/\/aconteceunovale.com.br\/portal\/?p=197077\" \/>\n<meta property=\"og:locale\" content=\"pt_BR\" \/>\n<meta property=\"og:type\" content=\"article\" \/>\n<meta property=\"og:title\" content=\"Caminh\u00e3o tomba na BR-365 e motorista fica ferido - Aconteceu no Vale\" \/>\n<meta property=\"og:description\" content=\"Um caminh\u00e3o carregado com caixas de manga tombou na BR-365, pr\u00f3ximo ao trevo de Jequita\u00ed (MG), na madrugada desta quarta-feira (5\/2\/2025). O acidente aconteceu por volta das 5h30, quando o ve\u00edculo seguia em dire\u00e7\u00e3o a S\u00e3o Paulo. Com o impacto, parte da carga ficou espalhada pela rodovia. Uma equipe do Servi\u00e7o de Atendimento M\u00f3vel de [&hellip;]\" \/>\n<meta property=\"og:url\" content=\"https:\/\/aconteceunovale.com.br\/portal\/?p=197077\" \/>\n<meta property=\"og:site_name\" content=\"Aconteceu no Vale\" \/>\n<meta property=\"article:publisher\" content=\"https:\/\/www.facebook.com\/aconteceunovale\/\" \/>\n<meta property=\"article:published_time\" content=\"2025-02-05T12:09:02+00:00\" \/>\n<meta property=\"article:modified_time\" content=\"2025-02-05T12:09:59+00:00\" \/>\n<meta property=\"og:image\" content=\"https:\/\/aconteceunovale.com.br\/portal\/wp-content\/uploads\/2025\/02\/acidente_manga_jequitai_1.jpg\" \/>\n\t<meta property=\"og:image:width\" content=\"600\" \/>\n\t<meta property=\"og:image:height\" content=\"450\" \/>\n\t<meta property=\"og:image:type\" content=\"image\/jpeg\" \/>\n<meta name=\"author\" content=\"Reda\u00e7\u00e3o Aconteceu no Vale\" \/>\n<meta name=\"twitter:card\" content=\"summary_large_image\" \/>\n<meta name=\"twitter:creator\" content=\"@noticiadosvales\" \/>\n<meta name=\"twitter:site\" content=\"@noticiadosvales\" \/>\n<meta name=\"twitter:label1\" content=\"Escrito por\" \/>\n\t<meta name=\"twitter:data1\" content=\"Reda\u00e7\u00e3o Aconteceu no Vale\" \/>\n\t<meta name=\"twitter:label2\" content=\"Est. tempo de leitura\" \/>\n\t<meta name=\"twitter:data2\" content=\"1 minuto\" \/>\n<script type=\"application\/ld+json\" class=\"yoast-schema-graph\">{\"@context\":\"https:\\\/\\\/schema.org\",\"@graph\":[{\"@type\":\"Article\",\"@id\":\"https:\\\/\\\/aconteceunovale.com.br\\\/portal\\\/?p=197077#article\",\"isPartOf\":{\"@id\":\"https:\\\/\\\/aconteceunovale.com.br\\\/portal\\\/?p=197077\"},\"author\":{\"name\":\"Reda\u00e7\u00e3o Aconteceu no Vale\",\"@id\":\"https:\\\/\\\/aconteceunovale.com.br\\\/portal\\\/#\\\/schema\\\/person\\\/7d2f26d1483f8a63de73da1ee0754d35\"},\"headline\":\"Caminh\u00e3o tomba na BR-365 e motorista fica ferido\",\"datePublished\":\"2025-02-05T12:09:02+00:00\",\"dateModified\":\"2025-02-05T12:09:59+00:00\",\"mainEntityOfPage\":{\"@id\":\"https:\\\/\\\/aconteceunovale.com.br\\\/portal\\\/?p=197077\"},\"wordCount\":143,\"commentCount\":0,\"image\":{\"@id\":\"https:\\\/\\\/aconteceunovale.com.br\\\/portal\\\/?p=197077#primaryimage\"},\"thumbnailUrl\":\"https:\\\/\\\/aconteceunovale.com.br\\\/portal\\\/wp-content\\\/uploads\\\/2025\\\/02\\\/acidente_manga_jequitai_1.jpg\",\"keywords\":[\"Acidente com caminh\u00e3o carregado de manga na BR-365\",\"Acidente na BR-365\",\"Acidente perto de Jequita\u00ed\",\"Acidente perto do trevo de Jequita\u00ed\",\"Caminh\u00e3o tomba na BR-365 e motorista fica ferido\",\"Jequita\u00ed\"],\"articleSection\":[\"Norte de Minas\"],\"inLanguage\":\"pt-BR\",\"potentialAction\":[{\"@type\":\"CommentAction\",\"name\":\"Comment\",\"target\":[\"https:\\\/\\\/aconteceunovale.com.br\\\/portal\\\/?p=197077#respond\"]}]},{\"@type\":\"WebPage\",\"@id\":\"https:\\\/\\\/aconteceunovale.com.br\\\/portal\\\/?p=197077\",\"url\":\"https:\\\/\\\/aconteceunovale.com.br\\\/portal\\\/?p=197077\",\"name\":\"Caminh\u00e3o tomba na BR-365 e motorista fica ferido - Aconteceu no Vale\",\"isPartOf\":{\"@id\":\"https:\\\/\\\/aconteceunovale.com.br\\\/portal\\\/#website\"},\"primaryImageOfPage\":{\"@id\":\"https:\\\/\\\/aconteceunovale.com.br\\\/portal\\\/?p=197077#primaryimage\"},\"image\":{\"@id\":\"https:\\\/\\\/aconteceunovale.com.br\\\/portal\\\/?p=197077#primaryimage\"},\"thumbnailUrl\":\"https:\\\/\\\/aconteceunovale.com.br\\\/portal\\\/wp-content\\\/uploads\\\/2025\\\/02\\\/acidente_manga_jequitai_1.jpg\",\"datePublished\":\"2025-02-05T12:09:02+00:00\",\"dateModified\":\"2025-02-05T12:09:59+00:00\",\"author\":{\"@id\":\"https:\\\/\\\/aconteceunovale.com.br\\\/portal\\\/#\\\/schema\\\/person\\\/7d2f26d1483f8a63de73da1ee0754d35\"},\"breadcrumb\":{\"@id\":\"https:\\\/\\\/aconteceunovale.com.br\\\/portal\\\/?p=197077#breadcrumb\"},\"inLanguage\":\"pt-BR\",\"potentialAction\":[{\"@type\":\"ReadAction\",\"target\":[\"https:\\\/\\\/aconteceunovale.com.br\\\/portal\\\/?p=197077\"]}]},{\"@type\":\"ImageObject\",\"inLanguage\":\"pt-BR\",\"@id\":\"https:\\\/\\\/aconteceunovale.com.br\\\/portal\\\/?p=197077#primaryimage\",\"url\":\"https:\\\/\\\/aconteceunovale.com.br\\\/portal\\\/wp-content\\\/uploads\\\/2025\\\/02\\\/acidente_manga_jequitai_1.jpg\",\"contentUrl\":\"https:\\\/\\\/aconteceunovale.com.br\\\/portal\\\/wp-content\\\/uploads\\\/2025\\\/02\\\/acidente_manga_jequitai_1.jpg\",\"width\":600,\"height\":450,\"caption\":\"Foto: Divulga\u00e7\u00e3o \\\/ Samu Macro Norte\"},{\"@type\":\"BreadcrumbList\",\"@id\":\"https:\\\/\\\/aconteceunovale.com.br\\\/portal\\\/?p=197077#breadcrumb\",\"itemListElement\":[{\"@type\":\"ListItem\",\"position\":1,\"name\":\"In\u00edcio\",\"item\":\"https:\\\/\\\/aconteceunovale.com.br\\\/portal\\\/\"},{\"@type\":\"ListItem\",\"position\":2,\"name\":\"Caminh\u00e3o tomba na BR-365 e motorista fica ferido\"}]},{\"@type\":\"WebSite\",\"@id\":\"https:\\\/\\\/aconteceunovale.com.br\\\/portal\\\/#website\",\"url\":\"https:\\\/\\\/aconteceunovale.com.br\\\/portal\\\/\",\"name\":\"Aconteceu no Vale\",\"description\":\"Portal de Not\u00edcias\",\"potentialAction\":[{\"@type\":\"SearchAction\",\"target\":{\"@type\":\"EntryPoint\",\"urlTemplate\":\"https:\\\/\\\/aconteceunovale.com.br\\\/portal\\\/?s={search_term_string}\"},\"query-input\":{\"@type\":\"PropertyValueSpecification\",\"valueRequired\":true,\"valueName\":\"search_term_string\"}}],\"inLanguage\":\"pt-BR\"},{\"@type\":\"Person\",\"@id\":\"https:\\\/\\\/aconteceunovale.com.br\\\/portal\\\/#\\\/schema\\\/person\\\/7d2f26d1483f8a63de73da1ee0754d35\",\"name\":\"Reda\u00e7\u00e3o Aconteceu no Vale\",\"description\":\"Equipe de reportagem do Aconteceu no Vale, portal de not\u00edcias do Vale do Jequitinhonha, em Minas Gerais. Cobrimos as 51 cidades do Vale desde 2013. Sugest\u00f5es de pauta e pedidos de corre\u00e7\u00e3o: contato@aconteceunovale.com.br\",\"url\":\"https:\\\/\\\/aconteceunovale.com.br\\\/portal\\\/?author=4\"}]}<\/script>\n<!-- \/ Yoast SEO plugin. -->","yoast_head_json":{"title":"Caminh\u00e3o tomba na BR-365 e motorista fica ferido - Aconteceu no Vale","robots":{"index":"index","follow":"follow","max-snippet":"max-snippet:-1","max-image-preview":"max-image-preview:large","max-video-preview":"max-video-preview:-1"},"canonical":"https:\/\/aconteceunovale.com.br\/portal\/?p=197077","og_locale":"pt_BR","og_type":"article","og_title":"Caminh\u00e3o tomba na BR-365 e motorista fica ferido - Aconteceu no Vale","og_description":"Um caminh\u00e3o carregado com caixas de manga tombou na BR-365, pr\u00f3ximo ao trevo de Jequita\u00ed (MG), na madrugada desta quarta-feira (5\/2\/2025). O acidente aconteceu por volta das 5h30, quando o ve\u00edculo seguia em dire\u00e7\u00e3o a S\u00e3o Paulo. Com o impacto, parte da carga ficou espalhada pela rodovia. Uma equipe do Servi\u00e7o de Atendimento M\u00f3vel de [&hellip;]","og_url":"https:\/\/aconteceunovale.com.br\/portal\/?p=197077","og_site_name":"Aconteceu no Vale","article_publisher":"https:\/\/www.facebook.com\/aconteceunovale\/","article_published_time":"2025-02-05T12:09:02+00:00","article_modified_time":"2025-02-05T12:09:59+00:00","og_image":[{"width":600,"height":450,"url":"https:\/\/aconteceunovale.com.br\/portal\/wp-content\/uploads\/2025\/02\/acidente_manga_jequitai_1.jpg","type":"image\/jpeg"}],"author":"Reda\u00e7\u00e3o Aconteceu no Vale","twitter_card":"summary_large_image","twitter_creator":"@noticiadosvales","twitter_site":"@noticiadosvales","twitter_misc":{"Escrito por":"Reda\u00e7\u00e3o Aconteceu no Vale","Est. tempo de leitura":"1 minuto"},"schema":{"@context":"https:\/\/schema.org","@graph":[{"@type":"Article","@id":"https:\/\/aconteceunovale.com.br\/portal\/?p=197077#article","isPartOf":{"@id":"https:\/\/aconteceunovale.com.br\/portal\/?p=197077"},"author":{"name":"Reda\u00e7\u00e3o Aconteceu no Vale","@id":"https:\/\/aconteceunovale.com.br\/portal\/#\/schema\/person\/7d2f26d1483f8a63de73da1ee0754d35"},"headline":"Caminh\u00e3o tomba na BR-365 e motorista fica ferido","datePublished":"2025-02-05T12:09:02+00:00","dateModified":"2025-02-05T12:09:59+00:00","mainEntityOfPage":{"@id":"https:\/\/aconteceunovale.com.br\/portal\/?p=197077"},"wordCount":143,"commentCount":0,"image":{"@id":"https:\/\/aconteceunovale.com.br\/portal\/?p=197077#primaryimage"},"thumbnailUrl":"https:\/\/aconteceunovale.com.br\/portal\/wp-content\/uploads\/2025\/02\/acidente_manga_jequitai_1.jpg","keywords":["Acidente com caminh\u00e3o carregado de manga na BR-365","Acidente na BR-365","Acidente perto de Jequita\u00ed","Acidente perto do trevo de Jequita\u00ed","Caminh\u00e3o tomba na BR-365 e motorista fica ferido","Jequita\u00ed"],"articleSection":["Norte de Minas"],"inLanguage":"pt-BR","potentialAction":[{"@type":"CommentAction","name":"Comment","target":["https:\/\/aconteceunovale.com.br\/portal\/?p=197077#respond"]}]},{"@type":"WebPage","@id":"https:\/\/aconteceunovale.com.br\/portal\/?p=197077","url":"https:\/\/aconteceunovale.com.br\/portal\/?p=197077","name":"Caminh\u00e3o tomba na BR-365 e motorista fica ferido - Aconteceu no Vale","isPartOf":{"@id":"https:\/\/aconteceunovale.com.br\/portal\/#website"},"primaryImageOfPage":{"@id":"https:\/\/aconteceunovale.com.br\/portal\/?p=197077#primaryimage"},"image":{"@id":"https:\/\/aconteceunovale.com.br\/portal\/?p=197077#primaryimage"},"thumbnailUrl":"https:\/\/aconteceunovale.com.br\/portal\/wp-content\/uploads\/2025\/02\/acidente_manga_jequitai_1.jpg","datePublished":"2025-02-05T12:09:02+00:00","dateModified":"2025-02-05T12:09:59+00:00","author":{"@id":"https:\/\/aconteceunovale.com.br\/portal\/#\/schema\/person\/7d2f26d1483f8a63de73da1ee0754d35"},"breadcrumb":{"@id":"https:\/\/aconteceunovale.com.br\/portal\/?p=197077#breadcrumb"},"inLanguage":"pt-BR","potentialAction":[{"@type":"ReadAction","target":["https:\/\/aconteceunovale.com.br\/portal\/?p=197077"]}]},{"@type":"ImageObject","inLanguage":"pt-BR","@id":"https:\/\/aconteceunovale.com.br\/portal\/?p=197077#primaryimage","url":"https:\/\/aconteceunovale.com.br\/portal\/wp-content\/uploads\/2025\/02\/acidente_manga_jequitai_1.jpg","contentUrl":"https:\/\/aconteceunovale.com.br\/portal\/wp-content\/uploads\/2025\/02\/acidente_manga_jequitai_1.jpg","width":600,"height":450,"caption":"Foto: Divulga\u00e7\u00e3o \/ Samu Macro Norte"},{"@type":"BreadcrumbList","@id":"https:\/\/aconteceunovale.com.br\/portal\/?p=197077#breadcrumb","itemListElement":[{"@type":"ListItem","position":1,"name":"In\u00edcio","item":"https:\/\/aconteceunovale.com.br\/portal\/"},{"@type":"ListItem","position":2,"name":"Caminh\u00e3o tomba na BR-365 e motorista fica ferido"}]},{"@type":"WebSite","@id":"https:\/\/aconteceunovale.com.br\/portal\/#website","url":"https:\/\/aconteceunovale.com.br\/portal\/","name":"Aconteceu no Vale","description":"Portal de Not\u00edcias","potentialAction":[{"@type":"SearchAction","target":{"@type":"EntryPoint","urlTemplate":"https:\/\/aconteceunovale.com.br\/portal\/?s={search_term_string}"},"query-input":{"@type":"PropertyValueSpecification","valueRequired":true,"valueName":"search_term_string"}}],"inLanguage":"pt-BR"},{"@type":"Person","@id":"https:\/\/aconteceunovale.com.br\/portal\/#\/schema\/person\/7d2f26d1483f8a63de73da1ee0754d35","name":"Reda\u00e7\u00e3o Aconteceu no Vale","description":"Equipe de reportagem do Aconteceu no Vale, portal de not\u00edcias do Vale do Jequitinhonha, em Minas Gerais. Cobrimos as 51 cidades do Vale desde 2013. Sugest\u00f5es de pauta e pedidos de corre\u00e7\u00e3o: contato@aconteceunovale.com.br","url":"https:\/\/aconteceunovale.com.br\/portal\/?author=4"}]}},"_links":{"self":[{"href":"https:\/\/aconteceunovale.com.br\/portal\/index.php?rest_route=\/wp\/v2\/posts\/197077","targetHints":{"allow":["GET"]}}],"collection":[{"href":"https:\/\/aconteceunovale.com.br\/portal\/index.php?rest_route=\/wp\/v2\/posts"}],"about":[{"href":"https:\/\/aconteceunovale.com.br\/portal\/index.php?rest_route=\/wp\/v2\/types\/post"}],"author":[{"embeddable":true,"href":"https:\/\/aconteceunovale.com.br\/portal\/index.php?rest_route=\/wp\/v2\/users\/4"}],"replies":[{"embeddable":true,"href":"https:\/\/aconteceunovale.com.br\/portal\/index.php?rest_route=%2Fwp%2Fv2%2Fcomments&post=197077"}],"version-history":[{"count":1,"href":"https:\/\/aconteceunovale.com.br\/portal\/index.php?rest_route=\/wp\/v2\/posts\/197077\/revisions"}],"predecessor-version":[{"id":197081,"href":"https:\/\/aconteceunovale.com.br\/portal\/index.php?rest_route=\/wp\/v2\/posts\/197077\/revisions\/197081"}],"wp:featuredmedia":[{"embeddable":true,"href":"https:\/\/aconteceunovale.com.br\/portal\/index.php?rest_route=\/wp\/v2\/media\/197080"}],"wp:attachment":[{"href":"https:\/\/aconteceunovale.com.br\/portal\/index.php?rest_route=%2Fwp%2Fv2%2Fmedia&parent=197077"}],"wp:term":[{"taxonomy":"category","embeddable":true,"href":"https:\/\/aconteceunovale.com.br\/portal\/index.php?rest_route=%2Fwp%2Fv2%2Fcategories&post=197077"},{"taxonomy":"post_tag","embeddable":true,"href":"https:\/\/aconteceunovale.com.br\/portal\/index.php?rest_route=%2Fwp%2Fv2%2Ftags&post=197077"}],"curies":[{"name":"wp","href":"https:\/\/api.w.org\/{rel}","templated":true}]}}