{"id":197060,"date":"2025-02-04T18:55:10","date_gmt":"2025-02-04T21:55:10","guid":{"rendered":"https:\/\/aconteceunovale.com.br\/portal\/?p=197060"},"modified":"2025-02-04T18:56:28","modified_gmt":"2025-02-04T21:56:28","slug":"stj-decide-que-injuria-racial-se-aplica-apenas-a-ofensas-contra-pessoas-negras","status":"publish","type":"post","link":"https:\/\/aconteceunovale.com.br\/portal\/?p=197060","title":{"rendered":"STJ decide que inj\u00faria racial se aplica apenas a ofensas contra pessoas negras"},"content":{"rendered":"\n<p class=\"wp-block-paragraph\">A Sexta Turma do Superior Tribunal de Justi\u00e7a (STJ) decidiu, nesta ter\u00e7a-feira (4\/2\/2025), que o crime de inj\u00faria racial deve ser aplicado exclusivamente em casos de ofensas dirigidas a pessoas negras. Com essa decis\u00e3o, o colegiado rejeitou a tese conhecida como &#8220;racismo reverso&#8221;, que envolve ofensas proferidas por pessoas negras contra pessoas brancas.<\/p>\n\n\n\n<figure class=\"wp-block-gallery has-nested-images columns-default is-cropped wp-block-gallery-1 is-layout-flex wp-block-gallery-is-layout-flex\">\n<figure class=\"wp-block-image size-large\"><img loading=\"lazy\" decoding=\"async\" width=\"678\" height=\"406\" data-id=\"197061\" src=\"https:\/\/aconteceunovale.com.br\/portal\/wp-content\/uploads\/2025\/02\/stj_tribunal.png\" alt=\"\" class=\"wp-image-197061\" srcset=\"https:\/\/aconteceunovale.com.br\/portal\/wp-content\/uploads\/2025\/02\/stj_tribunal.png 678w, https:\/\/aconteceunovale.com.br\/portal\/wp-content\/uploads\/2025\/02\/stj_tribunal-300x180.png 300w\" sizes=\"auto, (max-width: 678px) 100vw, 678px\" \/><figcaption class=\"wp-element-caption\"><em>Foto: Marcello Casal Jr\/Ag\u00eancia Brasil\/Arquivo<\/em><\/figcaption><\/figure>\n<\/figure>\n\n\n\n<p class=\"wp-block-paragraph\">O julgamento ocorreu no caso de um homem branco, que foi chamado de &#8220;escravista cabe\u00e7a branca europeia&#8221;. O epis\u00f3dio, ocorrido em Alagoas, foi denunciado pelo Minist\u00e9rio P\u00fablico como inj\u00faria racial.<\/p>\n\n\n\n<p class=\"wp-block-paragraph\">Por unanimidade, os ministros do STJ entenderam que a inj\u00faria racial n\u00e3o se aplica quando ofensas s\u00e3o dirigidas a pessoas brancas por conta da cor da pele. Nessas situa\u00e7\u00f5es, deve ser considerado o crime de inj\u00faria simples.<\/p>\n\n\n\n<p class=\"wp-block-paragraph\">Conforme o ac\u00f3rd\u00e3o do julgamento, a Lei 7.716\/1989, que define os crimes de preconceito de ra\u00e7a ou de cor, tem o objetivo de proteger grupos historicamente discriminados.<\/p>\n\n\n\n<p class=\"wp-block-paragraph\">&#8220;O conceito de racismo reverso \u00e9 rejeitado, pois o racismo \u00e9 um fen\u00f4meno estrutural que historicamente afeta grupos minorit\u00e1rios, n\u00e3o se aplicando a grupos majorit\u00e1rios em posi\u00e7\u00f5es de poder&#8221;, decidiu o STJ.<\/p>\n\n\n\n<p class=\"wp-block-paragraph\">Com essa determina\u00e7\u00e3o do tribunal, o entendimento sobre a quest\u00e3o do &#8220;racismo reverso&#8221; poder\u00e1 ser aplicado pelas inst\u00e2ncias inferiores da Justi\u00e7a.<\/p>\n","protected":false},"excerpt":{"rendered":"<p>A Sexta Turma do Superior Tribunal de Justi\u00e7a (STJ) decidiu, nesta ter\u00e7a-feira (4\/2\/2025), que o crime de inj\u00faria racial deve ser aplicado exclusivamente em casos de ofensas dirigidas a pessoas negras. Com essa decis\u00e3o, o colegiado rejeitou a tese conhecida como &#8220;racismo reverso&#8221;, que envolve ofensas proferidas por pessoas negras contra pessoas brancas. O julgamento [&hellip;]<\/p>\n","protected":false},"author":4,"featured_media":197061,"comment_status":"open","ping_status":"closed","sticky":false,"template":"","format":"standard","meta":{"amp_status":"","footnotes":""},"categories":[6],"tags":[14724,271385,271383,253637,271389,253638,27655,271387,15072,271386,271388,61747,271384,88250],"class_list":["post-197060","post","type-post","status-publish","format-standard","has-post-thumbnail","hentry","category-br","tag-alagoas","tag-aplicacao-de-injuria-racial","tag-conceito-de-racismo-reverso","tag-crime-de-injuria-racial","tag-escravista-cabeca-branca-europeia","tag-injuria-racial","tag-ministerio-publico","tag-ofensa-contra-pessoas-negras","tag-racismo","tag-racismo-contra-pessoas-negras","tag-racismo-reverso","tag-stj","tag-stj-decide-que-injuria-racial-se-aplica-apenas-a-ofensas-contra-pessoas-negras","tag-superior-tribunal-de-justica"],"yoast_head":"<!-- This site is optimized with the Yoast SEO plugin v28.3 - https:\/\/yoast.com\/product\/yoast-seo-wordpress\/ -->\n<title>STJ decide que inj\u00faria racial se aplica apenas a ofensas contra pessoas negras - Aconteceu no Vale<\/title>\n<meta name=\"robots\" content=\"index, follow, max-snippet:-1, max-image-preview:large, max-video-preview:-1\" \/>\n<link rel=\"canonical\" href=\"https:\/\/aconteceunovale.com.br\/portal\/?p=197060\" \/>\n<meta property=\"og:locale\" content=\"pt_BR\" \/>\n<meta property=\"og:type\" content=\"article\" \/>\n<meta property=\"og:title\" content=\"STJ decide que inj\u00faria racial se aplica apenas a ofensas contra pessoas negras - Aconteceu no Vale\" \/>\n<meta property=\"og:description\" content=\"A Sexta Turma do Superior Tribunal de Justi\u00e7a (STJ) decidiu, nesta ter\u00e7a-feira (4\/2\/2025), que o crime de inj\u00faria racial deve ser aplicado exclusivamente em casos de ofensas dirigidas a pessoas negras. Com essa decis\u00e3o, o colegiado rejeitou a tese conhecida como &#8220;racismo reverso&#8221;, que envolve ofensas proferidas por pessoas negras contra pessoas brancas. O julgamento [&hellip;]\" \/>\n<meta property=\"og:url\" content=\"https:\/\/aconteceunovale.com.br\/portal\/?p=197060\" \/>\n<meta property=\"og:site_name\" content=\"Aconteceu no Vale\" \/>\n<meta property=\"article:publisher\" content=\"https:\/\/www.facebook.com\/aconteceunovale\/\" \/>\n<meta property=\"article:published_time\" content=\"2025-02-04T21:55:10+00:00\" \/>\n<meta property=\"article:modified_time\" content=\"2025-02-04T21:56:28+00:00\" \/>\n<meta property=\"og:image\" content=\"https:\/\/aconteceunovale.com.br\/portal\/wp-content\/uploads\/2025\/02\/stj_tribunal.png\" \/>\n\t<meta property=\"og:image:width\" content=\"678\" \/>\n\t<meta property=\"og:image:height\" content=\"406\" \/>\n\t<meta property=\"og:image:type\" content=\"image\/png\" \/>\n<meta name=\"author\" content=\"Reda\u00e7\u00e3o Aconteceu no Vale\" \/>\n<meta name=\"twitter:card\" content=\"summary_large_image\" \/>\n<meta name=\"twitter:creator\" content=\"@noticiadosvales\" \/>\n<meta name=\"twitter:site\" content=\"@noticiadosvales\" \/>\n<meta name=\"twitter:label1\" content=\"Escrito por\" \/>\n\t<meta name=\"twitter:data1\" content=\"Reda\u00e7\u00e3o Aconteceu no Vale\" \/>\n\t<meta name=\"twitter:label2\" content=\"Est. tempo de leitura\" \/>\n\t<meta name=\"twitter:data2\" content=\"1 minuto\" \/>\n<script type=\"application\/ld+json\" class=\"yoast-schema-graph\">{\"@context\":\"https:\\\/\\\/schema.org\",\"@graph\":[{\"@type\":\"Article\",\"@id\":\"https:\\\/\\\/aconteceunovale.com.br\\\/portal\\\/?p=197060#article\",\"isPartOf\":{\"@id\":\"https:\\\/\\\/aconteceunovale.com.br\\\/portal\\\/?p=197060\"},\"author\":{\"name\":\"Reda\u00e7\u00e3o Aconteceu no Vale\",\"@id\":\"https:\\\/\\\/aconteceunovale.com.br\\\/portal\\\/#\\\/schema\\\/person\\\/7d2f26d1483f8a63de73da1ee0754d35\"},\"headline\":\"STJ decide que inj\u00faria racial se aplica apenas a ofensas contra pessoas negras\",\"datePublished\":\"2025-02-04T21:55:10+00:00\",\"dateModified\":\"2025-02-04T21:56:28+00:00\",\"mainEntityOfPage\":{\"@id\":\"https:\\\/\\\/aconteceunovale.com.br\\\/portal\\\/?p=197060\"},\"wordCount\":244,\"commentCount\":0,\"image\":{\"@id\":\"https:\\\/\\\/aconteceunovale.com.br\\\/portal\\\/?p=197060#primaryimage\"},\"thumbnailUrl\":\"https:\\\/\\\/aconteceunovale.com.br\\\/portal\\\/wp-content\\\/uploads\\\/2025\\\/02\\\/stj_tribunal.png\",\"keywords\":[\"Alagoas\",\"Aplica\u00e7\u00e3o de inj\u00faria racial\",\"Conceito de racismo reverso\",\"Crime de inj\u00faria racial\",\"Escravista cabe\u00e7a branca europeia\",\"Inj\u00faria racial\",\"Minist\u00e9rio P\u00fablico\",\"Ofensa contra pessoas negras\",\"racismo\",\"Racismo contra pessoas negras\",\"Racismo reverso\",\"STJ\",\"STJ decide que inj\u00faria racial se aplica apenas a ofensas contra pessoas negras\",\"Superior Tribunal de Justi\u00e7a\"],\"articleSection\":[\"Brasil\"],\"inLanguage\":\"pt-BR\",\"potentialAction\":[{\"@type\":\"CommentAction\",\"name\":\"Comment\",\"target\":[\"https:\\\/\\\/aconteceunovale.com.br\\\/portal\\\/?p=197060#respond\"]}]},{\"@type\":\"WebPage\",\"@id\":\"https:\\\/\\\/aconteceunovale.com.br\\\/portal\\\/?p=197060\",\"url\":\"https:\\\/\\\/aconteceunovale.com.br\\\/portal\\\/?p=197060\",\"name\":\"STJ decide que inj\u00faria racial se aplica apenas a ofensas contra pessoas negras - Aconteceu no Vale\",\"isPartOf\":{\"@id\":\"https:\\\/\\\/aconteceunovale.com.br\\\/portal\\\/#website\"},\"primaryImageOfPage\":{\"@id\":\"https:\\\/\\\/aconteceunovale.com.br\\\/portal\\\/?p=197060#primaryimage\"},\"image\":{\"@id\":\"https:\\\/\\\/aconteceunovale.com.br\\\/portal\\\/?p=197060#primaryimage\"},\"thumbnailUrl\":\"https:\\\/\\\/aconteceunovale.com.br\\\/portal\\\/wp-content\\\/uploads\\\/2025\\\/02\\\/stj_tribunal.png\",\"datePublished\":\"2025-02-04T21:55:10+00:00\",\"dateModified\":\"2025-02-04T21:56:28+00:00\",\"author\":{\"@id\":\"https:\\\/\\\/aconteceunovale.com.br\\\/portal\\\/#\\\/schema\\\/person\\\/7d2f26d1483f8a63de73da1ee0754d35\"},\"breadcrumb\":{\"@id\":\"https:\\\/\\\/aconteceunovale.com.br\\\/portal\\\/?p=197060#breadcrumb\"},\"inLanguage\":\"pt-BR\",\"potentialAction\":[{\"@type\":\"ReadAction\",\"target\":[\"https:\\\/\\\/aconteceunovale.com.br\\\/portal\\\/?p=197060\"]}]},{\"@type\":\"ImageObject\",\"inLanguage\":\"pt-BR\",\"@id\":\"https:\\\/\\\/aconteceunovale.com.br\\\/portal\\\/?p=197060#primaryimage\",\"url\":\"https:\\\/\\\/aconteceunovale.com.br\\\/portal\\\/wp-content\\\/uploads\\\/2025\\\/02\\\/stj_tribunal.png\",\"contentUrl\":\"https:\\\/\\\/aconteceunovale.com.br\\\/portal\\\/wp-content\\\/uploads\\\/2025\\\/02\\\/stj_tribunal.png\",\"width\":678,\"height\":406,\"caption\":\"Foto: Marcello Casal Jr\\\/Ag\u00eancia Brasil\\\/Arquivo\"},{\"@type\":\"BreadcrumbList\",\"@id\":\"https:\\\/\\\/aconteceunovale.com.br\\\/portal\\\/?p=197060#breadcrumb\",\"itemListElement\":[{\"@type\":\"ListItem\",\"position\":1,\"name\":\"In\u00edcio\",\"item\":\"https:\\\/\\\/aconteceunovale.com.br\\\/portal\\\/\"},{\"@type\":\"ListItem\",\"position\":2,\"name\":\"STJ decide que inj\u00faria racial se aplica apenas a ofensas contra pessoas negras\"}]},{\"@type\":\"WebSite\",\"@id\":\"https:\\\/\\\/aconteceunovale.com.br\\\/portal\\\/#website\",\"url\":\"https:\\\/\\\/aconteceunovale.com.br\\\/portal\\\/\",\"name\":\"Aconteceu no Vale\",\"description\":\"Portal de Not\u00edcias\",\"potentialAction\":[{\"@type\":\"SearchAction\",\"target\":{\"@type\":\"EntryPoint\",\"urlTemplate\":\"https:\\\/\\\/aconteceunovale.com.br\\\/portal\\\/?s={search_term_string}\"},\"query-input\":{\"@type\":\"PropertyValueSpecification\",\"valueRequired\":true,\"valueName\":\"search_term_string\"}}],\"inLanguage\":\"pt-BR\"},{\"@type\":\"Person\",\"@id\":\"https:\\\/\\\/aconteceunovale.com.br\\\/portal\\\/#\\\/schema\\\/person\\\/7d2f26d1483f8a63de73da1ee0754d35\",\"name\":\"Reda\u00e7\u00e3o Aconteceu no Vale\",\"description\":\"Equipe de reportagem do Aconteceu no Vale, portal de not\u00edcias do Vale do Jequitinhonha, em Minas Gerais. Cobrimos as 51 cidades do Vale desde 2013. Sugest\u00f5es de pauta e pedidos de corre\u00e7\u00e3o: contato@aconteceunovale.com.br\",\"url\":\"https:\\\/\\\/aconteceunovale.com.br\\\/portal\\\/?author=4\"}]}<\/script>\n<!-- \/ Yoast SEO plugin. -->","yoast_head_json":{"title":"STJ decide que inj\u00faria racial se aplica apenas a ofensas contra pessoas negras - Aconteceu no Vale","robots":{"index":"index","follow":"follow","max-snippet":"max-snippet:-1","max-image-preview":"max-image-preview:large","max-video-preview":"max-video-preview:-1"},"canonical":"https:\/\/aconteceunovale.com.br\/portal\/?p=197060","og_locale":"pt_BR","og_type":"article","og_title":"STJ decide que inj\u00faria racial se aplica apenas a ofensas contra pessoas negras - Aconteceu no Vale","og_description":"A Sexta Turma do Superior Tribunal de Justi\u00e7a (STJ) decidiu, nesta ter\u00e7a-feira (4\/2\/2025), que o crime de inj\u00faria racial deve ser aplicado exclusivamente em casos de ofensas dirigidas a pessoas negras. Com essa decis\u00e3o, o colegiado rejeitou a tese conhecida como &#8220;racismo reverso&#8221;, que envolve ofensas proferidas por pessoas negras contra pessoas brancas. O julgamento [&hellip;]","og_url":"https:\/\/aconteceunovale.com.br\/portal\/?p=197060","og_site_name":"Aconteceu no Vale","article_publisher":"https:\/\/www.facebook.com\/aconteceunovale\/","article_published_time":"2025-02-04T21:55:10+00:00","article_modified_time":"2025-02-04T21:56:28+00:00","og_image":[{"width":678,"height":406,"url":"https:\/\/aconteceunovale.com.br\/portal\/wp-content\/uploads\/2025\/02\/stj_tribunal.png","type":"image\/png"}],"author":"Reda\u00e7\u00e3o Aconteceu no Vale","twitter_card":"summary_large_image","twitter_creator":"@noticiadosvales","twitter_site":"@noticiadosvales","twitter_misc":{"Escrito por":"Reda\u00e7\u00e3o Aconteceu no Vale","Est. tempo de leitura":"1 minuto"},"schema":{"@context":"https:\/\/schema.org","@graph":[{"@type":"Article","@id":"https:\/\/aconteceunovale.com.br\/portal\/?p=197060#article","isPartOf":{"@id":"https:\/\/aconteceunovale.com.br\/portal\/?p=197060"},"author":{"name":"Reda\u00e7\u00e3o Aconteceu no Vale","@id":"https:\/\/aconteceunovale.com.br\/portal\/#\/schema\/person\/7d2f26d1483f8a63de73da1ee0754d35"},"headline":"STJ decide que inj\u00faria racial se aplica apenas a ofensas contra pessoas negras","datePublished":"2025-02-04T21:55:10+00:00","dateModified":"2025-02-04T21:56:28+00:00","mainEntityOfPage":{"@id":"https:\/\/aconteceunovale.com.br\/portal\/?p=197060"},"wordCount":244,"commentCount":0,"image":{"@id":"https:\/\/aconteceunovale.com.br\/portal\/?p=197060#primaryimage"},"thumbnailUrl":"https:\/\/aconteceunovale.com.br\/portal\/wp-content\/uploads\/2025\/02\/stj_tribunal.png","keywords":["Alagoas","Aplica\u00e7\u00e3o de inj\u00faria racial","Conceito de racismo reverso","Crime de inj\u00faria racial","Escravista cabe\u00e7a branca europeia","Inj\u00faria racial","Minist\u00e9rio P\u00fablico","Ofensa contra pessoas negras","racismo","Racismo contra pessoas negras","Racismo reverso","STJ","STJ decide que inj\u00faria racial se aplica apenas a ofensas contra pessoas negras","Superior Tribunal de Justi\u00e7a"],"articleSection":["Brasil"],"inLanguage":"pt-BR","potentialAction":[{"@type":"CommentAction","name":"Comment","target":["https:\/\/aconteceunovale.com.br\/portal\/?p=197060#respond"]}]},{"@type":"WebPage","@id":"https:\/\/aconteceunovale.com.br\/portal\/?p=197060","url":"https:\/\/aconteceunovale.com.br\/portal\/?p=197060","name":"STJ decide que inj\u00faria racial se aplica apenas a ofensas contra pessoas negras - Aconteceu no Vale","isPartOf":{"@id":"https:\/\/aconteceunovale.com.br\/portal\/#website"},"primaryImageOfPage":{"@id":"https:\/\/aconteceunovale.com.br\/portal\/?p=197060#primaryimage"},"image":{"@id":"https:\/\/aconteceunovale.com.br\/portal\/?p=197060#primaryimage"},"thumbnailUrl":"https:\/\/aconteceunovale.com.br\/portal\/wp-content\/uploads\/2025\/02\/stj_tribunal.png","datePublished":"2025-02-04T21:55:10+00:00","dateModified":"2025-02-04T21:56:28+00:00","author":{"@id":"https:\/\/aconteceunovale.com.br\/portal\/#\/schema\/person\/7d2f26d1483f8a63de73da1ee0754d35"},"breadcrumb":{"@id":"https:\/\/aconteceunovale.com.br\/portal\/?p=197060#breadcrumb"},"inLanguage":"pt-BR","potentialAction":[{"@type":"ReadAction","target":["https:\/\/aconteceunovale.com.br\/portal\/?p=197060"]}]},{"@type":"ImageObject","inLanguage":"pt-BR","@id":"https:\/\/aconteceunovale.com.br\/portal\/?p=197060#primaryimage","url":"https:\/\/aconteceunovale.com.br\/portal\/wp-content\/uploads\/2025\/02\/stj_tribunal.png","contentUrl":"https:\/\/aconteceunovale.com.br\/portal\/wp-content\/uploads\/2025\/02\/stj_tribunal.png","width":678,"height":406,"caption":"Foto: Marcello Casal Jr\/Ag\u00eancia Brasil\/Arquivo"},{"@type":"BreadcrumbList","@id":"https:\/\/aconteceunovale.com.br\/portal\/?p=197060#breadcrumb","itemListElement":[{"@type":"ListItem","position":1,"name":"In\u00edcio","item":"https:\/\/aconteceunovale.com.br\/portal\/"},{"@type":"ListItem","position":2,"name":"STJ decide que inj\u00faria racial se aplica apenas a ofensas contra pessoas negras"}]},{"@type":"WebSite","@id":"https:\/\/aconteceunovale.com.br\/portal\/#website","url":"https:\/\/aconteceunovale.com.br\/portal\/","name":"Aconteceu no Vale","description":"Portal de Not\u00edcias","potentialAction":[{"@type":"SearchAction","target":{"@type":"EntryPoint","urlTemplate":"https:\/\/aconteceunovale.com.br\/portal\/?s={search_term_string}"},"query-input":{"@type":"PropertyValueSpecification","valueRequired":true,"valueName":"search_term_string"}}],"inLanguage":"pt-BR"},{"@type":"Person","@id":"https:\/\/aconteceunovale.com.br\/portal\/#\/schema\/person\/7d2f26d1483f8a63de73da1ee0754d35","name":"Reda\u00e7\u00e3o Aconteceu no Vale","description":"Equipe de reportagem do Aconteceu no Vale, portal de not\u00edcias do Vale do Jequitinhonha, em Minas Gerais. Cobrimos as 51 cidades do Vale desde 2013. Sugest\u00f5es de pauta e pedidos de corre\u00e7\u00e3o: contato@aconteceunovale.com.br","url":"https:\/\/aconteceunovale.com.br\/portal\/?author=4"}]}},"_links":{"self":[{"href":"https:\/\/aconteceunovale.com.br\/portal\/index.php?rest_route=\/wp\/v2\/posts\/197060","targetHints":{"allow":["GET"]}}],"collection":[{"href":"https:\/\/aconteceunovale.com.br\/portal\/index.php?rest_route=\/wp\/v2\/posts"}],"about":[{"href":"https:\/\/aconteceunovale.com.br\/portal\/index.php?rest_route=\/wp\/v2\/types\/post"}],"author":[{"embeddable":true,"href":"https:\/\/aconteceunovale.com.br\/portal\/index.php?rest_route=\/wp\/v2\/users\/4"}],"replies":[{"embeddable":true,"href":"https:\/\/aconteceunovale.com.br\/portal\/index.php?rest_route=%2Fwp%2Fv2%2Fcomments&post=197060"}],"version-history":[{"count":1,"href":"https:\/\/aconteceunovale.com.br\/portal\/index.php?rest_route=\/wp\/v2\/posts\/197060\/revisions"}],"predecessor-version":[{"id":197062,"href":"https:\/\/aconteceunovale.com.br\/portal\/index.php?rest_route=\/wp\/v2\/posts\/197060\/revisions\/197062"}],"wp:featuredmedia":[{"embeddable":true,"href":"https:\/\/aconteceunovale.com.br\/portal\/index.php?rest_route=\/wp\/v2\/media\/197061"}],"wp:attachment":[{"href":"https:\/\/aconteceunovale.com.br\/portal\/index.php?rest_route=%2Fwp%2Fv2%2Fmedia&parent=197060"}],"wp:term":[{"taxonomy":"category","embeddable":true,"href":"https:\/\/aconteceunovale.com.br\/portal\/index.php?rest_route=%2Fwp%2Fv2%2Fcategories&post=197060"},{"taxonomy":"post_tag","embeddable":true,"href":"https:\/\/aconteceunovale.com.br\/portal\/index.php?rest_route=%2Fwp%2Fv2%2Ftags&post=197060"}],"curies":[{"name":"wp","href":"https:\/\/api.w.org\/{rel}","templated":true}]}}