{"id":197036,"date":"2025-02-04T12:24:10","date_gmt":"2025-02-04T15:24:10","guid":{"rendered":"https:\/\/aconteceunovale.com.br\/portal\/?p=197036"},"modified":"2025-02-04T12:25:14","modified_gmt":"2025-02-04T15:25:14","slug":"adolescente-e-apreendido-na-br-381-transportando-drogas-para-cidade-do-leste-de-minas","status":"publish","type":"post","link":"https:\/\/aconteceunovale.com.br\/portal\/?p=197036","title":{"rendered":"Adolescente \u00e9 apreendido na BR-381 transportando drogas para cidade do Leste de Minas"},"content":{"rendered":"\n<p class=\"wp-block-paragraph\">Um adolescente de 16 anos foi apreendido na tarde da \u00faltima segunda-feira (3\/2\/2025) transportando entorpecentes em um \u00f4nibus interestadual na Rodovia Fern\u00e3o Dias (BR-381). A abordagem foi realizada por uma equipe da Pol\u00edcia Rodovi\u00e1ria Federal (PRF) durante uma fiscaliza\u00e7\u00e3o de rotina em coletivos que fazem o trajeto entre S\u00e3o Paulo e Minas Gerais.<\/p>\n\n\n\n<figure class=\"wp-block-gallery has-nested-images columns-default is-cropped wp-block-gallery-1 is-layout-flex wp-block-gallery-is-layout-flex\">\n<figure class=\"wp-block-image size-large\"><img loading=\"lazy\" decoding=\"async\" width=\"640\" height=\"450\" data-id=\"197037\" src=\"https:\/\/aconteceunovale.com.br\/portal\/wp-content\/uploads\/2025\/02\/flagrado_drogas_paulistas.png\" alt=\"\" class=\"wp-image-197037\" srcset=\"https:\/\/aconteceunovale.com.br\/portal\/wp-content\/uploads\/2025\/02\/flagrado_drogas_paulistas.png 640w, https:\/\/aconteceunovale.com.br\/portal\/wp-content\/uploads\/2025\/02\/flagrado_drogas_paulistas-300x211.png 300w, https:\/\/aconteceunovale.com.br\/portal\/wp-content\/uploads\/2025\/02\/flagrado_drogas_paulistas-100x70.png 100w, https:\/\/aconteceunovale.com.br\/portal\/wp-content\/uploads\/2025\/02\/flagrado_drogas_paulistas-597x420.png 597w\" sizes=\"auto, (max-width: 640px) 100vw, 640px\" \/><figcaption class=\"wp-element-caption\"><em>Foto: Divulga\u00e7\u00e3o \/ PRF<\/em><\/figcaption><\/figure>\n<\/figure>\n\n\n\n<p class=\"wp-block-paragraph\">Durante a vistoria, os agentes encontraram uma mochila sob o assento do jovem contendo 31 pinos de coca\u00edna, 14 por\u00e7\u00f5es de maconha, 4 por\u00e7\u00f5es de haxixe e 7 embalagens de lan\u00e7a-perfume.<\/p>\n\n\n\n<p class=\"wp-block-paragraph\">Ao ser questionado sobre a origem e o destino da droga, o adolescente informou que adquiriu o material em um ponto de tr\u00e1fico na zona sul de S\u00e3o Paulo e que pretendia lev\u00e1-lo para Paulistas, no Leste de Minas Gerais. Segundo ele, cada pino de coca\u00edna seria vendido por R$ 50, enquanto o lan\u00e7a-perfume seria repassado a um colega, pois seria uma novidade na cidade.<\/p>\n\n\n\n<p class=\"wp-block-paragraph\">O menor e os entorpecentes foram apreendidos e encaminhados \u00e0 Delegacia de Pol\u00edcia Civil de Mairipor\u00e3 para as provid\u00eancias cab\u00edveis.<\/p>\n","protected":false},"excerpt":{"rendered":"<p>Um adolescente de 16 anos foi apreendido na tarde da \u00faltima segunda-feira (3\/2\/2025) transportando entorpecentes em um \u00f4nibus interestadual na Rodovia Fern\u00e3o Dias (BR-381). A abordagem foi realizada por uma equipe da Pol\u00edcia Rodovi\u00e1ria Federal (PRF) durante uma fiscaliza\u00e7\u00e3o de rotina em coletivos que fazem o trajeto entre S\u00e3o Paulo e Minas Gerais. Durante a [&hellip;]<\/p>\n","protected":false},"author":4,"featured_media":197037,"comment_status":"open","ping_status":"closed","sticky":false,"template":"","format":"standard","meta":{"amp_status":"","footnotes":""},"categories":[6,121],"tags":[271345,271346,209677,131177,17030,305,266226,271347],"class_list":["post-197036","post","type-post","status-publish","format-standard","has-post-thumbnail","hentry","category-br","category-leste","tag-adolescente-e-apreendido-na-br-381-transportando-drogas-para-cidade-do-leste-de-minas","tag-adolescente-e-apreendido-na-br-381-transportando-drogas-para-paulistas","tag-br-381-2","tag-fernao-dias","tag-mairipora","tag-paulistas","tag-preso-com-drogas-na-br-381","tag-preso-por-transportar-drogas-de-sao-paulo-para-minas-gerais"],"yoast_head":"<!-- This site is optimized with the Yoast SEO plugin v28.3 - https:\/\/yoast.com\/product\/yoast-seo-wordpress\/ -->\n<title>Adolescente \u00e9 apreendido na BR-381 transportando drogas para cidade do Leste de Minas - Aconteceu no Vale<\/title>\n<meta name=\"robots\" content=\"index, follow, max-snippet:-1, max-image-preview:large, max-video-preview:-1\" \/>\n<link rel=\"canonical\" href=\"https:\/\/aconteceunovale.com.br\/portal\/?p=197036\" \/>\n<meta property=\"og:locale\" content=\"pt_BR\" \/>\n<meta property=\"og:type\" content=\"article\" \/>\n<meta property=\"og:title\" content=\"Adolescente \u00e9 apreendido na BR-381 transportando drogas para cidade do Leste de Minas - Aconteceu no Vale\" \/>\n<meta property=\"og:description\" content=\"Um adolescente de 16 anos foi apreendido na tarde da \u00faltima segunda-feira (3\/2\/2025) transportando entorpecentes em um \u00f4nibus interestadual na Rodovia Fern\u00e3o Dias (BR-381). A abordagem foi realizada por uma equipe da Pol\u00edcia Rodovi\u00e1ria Federal (PRF) durante uma fiscaliza\u00e7\u00e3o de rotina em coletivos que fazem o trajeto entre S\u00e3o Paulo e Minas Gerais. Durante a [&hellip;]\" \/>\n<meta property=\"og:url\" content=\"https:\/\/aconteceunovale.com.br\/portal\/?p=197036\" \/>\n<meta property=\"og:site_name\" content=\"Aconteceu no Vale\" \/>\n<meta property=\"article:publisher\" content=\"https:\/\/www.facebook.com\/aconteceunovale\/\" \/>\n<meta property=\"article:published_time\" content=\"2025-02-04T15:24:10+00:00\" \/>\n<meta property=\"article:modified_time\" content=\"2025-02-04T15:25:14+00:00\" \/>\n<meta property=\"og:image\" content=\"https:\/\/aconteceunovale.com.br\/portal\/wp-content\/uploads\/2025\/02\/flagrado_drogas_paulistas.png\" \/>\n\t<meta property=\"og:image:width\" content=\"640\" \/>\n\t<meta property=\"og:image:height\" content=\"450\" \/>\n\t<meta property=\"og:image:type\" content=\"image\/png\" \/>\n<meta name=\"author\" content=\"Reda\u00e7\u00e3o Aconteceu no Vale\" \/>\n<meta name=\"twitter:card\" content=\"summary_large_image\" \/>\n<meta name=\"twitter:creator\" content=\"@noticiadosvales\" \/>\n<meta name=\"twitter:site\" content=\"@noticiadosvales\" \/>\n<meta name=\"twitter:label1\" content=\"Escrito por\" \/>\n\t<meta name=\"twitter:data1\" content=\"Reda\u00e7\u00e3o Aconteceu no Vale\" \/>\n\t<meta name=\"twitter:label2\" content=\"Est. tempo de leitura\" \/>\n\t<meta name=\"twitter:data2\" content=\"1 minuto\" \/>\n<script type=\"application\/ld+json\" class=\"yoast-schema-graph\">{\"@context\":\"https:\\\/\\\/schema.org\",\"@graph\":[{\"@type\":\"Article\",\"@id\":\"https:\\\/\\\/aconteceunovale.com.br\\\/portal\\\/?p=197036#article\",\"isPartOf\":{\"@id\":\"https:\\\/\\\/aconteceunovale.com.br\\\/portal\\\/?p=197036\"},\"author\":{\"name\":\"Reda\u00e7\u00e3o Aconteceu no Vale\",\"@id\":\"https:\\\/\\\/aconteceunovale.com.br\\\/portal\\\/#\\\/schema\\\/person\\\/7d2f26d1483f8a63de73da1ee0754d35\"},\"headline\":\"Adolescente \u00e9 apreendido na BR-381 transportando drogas para cidade do Leste de Minas\",\"datePublished\":\"2025-02-04T15:24:10+00:00\",\"dateModified\":\"2025-02-04T15:25:14+00:00\",\"mainEntityOfPage\":{\"@id\":\"https:\\\/\\\/aconteceunovale.com.br\\\/portal\\\/?p=197036\"},\"wordCount\":194,\"commentCount\":0,\"image\":{\"@id\":\"https:\\\/\\\/aconteceunovale.com.br\\\/portal\\\/?p=197036#primaryimage\"},\"thumbnailUrl\":\"https:\\\/\\\/aconteceunovale.com.br\\\/portal\\\/wp-content\\\/uploads\\\/2025\\\/02\\\/flagrado_drogas_paulistas.png\",\"keywords\":[\"Adolescente \u00e9 apreendido na BR-381 transportando drogas para cidade do Leste de Minas\",\"Adolescente \u00e9 apreendido na BR-381 transportando drogas para Paulistas\",\"BR-381\",\"Fern\u00e3o Dias\",\"Mairipor\u00e3\",\"Paulistas\",\"Preso com drogas na BR-381\",\"Preso por transportar drogas de S\u00e3o Paulo para Minas Gerais\"],\"articleSection\":[\"Brasil\",\"Leste de Minas\"],\"inLanguage\":\"pt-BR\",\"potentialAction\":[{\"@type\":\"CommentAction\",\"name\":\"Comment\",\"target\":[\"https:\\\/\\\/aconteceunovale.com.br\\\/portal\\\/?p=197036#respond\"]}]},{\"@type\":\"WebPage\",\"@id\":\"https:\\\/\\\/aconteceunovale.com.br\\\/portal\\\/?p=197036\",\"url\":\"https:\\\/\\\/aconteceunovale.com.br\\\/portal\\\/?p=197036\",\"name\":\"Adolescente \u00e9 apreendido na BR-381 transportando drogas para cidade do Leste de Minas - Aconteceu no Vale\",\"isPartOf\":{\"@id\":\"https:\\\/\\\/aconteceunovale.com.br\\\/portal\\\/#website\"},\"primaryImageOfPage\":{\"@id\":\"https:\\\/\\\/aconteceunovale.com.br\\\/portal\\\/?p=197036#primaryimage\"},\"image\":{\"@id\":\"https:\\\/\\\/aconteceunovale.com.br\\\/portal\\\/?p=197036#primaryimage\"},\"thumbnailUrl\":\"https:\\\/\\\/aconteceunovale.com.br\\\/portal\\\/wp-content\\\/uploads\\\/2025\\\/02\\\/flagrado_drogas_paulistas.png\",\"datePublished\":\"2025-02-04T15:24:10+00:00\",\"dateModified\":\"2025-02-04T15:25:14+00:00\",\"author\":{\"@id\":\"https:\\\/\\\/aconteceunovale.com.br\\\/portal\\\/#\\\/schema\\\/person\\\/7d2f26d1483f8a63de73da1ee0754d35\"},\"breadcrumb\":{\"@id\":\"https:\\\/\\\/aconteceunovale.com.br\\\/portal\\\/?p=197036#breadcrumb\"},\"inLanguage\":\"pt-BR\",\"potentialAction\":[{\"@type\":\"ReadAction\",\"target\":[\"https:\\\/\\\/aconteceunovale.com.br\\\/portal\\\/?p=197036\"]}]},{\"@type\":\"ImageObject\",\"inLanguage\":\"pt-BR\",\"@id\":\"https:\\\/\\\/aconteceunovale.com.br\\\/portal\\\/?p=197036#primaryimage\",\"url\":\"https:\\\/\\\/aconteceunovale.com.br\\\/portal\\\/wp-content\\\/uploads\\\/2025\\\/02\\\/flagrado_drogas_paulistas.png\",\"contentUrl\":\"https:\\\/\\\/aconteceunovale.com.br\\\/portal\\\/wp-content\\\/uploads\\\/2025\\\/02\\\/flagrado_drogas_paulistas.png\",\"width\":640,\"height\":450,\"caption\":\"Foto: Divulga\u00e7\u00e3o \\\/ PRF\"},{\"@type\":\"BreadcrumbList\",\"@id\":\"https:\\\/\\\/aconteceunovale.com.br\\\/portal\\\/?p=197036#breadcrumb\",\"itemListElement\":[{\"@type\":\"ListItem\",\"position\":1,\"name\":\"In\u00edcio\",\"item\":\"https:\\\/\\\/aconteceunovale.com.br\\\/portal\\\/\"},{\"@type\":\"ListItem\",\"position\":2,\"name\":\"Adolescente \u00e9 apreendido na BR-381 transportando drogas para cidade do Leste de Minas\"}]},{\"@type\":\"WebSite\",\"@id\":\"https:\\\/\\\/aconteceunovale.com.br\\\/portal\\\/#website\",\"url\":\"https:\\\/\\\/aconteceunovale.com.br\\\/portal\\\/\",\"name\":\"Aconteceu no Vale\",\"description\":\"Portal de Not\u00edcias\",\"potentialAction\":[{\"@type\":\"SearchAction\",\"target\":{\"@type\":\"EntryPoint\",\"urlTemplate\":\"https:\\\/\\\/aconteceunovale.com.br\\\/portal\\\/?s={search_term_string}\"},\"query-input\":{\"@type\":\"PropertyValueSpecification\",\"valueRequired\":true,\"valueName\":\"search_term_string\"}}],\"inLanguage\":\"pt-BR\"},{\"@type\":\"Person\",\"@id\":\"https:\\\/\\\/aconteceunovale.com.br\\\/portal\\\/#\\\/schema\\\/person\\\/7d2f26d1483f8a63de73da1ee0754d35\",\"name\":\"Reda\u00e7\u00e3o Aconteceu no Vale\",\"description\":\"Equipe de reportagem do Aconteceu no Vale, portal de not\u00edcias do Vale do Jequitinhonha, em Minas Gerais. Cobrimos as 51 cidades do Vale desde 2013. Sugest\u00f5es de pauta e pedidos de corre\u00e7\u00e3o: contato@aconteceunovale.com.br\",\"url\":\"https:\\\/\\\/aconteceunovale.com.br\\\/portal\\\/?author=4\"}]}<\/script>\n<!-- \/ Yoast SEO plugin. -->","yoast_head_json":{"title":"Adolescente \u00e9 apreendido na BR-381 transportando drogas para cidade do Leste de Minas - Aconteceu no Vale","robots":{"index":"index","follow":"follow","max-snippet":"max-snippet:-1","max-image-preview":"max-image-preview:large","max-video-preview":"max-video-preview:-1"},"canonical":"https:\/\/aconteceunovale.com.br\/portal\/?p=197036","og_locale":"pt_BR","og_type":"article","og_title":"Adolescente \u00e9 apreendido na BR-381 transportando drogas para cidade do Leste de Minas - Aconteceu no Vale","og_description":"Um adolescente de 16 anos foi apreendido na tarde da \u00faltima segunda-feira (3\/2\/2025) transportando entorpecentes em um \u00f4nibus interestadual na Rodovia Fern\u00e3o Dias (BR-381). A abordagem foi realizada por uma equipe da Pol\u00edcia Rodovi\u00e1ria Federal (PRF) durante uma fiscaliza\u00e7\u00e3o de rotina em coletivos que fazem o trajeto entre S\u00e3o Paulo e Minas Gerais. Durante a [&hellip;]","og_url":"https:\/\/aconteceunovale.com.br\/portal\/?p=197036","og_site_name":"Aconteceu no Vale","article_publisher":"https:\/\/www.facebook.com\/aconteceunovale\/","article_published_time":"2025-02-04T15:24:10+00:00","article_modified_time":"2025-02-04T15:25:14+00:00","og_image":[{"width":640,"height":450,"url":"https:\/\/aconteceunovale.com.br\/portal\/wp-content\/uploads\/2025\/02\/flagrado_drogas_paulistas.png","type":"image\/png"}],"author":"Reda\u00e7\u00e3o Aconteceu no Vale","twitter_card":"summary_large_image","twitter_creator":"@noticiadosvales","twitter_site":"@noticiadosvales","twitter_misc":{"Escrito por":"Reda\u00e7\u00e3o Aconteceu no Vale","Est. tempo de leitura":"1 minuto"},"schema":{"@context":"https:\/\/schema.org","@graph":[{"@type":"Article","@id":"https:\/\/aconteceunovale.com.br\/portal\/?p=197036#article","isPartOf":{"@id":"https:\/\/aconteceunovale.com.br\/portal\/?p=197036"},"author":{"name":"Reda\u00e7\u00e3o Aconteceu no Vale","@id":"https:\/\/aconteceunovale.com.br\/portal\/#\/schema\/person\/7d2f26d1483f8a63de73da1ee0754d35"},"headline":"Adolescente \u00e9 apreendido na BR-381 transportando drogas para cidade do Leste de Minas","datePublished":"2025-02-04T15:24:10+00:00","dateModified":"2025-02-04T15:25:14+00:00","mainEntityOfPage":{"@id":"https:\/\/aconteceunovale.com.br\/portal\/?p=197036"},"wordCount":194,"commentCount":0,"image":{"@id":"https:\/\/aconteceunovale.com.br\/portal\/?p=197036#primaryimage"},"thumbnailUrl":"https:\/\/aconteceunovale.com.br\/portal\/wp-content\/uploads\/2025\/02\/flagrado_drogas_paulistas.png","keywords":["Adolescente \u00e9 apreendido na BR-381 transportando drogas para cidade do Leste de Minas","Adolescente \u00e9 apreendido na BR-381 transportando drogas para Paulistas","BR-381","Fern\u00e3o Dias","Mairipor\u00e3","Paulistas","Preso com drogas na BR-381","Preso por transportar drogas de S\u00e3o Paulo para Minas Gerais"],"articleSection":["Brasil","Leste de Minas"],"inLanguage":"pt-BR","potentialAction":[{"@type":"CommentAction","name":"Comment","target":["https:\/\/aconteceunovale.com.br\/portal\/?p=197036#respond"]}]},{"@type":"WebPage","@id":"https:\/\/aconteceunovale.com.br\/portal\/?p=197036","url":"https:\/\/aconteceunovale.com.br\/portal\/?p=197036","name":"Adolescente \u00e9 apreendido na BR-381 transportando drogas para cidade do Leste de Minas - Aconteceu no Vale","isPartOf":{"@id":"https:\/\/aconteceunovale.com.br\/portal\/#website"},"primaryImageOfPage":{"@id":"https:\/\/aconteceunovale.com.br\/portal\/?p=197036#primaryimage"},"image":{"@id":"https:\/\/aconteceunovale.com.br\/portal\/?p=197036#primaryimage"},"thumbnailUrl":"https:\/\/aconteceunovale.com.br\/portal\/wp-content\/uploads\/2025\/02\/flagrado_drogas_paulistas.png","datePublished":"2025-02-04T15:24:10+00:00","dateModified":"2025-02-04T15:25:14+00:00","author":{"@id":"https:\/\/aconteceunovale.com.br\/portal\/#\/schema\/person\/7d2f26d1483f8a63de73da1ee0754d35"},"breadcrumb":{"@id":"https:\/\/aconteceunovale.com.br\/portal\/?p=197036#breadcrumb"},"inLanguage":"pt-BR","potentialAction":[{"@type":"ReadAction","target":["https:\/\/aconteceunovale.com.br\/portal\/?p=197036"]}]},{"@type":"ImageObject","inLanguage":"pt-BR","@id":"https:\/\/aconteceunovale.com.br\/portal\/?p=197036#primaryimage","url":"https:\/\/aconteceunovale.com.br\/portal\/wp-content\/uploads\/2025\/02\/flagrado_drogas_paulistas.png","contentUrl":"https:\/\/aconteceunovale.com.br\/portal\/wp-content\/uploads\/2025\/02\/flagrado_drogas_paulistas.png","width":640,"height":450,"caption":"Foto: Divulga\u00e7\u00e3o \/ PRF"},{"@type":"BreadcrumbList","@id":"https:\/\/aconteceunovale.com.br\/portal\/?p=197036#breadcrumb","itemListElement":[{"@type":"ListItem","position":1,"name":"In\u00edcio","item":"https:\/\/aconteceunovale.com.br\/portal\/"},{"@type":"ListItem","position":2,"name":"Adolescente \u00e9 apreendido na BR-381 transportando drogas para cidade do Leste de Minas"}]},{"@type":"WebSite","@id":"https:\/\/aconteceunovale.com.br\/portal\/#website","url":"https:\/\/aconteceunovale.com.br\/portal\/","name":"Aconteceu no Vale","description":"Portal de Not\u00edcias","potentialAction":[{"@type":"SearchAction","target":{"@type":"EntryPoint","urlTemplate":"https:\/\/aconteceunovale.com.br\/portal\/?s={search_term_string}"},"query-input":{"@type":"PropertyValueSpecification","valueRequired":true,"valueName":"search_term_string"}}],"inLanguage":"pt-BR"},{"@type":"Person","@id":"https:\/\/aconteceunovale.com.br\/portal\/#\/schema\/person\/7d2f26d1483f8a63de73da1ee0754d35","name":"Reda\u00e7\u00e3o Aconteceu no Vale","description":"Equipe de reportagem do Aconteceu no Vale, portal de not\u00edcias do Vale do Jequitinhonha, em Minas Gerais. Cobrimos as 51 cidades do Vale desde 2013. Sugest\u00f5es de pauta e pedidos de corre\u00e7\u00e3o: contato@aconteceunovale.com.br","url":"https:\/\/aconteceunovale.com.br\/portal\/?author=4"}]}},"_links":{"self":[{"href":"https:\/\/aconteceunovale.com.br\/portal\/index.php?rest_route=\/wp\/v2\/posts\/197036","targetHints":{"allow":["GET"]}}],"collection":[{"href":"https:\/\/aconteceunovale.com.br\/portal\/index.php?rest_route=\/wp\/v2\/posts"}],"about":[{"href":"https:\/\/aconteceunovale.com.br\/portal\/index.php?rest_route=\/wp\/v2\/types\/post"}],"author":[{"embeddable":true,"href":"https:\/\/aconteceunovale.com.br\/portal\/index.php?rest_route=\/wp\/v2\/users\/4"}],"replies":[{"embeddable":true,"href":"https:\/\/aconteceunovale.com.br\/portal\/index.php?rest_route=%2Fwp%2Fv2%2Fcomments&post=197036"}],"version-history":[{"count":2,"href":"https:\/\/aconteceunovale.com.br\/portal\/index.php?rest_route=\/wp\/v2\/posts\/197036\/revisions"}],"predecessor-version":[{"id":197039,"href":"https:\/\/aconteceunovale.com.br\/portal\/index.php?rest_route=\/wp\/v2\/posts\/197036\/revisions\/197039"}],"wp:featuredmedia":[{"embeddable":true,"href":"https:\/\/aconteceunovale.com.br\/portal\/index.php?rest_route=\/wp\/v2\/media\/197037"}],"wp:attachment":[{"href":"https:\/\/aconteceunovale.com.br\/portal\/index.php?rest_route=%2Fwp%2Fv2%2Fmedia&parent=197036"}],"wp:term":[{"taxonomy":"category","embeddable":true,"href":"https:\/\/aconteceunovale.com.br\/portal\/index.php?rest_route=%2Fwp%2Fv2%2Fcategories&post=197036"},{"taxonomy":"post_tag","embeddable":true,"href":"https:\/\/aconteceunovale.com.br\/portal\/index.php?rest_route=%2Fwp%2Fv2%2Ftags&post=197036"}],"curies":[{"name":"wp","href":"https:\/\/api.w.org\/{rel}","templated":true}]}}