{"id":197031,"date":"2025-02-04T12:02:04","date_gmt":"2025-02-04T15:02:04","guid":{"rendered":"https:\/\/aconteceunovale.com.br\/portal\/?p=197031"},"modified":"2025-02-04T12:02:29","modified_gmt":"2025-02-04T15:02:29","slug":"homem-e-preso-em-pirapora-com-armas-de-fogo-de-numeracao-raspada","status":"publish","type":"post","link":"https:\/\/aconteceunovale.com.br\/portal\/?p=197031","title":{"rendered":"Homem \u00e9 preso em Pirapora com armas de fogo de numera\u00e7\u00e3o raspada"},"content":{"rendered":"\n<p class=\"wp-block-paragraph\">Na noite desta segunda-feira (3\/2\/2025), a Pol\u00edcia Militar de Minas Gerais (PMMG) prendeu um homem de 22 anos por posse ilegal de arma de fogo no bairro Residencial S\u00e3o Francisco, em Pirapora, no Norte de Minas. A a\u00e7\u00e3o ocorreu ap\u00f3s den\u00fancias informarem que ele estaria armazenando armamentos em sua resid\u00eancia.<\/p>\n\n\n\n<figure class=\"wp-block-gallery has-nested-images columns-default is-cropped wp-block-gallery-1 is-layout-flex wp-block-gallery-is-layout-flex\">\n<figure class=\"wp-block-image size-large\"><img loading=\"lazy\" decoding=\"async\" width=\"678\" height=\"399\" data-id=\"197032\" src=\"https:\/\/aconteceunovale.com.br\/portal\/wp-content\/uploads\/2025\/02\/armas_pirapora.png\" alt=\"\" class=\"wp-image-197032\" srcset=\"https:\/\/aconteceunovale.com.br\/portal\/wp-content\/uploads\/2025\/02\/armas_pirapora.png 678w, https:\/\/aconteceunovale.com.br\/portal\/wp-content\/uploads\/2025\/02\/armas_pirapora-300x177.png 300w\" sizes=\"auto, (max-width: 678px) 100vw, 678px\" \/><figcaption class=\"wp-element-caption\"><em>Foto: Divulga\u00e7\u00e3o \/ PMMG<\/em><\/figcaption><\/figure>\n<\/figure>\n\n\n\n<p class=\"wp-block-paragraph\">Durante as buscas, com o aux\u00edlio de uma escada, um dos policiais acessou um al\u00e7ap\u00e3o e encontrou um saco pl\u00e1stico contendo uma espingarda calibre 12 com numera\u00e7\u00e3o suprimida, um rev\u00f3lver calibre .32 da marca Taurus, tamb\u00e9m com numera\u00e7\u00e3o raspada e carregado com seis muni\u00e7\u00f5es, al\u00e9m de nove cartuchos calibre 12 e seis muni\u00e7\u00f5es calibre .32.<\/p>\n\n\n\n<p class=\"wp-block-paragraph\">O suspeito confessou ser o propriet\u00e1rio das armas e muni\u00e7\u00f5es, afirmando que as adquiriu por R$ 13 mil. Ele alegou que os armamentos eram para defesa pessoal, devido a conflitos com indiv\u00edduos de um bairro pr\u00f3ximo, suspeitos de envolvimento na morte de seus familiares.<\/p>\n\n\n\n<p class=\"wp-block-paragraph\">A ocorr\u00eancia foi encerrada na Delegacia de Pol\u00edcia Civil de Pirapora, onde o suspeito permaneceu \u00e0 disposi\u00e7\u00e3o da Justi\u00e7a.<\/p>\n","protected":false},"excerpt":{"rendered":"<p>Na noite desta segunda-feira (3\/2\/2025), a Pol\u00edcia Militar de Minas Gerais (PMMG) prendeu um homem de 22 anos por posse ilegal de arma de fogo no bairro Residencial S\u00e3o Francisco, em Pirapora, no Norte de Minas. A a\u00e7\u00e3o ocorreu ap\u00f3s den\u00fancias informarem que ele estaria armazenando armamentos em sua resid\u00eancia. Durante as buscas, com o [&hellip;]<\/p>\n","protected":false},"author":4,"featured_media":197032,"comment_status":"open","ping_status":"closed","sticky":false,"template":"","format":"standard","meta":{"amp_status":"","footnotes":""},"categories":[1236],"tags":[208543,208546,271338,254,271339],"class_list":["post-197031","post","type-post","status-publish","format-standard","has-post-thumbnail","hentry","category-norte_de_minas","tag-apreensao-de-armas-em-pirapora","tag-armas-apreendidas-em-pirapora","tag-homem-e-preso-em-pirapora-com-armas-de-fogo-de-numeracao-raspada","tag-pirapora","tag-preso-com-armas-em-pirapora"],"yoast_head":"<!-- This site is optimized with the Yoast SEO plugin v28.3 - https:\/\/yoast.com\/product\/yoast-seo-wordpress\/ -->\n<title>Homem \u00e9 preso em Pirapora com armas de fogo de numera\u00e7\u00e3o raspada - Aconteceu no Vale<\/title>\n<meta name=\"robots\" content=\"index, follow, max-snippet:-1, max-image-preview:large, max-video-preview:-1\" \/>\n<link rel=\"canonical\" href=\"https:\/\/aconteceunovale.com.br\/portal\/?p=197031\" \/>\n<meta property=\"og:locale\" content=\"pt_BR\" \/>\n<meta property=\"og:type\" content=\"article\" \/>\n<meta property=\"og:title\" content=\"Homem \u00e9 preso em Pirapora com armas de fogo de numera\u00e7\u00e3o raspada - Aconteceu no Vale\" \/>\n<meta property=\"og:description\" content=\"Na noite desta segunda-feira (3\/2\/2025), a Pol\u00edcia Militar de Minas Gerais (PMMG) prendeu um homem de 22 anos por posse ilegal de arma de fogo no bairro Residencial S\u00e3o Francisco, em Pirapora, no Norte de Minas. A a\u00e7\u00e3o ocorreu ap\u00f3s den\u00fancias informarem que ele estaria armazenando armamentos em sua resid\u00eancia. Durante as buscas, com o [&hellip;]\" \/>\n<meta property=\"og:url\" content=\"https:\/\/aconteceunovale.com.br\/portal\/?p=197031\" \/>\n<meta property=\"og:site_name\" content=\"Aconteceu no Vale\" \/>\n<meta property=\"article:publisher\" content=\"https:\/\/www.facebook.com\/aconteceunovale\/\" \/>\n<meta property=\"article:published_time\" content=\"2025-02-04T15:02:04+00:00\" \/>\n<meta property=\"article:modified_time\" content=\"2025-02-04T15:02:29+00:00\" \/>\n<meta property=\"og:image\" content=\"https:\/\/aconteceunovale.com.br\/portal\/wp-content\/uploads\/2025\/02\/armas_pirapora.png\" \/>\n\t<meta property=\"og:image:width\" content=\"678\" \/>\n\t<meta property=\"og:image:height\" content=\"399\" \/>\n\t<meta property=\"og:image:type\" content=\"image\/png\" \/>\n<meta name=\"author\" content=\"Reda\u00e7\u00e3o Aconteceu no Vale\" \/>\n<meta name=\"twitter:card\" content=\"summary_large_image\" \/>\n<meta name=\"twitter:creator\" content=\"@noticiadosvales\" \/>\n<meta name=\"twitter:site\" content=\"@noticiadosvales\" \/>\n<meta name=\"twitter:label1\" content=\"Escrito por\" \/>\n\t<meta name=\"twitter:data1\" content=\"Reda\u00e7\u00e3o Aconteceu no Vale\" \/>\n\t<meta name=\"twitter:label2\" content=\"Est. tempo de leitura\" \/>\n\t<meta name=\"twitter:data2\" content=\"1 minuto\" \/>\n<script type=\"application\/ld+json\" class=\"yoast-schema-graph\">{\"@context\":\"https:\\\/\\\/schema.org\",\"@graph\":[{\"@type\":\"Article\",\"@id\":\"https:\\\/\\\/aconteceunovale.com.br\\\/portal\\\/?p=197031#article\",\"isPartOf\":{\"@id\":\"https:\\\/\\\/aconteceunovale.com.br\\\/portal\\\/?p=197031\"},\"author\":{\"name\":\"Reda\u00e7\u00e3o Aconteceu no Vale\",\"@id\":\"https:\\\/\\\/aconteceunovale.com.br\\\/portal\\\/#\\\/schema\\\/person\\\/7d2f26d1483f8a63de73da1ee0754d35\"},\"headline\":\"Homem \u00e9 preso em Pirapora com armas de fogo de numera\u00e7\u00e3o raspada\",\"datePublished\":\"2025-02-04T15:02:04+00:00\",\"dateModified\":\"2025-02-04T15:02:29+00:00\",\"mainEntityOfPage\":{\"@id\":\"https:\\\/\\\/aconteceunovale.com.br\\\/portal\\\/?p=197031\"},\"wordCount\":201,\"commentCount\":0,\"image\":{\"@id\":\"https:\\\/\\\/aconteceunovale.com.br\\\/portal\\\/?p=197031#primaryimage\"},\"thumbnailUrl\":\"https:\\\/\\\/aconteceunovale.com.br\\\/portal\\\/wp-content\\\/uploads\\\/2025\\\/02\\\/armas_pirapora.png\",\"keywords\":[\"Apreens\u00e3o de armas em Pirapora\",\"Armas apreendidas em Pirapora\",\"Homem \u00e9 preso em Pirapora com armas de fogo de numera\u00e7\u00e3o raspada\",\"Pirapora\",\"Preso com armas em Pirapora\"],\"articleSection\":[\"Norte de Minas\"],\"inLanguage\":\"pt-BR\",\"potentialAction\":[{\"@type\":\"CommentAction\",\"name\":\"Comment\",\"target\":[\"https:\\\/\\\/aconteceunovale.com.br\\\/portal\\\/?p=197031#respond\"]}]},{\"@type\":\"WebPage\",\"@id\":\"https:\\\/\\\/aconteceunovale.com.br\\\/portal\\\/?p=197031\",\"url\":\"https:\\\/\\\/aconteceunovale.com.br\\\/portal\\\/?p=197031\",\"name\":\"Homem \u00e9 preso em Pirapora com armas de fogo de numera\u00e7\u00e3o raspada - Aconteceu no Vale\",\"isPartOf\":{\"@id\":\"https:\\\/\\\/aconteceunovale.com.br\\\/portal\\\/#website\"},\"primaryImageOfPage\":{\"@id\":\"https:\\\/\\\/aconteceunovale.com.br\\\/portal\\\/?p=197031#primaryimage\"},\"image\":{\"@id\":\"https:\\\/\\\/aconteceunovale.com.br\\\/portal\\\/?p=197031#primaryimage\"},\"thumbnailUrl\":\"https:\\\/\\\/aconteceunovale.com.br\\\/portal\\\/wp-content\\\/uploads\\\/2025\\\/02\\\/armas_pirapora.png\",\"datePublished\":\"2025-02-04T15:02:04+00:00\",\"dateModified\":\"2025-02-04T15:02:29+00:00\",\"author\":{\"@id\":\"https:\\\/\\\/aconteceunovale.com.br\\\/portal\\\/#\\\/schema\\\/person\\\/7d2f26d1483f8a63de73da1ee0754d35\"},\"breadcrumb\":{\"@id\":\"https:\\\/\\\/aconteceunovale.com.br\\\/portal\\\/?p=197031#breadcrumb\"},\"inLanguage\":\"pt-BR\",\"potentialAction\":[{\"@type\":\"ReadAction\",\"target\":[\"https:\\\/\\\/aconteceunovale.com.br\\\/portal\\\/?p=197031\"]}]},{\"@type\":\"ImageObject\",\"inLanguage\":\"pt-BR\",\"@id\":\"https:\\\/\\\/aconteceunovale.com.br\\\/portal\\\/?p=197031#primaryimage\",\"url\":\"https:\\\/\\\/aconteceunovale.com.br\\\/portal\\\/wp-content\\\/uploads\\\/2025\\\/02\\\/armas_pirapora.png\",\"contentUrl\":\"https:\\\/\\\/aconteceunovale.com.br\\\/portal\\\/wp-content\\\/uploads\\\/2025\\\/02\\\/armas_pirapora.png\",\"width\":678,\"height\":399,\"caption\":\"Foto: Divulga\u00e7\u00e3o \\\/ PMMG\"},{\"@type\":\"BreadcrumbList\",\"@id\":\"https:\\\/\\\/aconteceunovale.com.br\\\/portal\\\/?p=197031#breadcrumb\",\"itemListElement\":[{\"@type\":\"ListItem\",\"position\":1,\"name\":\"In\u00edcio\",\"item\":\"https:\\\/\\\/aconteceunovale.com.br\\\/portal\\\/\"},{\"@type\":\"ListItem\",\"position\":2,\"name\":\"Homem \u00e9 preso em Pirapora com armas de fogo de numera\u00e7\u00e3o raspada\"}]},{\"@type\":\"WebSite\",\"@id\":\"https:\\\/\\\/aconteceunovale.com.br\\\/portal\\\/#website\",\"url\":\"https:\\\/\\\/aconteceunovale.com.br\\\/portal\\\/\",\"name\":\"Aconteceu no Vale\",\"description\":\"Portal de Not\u00edcias\",\"potentialAction\":[{\"@type\":\"SearchAction\",\"target\":{\"@type\":\"EntryPoint\",\"urlTemplate\":\"https:\\\/\\\/aconteceunovale.com.br\\\/portal\\\/?s={search_term_string}\"},\"query-input\":{\"@type\":\"PropertyValueSpecification\",\"valueRequired\":true,\"valueName\":\"search_term_string\"}}],\"inLanguage\":\"pt-BR\"},{\"@type\":\"Person\",\"@id\":\"https:\\\/\\\/aconteceunovale.com.br\\\/portal\\\/#\\\/schema\\\/person\\\/7d2f26d1483f8a63de73da1ee0754d35\",\"name\":\"Reda\u00e7\u00e3o Aconteceu no Vale\",\"description\":\"Equipe de reportagem do Aconteceu no Vale, portal de not\u00edcias do Vale do Jequitinhonha, em Minas Gerais. Cobrimos as 51 cidades do Vale desde 2013. Sugest\u00f5es de pauta e pedidos de corre\u00e7\u00e3o: contato@aconteceunovale.com.br\",\"url\":\"https:\\\/\\\/aconteceunovale.com.br\\\/portal\\\/?author=4\"}]}<\/script>\n<!-- \/ Yoast SEO plugin. -->","yoast_head_json":{"title":"Homem \u00e9 preso em Pirapora com armas de fogo de numera\u00e7\u00e3o raspada - Aconteceu no Vale","robots":{"index":"index","follow":"follow","max-snippet":"max-snippet:-1","max-image-preview":"max-image-preview:large","max-video-preview":"max-video-preview:-1"},"canonical":"https:\/\/aconteceunovale.com.br\/portal\/?p=197031","og_locale":"pt_BR","og_type":"article","og_title":"Homem \u00e9 preso em Pirapora com armas de fogo de numera\u00e7\u00e3o raspada - Aconteceu no Vale","og_description":"Na noite desta segunda-feira (3\/2\/2025), a Pol\u00edcia Militar de Minas Gerais (PMMG) prendeu um homem de 22 anos por posse ilegal de arma de fogo no bairro Residencial S\u00e3o Francisco, em Pirapora, no Norte de Minas. A a\u00e7\u00e3o ocorreu ap\u00f3s den\u00fancias informarem que ele estaria armazenando armamentos em sua resid\u00eancia. Durante as buscas, com o [&hellip;]","og_url":"https:\/\/aconteceunovale.com.br\/portal\/?p=197031","og_site_name":"Aconteceu no Vale","article_publisher":"https:\/\/www.facebook.com\/aconteceunovale\/","article_published_time":"2025-02-04T15:02:04+00:00","article_modified_time":"2025-02-04T15:02:29+00:00","og_image":[{"width":678,"height":399,"url":"https:\/\/aconteceunovale.com.br\/portal\/wp-content\/uploads\/2025\/02\/armas_pirapora.png","type":"image\/png"}],"author":"Reda\u00e7\u00e3o Aconteceu no Vale","twitter_card":"summary_large_image","twitter_creator":"@noticiadosvales","twitter_site":"@noticiadosvales","twitter_misc":{"Escrito por":"Reda\u00e7\u00e3o Aconteceu no Vale","Est. tempo de leitura":"1 minuto"},"schema":{"@context":"https:\/\/schema.org","@graph":[{"@type":"Article","@id":"https:\/\/aconteceunovale.com.br\/portal\/?p=197031#article","isPartOf":{"@id":"https:\/\/aconteceunovale.com.br\/portal\/?p=197031"},"author":{"name":"Reda\u00e7\u00e3o Aconteceu no Vale","@id":"https:\/\/aconteceunovale.com.br\/portal\/#\/schema\/person\/7d2f26d1483f8a63de73da1ee0754d35"},"headline":"Homem \u00e9 preso em Pirapora com armas de fogo de numera\u00e7\u00e3o raspada","datePublished":"2025-02-04T15:02:04+00:00","dateModified":"2025-02-04T15:02:29+00:00","mainEntityOfPage":{"@id":"https:\/\/aconteceunovale.com.br\/portal\/?p=197031"},"wordCount":201,"commentCount":0,"image":{"@id":"https:\/\/aconteceunovale.com.br\/portal\/?p=197031#primaryimage"},"thumbnailUrl":"https:\/\/aconteceunovale.com.br\/portal\/wp-content\/uploads\/2025\/02\/armas_pirapora.png","keywords":["Apreens\u00e3o de armas em Pirapora","Armas apreendidas em Pirapora","Homem \u00e9 preso em Pirapora com armas de fogo de numera\u00e7\u00e3o raspada","Pirapora","Preso com armas em Pirapora"],"articleSection":["Norte de Minas"],"inLanguage":"pt-BR","potentialAction":[{"@type":"CommentAction","name":"Comment","target":["https:\/\/aconteceunovale.com.br\/portal\/?p=197031#respond"]}]},{"@type":"WebPage","@id":"https:\/\/aconteceunovale.com.br\/portal\/?p=197031","url":"https:\/\/aconteceunovale.com.br\/portal\/?p=197031","name":"Homem \u00e9 preso em Pirapora com armas de fogo de numera\u00e7\u00e3o raspada - Aconteceu no Vale","isPartOf":{"@id":"https:\/\/aconteceunovale.com.br\/portal\/#website"},"primaryImageOfPage":{"@id":"https:\/\/aconteceunovale.com.br\/portal\/?p=197031#primaryimage"},"image":{"@id":"https:\/\/aconteceunovale.com.br\/portal\/?p=197031#primaryimage"},"thumbnailUrl":"https:\/\/aconteceunovale.com.br\/portal\/wp-content\/uploads\/2025\/02\/armas_pirapora.png","datePublished":"2025-02-04T15:02:04+00:00","dateModified":"2025-02-04T15:02:29+00:00","author":{"@id":"https:\/\/aconteceunovale.com.br\/portal\/#\/schema\/person\/7d2f26d1483f8a63de73da1ee0754d35"},"breadcrumb":{"@id":"https:\/\/aconteceunovale.com.br\/portal\/?p=197031#breadcrumb"},"inLanguage":"pt-BR","potentialAction":[{"@type":"ReadAction","target":["https:\/\/aconteceunovale.com.br\/portal\/?p=197031"]}]},{"@type":"ImageObject","inLanguage":"pt-BR","@id":"https:\/\/aconteceunovale.com.br\/portal\/?p=197031#primaryimage","url":"https:\/\/aconteceunovale.com.br\/portal\/wp-content\/uploads\/2025\/02\/armas_pirapora.png","contentUrl":"https:\/\/aconteceunovale.com.br\/portal\/wp-content\/uploads\/2025\/02\/armas_pirapora.png","width":678,"height":399,"caption":"Foto: Divulga\u00e7\u00e3o \/ PMMG"},{"@type":"BreadcrumbList","@id":"https:\/\/aconteceunovale.com.br\/portal\/?p=197031#breadcrumb","itemListElement":[{"@type":"ListItem","position":1,"name":"In\u00edcio","item":"https:\/\/aconteceunovale.com.br\/portal\/"},{"@type":"ListItem","position":2,"name":"Homem \u00e9 preso em Pirapora com armas de fogo de numera\u00e7\u00e3o raspada"}]},{"@type":"WebSite","@id":"https:\/\/aconteceunovale.com.br\/portal\/#website","url":"https:\/\/aconteceunovale.com.br\/portal\/","name":"Aconteceu no Vale","description":"Portal de Not\u00edcias","potentialAction":[{"@type":"SearchAction","target":{"@type":"EntryPoint","urlTemplate":"https:\/\/aconteceunovale.com.br\/portal\/?s={search_term_string}"},"query-input":{"@type":"PropertyValueSpecification","valueRequired":true,"valueName":"search_term_string"}}],"inLanguage":"pt-BR"},{"@type":"Person","@id":"https:\/\/aconteceunovale.com.br\/portal\/#\/schema\/person\/7d2f26d1483f8a63de73da1ee0754d35","name":"Reda\u00e7\u00e3o Aconteceu no Vale","description":"Equipe de reportagem do Aconteceu no Vale, portal de not\u00edcias do Vale do Jequitinhonha, em Minas Gerais. Cobrimos as 51 cidades do Vale desde 2013. Sugest\u00f5es de pauta e pedidos de corre\u00e7\u00e3o: contato@aconteceunovale.com.br","url":"https:\/\/aconteceunovale.com.br\/portal\/?author=4"}]}},"_links":{"self":[{"href":"https:\/\/aconteceunovale.com.br\/portal\/index.php?rest_route=\/wp\/v2\/posts\/197031","targetHints":{"allow":["GET"]}}],"collection":[{"href":"https:\/\/aconteceunovale.com.br\/portal\/index.php?rest_route=\/wp\/v2\/posts"}],"about":[{"href":"https:\/\/aconteceunovale.com.br\/portal\/index.php?rest_route=\/wp\/v2\/types\/post"}],"author":[{"embeddable":true,"href":"https:\/\/aconteceunovale.com.br\/portal\/index.php?rest_route=\/wp\/v2\/users\/4"}],"replies":[{"embeddable":true,"href":"https:\/\/aconteceunovale.com.br\/portal\/index.php?rest_route=%2Fwp%2Fv2%2Fcomments&post=197031"}],"version-history":[{"count":1,"href":"https:\/\/aconteceunovale.com.br\/portal\/index.php?rest_route=\/wp\/v2\/posts\/197031\/revisions"}],"predecessor-version":[{"id":197033,"href":"https:\/\/aconteceunovale.com.br\/portal\/index.php?rest_route=\/wp\/v2\/posts\/197031\/revisions\/197033"}],"wp:featuredmedia":[{"embeddable":true,"href":"https:\/\/aconteceunovale.com.br\/portal\/index.php?rest_route=\/wp\/v2\/media\/197032"}],"wp:attachment":[{"href":"https:\/\/aconteceunovale.com.br\/portal\/index.php?rest_route=%2Fwp%2Fv2%2Fmedia&parent=197031"}],"wp:term":[{"taxonomy":"category","embeddable":true,"href":"https:\/\/aconteceunovale.com.br\/portal\/index.php?rest_route=%2Fwp%2Fv2%2Fcategories&post=197031"},{"taxonomy":"post_tag","embeddable":true,"href":"https:\/\/aconteceunovale.com.br\/portal\/index.php?rest_route=%2Fwp%2Fv2%2Ftags&post=197031"}],"curies":[{"name":"wp","href":"https:\/\/api.w.org\/{rel}","templated":true}]}}