{"id":197022,"date":"2025-02-04T11:30:50","date_gmt":"2025-02-04T14:30:50","guid":{"rendered":"https:\/\/aconteceunovale.com.br\/portal\/?p=197022"},"modified":"2025-02-04T11:31:37","modified_gmt":"2025-02-04T14:31:37","slug":"santana-do-paraiso-oferece-ressarcimento-de-ate-r-300-para-emplacamento-de-veiculos","status":"publish","type":"post","link":"https:\/\/aconteceunovale.com.br\/portal\/?p=197022","title":{"rendered":"Santana do Para\u00edso oferece ressarcimento de at\u00e9 R$ 300 para emplacamento de ve\u00edculos"},"content":{"rendered":"\n<p class=\"wp-block-paragraph\">A Prefeitura de Santana do Para\u00edso, no Vale do A\u00e7o, lan\u00e7ou uma campanha para incentivar o licenciamento e a transfer\u00eancia de ve\u00edculos para o munic\u00edpio. Com base na Lei n\u00ba 1209, o programa prev\u00ea ressarcimentos de at\u00e9 R$ 300 para pessoas f\u00edsicas e jur\u00eddicas que realizarem o emplacamento ou a transfer\u00eancia de ve\u00edculos automotores para Santana do Para\u00edso. O objetivo da iniciativa \u00e9 estimular a regulariza\u00e7\u00e3o dos ve\u00edculos na cidade, garantindo que os tributos pagos retornem em forma de investimentos para a popula\u00e7\u00e3o.<\/p>\n\n\n\n<figure class=\"wp-block-gallery has-nested-images columns-default is-cropped wp-block-gallery-1 is-layout-flex wp-block-gallery-is-layout-flex\">\n<figure class=\"wp-block-image size-large\"><img loading=\"lazy\" decoding=\"async\" width=\"678\" height=\"407\" data-id=\"197023\" src=\"https:\/\/aconteceunovale.com.br\/portal\/wp-content\/uploads\/2025\/02\/placa_carro.jpg\" alt=\"\" class=\"wp-image-197023\" srcset=\"https:\/\/aconteceunovale.com.br\/portal\/wp-content\/uploads\/2025\/02\/placa_carro.jpg 678w, https:\/\/aconteceunovale.com.br\/portal\/wp-content\/uploads\/2025\/02\/placa_carro-300x180.jpg 300w\" sizes=\"auto, (max-width: 678px) 100vw, 678px\" \/><figcaption class=\"wp-element-caption\"><em>Foto: Divulga\u00e7\u00e3o \/ Prefeitura de Santana do Para\u00edso<\/em><\/figcaption><\/figure>\n<\/figure>\n\n\n\n<p class=\"wp-block-paragraph\">De acordo com o prefeito Bruno Morato, a campanha busca conscientizar os moradores sobre a import\u00e2ncia de contribuir diretamente para o desenvolvimento do munic\u00edpio. \u201cNosso compromisso \u00e9 conscientizar os cidad\u00e3os sobre a import\u00e2ncia de contribuir diretamente para o desenvolvimento do munic\u00edpio em que vivem. Percebemos que muitos moradores de Santana do Para\u00edso escolhem emplacar seus ve\u00edculos em Ipatinga e essa arrecada\u00e7\u00e3o que deixamos de receber poderia ser destinada a diversas obras importantes, como pavimenta\u00e7\u00e3o de ruas, manuten\u00e7\u00e3o de vias p\u00fablicas e melhorias essenciais para o bem-estar da popula\u00e7\u00e3o&#8221;, destacou.<\/p>\n\n\n\n<h3 class=\"wp-block-heading\"><strong>Como participar<\/strong><\/h3>\n\n\n\n<p class=\"wp-block-paragraph\">Para receber o benef\u00edcio, os propriet\u00e1rios de ve\u00edculos devem protocolar um pedido no Departamento de Tributa\u00e7\u00e3o e Arrecada\u00e7\u00e3o dentro do prazo da campanha, que segue at\u00e9 31 de dezembro de 2025. \u00c9 necess\u00e1rio apresentar documentos que comprovem a propriedade do ve\u00edculo e, no caso de transfer\u00eancia, um documento que ateste o registro anterior em outro munic\u00edpio.<\/p>\n\n\n\n<h3 class=\"wp-block-heading\"><strong>Crit\u00e9rios e valores do ressarcimento<\/strong><\/h3>\n\n\n\n<p class=\"wp-block-paragraph\">O valor venal utilizado para defini\u00e7\u00e3o do incentivo ser\u00e1 o adotado pela Secretaria da Fazenda do Estado de Minas Gerais para c\u00e1lculo do Imposto sobre a Propriedade de Ve\u00edculos Automotores (IPVA). O ressarcimento ser\u00e1 concedido de acordo com os seguintes crit\u00e9rios:<\/p>\n\n\n\n<ul class=\"wp-block-list\">\n<li><strong>Ve\u00edculos novos ou usados com valor venal superior a R$ 20.000,00<\/strong> \u2013 ressarcimento de at\u00e9 R$ 300,00.<\/li>\n\n\n\n<li><strong>\u00d4nibus, micro-\u00f4nibus, caminh\u00f5es e tratores com valor venal superior a R$ 60.000,00<\/strong> \u2013 ressarcimento de at\u00e9 R$ 300,00.<\/li>\n\n\n\n<li><strong>Motocicletas com valor venal acima de R$ 10.000,00<\/strong> \u2013 ressarcimento de at\u00e9 R$ 300,00.<\/li>\n<\/ul>\n\n\n\n<p class=\"wp-block-paragraph\">Ficam de fora da campanha ve\u00edculos utilizados para transporte comercial, pertencentes a \u00f3rg\u00e3os p\u00fablicos ou isentos de IPVA.<\/p>\n\n\n\n<p class=\"wp-block-paragraph\">A Prefeitura refor\u00e7a que o emplacamento dos ve\u00edculos no munic\u00edpio contribui para o aumento da arrecada\u00e7\u00e3o e possibilita mais investimentos em infraestrutura e servi\u00e7os p\u00fablicos para a popula\u00e7\u00e3o.<\/p>\n","protected":false},"excerpt":{"rendered":"<p>A Prefeitura de Santana do Para\u00edso, no Vale do A\u00e7o, lan\u00e7ou uma campanha para incentivar o licenciamento e a transfer\u00eancia de ve\u00edculos para o munic\u00edpio. Com base na Lei n\u00ba 1209, o programa prev\u00ea ressarcimentos de at\u00e9 R$ 300 para pessoas f\u00edsicas e jur\u00eddicas que realizarem o emplacamento ou a transfer\u00eancia de ve\u00edculos automotores para [&hellip;]<\/p>\n","protected":false},"author":4,"featured_media":197023,"comment_status":"open","ping_status":"closed","sticky":false,"template":"","format":"standard","meta":{"amp_status":"","footnotes":""},"categories":[121],"tags":[158515,271327,1018,271326,254838,34360,2101,271325,1048],"class_list":["post-197022","post","type-post","status-publish","format-standard","has-post-thumbnail","hentry","category-leste","tag-bruno-morato","tag-campanha-de-emplacamento-de-veiculos-em-santana-do-paraiso","tag-destaque","tag-emplacamento-de-veiculos-em-santana-do-paraiso","tag-prefeito-de-santana-do-paraiso","tag-prefeitura-de-santana-do-paraiso","tag-santana-do-paraiso","tag-santana-do-paraiso-oferece-ressarcimento-de-ate-r-300-para-emplacamento-de-veiculos","tag-vale-do-aco"],"yoast_head":"<!-- This site is optimized with the Yoast SEO plugin v28.3 - https:\/\/yoast.com\/product\/yoast-seo-wordpress\/ -->\n<title>Santana do Para\u00edso oferece ressarcimento de at\u00e9 R$ 300 para emplacamento de ve\u00edculos - Aconteceu no Vale<\/title>\n<meta name=\"robots\" content=\"index, follow, max-snippet:-1, max-image-preview:large, max-video-preview:-1\" \/>\n<link rel=\"canonical\" href=\"https:\/\/aconteceunovale.com.br\/portal\/?p=197022\" \/>\n<meta property=\"og:locale\" content=\"pt_BR\" \/>\n<meta property=\"og:type\" content=\"article\" \/>\n<meta property=\"og:title\" content=\"Santana do Para\u00edso oferece ressarcimento de at\u00e9 R$ 300 para emplacamento de ve\u00edculos - Aconteceu no Vale\" \/>\n<meta property=\"og:description\" content=\"A Prefeitura de Santana do Para\u00edso, no Vale do A\u00e7o, lan\u00e7ou uma campanha para incentivar o licenciamento e a transfer\u00eancia de ve\u00edculos para o munic\u00edpio. Com base na Lei n\u00ba 1209, o programa prev\u00ea ressarcimentos de at\u00e9 R$ 300 para pessoas f\u00edsicas e jur\u00eddicas que realizarem o emplacamento ou a transfer\u00eancia de ve\u00edculos automotores para [&hellip;]\" \/>\n<meta property=\"og:url\" content=\"https:\/\/aconteceunovale.com.br\/portal\/?p=197022\" \/>\n<meta property=\"og:site_name\" content=\"Aconteceu no Vale\" \/>\n<meta property=\"article:publisher\" content=\"https:\/\/www.facebook.com\/aconteceunovale\/\" \/>\n<meta property=\"article:published_time\" content=\"2025-02-04T14:30:50+00:00\" \/>\n<meta property=\"article:modified_time\" content=\"2025-02-04T14:31:37+00:00\" \/>\n<meta property=\"og:image\" content=\"https:\/\/aconteceunovale.com.br\/portal\/wp-content\/uploads\/2025\/02\/placa_carro.jpg\" \/>\n\t<meta property=\"og:image:width\" content=\"678\" \/>\n\t<meta property=\"og:image:height\" content=\"407\" \/>\n\t<meta property=\"og:image:type\" content=\"image\/jpeg\" \/>\n<meta name=\"author\" content=\"Reda\u00e7\u00e3o Aconteceu no Vale\" \/>\n<meta name=\"twitter:card\" content=\"summary_large_image\" \/>\n<meta name=\"twitter:creator\" content=\"@noticiadosvales\" \/>\n<meta name=\"twitter:site\" content=\"@noticiadosvales\" \/>\n<meta name=\"twitter:label1\" content=\"Escrito por\" \/>\n\t<meta name=\"twitter:data1\" content=\"Reda\u00e7\u00e3o Aconteceu no Vale\" \/>\n\t<meta name=\"twitter:label2\" content=\"Est. tempo de leitura\" \/>\n\t<meta name=\"twitter:data2\" content=\"2 minutos\" \/>\n<script type=\"application\/ld+json\" class=\"yoast-schema-graph\">{\"@context\":\"https:\\\/\\\/schema.org\",\"@graph\":[{\"@type\":\"Article\",\"@id\":\"https:\\\/\\\/aconteceunovale.com.br\\\/portal\\\/?p=197022#article\",\"isPartOf\":{\"@id\":\"https:\\\/\\\/aconteceunovale.com.br\\\/portal\\\/?p=197022\"},\"author\":{\"name\":\"Reda\u00e7\u00e3o Aconteceu no Vale\",\"@id\":\"https:\\\/\\\/aconteceunovale.com.br\\\/portal\\\/#\\\/schema\\\/person\\\/7d2f26d1483f8a63de73da1ee0754d35\"},\"headline\":\"Santana do Para\u00edso oferece ressarcimento de at\u00e9 R$ 300 para emplacamento de ve\u00edculos\",\"datePublished\":\"2025-02-04T14:30:50+00:00\",\"dateModified\":\"2025-02-04T14:31:37+00:00\",\"mainEntityOfPage\":{\"@id\":\"https:\\\/\\\/aconteceunovale.com.br\\\/portal\\\/?p=197022\"},\"wordCount\":431,\"commentCount\":0,\"image\":{\"@id\":\"https:\\\/\\\/aconteceunovale.com.br\\\/portal\\\/?p=197022#primaryimage\"},\"thumbnailUrl\":\"https:\\\/\\\/aconteceunovale.com.br\\\/portal\\\/wp-content\\\/uploads\\\/2025\\\/02\\\/placa_carro.jpg\",\"keywords\":[\"Bruno Morato\",\"Campanha de emplacamento de ve\u00edculos em Santana do Para\u00edso\",\"destaque\",\"Emplacamento de ve\u00edculos em Santana do Para\u00edso\",\"Prefeito de Santana do Para\u00edso\",\"prefeitura de Santana do Para\u00edso\",\"Santana do Para\u00edso\",\"Santana do Para\u00edso oferece ressarcimento de at\u00e9 R$ 300 para emplacamento de ve\u00edculos\",\"vale do a\u00e7o\"],\"articleSection\":[\"Leste de Minas\"],\"inLanguage\":\"pt-BR\",\"potentialAction\":[{\"@type\":\"CommentAction\",\"name\":\"Comment\",\"target\":[\"https:\\\/\\\/aconteceunovale.com.br\\\/portal\\\/?p=197022#respond\"]}]},{\"@type\":\"WebPage\",\"@id\":\"https:\\\/\\\/aconteceunovale.com.br\\\/portal\\\/?p=197022\",\"url\":\"https:\\\/\\\/aconteceunovale.com.br\\\/portal\\\/?p=197022\",\"name\":\"Santana do Para\u00edso oferece ressarcimento de at\u00e9 R$ 300 para emplacamento de ve\u00edculos - Aconteceu no Vale\",\"isPartOf\":{\"@id\":\"https:\\\/\\\/aconteceunovale.com.br\\\/portal\\\/#website\"},\"primaryImageOfPage\":{\"@id\":\"https:\\\/\\\/aconteceunovale.com.br\\\/portal\\\/?p=197022#primaryimage\"},\"image\":{\"@id\":\"https:\\\/\\\/aconteceunovale.com.br\\\/portal\\\/?p=197022#primaryimage\"},\"thumbnailUrl\":\"https:\\\/\\\/aconteceunovale.com.br\\\/portal\\\/wp-content\\\/uploads\\\/2025\\\/02\\\/placa_carro.jpg\",\"datePublished\":\"2025-02-04T14:30:50+00:00\",\"dateModified\":\"2025-02-04T14:31:37+00:00\",\"author\":{\"@id\":\"https:\\\/\\\/aconteceunovale.com.br\\\/portal\\\/#\\\/schema\\\/person\\\/7d2f26d1483f8a63de73da1ee0754d35\"},\"breadcrumb\":{\"@id\":\"https:\\\/\\\/aconteceunovale.com.br\\\/portal\\\/?p=197022#breadcrumb\"},\"inLanguage\":\"pt-BR\",\"potentialAction\":[{\"@type\":\"ReadAction\",\"target\":[\"https:\\\/\\\/aconteceunovale.com.br\\\/portal\\\/?p=197022\"]}]},{\"@type\":\"ImageObject\",\"inLanguage\":\"pt-BR\",\"@id\":\"https:\\\/\\\/aconteceunovale.com.br\\\/portal\\\/?p=197022#primaryimage\",\"url\":\"https:\\\/\\\/aconteceunovale.com.br\\\/portal\\\/wp-content\\\/uploads\\\/2025\\\/02\\\/placa_carro.jpg\",\"contentUrl\":\"https:\\\/\\\/aconteceunovale.com.br\\\/portal\\\/wp-content\\\/uploads\\\/2025\\\/02\\\/placa_carro.jpg\",\"width\":678,\"height\":407,\"caption\":\"Foto: Divulga\u00e7\u00e3o \\\/ Prefeitura de Santana do Para\u00edso\"},{\"@type\":\"BreadcrumbList\",\"@id\":\"https:\\\/\\\/aconteceunovale.com.br\\\/portal\\\/?p=197022#breadcrumb\",\"itemListElement\":[{\"@type\":\"ListItem\",\"position\":1,\"name\":\"In\u00edcio\",\"item\":\"https:\\\/\\\/aconteceunovale.com.br\\\/portal\\\/\"},{\"@type\":\"ListItem\",\"position\":2,\"name\":\"Santana do Para\u00edso oferece ressarcimento de at\u00e9 R$ 300 para emplacamento de ve\u00edculos\"}]},{\"@type\":\"WebSite\",\"@id\":\"https:\\\/\\\/aconteceunovale.com.br\\\/portal\\\/#website\",\"url\":\"https:\\\/\\\/aconteceunovale.com.br\\\/portal\\\/\",\"name\":\"Aconteceu no Vale\",\"description\":\"Portal de Not\u00edcias\",\"potentialAction\":[{\"@type\":\"SearchAction\",\"target\":{\"@type\":\"EntryPoint\",\"urlTemplate\":\"https:\\\/\\\/aconteceunovale.com.br\\\/portal\\\/?s={search_term_string}\"},\"query-input\":{\"@type\":\"PropertyValueSpecification\",\"valueRequired\":true,\"valueName\":\"search_term_string\"}}],\"inLanguage\":\"pt-BR\"},{\"@type\":\"Person\",\"@id\":\"https:\\\/\\\/aconteceunovale.com.br\\\/portal\\\/#\\\/schema\\\/person\\\/7d2f26d1483f8a63de73da1ee0754d35\",\"name\":\"Reda\u00e7\u00e3o Aconteceu no Vale\",\"description\":\"Equipe de reportagem do Aconteceu no Vale, portal de not\u00edcias do Vale do Jequitinhonha, em Minas Gerais. Cobrimos as 51 cidades do Vale desde 2013. Sugest\u00f5es de pauta e pedidos de corre\u00e7\u00e3o: contato@aconteceunovale.com.br\",\"url\":\"https:\\\/\\\/aconteceunovale.com.br\\\/portal\\\/?author=4\"}]}<\/script>\n<!-- \/ Yoast SEO plugin. -->","yoast_head_json":{"title":"Santana do Para\u00edso oferece ressarcimento de at\u00e9 R$ 300 para emplacamento de ve\u00edculos - Aconteceu no Vale","robots":{"index":"index","follow":"follow","max-snippet":"max-snippet:-1","max-image-preview":"max-image-preview:large","max-video-preview":"max-video-preview:-1"},"canonical":"https:\/\/aconteceunovale.com.br\/portal\/?p=197022","og_locale":"pt_BR","og_type":"article","og_title":"Santana do Para\u00edso oferece ressarcimento de at\u00e9 R$ 300 para emplacamento de ve\u00edculos - Aconteceu no Vale","og_description":"A Prefeitura de Santana do Para\u00edso, no Vale do A\u00e7o, lan\u00e7ou uma campanha para incentivar o licenciamento e a transfer\u00eancia de ve\u00edculos para o munic\u00edpio. Com base na Lei n\u00ba 1209, o programa prev\u00ea ressarcimentos de at\u00e9 R$ 300 para pessoas f\u00edsicas e jur\u00eddicas que realizarem o emplacamento ou a transfer\u00eancia de ve\u00edculos automotores para [&hellip;]","og_url":"https:\/\/aconteceunovale.com.br\/portal\/?p=197022","og_site_name":"Aconteceu no Vale","article_publisher":"https:\/\/www.facebook.com\/aconteceunovale\/","article_published_time":"2025-02-04T14:30:50+00:00","article_modified_time":"2025-02-04T14:31:37+00:00","og_image":[{"width":678,"height":407,"url":"https:\/\/aconteceunovale.com.br\/portal\/wp-content\/uploads\/2025\/02\/placa_carro.jpg","type":"image\/jpeg"}],"author":"Reda\u00e7\u00e3o Aconteceu no Vale","twitter_card":"summary_large_image","twitter_creator":"@noticiadosvales","twitter_site":"@noticiadosvales","twitter_misc":{"Escrito por":"Reda\u00e7\u00e3o Aconteceu no Vale","Est. tempo de leitura":"2 minutos"},"schema":{"@context":"https:\/\/schema.org","@graph":[{"@type":"Article","@id":"https:\/\/aconteceunovale.com.br\/portal\/?p=197022#article","isPartOf":{"@id":"https:\/\/aconteceunovale.com.br\/portal\/?p=197022"},"author":{"name":"Reda\u00e7\u00e3o Aconteceu no Vale","@id":"https:\/\/aconteceunovale.com.br\/portal\/#\/schema\/person\/7d2f26d1483f8a63de73da1ee0754d35"},"headline":"Santana do Para\u00edso oferece ressarcimento de at\u00e9 R$ 300 para emplacamento de ve\u00edculos","datePublished":"2025-02-04T14:30:50+00:00","dateModified":"2025-02-04T14:31:37+00:00","mainEntityOfPage":{"@id":"https:\/\/aconteceunovale.com.br\/portal\/?p=197022"},"wordCount":431,"commentCount":0,"image":{"@id":"https:\/\/aconteceunovale.com.br\/portal\/?p=197022#primaryimage"},"thumbnailUrl":"https:\/\/aconteceunovale.com.br\/portal\/wp-content\/uploads\/2025\/02\/placa_carro.jpg","keywords":["Bruno Morato","Campanha de emplacamento de ve\u00edculos em Santana do Para\u00edso","destaque","Emplacamento de ve\u00edculos em Santana do Para\u00edso","Prefeito de Santana do Para\u00edso","prefeitura de Santana do Para\u00edso","Santana do Para\u00edso","Santana do Para\u00edso oferece ressarcimento de at\u00e9 R$ 300 para emplacamento de ve\u00edculos","vale do a\u00e7o"],"articleSection":["Leste de Minas"],"inLanguage":"pt-BR","potentialAction":[{"@type":"CommentAction","name":"Comment","target":["https:\/\/aconteceunovale.com.br\/portal\/?p=197022#respond"]}]},{"@type":"WebPage","@id":"https:\/\/aconteceunovale.com.br\/portal\/?p=197022","url":"https:\/\/aconteceunovale.com.br\/portal\/?p=197022","name":"Santana do Para\u00edso oferece ressarcimento de at\u00e9 R$ 300 para emplacamento de ve\u00edculos - Aconteceu no Vale","isPartOf":{"@id":"https:\/\/aconteceunovale.com.br\/portal\/#website"},"primaryImageOfPage":{"@id":"https:\/\/aconteceunovale.com.br\/portal\/?p=197022#primaryimage"},"image":{"@id":"https:\/\/aconteceunovale.com.br\/portal\/?p=197022#primaryimage"},"thumbnailUrl":"https:\/\/aconteceunovale.com.br\/portal\/wp-content\/uploads\/2025\/02\/placa_carro.jpg","datePublished":"2025-02-04T14:30:50+00:00","dateModified":"2025-02-04T14:31:37+00:00","author":{"@id":"https:\/\/aconteceunovale.com.br\/portal\/#\/schema\/person\/7d2f26d1483f8a63de73da1ee0754d35"},"breadcrumb":{"@id":"https:\/\/aconteceunovale.com.br\/portal\/?p=197022#breadcrumb"},"inLanguage":"pt-BR","potentialAction":[{"@type":"ReadAction","target":["https:\/\/aconteceunovale.com.br\/portal\/?p=197022"]}]},{"@type":"ImageObject","inLanguage":"pt-BR","@id":"https:\/\/aconteceunovale.com.br\/portal\/?p=197022#primaryimage","url":"https:\/\/aconteceunovale.com.br\/portal\/wp-content\/uploads\/2025\/02\/placa_carro.jpg","contentUrl":"https:\/\/aconteceunovale.com.br\/portal\/wp-content\/uploads\/2025\/02\/placa_carro.jpg","width":678,"height":407,"caption":"Foto: Divulga\u00e7\u00e3o \/ Prefeitura de Santana do Para\u00edso"},{"@type":"BreadcrumbList","@id":"https:\/\/aconteceunovale.com.br\/portal\/?p=197022#breadcrumb","itemListElement":[{"@type":"ListItem","position":1,"name":"In\u00edcio","item":"https:\/\/aconteceunovale.com.br\/portal\/"},{"@type":"ListItem","position":2,"name":"Santana do Para\u00edso oferece ressarcimento de at\u00e9 R$ 300 para emplacamento de ve\u00edculos"}]},{"@type":"WebSite","@id":"https:\/\/aconteceunovale.com.br\/portal\/#website","url":"https:\/\/aconteceunovale.com.br\/portal\/","name":"Aconteceu no Vale","description":"Portal de Not\u00edcias","potentialAction":[{"@type":"SearchAction","target":{"@type":"EntryPoint","urlTemplate":"https:\/\/aconteceunovale.com.br\/portal\/?s={search_term_string}"},"query-input":{"@type":"PropertyValueSpecification","valueRequired":true,"valueName":"search_term_string"}}],"inLanguage":"pt-BR"},{"@type":"Person","@id":"https:\/\/aconteceunovale.com.br\/portal\/#\/schema\/person\/7d2f26d1483f8a63de73da1ee0754d35","name":"Reda\u00e7\u00e3o Aconteceu no Vale","description":"Equipe de reportagem do Aconteceu no Vale, portal de not\u00edcias do Vale do Jequitinhonha, em Minas Gerais. Cobrimos as 51 cidades do Vale desde 2013. Sugest\u00f5es de pauta e pedidos de corre\u00e7\u00e3o: contato@aconteceunovale.com.br","url":"https:\/\/aconteceunovale.com.br\/portal\/?author=4"}]}},"_links":{"self":[{"href":"https:\/\/aconteceunovale.com.br\/portal\/index.php?rest_route=\/wp\/v2\/posts\/197022","targetHints":{"allow":["GET"]}}],"collection":[{"href":"https:\/\/aconteceunovale.com.br\/portal\/index.php?rest_route=\/wp\/v2\/posts"}],"about":[{"href":"https:\/\/aconteceunovale.com.br\/portal\/index.php?rest_route=\/wp\/v2\/types\/post"}],"author":[{"embeddable":true,"href":"https:\/\/aconteceunovale.com.br\/portal\/index.php?rest_route=\/wp\/v2\/users\/4"}],"replies":[{"embeddable":true,"href":"https:\/\/aconteceunovale.com.br\/portal\/index.php?rest_route=%2Fwp%2Fv2%2Fcomments&post=197022"}],"version-history":[{"count":1,"href":"https:\/\/aconteceunovale.com.br\/portal\/index.php?rest_route=\/wp\/v2\/posts\/197022\/revisions"}],"predecessor-version":[{"id":197024,"href":"https:\/\/aconteceunovale.com.br\/portal\/index.php?rest_route=\/wp\/v2\/posts\/197022\/revisions\/197024"}],"wp:featuredmedia":[{"embeddable":true,"href":"https:\/\/aconteceunovale.com.br\/portal\/index.php?rest_route=\/wp\/v2\/media\/197023"}],"wp:attachment":[{"href":"https:\/\/aconteceunovale.com.br\/portal\/index.php?rest_route=%2Fwp%2Fv2%2Fmedia&parent=197022"}],"wp:term":[{"taxonomy":"category","embeddable":true,"href":"https:\/\/aconteceunovale.com.br\/portal\/index.php?rest_route=%2Fwp%2Fv2%2Fcategories&post=197022"},{"taxonomy":"post_tag","embeddable":true,"href":"https:\/\/aconteceunovale.com.br\/portal\/index.php?rest_route=%2Fwp%2Fv2%2Ftags&post=197022"}],"curies":[{"name":"wp","href":"https:\/\/api.w.org\/{rel}","templated":true}]}}