{"id":197008,"date":"2025-02-04T10:04:55","date_gmt":"2025-02-04T13:04:55","guid":{"rendered":"https:\/\/aconteceunovale.com.br\/portal\/?p=197008"},"modified":"2025-02-04T10:05:45","modified_gmt":"2025-02-04T13:05:45","slug":"ex-prefeito-de-montes-claros-e-ex-deputado-federal-humberto-souto-morre-aos-90-anos","status":"publish","type":"post","link":"https:\/\/aconteceunovale.com.br\/portal\/?p=197008","title":{"rendered":"Ex-prefeito de Montes Claros e ex-deputado federal Humberto Souto morre aos 90 anos"},"content":{"rendered":"\n<p class=\"wp-block-paragraph\">O ex-prefeito de Montes Claros e ex-deputado federal Humberto Souto faleceu na madrugada desta ter\u00e7a-feira (4), em Bras\u00edlia, aos 90 anos. Ele estava internado desde janeiro, ap\u00f3s sofrer um acidente vascular cerebral (AVC) no dia 22 de dezembro.<\/p>\n\n\n\n<figure class=\"wp-block-gallery has-nested-images columns-default is-cropped wp-block-gallery-1 is-layout-flex wp-block-gallery-is-layout-flex\">\n<figure class=\"wp-block-image size-large\"><img loading=\"lazy\" decoding=\"async\" width=\"634\" height=\"450\" data-id=\"197009\" src=\"https:\/\/aconteceunovale.com.br\/portal\/wp-content\/uploads\/2025\/02\/humberto_souto_1.png\" alt=\"\" class=\"wp-image-197009\" srcset=\"https:\/\/aconteceunovale.com.br\/portal\/wp-content\/uploads\/2025\/02\/humberto_souto_1.png 634w, https:\/\/aconteceunovale.com.br\/portal\/wp-content\/uploads\/2025\/02\/humberto_souto_1-300x213.png 300w, https:\/\/aconteceunovale.com.br\/portal\/wp-content\/uploads\/2025\/02\/humberto_souto_1-100x70.png 100w, https:\/\/aconteceunovale.com.br\/portal\/wp-content\/uploads\/2025\/02\/humberto_souto_1-592x420.png 592w\" sizes=\"auto, (max-width: 634px) 100vw, 634px\" \/><figcaption class=\"wp-element-caption\"><em>Foto: Divulga\u00e7\u00e3o<\/em><\/figcaption><\/figure>\n<\/figure>\n\n\n\n<p class=\"wp-block-paragraph\">Com uma trajet\u00f3ria pol\u00edtica de mais de cinco d\u00e9cadas, Souto exerceu oito mandatos como deputado federal entre 1975 e 2014, sendo filiado a diferentes partidos ao longo dos anos, como Arena, PDS, PFL e PPS (atual Cidadania). Pelo Cidadania, encerrou, no ano passado, seu mandato como prefeito de Montes Claros (MG).<\/p>\n\n\n\n<p class=\"wp-block-paragraph\">A carreira pol\u00edtica de Humberto Souto teve in\u00edcio em 1963, quando foi eleito vereador de Montes Claros. Em 1971, tornou-se deputado estadual em Minas Gerais e, posteriormente, deputado federal. Em 1995, deixou o Parlamento para assumir o cargo de ministro do Tribunal de Contas da Uni\u00e3o (TCU), onde tamb\u00e9m exerceu a presid\u00eancia.<\/p>\n\n\n\n<p class=\"wp-block-paragraph\">Ap\u00f3s sua aposentadoria do TCU, em 2004, retornou \u00e0 pol\u00edtica em 2006. Em 2016, foi eleito prefeito de Montes Claros e reeleito em 2020, vencendo ainda no primeiro turno com mais de 85% dos votos v\u00e1lidos.<\/p>\n\n\n\n<p class=\"wp-block-paragraph\">A morte de Humberto Souto marca o fim de uma trajet\u00f3ria pol\u00edtica expressiva, na qual atuou em diferentes esferas do poder p\u00fablico, deixando sua contribui\u00e7\u00e3o para a administra\u00e7\u00e3o municipal e nacional.<\/p>\n","protected":false},"excerpt":{"rendered":"<p>O ex-prefeito de Montes Claros e ex-deputado federal Humberto Souto faleceu na madrugada desta ter\u00e7a-feira (4), em Bras\u00edlia, aos 90 anos. Ele estava internado desde janeiro, ap\u00f3s sofrer um acidente vascular cerebral (AVC) no dia 22 de dezembro. Com uma trajet\u00f3ria pol\u00edtica de mais de cinco d\u00e9cadas, Souto exerceu oito mandatos como deputado federal entre [&hellip;]<\/p>\n","protected":false},"author":4,"featured_media":197009,"comment_status":"open","ping_status":"closed","sticky":false,"template":"","format":"standard","meta":{"amp_status":"","footnotes":""},"categories":[1236,40240],"tags":[1018,271310,271311,69274,271307,122530,210,271308,271309,271312],"class_list":["post-197008","post","type-post","status-publish","format-standard","has-post-thumbnail","hentry","category-norte_de_minas","category-politica","tag-destaque","tag-ex-deputado-federal-humberto-souto","tag-ex-ministro-do-tcu-humberto-souto","tag-ex-prefeito-de-montes-claros","tag-ex-prefeito-de-montes-claros-e-ex-deputado-federal-humberto-souto-morre-aos-90-anos","tag-humberto-souto","tag-montes-claros","tag-morre-humberto-souto","tag-morte-de-humberto-souto","tag-trajetoria-de-humberto-souto"],"yoast_head":"<!-- This site is optimized with the Yoast SEO plugin v28.3 - https:\/\/yoast.com\/product\/yoast-seo-wordpress\/ -->\n<title>Ex-prefeito de Montes Claros e ex-deputado federal Humberto Souto morre aos 90 anos - Aconteceu no Vale<\/title>\n<meta name=\"robots\" content=\"index, follow, max-snippet:-1, max-image-preview:large, max-video-preview:-1\" \/>\n<link rel=\"canonical\" href=\"https:\/\/aconteceunovale.com.br\/portal\/?p=197008\" \/>\n<meta property=\"og:locale\" content=\"pt_BR\" \/>\n<meta property=\"og:type\" content=\"article\" \/>\n<meta property=\"og:title\" content=\"Ex-prefeito de Montes Claros e ex-deputado federal Humberto Souto morre aos 90 anos - Aconteceu no Vale\" \/>\n<meta property=\"og:description\" content=\"O ex-prefeito de Montes Claros e ex-deputado federal Humberto Souto faleceu na madrugada desta ter\u00e7a-feira (4), em Bras\u00edlia, aos 90 anos. Ele estava internado desde janeiro, ap\u00f3s sofrer um acidente vascular cerebral (AVC) no dia 22 de dezembro. Com uma trajet\u00f3ria pol\u00edtica de mais de cinco d\u00e9cadas, Souto exerceu oito mandatos como deputado federal entre [&hellip;]\" \/>\n<meta property=\"og:url\" content=\"https:\/\/aconteceunovale.com.br\/portal\/?p=197008\" \/>\n<meta property=\"og:site_name\" content=\"Aconteceu no Vale\" \/>\n<meta property=\"article:publisher\" content=\"https:\/\/www.facebook.com\/aconteceunovale\/\" \/>\n<meta property=\"article:published_time\" content=\"2025-02-04T13:04:55+00:00\" \/>\n<meta property=\"article:modified_time\" content=\"2025-02-04T13:05:45+00:00\" \/>\n<meta property=\"og:image\" content=\"https:\/\/aconteceunovale.com.br\/portal\/wp-content\/uploads\/2025\/02\/humberto_souto_1.png\" \/>\n\t<meta property=\"og:image:width\" content=\"634\" \/>\n\t<meta property=\"og:image:height\" content=\"450\" \/>\n\t<meta property=\"og:image:type\" content=\"image\/png\" \/>\n<meta name=\"author\" content=\"Reda\u00e7\u00e3o Aconteceu no Vale\" \/>\n<meta name=\"twitter:card\" content=\"summary_large_image\" \/>\n<meta name=\"twitter:creator\" content=\"@noticiadosvales\" \/>\n<meta name=\"twitter:site\" content=\"@noticiadosvales\" \/>\n<meta name=\"twitter:label1\" content=\"Escrito por\" \/>\n\t<meta name=\"twitter:data1\" content=\"Reda\u00e7\u00e3o Aconteceu no Vale\" \/>\n\t<meta name=\"twitter:label2\" content=\"Est. tempo de leitura\" \/>\n\t<meta name=\"twitter:data2\" content=\"1 minuto\" \/>\n<script type=\"application\/ld+json\" class=\"yoast-schema-graph\">{\"@context\":\"https:\\\/\\\/schema.org\",\"@graph\":[{\"@type\":\"Article\",\"@id\":\"https:\\\/\\\/aconteceunovale.com.br\\\/portal\\\/?p=197008#article\",\"isPartOf\":{\"@id\":\"https:\\\/\\\/aconteceunovale.com.br\\\/portal\\\/?p=197008\"},\"author\":{\"name\":\"Reda\u00e7\u00e3o Aconteceu no Vale\",\"@id\":\"https:\\\/\\\/aconteceunovale.com.br\\\/portal\\\/#\\\/schema\\\/person\\\/7d2f26d1483f8a63de73da1ee0754d35\"},\"headline\":\"Ex-prefeito de Montes Claros e ex-deputado federal Humberto Souto morre aos 90 anos\",\"datePublished\":\"2025-02-04T13:04:55+00:00\",\"dateModified\":\"2025-02-04T13:05:45+00:00\",\"mainEntityOfPage\":{\"@id\":\"https:\\\/\\\/aconteceunovale.com.br\\\/portal\\\/?p=197008\"},\"wordCount\":228,\"commentCount\":0,\"image\":{\"@id\":\"https:\\\/\\\/aconteceunovale.com.br\\\/portal\\\/?p=197008#primaryimage\"},\"thumbnailUrl\":\"https:\\\/\\\/aconteceunovale.com.br\\\/portal\\\/wp-content\\\/uploads\\\/2025\\\/02\\\/humberto_souto_1.png\",\"keywords\":[\"destaque\",\"Ex-deputado federal Humberto Souto\",\"Ex-ministro do TCU Humberto Souto\",\"ex-prefeito de Montes Claros\",\"Ex-prefeito de Montes Claros e ex-deputado federal Humberto Souto morre aos 90 anos\",\"Humberto Souto\",\"Montes Claros\",\"Morre Humberto Souto\",\"Morte de Humberto Souto\",\"Trajet\u00f3ria de Humberto Souto\"],\"articleSection\":[\"Norte de Minas\",\"Pol\u00edtica\"],\"inLanguage\":\"pt-BR\",\"potentialAction\":[{\"@type\":\"CommentAction\",\"name\":\"Comment\",\"target\":[\"https:\\\/\\\/aconteceunovale.com.br\\\/portal\\\/?p=197008#respond\"]}]},{\"@type\":\"WebPage\",\"@id\":\"https:\\\/\\\/aconteceunovale.com.br\\\/portal\\\/?p=197008\",\"url\":\"https:\\\/\\\/aconteceunovale.com.br\\\/portal\\\/?p=197008\",\"name\":\"Ex-prefeito de Montes Claros e ex-deputado federal Humberto Souto morre aos 90 anos - Aconteceu no Vale\",\"isPartOf\":{\"@id\":\"https:\\\/\\\/aconteceunovale.com.br\\\/portal\\\/#website\"},\"primaryImageOfPage\":{\"@id\":\"https:\\\/\\\/aconteceunovale.com.br\\\/portal\\\/?p=197008#primaryimage\"},\"image\":{\"@id\":\"https:\\\/\\\/aconteceunovale.com.br\\\/portal\\\/?p=197008#primaryimage\"},\"thumbnailUrl\":\"https:\\\/\\\/aconteceunovale.com.br\\\/portal\\\/wp-content\\\/uploads\\\/2025\\\/02\\\/humberto_souto_1.png\",\"datePublished\":\"2025-02-04T13:04:55+00:00\",\"dateModified\":\"2025-02-04T13:05:45+00:00\",\"author\":{\"@id\":\"https:\\\/\\\/aconteceunovale.com.br\\\/portal\\\/#\\\/schema\\\/person\\\/7d2f26d1483f8a63de73da1ee0754d35\"},\"breadcrumb\":{\"@id\":\"https:\\\/\\\/aconteceunovale.com.br\\\/portal\\\/?p=197008#breadcrumb\"},\"inLanguage\":\"pt-BR\",\"potentialAction\":[{\"@type\":\"ReadAction\",\"target\":[\"https:\\\/\\\/aconteceunovale.com.br\\\/portal\\\/?p=197008\"]}]},{\"@type\":\"ImageObject\",\"inLanguage\":\"pt-BR\",\"@id\":\"https:\\\/\\\/aconteceunovale.com.br\\\/portal\\\/?p=197008#primaryimage\",\"url\":\"https:\\\/\\\/aconteceunovale.com.br\\\/portal\\\/wp-content\\\/uploads\\\/2025\\\/02\\\/humberto_souto_1.png\",\"contentUrl\":\"https:\\\/\\\/aconteceunovale.com.br\\\/portal\\\/wp-content\\\/uploads\\\/2025\\\/02\\\/humberto_souto_1.png\",\"width\":634,\"height\":450,\"caption\":\"Foto: Divulga\u00e7\u00e3o\"},{\"@type\":\"BreadcrumbList\",\"@id\":\"https:\\\/\\\/aconteceunovale.com.br\\\/portal\\\/?p=197008#breadcrumb\",\"itemListElement\":[{\"@type\":\"ListItem\",\"position\":1,\"name\":\"In\u00edcio\",\"item\":\"https:\\\/\\\/aconteceunovale.com.br\\\/portal\\\/\"},{\"@type\":\"ListItem\",\"position\":2,\"name\":\"Ex-prefeito de Montes Claros e ex-deputado federal Humberto Souto morre aos 90 anos\"}]},{\"@type\":\"WebSite\",\"@id\":\"https:\\\/\\\/aconteceunovale.com.br\\\/portal\\\/#website\",\"url\":\"https:\\\/\\\/aconteceunovale.com.br\\\/portal\\\/\",\"name\":\"Aconteceu no Vale\",\"description\":\"Portal de Not\u00edcias\",\"potentialAction\":[{\"@type\":\"SearchAction\",\"target\":{\"@type\":\"EntryPoint\",\"urlTemplate\":\"https:\\\/\\\/aconteceunovale.com.br\\\/portal\\\/?s={search_term_string}\"},\"query-input\":{\"@type\":\"PropertyValueSpecification\",\"valueRequired\":true,\"valueName\":\"search_term_string\"}}],\"inLanguage\":\"pt-BR\"},{\"@type\":\"Person\",\"@id\":\"https:\\\/\\\/aconteceunovale.com.br\\\/portal\\\/#\\\/schema\\\/person\\\/7d2f26d1483f8a63de73da1ee0754d35\",\"name\":\"Reda\u00e7\u00e3o Aconteceu no Vale\",\"description\":\"Equipe de reportagem do Aconteceu no Vale, portal de not\u00edcias do Vale do Jequitinhonha, em Minas Gerais. Cobrimos as 51 cidades do Vale desde 2013. Sugest\u00f5es de pauta e pedidos de corre\u00e7\u00e3o: contato@aconteceunovale.com.br\",\"url\":\"https:\\\/\\\/aconteceunovale.com.br\\\/portal\\\/?author=4\"}]}<\/script>\n<!-- \/ Yoast SEO plugin. -->","yoast_head_json":{"title":"Ex-prefeito de Montes Claros e ex-deputado federal Humberto Souto morre aos 90 anos - Aconteceu no Vale","robots":{"index":"index","follow":"follow","max-snippet":"max-snippet:-1","max-image-preview":"max-image-preview:large","max-video-preview":"max-video-preview:-1"},"canonical":"https:\/\/aconteceunovale.com.br\/portal\/?p=197008","og_locale":"pt_BR","og_type":"article","og_title":"Ex-prefeito de Montes Claros e ex-deputado federal Humberto Souto morre aos 90 anos - Aconteceu no Vale","og_description":"O ex-prefeito de Montes Claros e ex-deputado federal Humberto Souto faleceu na madrugada desta ter\u00e7a-feira (4), em Bras\u00edlia, aos 90 anos. Ele estava internado desde janeiro, ap\u00f3s sofrer um acidente vascular cerebral (AVC) no dia 22 de dezembro. Com uma trajet\u00f3ria pol\u00edtica de mais de cinco d\u00e9cadas, Souto exerceu oito mandatos como deputado federal entre [&hellip;]","og_url":"https:\/\/aconteceunovale.com.br\/portal\/?p=197008","og_site_name":"Aconteceu no Vale","article_publisher":"https:\/\/www.facebook.com\/aconteceunovale\/","article_published_time":"2025-02-04T13:04:55+00:00","article_modified_time":"2025-02-04T13:05:45+00:00","og_image":[{"width":634,"height":450,"url":"https:\/\/aconteceunovale.com.br\/portal\/wp-content\/uploads\/2025\/02\/humberto_souto_1.png","type":"image\/png"}],"author":"Reda\u00e7\u00e3o Aconteceu no Vale","twitter_card":"summary_large_image","twitter_creator":"@noticiadosvales","twitter_site":"@noticiadosvales","twitter_misc":{"Escrito por":"Reda\u00e7\u00e3o Aconteceu no Vale","Est. tempo de leitura":"1 minuto"},"schema":{"@context":"https:\/\/schema.org","@graph":[{"@type":"Article","@id":"https:\/\/aconteceunovale.com.br\/portal\/?p=197008#article","isPartOf":{"@id":"https:\/\/aconteceunovale.com.br\/portal\/?p=197008"},"author":{"name":"Reda\u00e7\u00e3o Aconteceu no Vale","@id":"https:\/\/aconteceunovale.com.br\/portal\/#\/schema\/person\/7d2f26d1483f8a63de73da1ee0754d35"},"headline":"Ex-prefeito de Montes Claros e ex-deputado federal Humberto Souto morre aos 90 anos","datePublished":"2025-02-04T13:04:55+00:00","dateModified":"2025-02-04T13:05:45+00:00","mainEntityOfPage":{"@id":"https:\/\/aconteceunovale.com.br\/portal\/?p=197008"},"wordCount":228,"commentCount":0,"image":{"@id":"https:\/\/aconteceunovale.com.br\/portal\/?p=197008#primaryimage"},"thumbnailUrl":"https:\/\/aconteceunovale.com.br\/portal\/wp-content\/uploads\/2025\/02\/humberto_souto_1.png","keywords":["destaque","Ex-deputado federal Humberto Souto","Ex-ministro do TCU Humberto Souto","ex-prefeito de Montes Claros","Ex-prefeito de Montes Claros e ex-deputado federal Humberto Souto morre aos 90 anos","Humberto Souto","Montes Claros","Morre Humberto Souto","Morte de Humberto Souto","Trajet\u00f3ria de Humberto Souto"],"articleSection":["Norte de Minas","Pol\u00edtica"],"inLanguage":"pt-BR","potentialAction":[{"@type":"CommentAction","name":"Comment","target":["https:\/\/aconteceunovale.com.br\/portal\/?p=197008#respond"]}]},{"@type":"WebPage","@id":"https:\/\/aconteceunovale.com.br\/portal\/?p=197008","url":"https:\/\/aconteceunovale.com.br\/portal\/?p=197008","name":"Ex-prefeito de Montes Claros e ex-deputado federal Humberto Souto morre aos 90 anos - Aconteceu no Vale","isPartOf":{"@id":"https:\/\/aconteceunovale.com.br\/portal\/#website"},"primaryImageOfPage":{"@id":"https:\/\/aconteceunovale.com.br\/portal\/?p=197008#primaryimage"},"image":{"@id":"https:\/\/aconteceunovale.com.br\/portal\/?p=197008#primaryimage"},"thumbnailUrl":"https:\/\/aconteceunovale.com.br\/portal\/wp-content\/uploads\/2025\/02\/humberto_souto_1.png","datePublished":"2025-02-04T13:04:55+00:00","dateModified":"2025-02-04T13:05:45+00:00","author":{"@id":"https:\/\/aconteceunovale.com.br\/portal\/#\/schema\/person\/7d2f26d1483f8a63de73da1ee0754d35"},"breadcrumb":{"@id":"https:\/\/aconteceunovale.com.br\/portal\/?p=197008#breadcrumb"},"inLanguage":"pt-BR","potentialAction":[{"@type":"ReadAction","target":["https:\/\/aconteceunovale.com.br\/portal\/?p=197008"]}]},{"@type":"ImageObject","inLanguage":"pt-BR","@id":"https:\/\/aconteceunovale.com.br\/portal\/?p=197008#primaryimage","url":"https:\/\/aconteceunovale.com.br\/portal\/wp-content\/uploads\/2025\/02\/humberto_souto_1.png","contentUrl":"https:\/\/aconteceunovale.com.br\/portal\/wp-content\/uploads\/2025\/02\/humberto_souto_1.png","width":634,"height":450,"caption":"Foto: Divulga\u00e7\u00e3o"},{"@type":"BreadcrumbList","@id":"https:\/\/aconteceunovale.com.br\/portal\/?p=197008#breadcrumb","itemListElement":[{"@type":"ListItem","position":1,"name":"In\u00edcio","item":"https:\/\/aconteceunovale.com.br\/portal\/"},{"@type":"ListItem","position":2,"name":"Ex-prefeito de Montes Claros e ex-deputado federal Humberto Souto morre aos 90 anos"}]},{"@type":"WebSite","@id":"https:\/\/aconteceunovale.com.br\/portal\/#website","url":"https:\/\/aconteceunovale.com.br\/portal\/","name":"Aconteceu no Vale","description":"Portal de Not\u00edcias","potentialAction":[{"@type":"SearchAction","target":{"@type":"EntryPoint","urlTemplate":"https:\/\/aconteceunovale.com.br\/portal\/?s={search_term_string}"},"query-input":{"@type":"PropertyValueSpecification","valueRequired":true,"valueName":"search_term_string"}}],"inLanguage":"pt-BR"},{"@type":"Person","@id":"https:\/\/aconteceunovale.com.br\/portal\/#\/schema\/person\/7d2f26d1483f8a63de73da1ee0754d35","name":"Reda\u00e7\u00e3o Aconteceu no Vale","description":"Equipe de reportagem do Aconteceu no Vale, portal de not\u00edcias do Vale do Jequitinhonha, em Minas Gerais. Cobrimos as 51 cidades do Vale desde 2013. Sugest\u00f5es de pauta e pedidos de corre\u00e7\u00e3o: contato@aconteceunovale.com.br","url":"https:\/\/aconteceunovale.com.br\/portal\/?author=4"}]}},"_links":{"self":[{"href":"https:\/\/aconteceunovale.com.br\/portal\/index.php?rest_route=\/wp\/v2\/posts\/197008","targetHints":{"allow":["GET"]}}],"collection":[{"href":"https:\/\/aconteceunovale.com.br\/portal\/index.php?rest_route=\/wp\/v2\/posts"}],"about":[{"href":"https:\/\/aconteceunovale.com.br\/portal\/index.php?rest_route=\/wp\/v2\/types\/post"}],"author":[{"embeddable":true,"href":"https:\/\/aconteceunovale.com.br\/portal\/index.php?rest_route=\/wp\/v2\/users\/4"}],"replies":[{"embeddable":true,"href":"https:\/\/aconteceunovale.com.br\/portal\/index.php?rest_route=%2Fwp%2Fv2%2Fcomments&post=197008"}],"version-history":[{"count":1,"href":"https:\/\/aconteceunovale.com.br\/portal\/index.php?rest_route=\/wp\/v2\/posts\/197008\/revisions"}],"predecessor-version":[{"id":197010,"href":"https:\/\/aconteceunovale.com.br\/portal\/index.php?rest_route=\/wp\/v2\/posts\/197008\/revisions\/197010"}],"wp:featuredmedia":[{"embeddable":true,"href":"https:\/\/aconteceunovale.com.br\/portal\/index.php?rest_route=\/wp\/v2\/media\/197009"}],"wp:attachment":[{"href":"https:\/\/aconteceunovale.com.br\/portal\/index.php?rest_route=%2Fwp%2Fv2%2Fmedia&parent=197008"}],"wp:term":[{"taxonomy":"category","embeddable":true,"href":"https:\/\/aconteceunovale.com.br\/portal\/index.php?rest_route=%2Fwp%2Fv2%2Fcategories&post=197008"},{"taxonomy":"post_tag","embeddable":true,"href":"https:\/\/aconteceunovale.com.br\/portal\/index.php?rest_route=%2Fwp%2Fv2%2Ftags&post=197008"}],"curies":[{"name":"wp","href":"https:\/\/api.w.org\/{rel}","templated":true}]}}