{"id":196997,"date":"2025-02-03T22:12:03","date_gmt":"2025-02-04T01:12:03","guid":{"rendered":"https:\/\/aconteceunovale.com.br\/portal\/?p=196997"},"modified":"2025-02-03T22:12:32","modified_gmt":"2025-02-04T01:12:32","slug":"prefeitura-de-serro-repudia-vandalismo-em-espaco-publico-e-pede-apoio-da-comunidade","status":"publish","type":"post","link":"https:\/\/aconteceunovale.com.br\/portal\/?p=196997","title":{"rendered":"Prefeitura de Serro repudia vandalismo em espa\u00e7o p\u00fablico e pede apoio da comunidade"},"content":{"rendered":"\n<p class=\"wp-block-paragraph\">A Prefeitura de Serro (MG) manifestou, nesta segunda-feira (3\/2\/2025), rep\u00fadio ao ato de vandalismo ocorrido no Bar do Serro T\u00eanis Clube, que foi alvo de arrombamento e invas\u00e3o. Em nota oficial, a administra\u00e7\u00e3o municipal classificou o epis\u00f3dio como um ataque ao patrim\u00f4nio p\u00fablico e um desrespeito \u00e0 comunidade que utiliza o espa\u00e7o para lazer e conviv\u00eancia.<\/p>\n\n\n\n<p class=\"wp-block-paragraph\">Nos \u00faltimos anos, o local passou por uma reforma completa, recebendo melhorias na infraestrutura para melhor atender os cidad\u00e3os. Segundo a Prefeitura, a Secretaria Municipal de Esportes e Lazer tem trabalhado para garantir que os espa\u00e7os esportivos do munic\u00edpio sejam acolhedores e acess\u00edveis \u00e0 popula\u00e7\u00e3o, o que torna o ato ainda mais prejudicial ao interesse coletivo.<\/p>\n\n\n\n<p class=\"wp-block-paragraph\">A Prefeitura enfatizou que o vandalismo compromete o bem-estar dos frequentadores e representa uma viola\u00e7\u00e3o dos princ\u00edpios de respeito e cidadania. Diante disso, informou que todas as medidas cab\u00edveis est\u00e3o sendo adotadas para identificar e responsabilizar os autores do crime.<\/p>\n\n\n\n<p class=\"wp-block-paragraph\">Al\u00e9m disso, a administra\u00e7\u00e3o municipal solicitou o apoio da comunidade no fornecimento de informa\u00e7\u00f5es que possam auxiliar nas investiga\u00e7\u00f5es. Cidad\u00e3os que tiverem dados sobre o ocorrido podem entrar em contato com a Pol\u00edcia Civil pelo telefone 181.<\/p>\n\n\n\n<figure class=\"wp-block-gallery has-nested-images columns-1 is-cropped wp-block-gallery-1 is-layout-flex wp-block-gallery-is-layout-flex\">\n<figure class=\"wp-block-image size-large\"><img loading=\"lazy\" decoding=\"async\" width=\"678\" height=\"425\" data-id=\"196999\" src=\"https:\/\/aconteceunovale.com.br\/portal\/wp-content\/uploads\/2025\/02\/vandalismo_serro_2.png\" alt=\"\" class=\"wp-image-196999\" srcset=\"https:\/\/aconteceunovale.com.br\/portal\/wp-content\/uploads\/2025\/02\/vandalismo_serro_2.png 678w, https:\/\/aconteceunovale.com.br\/portal\/wp-content\/uploads\/2025\/02\/vandalismo_serro_2-300x188.png 300w, https:\/\/aconteceunovale.com.br\/portal\/wp-content\/uploads\/2025\/02\/vandalismo_serro_2-670x420.png 670w\" sizes=\"auto, (max-width: 678px) 100vw, 678px\" \/><\/figure>\n\n\n\n<figure class=\"wp-block-image size-large\"><img loading=\"lazy\" decoding=\"async\" width=\"678\" height=\"431\" data-id=\"196998\" src=\"https:\/\/aconteceunovale.com.br\/portal\/wp-content\/uploads\/2025\/02\/vandalismo_serro_4.png\" alt=\"\" class=\"wp-image-196998\" srcset=\"https:\/\/aconteceunovale.com.br\/portal\/wp-content\/uploads\/2025\/02\/vandalismo_serro_4.png 678w, https:\/\/aconteceunovale.com.br\/portal\/wp-content\/uploads\/2025\/02\/vandalismo_serro_4-300x191.png 300w, https:\/\/aconteceunovale.com.br\/portal\/wp-content\/uploads\/2025\/02\/vandalismo_serro_4-661x420.png 661w\" sizes=\"auto, (max-width: 678px) 100vw, 678px\" \/><\/figure>\n<\/figure>\n","protected":false},"excerpt":{"rendered":"<p>A Prefeitura de Serro (MG) manifestou, nesta segunda-feira (3\/2\/2025), rep\u00fadio ao ato de vandalismo ocorrido no Bar do Serro T\u00eanis Clube, que foi alvo de arrombamento e invas\u00e3o. Em nota oficial, a administra\u00e7\u00e3o municipal classificou o epis\u00f3dio como um ataque ao patrim\u00f4nio p\u00fablico e um desrespeito \u00e0 comunidade que utiliza o espa\u00e7o para lazer e [&hellip;]<\/p>\n","protected":false},"author":4,"featured_media":196999,"comment_status":"open","ping_status":"closed","sticky":false,"template":"","format":"standard","meta":{"amp_status":"","footnotes":""},"categories":[120],"tags":[217781,271294,154,271296,271295],"class_list":["post-196997","post","type-post","status-publish","format-standard","has-post-thumbnail","hentry","category-jequi","tag-prefeitura-de-serro","tag-prefeitura-de-serro-repudia-vandalismo-em-espaco-publico-e-pede-apoio-da-comunidade","tag-serro","tag-vandalismo-em-clube-de-serro","tag-vandalismo-no-serro-tenis-clube"],"yoast_head":"<!-- This site is optimized with the Yoast SEO plugin v28.3 - https:\/\/yoast.com\/product\/yoast-seo-wordpress\/ -->\n<title>Prefeitura de Serro repudia vandalismo em espa\u00e7o p\u00fablico e pede apoio da comunidade - Aconteceu no Vale<\/title>\n<meta name=\"robots\" content=\"index, follow, max-snippet:-1, max-image-preview:large, max-video-preview:-1\" \/>\n<link rel=\"canonical\" href=\"https:\/\/aconteceunovale.com.br\/portal\/?p=196997\" \/>\n<meta property=\"og:locale\" content=\"pt_BR\" \/>\n<meta property=\"og:type\" content=\"article\" \/>\n<meta property=\"og:title\" content=\"Prefeitura de Serro repudia vandalismo em espa\u00e7o p\u00fablico e pede apoio da comunidade - Aconteceu no Vale\" \/>\n<meta property=\"og:description\" content=\"A Prefeitura de Serro (MG) manifestou, nesta segunda-feira (3\/2\/2025), rep\u00fadio ao ato de vandalismo ocorrido no Bar do Serro T\u00eanis Clube, que foi alvo de arrombamento e invas\u00e3o. Em nota oficial, a administra\u00e7\u00e3o municipal classificou o epis\u00f3dio como um ataque ao patrim\u00f4nio p\u00fablico e um desrespeito \u00e0 comunidade que utiliza o espa\u00e7o para lazer e [&hellip;]\" \/>\n<meta property=\"og:url\" content=\"https:\/\/aconteceunovale.com.br\/portal\/?p=196997\" \/>\n<meta property=\"og:site_name\" content=\"Aconteceu no Vale\" \/>\n<meta property=\"article:publisher\" content=\"https:\/\/www.facebook.com\/aconteceunovale\/\" \/>\n<meta property=\"article:published_time\" content=\"2025-02-04T01:12:03+00:00\" \/>\n<meta property=\"article:modified_time\" content=\"2025-02-04T01:12:32+00:00\" \/>\n<meta property=\"og:image\" content=\"https:\/\/aconteceunovale.com.br\/portal\/wp-content\/uploads\/2025\/02\/vandalismo_serro_2.png\" \/>\n\t<meta property=\"og:image:width\" content=\"678\" \/>\n\t<meta property=\"og:image:height\" content=\"425\" \/>\n\t<meta property=\"og:image:type\" content=\"image\/png\" \/>\n<meta name=\"author\" content=\"Reda\u00e7\u00e3o Aconteceu no Vale\" \/>\n<meta name=\"twitter:card\" content=\"summary_large_image\" \/>\n<meta name=\"twitter:creator\" content=\"@noticiadosvales\" \/>\n<meta name=\"twitter:site\" content=\"@noticiadosvales\" \/>\n<meta name=\"twitter:label1\" content=\"Escrito por\" \/>\n\t<meta name=\"twitter:data1\" content=\"Reda\u00e7\u00e3o Aconteceu no Vale\" \/>\n\t<meta name=\"twitter:label2\" content=\"Est. tempo de leitura\" \/>\n\t<meta name=\"twitter:data2\" content=\"1 minuto\" \/>\n<script type=\"application\/ld+json\" class=\"yoast-schema-graph\">{\"@context\":\"https:\\\/\\\/schema.org\",\"@graph\":[{\"@type\":\"Article\",\"@id\":\"https:\\\/\\\/aconteceunovale.com.br\\\/portal\\\/?p=196997#article\",\"isPartOf\":{\"@id\":\"https:\\\/\\\/aconteceunovale.com.br\\\/portal\\\/?p=196997\"},\"author\":{\"name\":\"Reda\u00e7\u00e3o Aconteceu no Vale\",\"@id\":\"https:\\\/\\\/aconteceunovale.com.br\\\/portal\\\/#\\\/schema\\\/person\\\/7d2f26d1483f8a63de73da1ee0754d35\"},\"headline\":\"Prefeitura de Serro repudia vandalismo em espa\u00e7o p\u00fablico e pede apoio da comunidade\",\"datePublished\":\"2025-02-04T01:12:03+00:00\",\"dateModified\":\"2025-02-04T01:12:32+00:00\",\"mainEntityOfPage\":{\"@id\":\"https:\\\/\\\/aconteceunovale.com.br\\\/portal\\\/?p=196997\"},\"wordCount\":224,\"commentCount\":0,\"image\":{\"@id\":\"https:\\\/\\\/aconteceunovale.com.br\\\/portal\\\/?p=196997#primaryimage\"},\"thumbnailUrl\":\"https:\\\/\\\/aconteceunovale.com.br\\\/portal\\\/wp-content\\\/uploads\\\/2025\\\/02\\\/vandalismo_serro_2.png\",\"keywords\":[\"Prefeitura de Serro\",\"Prefeitura de Serro repudia vandalismo em espa\u00e7o p\u00fablico e pede apoio da comunidade\",\"Serro\",\"Vandalismo em clube de Serro\",\"Vandalismo no Serro T\u00eanis Clube\"],\"articleSection\":[\"Vale do Jequitinhonha\"],\"inLanguage\":\"pt-BR\",\"potentialAction\":[{\"@type\":\"CommentAction\",\"name\":\"Comment\",\"target\":[\"https:\\\/\\\/aconteceunovale.com.br\\\/portal\\\/?p=196997#respond\"]}]},{\"@type\":\"WebPage\",\"@id\":\"https:\\\/\\\/aconteceunovale.com.br\\\/portal\\\/?p=196997\",\"url\":\"https:\\\/\\\/aconteceunovale.com.br\\\/portal\\\/?p=196997\",\"name\":\"Prefeitura de Serro repudia vandalismo em espa\u00e7o p\u00fablico e pede apoio da comunidade - Aconteceu no Vale\",\"isPartOf\":{\"@id\":\"https:\\\/\\\/aconteceunovale.com.br\\\/portal\\\/#website\"},\"primaryImageOfPage\":{\"@id\":\"https:\\\/\\\/aconteceunovale.com.br\\\/portal\\\/?p=196997#primaryimage\"},\"image\":{\"@id\":\"https:\\\/\\\/aconteceunovale.com.br\\\/portal\\\/?p=196997#primaryimage\"},\"thumbnailUrl\":\"https:\\\/\\\/aconteceunovale.com.br\\\/portal\\\/wp-content\\\/uploads\\\/2025\\\/02\\\/vandalismo_serro_2.png\",\"datePublished\":\"2025-02-04T01:12:03+00:00\",\"dateModified\":\"2025-02-04T01:12:32+00:00\",\"author\":{\"@id\":\"https:\\\/\\\/aconteceunovale.com.br\\\/portal\\\/#\\\/schema\\\/person\\\/7d2f26d1483f8a63de73da1ee0754d35\"},\"breadcrumb\":{\"@id\":\"https:\\\/\\\/aconteceunovale.com.br\\\/portal\\\/?p=196997#breadcrumb\"},\"inLanguage\":\"pt-BR\",\"potentialAction\":[{\"@type\":\"ReadAction\",\"target\":[\"https:\\\/\\\/aconteceunovale.com.br\\\/portal\\\/?p=196997\"]}]},{\"@type\":\"ImageObject\",\"inLanguage\":\"pt-BR\",\"@id\":\"https:\\\/\\\/aconteceunovale.com.br\\\/portal\\\/?p=196997#primaryimage\",\"url\":\"https:\\\/\\\/aconteceunovale.com.br\\\/portal\\\/wp-content\\\/uploads\\\/2025\\\/02\\\/vandalismo_serro_2.png\",\"contentUrl\":\"https:\\\/\\\/aconteceunovale.com.br\\\/portal\\\/wp-content\\\/uploads\\\/2025\\\/02\\\/vandalismo_serro_2.png\",\"width\":678,\"height\":425},{\"@type\":\"BreadcrumbList\",\"@id\":\"https:\\\/\\\/aconteceunovale.com.br\\\/portal\\\/?p=196997#breadcrumb\",\"itemListElement\":[{\"@type\":\"ListItem\",\"position\":1,\"name\":\"In\u00edcio\",\"item\":\"https:\\\/\\\/aconteceunovale.com.br\\\/portal\\\/\"},{\"@type\":\"ListItem\",\"position\":2,\"name\":\"Prefeitura de Serro repudia vandalismo em espa\u00e7o p\u00fablico e pede apoio da comunidade\"}]},{\"@type\":\"WebSite\",\"@id\":\"https:\\\/\\\/aconteceunovale.com.br\\\/portal\\\/#website\",\"url\":\"https:\\\/\\\/aconteceunovale.com.br\\\/portal\\\/\",\"name\":\"Aconteceu no Vale\",\"description\":\"Portal de Not\u00edcias\",\"potentialAction\":[{\"@type\":\"SearchAction\",\"target\":{\"@type\":\"EntryPoint\",\"urlTemplate\":\"https:\\\/\\\/aconteceunovale.com.br\\\/portal\\\/?s={search_term_string}\"},\"query-input\":{\"@type\":\"PropertyValueSpecification\",\"valueRequired\":true,\"valueName\":\"search_term_string\"}}],\"inLanguage\":\"pt-BR\"},{\"@type\":\"Person\",\"@id\":\"https:\\\/\\\/aconteceunovale.com.br\\\/portal\\\/#\\\/schema\\\/person\\\/7d2f26d1483f8a63de73da1ee0754d35\",\"name\":\"Reda\u00e7\u00e3o Aconteceu no Vale\",\"description\":\"Equipe de reportagem do Aconteceu no Vale, portal de not\u00edcias do Vale do Jequitinhonha, em Minas Gerais. Cobrimos as 51 cidades do Vale desde 2013. Sugest\u00f5es de pauta e pedidos de corre\u00e7\u00e3o: contato@aconteceunovale.com.br\",\"url\":\"https:\\\/\\\/aconteceunovale.com.br\\\/portal\\\/?author=4\"}]}<\/script>\n<!-- \/ Yoast SEO plugin. -->","yoast_head_json":{"title":"Prefeitura de Serro repudia vandalismo em espa\u00e7o p\u00fablico e pede apoio da comunidade - Aconteceu no Vale","robots":{"index":"index","follow":"follow","max-snippet":"max-snippet:-1","max-image-preview":"max-image-preview:large","max-video-preview":"max-video-preview:-1"},"canonical":"https:\/\/aconteceunovale.com.br\/portal\/?p=196997","og_locale":"pt_BR","og_type":"article","og_title":"Prefeitura de Serro repudia vandalismo em espa\u00e7o p\u00fablico e pede apoio da comunidade - Aconteceu no Vale","og_description":"A Prefeitura de Serro (MG) manifestou, nesta segunda-feira (3\/2\/2025), rep\u00fadio ao ato de vandalismo ocorrido no Bar do Serro T\u00eanis Clube, que foi alvo de arrombamento e invas\u00e3o. Em nota oficial, a administra\u00e7\u00e3o municipal classificou o epis\u00f3dio como um ataque ao patrim\u00f4nio p\u00fablico e um desrespeito \u00e0 comunidade que utiliza o espa\u00e7o para lazer e [&hellip;]","og_url":"https:\/\/aconteceunovale.com.br\/portal\/?p=196997","og_site_name":"Aconteceu no Vale","article_publisher":"https:\/\/www.facebook.com\/aconteceunovale\/","article_published_time":"2025-02-04T01:12:03+00:00","article_modified_time":"2025-02-04T01:12:32+00:00","og_image":[{"width":678,"height":425,"url":"https:\/\/aconteceunovale.com.br\/portal\/wp-content\/uploads\/2025\/02\/vandalismo_serro_2.png","type":"image\/png"}],"author":"Reda\u00e7\u00e3o Aconteceu no Vale","twitter_card":"summary_large_image","twitter_creator":"@noticiadosvales","twitter_site":"@noticiadosvales","twitter_misc":{"Escrito por":"Reda\u00e7\u00e3o Aconteceu no Vale","Est. tempo de leitura":"1 minuto"},"schema":{"@context":"https:\/\/schema.org","@graph":[{"@type":"Article","@id":"https:\/\/aconteceunovale.com.br\/portal\/?p=196997#article","isPartOf":{"@id":"https:\/\/aconteceunovale.com.br\/portal\/?p=196997"},"author":{"name":"Reda\u00e7\u00e3o Aconteceu no Vale","@id":"https:\/\/aconteceunovale.com.br\/portal\/#\/schema\/person\/7d2f26d1483f8a63de73da1ee0754d35"},"headline":"Prefeitura de Serro repudia vandalismo em espa\u00e7o p\u00fablico e pede apoio da comunidade","datePublished":"2025-02-04T01:12:03+00:00","dateModified":"2025-02-04T01:12:32+00:00","mainEntityOfPage":{"@id":"https:\/\/aconteceunovale.com.br\/portal\/?p=196997"},"wordCount":224,"commentCount":0,"image":{"@id":"https:\/\/aconteceunovale.com.br\/portal\/?p=196997#primaryimage"},"thumbnailUrl":"https:\/\/aconteceunovale.com.br\/portal\/wp-content\/uploads\/2025\/02\/vandalismo_serro_2.png","keywords":["Prefeitura de Serro","Prefeitura de Serro repudia vandalismo em espa\u00e7o p\u00fablico e pede apoio da comunidade","Serro","Vandalismo em clube de Serro","Vandalismo no Serro T\u00eanis Clube"],"articleSection":["Vale do Jequitinhonha"],"inLanguage":"pt-BR","potentialAction":[{"@type":"CommentAction","name":"Comment","target":["https:\/\/aconteceunovale.com.br\/portal\/?p=196997#respond"]}]},{"@type":"WebPage","@id":"https:\/\/aconteceunovale.com.br\/portal\/?p=196997","url":"https:\/\/aconteceunovale.com.br\/portal\/?p=196997","name":"Prefeitura de Serro repudia vandalismo em espa\u00e7o p\u00fablico e pede apoio da comunidade - Aconteceu no Vale","isPartOf":{"@id":"https:\/\/aconteceunovale.com.br\/portal\/#website"},"primaryImageOfPage":{"@id":"https:\/\/aconteceunovale.com.br\/portal\/?p=196997#primaryimage"},"image":{"@id":"https:\/\/aconteceunovale.com.br\/portal\/?p=196997#primaryimage"},"thumbnailUrl":"https:\/\/aconteceunovale.com.br\/portal\/wp-content\/uploads\/2025\/02\/vandalismo_serro_2.png","datePublished":"2025-02-04T01:12:03+00:00","dateModified":"2025-02-04T01:12:32+00:00","author":{"@id":"https:\/\/aconteceunovale.com.br\/portal\/#\/schema\/person\/7d2f26d1483f8a63de73da1ee0754d35"},"breadcrumb":{"@id":"https:\/\/aconteceunovale.com.br\/portal\/?p=196997#breadcrumb"},"inLanguage":"pt-BR","potentialAction":[{"@type":"ReadAction","target":["https:\/\/aconteceunovale.com.br\/portal\/?p=196997"]}]},{"@type":"ImageObject","inLanguage":"pt-BR","@id":"https:\/\/aconteceunovale.com.br\/portal\/?p=196997#primaryimage","url":"https:\/\/aconteceunovale.com.br\/portal\/wp-content\/uploads\/2025\/02\/vandalismo_serro_2.png","contentUrl":"https:\/\/aconteceunovale.com.br\/portal\/wp-content\/uploads\/2025\/02\/vandalismo_serro_2.png","width":678,"height":425},{"@type":"BreadcrumbList","@id":"https:\/\/aconteceunovale.com.br\/portal\/?p=196997#breadcrumb","itemListElement":[{"@type":"ListItem","position":1,"name":"In\u00edcio","item":"https:\/\/aconteceunovale.com.br\/portal\/"},{"@type":"ListItem","position":2,"name":"Prefeitura de Serro repudia vandalismo em espa\u00e7o p\u00fablico e pede apoio da comunidade"}]},{"@type":"WebSite","@id":"https:\/\/aconteceunovale.com.br\/portal\/#website","url":"https:\/\/aconteceunovale.com.br\/portal\/","name":"Aconteceu no Vale","description":"Portal de Not\u00edcias","potentialAction":[{"@type":"SearchAction","target":{"@type":"EntryPoint","urlTemplate":"https:\/\/aconteceunovale.com.br\/portal\/?s={search_term_string}"},"query-input":{"@type":"PropertyValueSpecification","valueRequired":true,"valueName":"search_term_string"}}],"inLanguage":"pt-BR"},{"@type":"Person","@id":"https:\/\/aconteceunovale.com.br\/portal\/#\/schema\/person\/7d2f26d1483f8a63de73da1ee0754d35","name":"Reda\u00e7\u00e3o Aconteceu no Vale","description":"Equipe de reportagem do Aconteceu no Vale, portal de not\u00edcias do Vale do Jequitinhonha, em Minas Gerais. Cobrimos as 51 cidades do Vale desde 2013. Sugest\u00f5es de pauta e pedidos de corre\u00e7\u00e3o: contato@aconteceunovale.com.br","url":"https:\/\/aconteceunovale.com.br\/portal\/?author=4"}]}},"_links":{"self":[{"href":"https:\/\/aconteceunovale.com.br\/portal\/index.php?rest_route=\/wp\/v2\/posts\/196997","targetHints":{"allow":["GET"]}}],"collection":[{"href":"https:\/\/aconteceunovale.com.br\/portal\/index.php?rest_route=\/wp\/v2\/posts"}],"about":[{"href":"https:\/\/aconteceunovale.com.br\/portal\/index.php?rest_route=\/wp\/v2\/types\/post"}],"author":[{"embeddable":true,"href":"https:\/\/aconteceunovale.com.br\/portal\/index.php?rest_route=\/wp\/v2\/users\/4"}],"replies":[{"embeddable":true,"href":"https:\/\/aconteceunovale.com.br\/portal\/index.php?rest_route=%2Fwp%2Fv2%2Fcomments&post=196997"}],"version-history":[{"count":1,"href":"https:\/\/aconteceunovale.com.br\/portal\/index.php?rest_route=\/wp\/v2\/posts\/196997\/revisions"}],"predecessor-version":[{"id":197000,"href":"https:\/\/aconteceunovale.com.br\/portal\/index.php?rest_route=\/wp\/v2\/posts\/196997\/revisions\/197000"}],"wp:featuredmedia":[{"embeddable":true,"href":"https:\/\/aconteceunovale.com.br\/portal\/index.php?rest_route=\/wp\/v2\/media\/196999"}],"wp:attachment":[{"href":"https:\/\/aconteceunovale.com.br\/portal\/index.php?rest_route=%2Fwp%2Fv2%2Fmedia&parent=196997"}],"wp:term":[{"taxonomy":"category","embeddable":true,"href":"https:\/\/aconteceunovale.com.br\/portal\/index.php?rest_route=%2Fwp%2Fv2%2Fcategories&post=196997"},{"taxonomy":"post_tag","embeddable":true,"href":"https:\/\/aconteceunovale.com.br\/portal\/index.php?rest_route=%2Fwp%2Fv2%2Ftags&post=196997"}],"curies":[{"name":"wp","href":"https:\/\/api.w.org\/{rel}","templated":true}]}}