{"id":19699,"date":"2014-01-28T18:47:49","date_gmt":"2014-01-28T20:47:49","guid":{"rendered":"http:\/\/aconteceunovale.com.br\/portal\/?p=19699"},"modified":"2014-01-28T18:47:49","modified_gmt":"2014-01-28T20:47:49","slug":"justica-libera-hospedagem-nas-republicas-federais-de-ouro-preto-durante-o-carnaval-2014","status":"publish","type":"post","link":"https:\/\/aconteceunovale.com.br\/portal\/?p=19699","title":{"rendered":"Justi\u00e7a libera hospedagem nas rep\u00fablicas federais de Ouro Preto durante o Carnaval 2014"},"content":{"rendered":"<p>A Justi\u00e7a Federal de Minas Gerais liberou a hospedagem mediante remunera\u00e7\u00e3o nas rep\u00fablicas federais de Ouro Preto no Carnaval 2014. A decis\u00e3o saiu nesta ter\u00e7a-feira (28\/01) e foi tomada depois de juiz analisar os argumentos e documentos apresentados pela Universidade Federal de Ouro Preto (UFOP). No entanto, o magistrado ordenou que todo o recurso arrecadado com a hospedagem deve, necessariamente, ser reinvestido na manuten\u00e7\u00e3o das moradias estudantis federais.<\/p>\n<p><img decoding=\"async\" src=\"http:\/\/aconteceunovale.com.br\/portal\/wp-content\/uploads\/2014\/01\/justica_libera_republicas_ouro_preto.jpg\" alt=\"\" \/><br \/>\n<em><strong>Proibi\u00e7\u00e3o de pacotes para rep\u00fablicas seria por causa da concorr\u00eancia com os hot\u00e9is de Ouro Preto &#8211; (Foto: Samuel Costa)<\/strong><\/em><\/p>\n<p>No dia 19 de dezembro, a universidade recebeu intima\u00e7\u00e3o da Justi\u00e7a suspendendo a libera\u00e7\u00e3o da hospedagem sob remunera\u00e7\u00e3o. No mesmo dia, a reitoria da institui\u00e7\u00e3o de ensino comunicou o fato \u00e0 Associa\u00e7\u00e3o de Moradores das Rep\u00fablicas Federais de Ouro Preto (Refop) para cumprimento da decis\u00e3o e acionou a Advocacia Geral da Uni\u00e3o (AGU), que tomou as provid\u00eancias legais para reverter a situa\u00e7\u00e3o.<\/p>\n<p>Segundo a assessoria de imprensa da UFOP, a utiliza\u00e7\u00e3o das rep\u00fablicas federais para a realiza\u00e7\u00e3o de festas depende de uma autoriza\u00e7\u00e3o pr\u00e9via da universidade e os recursos obtidos tamb\u00e9m devem ser revertidos na manuten\u00e7\u00e3o e conserva\u00e7\u00e3o das moradias. Sendo assim, os respons\u00e1veis pela organiza\u00e7\u00e3o do Carnaval precisam elaborar uma solicita\u00e7\u00e3o em que deve constar o tipo do evento, n\u00famero de participantes, data, objetivos e justificativa, nome e documenta\u00e7\u00e3o de um respons\u00e1vel, planejamento de arrecada\u00e7\u00e3o, Auto de Vistoria do Corpo de Bombeiros, alvar\u00e1 da prefeitura e a arte de divulga\u00e7\u00e3o da festa.<\/p>\n<p>Durante o evento, representantes da universidade fiscalizam algumas rep\u00fablicas para verificar se as informa\u00e7\u00f5es contidas na solicita\u00e7\u00e3o est\u00e3o de acordo com a realidade apresentada, como o n\u00famero de pessoas presentes, validade do Auto de Vistoria do Corpo de Bombeiros, orienta\u00e7\u00f5es da vigil\u00e2ncia sanit\u00e1ria, capacidade de ocupa\u00e7\u00e3o do im\u00f3vel e cumprimento de normas de seguran\u00e7as. J\u00e1 depois da folia, entre julho e setembro, os estudantes devem apresentar uma presta\u00e7\u00e3o de contas, que ser\u00e1 analisada por auditoria interna da UFOP e pelo Minist\u00e9rio P\u00fablico, contendo o valor obtido, investimento a ser aplicado na moradia, rela\u00e7\u00e3o de receitas, notas fiscais, extrato banc\u00e1rio, dentre outras informa\u00e7\u00f5es. As rep\u00fablicas que n\u00e3o apresentarem a presta\u00e7\u00e3o de contas ou tiverem a presta\u00e7\u00e3o reprovada ficam impedidas de realizar qualquer tipo de evento.<\/p>\n<p><em><strong>(Fonte: Jornal Hoje em Dia)<\/strong><\/em><\/p>\n","protected":false},"excerpt":{"rendered":"<p>A Justi\u00e7a Federal de Minas Gerais liberou a hospedagem mediante remunera\u00e7\u00e3o nas rep\u00fablicas federais de Ouro Preto no Carnaval 2014. A decis\u00e3o saiu nesta ter\u00e7a-feira (28\/01) e foi tomada depois de juiz analisar os argumentos e documentos apresentados pela Universidade Federal de Ouro Preto (UFOP). No entanto, o magistrado ordenou que todo o recurso arrecadado [&hellip;]<\/p>\n","protected":false},"author":1,"featured_media":19700,"comment_status":"open","ping_status":"closed","sticky":false,"template":"","format":"standard","meta":{"amp_status":"","footnotes":""},"categories":[123],"tags":[3649,3651,3650,3648,3652],"class_list":["post-19699","post","type-post","status-publish","format-standard","has-post-thumbnail","hentry","category-gerais","tag-carnaval-2014","tag-carnaval-de-ouro-preto","tag-hospedagem-nas-republicas-federais-de-ouro-preto","tag-justica-libera-hospedagem-nas-republicas-federais-de-ouro-preto-durante-o-carnaval-2014","tag-outro-preto"],"yoast_head":"<!-- This site is optimized with the Yoast SEO plugin v28.3 - https:\/\/yoast.com\/product\/yoast-seo-wordpress\/ -->\n<title>Justi\u00e7a libera hospedagem nas rep\u00fablicas federais de Ouro Preto durante o Carnaval 2014 - Aconteceu no Vale<\/title>\n<meta name=\"robots\" content=\"index, follow, max-snippet:-1, max-image-preview:large, max-video-preview:-1\" \/>\n<link rel=\"canonical\" href=\"https:\/\/aconteceunovale.com.br\/portal\/?p=19699\" \/>\n<meta property=\"og:locale\" content=\"pt_BR\" \/>\n<meta property=\"og:type\" content=\"article\" \/>\n<meta property=\"og:title\" content=\"Justi\u00e7a libera hospedagem nas rep\u00fablicas federais de Ouro Preto durante o Carnaval 2014 - Aconteceu no Vale\" \/>\n<meta property=\"og:description\" content=\"A Justi\u00e7a Federal de Minas Gerais liberou a hospedagem mediante remunera\u00e7\u00e3o nas rep\u00fablicas federais de Ouro Preto no Carnaval 2014. A decis\u00e3o saiu nesta ter\u00e7a-feira (28\/01) e foi tomada depois de juiz analisar os argumentos e documentos apresentados pela Universidade Federal de Ouro Preto (UFOP). No entanto, o magistrado ordenou que todo o recurso arrecadado [&hellip;]\" \/>\n<meta property=\"og:url\" content=\"https:\/\/aconteceunovale.com.br\/portal\/?p=19699\" \/>\n<meta property=\"og:site_name\" content=\"Aconteceu no Vale\" \/>\n<meta property=\"article:publisher\" content=\"https:\/\/www.facebook.com\/aconteceunovale\/\" \/>\n<meta property=\"article:published_time\" content=\"2014-01-28T20:47:49+00:00\" \/>\n<meta property=\"og:image\" content=\"https:\/\/aconteceunovale.com.br\/portal\/wp-content\/uploads\/2014\/01\/justica_libera_republicas_ouro_preto.jpg\" \/>\n\t<meta property=\"og:image:width\" content=\"675\" \/>\n\t<meta property=\"og:image:height\" content=\"450\" \/>\n\t<meta property=\"og:image:type\" content=\"image\/jpeg\" \/>\n<meta name=\"author\" content=\"Aconteceu no Vale\" \/>\n<meta name=\"twitter:card\" content=\"summary_large_image\" \/>\n<meta name=\"twitter:creator\" content=\"@noticiadosvales\" \/>\n<meta name=\"twitter:site\" content=\"@noticiadosvales\" \/>\n<meta name=\"twitter:label1\" content=\"Escrito por\" \/>\n\t<meta name=\"twitter:data1\" content=\"Aconteceu no Vale\" \/>\n\t<meta name=\"twitter:label2\" content=\"Est. tempo de leitura\" \/>\n\t<meta name=\"twitter:data2\" content=\"2 minutos\" \/>\n<script type=\"application\/ld+json\" class=\"yoast-schema-graph\">{\"@context\":\"https:\\\/\\\/schema.org\",\"@graph\":[{\"@type\":\"Article\",\"@id\":\"https:\\\/\\\/aconteceunovale.com.br\\\/portal\\\/?p=19699#article\",\"isPartOf\":{\"@id\":\"https:\\\/\\\/aconteceunovale.com.br\\\/portal\\\/?p=19699\"},\"author\":{\"name\":\"Aconteceu no Vale\",\"@id\":\"https:\\\/\\\/aconteceunovale.com.br\\\/portal\\\/#\\\/schema\\\/person\\\/633529146f2c94272bef50ac2953d589\"},\"headline\":\"Justi\u00e7a libera hospedagem nas rep\u00fablicas federais de Ouro Preto durante o Carnaval 2014\",\"datePublished\":\"2014-01-28T20:47:49+00:00\",\"mainEntityOfPage\":{\"@id\":\"https:\\\/\\\/aconteceunovale.com.br\\\/portal\\\/?p=19699\"},\"wordCount\":438,\"commentCount\":0,\"image\":{\"@id\":\"https:\\\/\\\/aconteceunovale.com.br\\\/portal\\\/?p=19699#primaryimage\"},\"thumbnailUrl\":\"https:\\\/\\\/aconteceunovale.com.br\\\/portal\\\/wp-content\\\/uploads\\\/2014\\\/01\\\/justica_libera_republicas_ouro_preto.jpg\",\"keywords\":[\"Carnaval 2014\",\"Carnaval de Ouro Preto\",\"Hospedagem nas rep\u00fablicas federais de Ouro Preto\",\"Justi\u00e7a libera hospedagem nas rep\u00fablicas federais de Ouro Preto durante o Carnaval 2014\",\"Outro Preto\"],\"articleSection\":[\"Minas Gerais\"],\"inLanguage\":\"pt-BR\",\"potentialAction\":[{\"@type\":\"CommentAction\",\"name\":\"Comment\",\"target\":[\"https:\\\/\\\/aconteceunovale.com.br\\\/portal\\\/?p=19699#respond\"]}]},{\"@type\":\"WebPage\",\"@id\":\"https:\\\/\\\/aconteceunovale.com.br\\\/portal\\\/?p=19699\",\"url\":\"https:\\\/\\\/aconteceunovale.com.br\\\/portal\\\/?p=19699\",\"name\":\"Justi\u00e7a libera hospedagem nas rep\u00fablicas federais de Ouro Preto durante o Carnaval 2014 - Aconteceu no Vale\",\"isPartOf\":{\"@id\":\"https:\\\/\\\/aconteceunovale.com.br\\\/portal\\\/#website\"},\"primaryImageOfPage\":{\"@id\":\"https:\\\/\\\/aconteceunovale.com.br\\\/portal\\\/?p=19699#primaryimage\"},\"image\":{\"@id\":\"https:\\\/\\\/aconteceunovale.com.br\\\/portal\\\/?p=19699#primaryimage\"},\"thumbnailUrl\":\"https:\\\/\\\/aconteceunovale.com.br\\\/portal\\\/wp-content\\\/uploads\\\/2014\\\/01\\\/justica_libera_republicas_ouro_preto.jpg\",\"datePublished\":\"2014-01-28T20:47:49+00:00\",\"author\":{\"@id\":\"https:\\\/\\\/aconteceunovale.com.br\\\/portal\\\/#\\\/schema\\\/person\\\/633529146f2c94272bef50ac2953d589\"},\"breadcrumb\":{\"@id\":\"https:\\\/\\\/aconteceunovale.com.br\\\/portal\\\/?p=19699#breadcrumb\"},\"inLanguage\":\"pt-BR\",\"potentialAction\":[{\"@type\":\"ReadAction\",\"target\":[\"https:\\\/\\\/aconteceunovale.com.br\\\/portal\\\/?p=19699\"]}]},{\"@type\":\"ImageObject\",\"inLanguage\":\"pt-BR\",\"@id\":\"https:\\\/\\\/aconteceunovale.com.br\\\/portal\\\/?p=19699#primaryimage\",\"url\":\"https:\\\/\\\/aconteceunovale.com.br\\\/portal\\\/wp-content\\\/uploads\\\/2014\\\/01\\\/justica_libera_republicas_ouro_preto.jpg\",\"contentUrl\":\"https:\\\/\\\/aconteceunovale.com.br\\\/portal\\\/wp-content\\\/uploads\\\/2014\\\/01\\\/justica_libera_republicas_ouro_preto.jpg\",\"width\":675,\"height\":450},{\"@type\":\"BreadcrumbList\",\"@id\":\"https:\\\/\\\/aconteceunovale.com.br\\\/portal\\\/?p=19699#breadcrumb\",\"itemListElement\":[{\"@type\":\"ListItem\",\"position\":1,\"name\":\"In\u00edcio\",\"item\":\"https:\\\/\\\/aconteceunovale.com.br\\\/portal\\\/\"},{\"@type\":\"ListItem\",\"position\":2,\"name\":\"Justi\u00e7a libera hospedagem nas rep\u00fablicas federais de Ouro Preto durante o Carnaval 2014\"}]},{\"@type\":\"WebSite\",\"@id\":\"https:\\\/\\\/aconteceunovale.com.br\\\/portal\\\/#website\",\"url\":\"https:\\\/\\\/aconteceunovale.com.br\\\/portal\\\/\",\"name\":\"Aconteceu no Vale\",\"description\":\"Portal de Not\u00edcias\",\"potentialAction\":[{\"@type\":\"SearchAction\",\"target\":{\"@type\":\"EntryPoint\",\"urlTemplate\":\"https:\\\/\\\/aconteceunovale.com.br\\\/portal\\\/?s={search_term_string}\"},\"query-input\":{\"@type\":\"PropertyValueSpecification\",\"valueRequired\":true,\"valueName\":\"search_term_string\"}}],\"inLanguage\":\"pt-BR\"},{\"@type\":\"Person\",\"@id\":\"https:\\\/\\\/aconteceunovale.com.br\\\/portal\\\/#\\\/schema\\\/person\\\/633529146f2c94272bef50ac2953d589\",\"name\":\"Aconteceu no Vale\",\"description\":\"Equipe de reportagem do Aconteceu no Vale, portal de not\u00edcias do Vale do Jequitinhonha, em Minas Gerais. Cobrimos as 51 cidades do Vale desde 2013. Sugest\u00f5es de pauta e pedidos de corre\u00e7\u00e3o: contato@aconteceunovale.com.br\",\"sameAs\":[\"http:\\\/\\\/www.aconteceunovale.com.br\"],\"url\":\"https:\\\/\\\/aconteceunovale.com.br\\\/portal\\\/?author=1\"}]}<\/script>\n<!-- \/ Yoast SEO plugin. -->","yoast_head_json":{"title":"Justi\u00e7a libera hospedagem nas rep\u00fablicas federais de Ouro Preto durante o Carnaval 2014 - Aconteceu no Vale","robots":{"index":"index","follow":"follow","max-snippet":"max-snippet:-1","max-image-preview":"max-image-preview:large","max-video-preview":"max-video-preview:-1"},"canonical":"https:\/\/aconteceunovale.com.br\/portal\/?p=19699","og_locale":"pt_BR","og_type":"article","og_title":"Justi\u00e7a libera hospedagem nas rep\u00fablicas federais de Ouro Preto durante o Carnaval 2014 - Aconteceu no Vale","og_description":"A Justi\u00e7a Federal de Minas Gerais liberou a hospedagem mediante remunera\u00e7\u00e3o nas rep\u00fablicas federais de Ouro Preto no Carnaval 2014. A decis\u00e3o saiu nesta ter\u00e7a-feira (28\/01) e foi tomada depois de juiz analisar os argumentos e documentos apresentados pela Universidade Federal de Ouro Preto (UFOP). No entanto, o magistrado ordenou que todo o recurso arrecadado [&hellip;]","og_url":"https:\/\/aconteceunovale.com.br\/portal\/?p=19699","og_site_name":"Aconteceu no Vale","article_publisher":"https:\/\/www.facebook.com\/aconteceunovale\/","article_published_time":"2014-01-28T20:47:49+00:00","og_image":[{"width":675,"height":450,"url":"https:\/\/aconteceunovale.com.br\/portal\/wp-content\/uploads\/2014\/01\/justica_libera_republicas_ouro_preto.jpg","type":"image\/jpeg"}],"author":"Aconteceu no Vale","twitter_card":"summary_large_image","twitter_creator":"@noticiadosvales","twitter_site":"@noticiadosvales","twitter_misc":{"Escrito por":"Aconteceu no Vale","Est. tempo de leitura":"2 minutos"},"schema":{"@context":"https:\/\/schema.org","@graph":[{"@type":"Article","@id":"https:\/\/aconteceunovale.com.br\/portal\/?p=19699#article","isPartOf":{"@id":"https:\/\/aconteceunovale.com.br\/portal\/?p=19699"},"author":{"name":"Aconteceu no Vale","@id":"https:\/\/aconteceunovale.com.br\/portal\/#\/schema\/person\/633529146f2c94272bef50ac2953d589"},"headline":"Justi\u00e7a libera hospedagem nas rep\u00fablicas federais de Ouro Preto durante o Carnaval 2014","datePublished":"2014-01-28T20:47:49+00:00","mainEntityOfPage":{"@id":"https:\/\/aconteceunovale.com.br\/portal\/?p=19699"},"wordCount":438,"commentCount":0,"image":{"@id":"https:\/\/aconteceunovale.com.br\/portal\/?p=19699#primaryimage"},"thumbnailUrl":"https:\/\/aconteceunovale.com.br\/portal\/wp-content\/uploads\/2014\/01\/justica_libera_republicas_ouro_preto.jpg","keywords":["Carnaval 2014","Carnaval de Ouro Preto","Hospedagem nas rep\u00fablicas federais de Ouro Preto","Justi\u00e7a libera hospedagem nas rep\u00fablicas federais de Ouro Preto durante o Carnaval 2014","Outro Preto"],"articleSection":["Minas Gerais"],"inLanguage":"pt-BR","potentialAction":[{"@type":"CommentAction","name":"Comment","target":["https:\/\/aconteceunovale.com.br\/portal\/?p=19699#respond"]}]},{"@type":"WebPage","@id":"https:\/\/aconteceunovale.com.br\/portal\/?p=19699","url":"https:\/\/aconteceunovale.com.br\/portal\/?p=19699","name":"Justi\u00e7a libera hospedagem nas rep\u00fablicas federais de Ouro Preto durante o Carnaval 2014 - Aconteceu no Vale","isPartOf":{"@id":"https:\/\/aconteceunovale.com.br\/portal\/#website"},"primaryImageOfPage":{"@id":"https:\/\/aconteceunovale.com.br\/portal\/?p=19699#primaryimage"},"image":{"@id":"https:\/\/aconteceunovale.com.br\/portal\/?p=19699#primaryimage"},"thumbnailUrl":"https:\/\/aconteceunovale.com.br\/portal\/wp-content\/uploads\/2014\/01\/justica_libera_republicas_ouro_preto.jpg","datePublished":"2014-01-28T20:47:49+00:00","author":{"@id":"https:\/\/aconteceunovale.com.br\/portal\/#\/schema\/person\/633529146f2c94272bef50ac2953d589"},"breadcrumb":{"@id":"https:\/\/aconteceunovale.com.br\/portal\/?p=19699#breadcrumb"},"inLanguage":"pt-BR","potentialAction":[{"@type":"ReadAction","target":["https:\/\/aconteceunovale.com.br\/portal\/?p=19699"]}]},{"@type":"ImageObject","inLanguage":"pt-BR","@id":"https:\/\/aconteceunovale.com.br\/portal\/?p=19699#primaryimage","url":"https:\/\/aconteceunovale.com.br\/portal\/wp-content\/uploads\/2014\/01\/justica_libera_republicas_ouro_preto.jpg","contentUrl":"https:\/\/aconteceunovale.com.br\/portal\/wp-content\/uploads\/2014\/01\/justica_libera_republicas_ouro_preto.jpg","width":675,"height":450},{"@type":"BreadcrumbList","@id":"https:\/\/aconteceunovale.com.br\/portal\/?p=19699#breadcrumb","itemListElement":[{"@type":"ListItem","position":1,"name":"In\u00edcio","item":"https:\/\/aconteceunovale.com.br\/portal\/"},{"@type":"ListItem","position":2,"name":"Justi\u00e7a libera hospedagem nas rep\u00fablicas federais de Ouro Preto durante o Carnaval 2014"}]},{"@type":"WebSite","@id":"https:\/\/aconteceunovale.com.br\/portal\/#website","url":"https:\/\/aconteceunovale.com.br\/portal\/","name":"Aconteceu no Vale","description":"Portal de Not\u00edcias","potentialAction":[{"@type":"SearchAction","target":{"@type":"EntryPoint","urlTemplate":"https:\/\/aconteceunovale.com.br\/portal\/?s={search_term_string}"},"query-input":{"@type":"PropertyValueSpecification","valueRequired":true,"valueName":"search_term_string"}}],"inLanguage":"pt-BR"},{"@type":"Person","@id":"https:\/\/aconteceunovale.com.br\/portal\/#\/schema\/person\/633529146f2c94272bef50ac2953d589","name":"Aconteceu no Vale","description":"Equipe de reportagem do Aconteceu no Vale, portal de not\u00edcias do Vale do Jequitinhonha, em Minas Gerais. Cobrimos as 51 cidades do Vale desde 2013. Sugest\u00f5es de pauta e pedidos de corre\u00e7\u00e3o: contato@aconteceunovale.com.br","sameAs":["http:\/\/www.aconteceunovale.com.br"],"url":"https:\/\/aconteceunovale.com.br\/portal\/?author=1"}]}},"_links":{"self":[{"href":"https:\/\/aconteceunovale.com.br\/portal\/index.php?rest_route=\/wp\/v2\/posts\/19699","targetHints":{"allow":["GET"]}}],"collection":[{"href":"https:\/\/aconteceunovale.com.br\/portal\/index.php?rest_route=\/wp\/v2\/posts"}],"about":[{"href":"https:\/\/aconteceunovale.com.br\/portal\/index.php?rest_route=\/wp\/v2\/types\/post"}],"author":[{"embeddable":true,"href":"https:\/\/aconteceunovale.com.br\/portal\/index.php?rest_route=\/wp\/v2\/users\/1"}],"replies":[{"embeddable":true,"href":"https:\/\/aconteceunovale.com.br\/portal\/index.php?rest_route=%2Fwp%2Fv2%2Fcomments&post=19699"}],"version-history":[{"count":0,"href":"https:\/\/aconteceunovale.com.br\/portal\/index.php?rest_route=\/wp\/v2\/posts\/19699\/revisions"}],"wp:featuredmedia":[{"embeddable":true,"href":"https:\/\/aconteceunovale.com.br\/portal\/index.php?rest_route=\/wp\/v2\/media\/19700"}],"wp:attachment":[{"href":"https:\/\/aconteceunovale.com.br\/portal\/index.php?rest_route=%2Fwp%2Fv2%2Fmedia&parent=19699"}],"wp:term":[{"taxonomy":"category","embeddable":true,"href":"https:\/\/aconteceunovale.com.br\/portal\/index.php?rest_route=%2Fwp%2Fv2%2Fcategories&post=19699"},{"taxonomy":"post_tag","embeddable":true,"href":"https:\/\/aconteceunovale.com.br\/portal\/index.php?rest_route=%2Fwp%2Fv2%2Ftags&post=19699"}],"curies":[{"name":"wp","href":"https:\/\/api.w.org\/{rel}","templated":true}]}}