{"id":19697,"date":"2014-01-28T18:19:00","date_gmt":"2014-01-28T20:19:00","guid":{"rendered":"http:\/\/aconteceunovale.com.br\/portal\/?p=19697"},"modified":"2026-09-02T13:39:19","modified_gmt":"2026-09-02T16:39:19","slug":"pedra-azul-tera-campus-da-unimontes","status":"publish","type":"post","link":"https:\/\/aconteceunovale.com.br\/portal\/?p=19697","title":{"rendered":"Pedra Azul ter\u00e1 campus da Unimontes"},"content":{"rendered":"<p>Nesta quarta e quinta (29 e 30 de janeiro), o secret\u00e1rio de Estado de Ci\u00eancia, Tecnologia e Ensino Superior, Narcio Rodrigues, e o reitor da Universidade Estadual de Montes Claros (Unimontes), Jo\u00e3o dos Reis Canela, estar\u00e3o no Vale do Jequitinhonha anunciando a\u00e7\u00f5es do governo estadual para a expans\u00e3o de vagas de gradua\u00e7\u00e3o para aquela regi\u00e3o.<\/p>\n<p>Pedra Azul, cidade localizada a 702 quil\u00f4metros de dist\u00e2ncia da capital, vai conquistar a sua primeira universidade presencial. O munic\u00edpio j\u00e1 conta com uma unidade da Universidade Aberta e Integrada de Minas Gerais (Uaitec). O secret\u00e1rio e o reitor ir\u00e3o anunciar a implanta\u00e7\u00e3o de um campus da Unimontes no munic\u00edpio, atendendo a uma antiga reivindica\u00e7\u00e3o local.<\/p>\n<p><strong>Alternativas<\/strong><\/p>\n<p>\u201cPedra Azul j\u00e1 tem uma unidade da Uaitec que este ano vai ofertar, atrav\u00e9s da educa\u00e7\u00e3o a dist\u00e2ncia, cursos de tecn\u00f3logos e de MBA em Engenharia e Inova\u00e7\u00e3o. Agora, o Governo de Minas leva at\u00e9 a cidade a universidade presencial, criando alternativas para os jovens locais que, antes destas a\u00e7\u00f5es, s\u00f3 conseguiam completar sua forma\u00e7\u00e3o em outros centros\u201d, afirmou Narcio Rodrigues.<\/p>\n<p>A Unimontes est\u00e1 criando a grade de cursos que ser\u00e3o oferecidos no campus Pedra Azul.  A institui\u00e7\u00e3o garante, entretanto, neste primeiro momento, curso de licenciatura em Hist\u00f3ria, Ci\u00eancias da Religi\u00e3o, Educa\u00e7\u00e3o F\u00edsica, Letras\/Portugu\u00eas e Pedagogia; al\u00e9m de Tecn\u00f3logo em Gest\u00e3o P\u00fablica presenciais e cursos a dist\u00e2ncia.<\/p>\n<p><strong>Em Joa\u00edma<\/strong><\/p>\n<p>J\u00e1 em Joa\u00edma, tamb\u00e9m na regi\u00e3o do Vale do Jequitinhonha, a Unimontes vai anunciar, na quinta-feira (30), sua expans\u00e3o. J\u00e1 instalado no munic\u00edpio, o n\u00facleo da institui\u00e7\u00e3o iniciou as atividades com cursos modulares entre 2003 a 2005, ofertando Geografia, Artes e Educa\u00e7\u00e3o F\u00edsica. Cerca de 105 alunos foram formados. Al\u00e9m dos modulares, a unidade tamb\u00e9m ofereceu cursos presenciais entre 2005 e 2011, formando tr\u00eas turmas com um total de 76 graduados.<\/p>\n<p>Em 2014, a perspectiva \u00e9 lan\u00e7ar mais um curso presencial em Joa\u00edma. No \u00faltimo domingo (26), foi realizado o processo seletivo para ocupa\u00e7\u00e3o de 35 vagas no curso de licenciatura em Matem\u00e1tica. Tamb\u00e9m ser\u00e3o ofertados cursos de educa\u00e7\u00e3o a dist\u00e2ncia na unidade. <\/p>\n<p><img decoding=\"async\" src=\"http:\/\/aconteceunovale.com.br\/portal\/wp-content\/uploads\/2014\/01\/unimontes.jpg\" alt=\"\" \/><\/p>\n","protected":false},"excerpt":{"rendered":"<p>Nesta quarta e quinta (29 e 30 de janeiro), o secret\u00e1rio de Estado de Ci\u00eancia, Tecnologia e Ensino Superior, Narcio Rodrigues, e o reitor da Universidade Estadual de Montes Claros (Unimontes), Jo\u00e3o dos Reis Canela, estar\u00e3o no Vale do Jequitinhonha anunciando a\u00e7\u00f5es do governo estadual para a expans\u00e3o de vagas de gradua\u00e7\u00e3o para aquela regi\u00e3o. [&hellip;]<\/p>\n","protected":false},"author":1,"featured_media":19591,"comment_status":"open","ping_status":"closed","sticky":false,"template":"","format":"standard","meta":{"amp_status":"","footnotes":""},"categories":[272566,120],"tags":[3646,611,455,3647,133],"class_list":["post-19697","post","type-post","status-publish","format-standard","has-post-thumbnail","hentry","category-pedra-azul","category-jequi","tag-governo-de-minas-leva-ensino-superior-gratuito-ao-vale-do-jequitinhonha","tag-joaima","tag-pedra-azul","tag-pedra-azul-tera-campus-da-unimontes","tag-vale-do-jequitinhonha"],"yoast_head":"<!-- This site is optimized with the Yoast SEO plugin v28.3 - https:\/\/yoast.com\/product\/yoast-seo-wordpress\/ -->\n<title>Pedra Azul ter\u00e1 campus da Unimontes - Aconteceu no Vale<\/title>\n<meta name=\"robots\" content=\"index, follow, max-snippet:-1, max-image-preview:large, max-video-preview:-1\" \/>\n<link rel=\"canonical\" href=\"https:\/\/aconteceunovale.com.br\/portal\/?p=19697\" \/>\n<meta property=\"og:locale\" content=\"pt_BR\" \/>\n<meta property=\"og:type\" content=\"article\" \/>\n<meta property=\"og:title\" content=\"Pedra Azul ter\u00e1 campus da Unimontes - Aconteceu no Vale\" \/>\n<meta property=\"og:description\" content=\"Nesta quarta e quinta (29 e 30 de janeiro), o secret\u00e1rio de Estado de Ci\u00eancia, Tecnologia e Ensino Superior, Narcio Rodrigues, e o reitor da Universidade Estadual de Montes Claros (Unimontes), Jo\u00e3o dos Reis Canela, estar\u00e3o no Vale do Jequitinhonha anunciando a\u00e7\u00f5es do governo estadual para a expans\u00e3o de vagas de gradua\u00e7\u00e3o para aquela regi\u00e3o. [&hellip;]\" \/>\n<meta property=\"og:url\" content=\"https:\/\/aconteceunovale.com.br\/portal\/?p=19697\" \/>\n<meta property=\"og:site_name\" content=\"Aconteceu no Vale\" \/>\n<meta property=\"article:publisher\" content=\"https:\/\/www.facebook.com\/aconteceunovale\/\" \/>\n<meta property=\"article:published_time\" content=\"2014-01-28T20:19:00+00:00\" \/>\n<meta property=\"article:modified_time\" content=\"2026-09-02T16:39:19+00:00\" \/>\n<meta property=\"og:image\" content=\"https:\/\/aconteceunovale.com.br\/portal\/wp-content\/uploads\/2014\/01\/unimontes.jpg\" \/>\n\t<meta property=\"og:image:width\" content=\"630\" \/>\n\t<meta property=\"og:image:height\" content=\"340\" \/>\n\t<meta property=\"og:image:type\" content=\"image\/jpeg\" \/>\n<meta name=\"author\" content=\"Aconteceu no Vale\" \/>\n<meta name=\"twitter:card\" content=\"summary_large_image\" \/>\n<meta name=\"twitter:creator\" content=\"@noticiadosvales\" \/>\n<meta name=\"twitter:site\" content=\"@noticiadosvales\" \/>\n<meta name=\"twitter:label1\" content=\"Escrito por\" \/>\n\t<meta name=\"twitter:data1\" content=\"Aconteceu no Vale\" \/>\n\t<meta name=\"twitter:label2\" content=\"Est. tempo de leitura\" \/>\n\t<meta name=\"twitter:data2\" content=\"2 minutos\" \/>\n<script type=\"application\/ld+json\" class=\"yoast-schema-graph\">{\"@context\":\"https:\\\/\\\/schema.org\",\"@graph\":[{\"@type\":\"Article\",\"@id\":\"https:\\\/\\\/aconteceunovale.com.br\\\/portal\\\/?p=19697#article\",\"isPartOf\":{\"@id\":\"https:\\\/\\\/aconteceunovale.com.br\\\/portal\\\/?p=19697\"},\"author\":{\"name\":\"Aconteceu no Vale\",\"@id\":\"https:\\\/\\\/aconteceunovale.com.br\\\/portal\\\/#\\\/schema\\\/person\\\/633529146f2c94272bef50ac2953d589\"},\"headline\":\"Pedra Azul ter\u00e1 campus da Unimontes\",\"datePublished\":\"2014-01-28T20:19:00+00:00\",\"dateModified\":\"2026-09-02T16:39:19+00:00\",\"mainEntityOfPage\":{\"@id\":\"https:\\\/\\\/aconteceunovale.com.br\\\/portal\\\/?p=19697\"},\"wordCount\":384,\"commentCount\":0,\"image\":{\"@id\":\"https:\\\/\\\/aconteceunovale.com.br\\\/portal\\\/?p=19697#primaryimage\"},\"thumbnailUrl\":\"https:\\\/\\\/aconteceunovale.com.br\\\/portal\\\/wp-content\\\/uploads\\\/2014\\\/01\\\/unimontes.jpg\",\"keywords\":[\"Governo de Minas leva ensino superior gratuito ao Vale do Jequitinhonha\",\"Joa\u00edma\",\"Pedra Azul\",\"Pedra Azul ter\u00e1 campus da Unimontes\",\"Vale do Jequitinhonha\"],\"articleSection\":[\"Pedra Azul\",\"Vale do Jequitinhonha\"],\"inLanguage\":\"pt-BR\",\"potentialAction\":[{\"@type\":\"CommentAction\",\"name\":\"Comment\",\"target\":[\"https:\\\/\\\/aconteceunovale.com.br\\\/portal\\\/?p=19697#respond\"]}]},{\"@type\":\"WebPage\",\"@id\":\"https:\\\/\\\/aconteceunovale.com.br\\\/portal\\\/?p=19697\",\"url\":\"https:\\\/\\\/aconteceunovale.com.br\\\/portal\\\/?p=19697\",\"name\":\"Pedra Azul ter\u00e1 campus da Unimontes - Aconteceu no Vale\",\"isPartOf\":{\"@id\":\"https:\\\/\\\/aconteceunovale.com.br\\\/portal\\\/#website\"},\"primaryImageOfPage\":{\"@id\":\"https:\\\/\\\/aconteceunovale.com.br\\\/portal\\\/?p=19697#primaryimage\"},\"image\":{\"@id\":\"https:\\\/\\\/aconteceunovale.com.br\\\/portal\\\/?p=19697#primaryimage\"},\"thumbnailUrl\":\"https:\\\/\\\/aconteceunovale.com.br\\\/portal\\\/wp-content\\\/uploads\\\/2014\\\/01\\\/unimontes.jpg\",\"datePublished\":\"2014-01-28T20:19:00+00:00\",\"dateModified\":\"2026-09-02T16:39:19+00:00\",\"author\":{\"@id\":\"https:\\\/\\\/aconteceunovale.com.br\\\/portal\\\/#\\\/schema\\\/person\\\/633529146f2c94272bef50ac2953d589\"},\"breadcrumb\":{\"@id\":\"https:\\\/\\\/aconteceunovale.com.br\\\/portal\\\/?p=19697#breadcrumb\"},\"inLanguage\":\"pt-BR\",\"potentialAction\":[{\"@type\":\"ReadAction\",\"target\":[\"https:\\\/\\\/aconteceunovale.com.br\\\/portal\\\/?p=19697\"]}]},{\"@type\":\"ImageObject\",\"inLanguage\":\"pt-BR\",\"@id\":\"https:\\\/\\\/aconteceunovale.com.br\\\/portal\\\/?p=19697#primaryimage\",\"url\":\"https:\\\/\\\/aconteceunovale.com.br\\\/portal\\\/wp-content\\\/uploads\\\/2014\\\/01\\\/unimontes.jpg\",\"contentUrl\":\"https:\\\/\\\/aconteceunovale.com.br\\\/portal\\\/wp-content\\\/uploads\\\/2014\\\/01\\\/unimontes.jpg\",\"width\":630,\"height\":340},{\"@type\":\"BreadcrumbList\",\"@id\":\"https:\\\/\\\/aconteceunovale.com.br\\\/portal\\\/?p=19697#breadcrumb\",\"itemListElement\":[{\"@type\":\"ListItem\",\"position\":1,\"name\":\"In\u00edcio\",\"item\":\"https:\\\/\\\/aconteceunovale.com.br\\\/portal\\\/\"},{\"@type\":\"ListItem\",\"position\":2,\"name\":\"Pedra Azul ter\u00e1 campus da Unimontes\"}]},{\"@type\":\"WebSite\",\"@id\":\"https:\\\/\\\/aconteceunovale.com.br\\\/portal\\\/#website\",\"url\":\"https:\\\/\\\/aconteceunovale.com.br\\\/portal\\\/\",\"name\":\"Aconteceu no Vale\",\"description\":\"Portal de Not\u00edcias\",\"potentialAction\":[{\"@type\":\"SearchAction\",\"target\":{\"@type\":\"EntryPoint\",\"urlTemplate\":\"https:\\\/\\\/aconteceunovale.com.br\\\/portal\\\/?s={search_term_string}\"},\"query-input\":{\"@type\":\"PropertyValueSpecification\",\"valueRequired\":true,\"valueName\":\"search_term_string\"}}],\"inLanguage\":\"pt-BR\"},{\"@type\":\"Person\",\"@id\":\"https:\\\/\\\/aconteceunovale.com.br\\\/portal\\\/#\\\/schema\\\/person\\\/633529146f2c94272bef50ac2953d589\",\"name\":\"Aconteceu no Vale\",\"description\":\"Equipe de reportagem do Aconteceu no Vale, portal de not\u00edcias do Vale do Jequitinhonha, em Minas Gerais. Cobrimos as 51 cidades do Vale desde 2013. Sugest\u00f5es de pauta e pedidos de corre\u00e7\u00e3o: contato@aconteceunovale.com.br\",\"sameAs\":[\"http:\\\/\\\/www.aconteceunovale.com.br\"],\"url\":\"https:\\\/\\\/aconteceunovale.com.br\\\/portal\\\/?author=1\"}]}<\/script>\n<!-- \/ Yoast SEO plugin. -->","yoast_head_json":{"title":"Pedra Azul ter\u00e1 campus da Unimontes - Aconteceu no Vale","robots":{"index":"index","follow":"follow","max-snippet":"max-snippet:-1","max-image-preview":"max-image-preview:large","max-video-preview":"max-video-preview:-1"},"canonical":"https:\/\/aconteceunovale.com.br\/portal\/?p=19697","og_locale":"pt_BR","og_type":"article","og_title":"Pedra Azul ter\u00e1 campus da Unimontes - Aconteceu no Vale","og_description":"Nesta quarta e quinta (29 e 30 de janeiro), o secret\u00e1rio de Estado de Ci\u00eancia, Tecnologia e Ensino Superior, Narcio Rodrigues, e o reitor da Universidade Estadual de Montes Claros (Unimontes), Jo\u00e3o dos Reis Canela, estar\u00e3o no Vale do Jequitinhonha anunciando a\u00e7\u00f5es do governo estadual para a expans\u00e3o de vagas de gradua\u00e7\u00e3o para aquela regi\u00e3o. [&hellip;]","og_url":"https:\/\/aconteceunovale.com.br\/portal\/?p=19697","og_site_name":"Aconteceu no Vale","article_publisher":"https:\/\/www.facebook.com\/aconteceunovale\/","article_published_time":"2014-01-28T20:19:00+00:00","article_modified_time":"2026-09-02T16:39:19+00:00","og_image":[{"width":630,"height":340,"url":"https:\/\/aconteceunovale.com.br\/portal\/wp-content\/uploads\/2014\/01\/unimontes.jpg","type":"image\/jpeg"}],"author":"Aconteceu no Vale","twitter_card":"summary_large_image","twitter_creator":"@noticiadosvales","twitter_site":"@noticiadosvales","twitter_misc":{"Escrito por":"Aconteceu no Vale","Est. tempo de leitura":"2 minutos"},"schema":{"@context":"https:\/\/schema.org","@graph":[{"@type":"Article","@id":"https:\/\/aconteceunovale.com.br\/portal\/?p=19697#article","isPartOf":{"@id":"https:\/\/aconteceunovale.com.br\/portal\/?p=19697"},"author":{"name":"Aconteceu no Vale","@id":"https:\/\/aconteceunovale.com.br\/portal\/#\/schema\/person\/633529146f2c94272bef50ac2953d589"},"headline":"Pedra Azul ter\u00e1 campus da Unimontes","datePublished":"2014-01-28T20:19:00+00:00","dateModified":"2026-09-02T16:39:19+00:00","mainEntityOfPage":{"@id":"https:\/\/aconteceunovale.com.br\/portal\/?p=19697"},"wordCount":384,"commentCount":0,"image":{"@id":"https:\/\/aconteceunovale.com.br\/portal\/?p=19697#primaryimage"},"thumbnailUrl":"https:\/\/aconteceunovale.com.br\/portal\/wp-content\/uploads\/2014\/01\/unimontes.jpg","keywords":["Governo de Minas leva ensino superior gratuito ao Vale do Jequitinhonha","Joa\u00edma","Pedra Azul","Pedra Azul ter\u00e1 campus da Unimontes","Vale do Jequitinhonha"],"articleSection":["Pedra Azul","Vale do Jequitinhonha"],"inLanguage":"pt-BR","potentialAction":[{"@type":"CommentAction","name":"Comment","target":["https:\/\/aconteceunovale.com.br\/portal\/?p=19697#respond"]}]},{"@type":"WebPage","@id":"https:\/\/aconteceunovale.com.br\/portal\/?p=19697","url":"https:\/\/aconteceunovale.com.br\/portal\/?p=19697","name":"Pedra Azul ter\u00e1 campus da Unimontes - Aconteceu no Vale","isPartOf":{"@id":"https:\/\/aconteceunovale.com.br\/portal\/#website"},"primaryImageOfPage":{"@id":"https:\/\/aconteceunovale.com.br\/portal\/?p=19697#primaryimage"},"image":{"@id":"https:\/\/aconteceunovale.com.br\/portal\/?p=19697#primaryimage"},"thumbnailUrl":"https:\/\/aconteceunovale.com.br\/portal\/wp-content\/uploads\/2014\/01\/unimontes.jpg","datePublished":"2014-01-28T20:19:00+00:00","dateModified":"2026-09-02T16:39:19+00:00","author":{"@id":"https:\/\/aconteceunovale.com.br\/portal\/#\/schema\/person\/633529146f2c94272bef50ac2953d589"},"breadcrumb":{"@id":"https:\/\/aconteceunovale.com.br\/portal\/?p=19697#breadcrumb"},"inLanguage":"pt-BR","potentialAction":[{"@type":"ReadAction","target":["https:\/\/aconteceunovale.com.br\/portal\/?p=19697"]}]},{"@type":"ImageObject","inLanguage":"pt-BR","@id":"https:\/\/aconteceunovale.com.br\/portal\/?p=19697#primaryimage","url":"https:\/\/aconteceunovale.com.br\/portal\/wp-content\/uploads\/2014\/01\/unimontes.jpg","contentUrl":"https:\/\/aconteceunovale.com.br\/portal\/wp-content\/uploads\/2014\/01\/unimontes.jpg","width":630,"height":340},{"@type":"BreadcrumbList","@id":"https:\/\/aconteceunovale.com.br\/portal\/?p=19697#breadcrumb","itemListElement":[{"@type":"ListItem","position":1,"name":"In\u00edcio","item":"https:\/\/aconteceunovale.com.br\/portal\/"},{"@type":"ListItem","position":2,"name":"Pedra Azul ter\u00e1 campus da Unimontes"}]},{"@type":"WebSite","@id":"https:\/\/aconteceunovale.com.br\/portal\/#website","url":"https:\/\/aconteceunovale.com.br\/portal\/","name":"Aconteceu no Vale","description":"Portal de Not\u00edcias","potentialAction":[{"@type":"SearchAction","target":{"@type":"EntryPoint","urlTemplate":"https:\/\/aconteceunovale.com.br\/portal\/?s={search_term_string}"},"query-input":{"@type":"PropertyValueSpecification","valueRequired":true,"valueName":"search_term_string"}}],"inLanguage":"pt-BR"},{"@type":"Person","@id":"https:\/\/aconteceunovale.com.br\/portal\/#\/schema\/person\/633529146f2c94272bef50ac2953d589","name":"Aconteceu no Vale","description":"Equipe de reportagem do Aconteceu no Vale, portal de not\u00edcias do Vale do Jequitinhonha, em Minas Gerais. Cobrimos as 51 cidades do Vale desde 2013. Sugest\u00f5es de pauta e pedidos de corre\u00e7\u00e3o: contato@aconteceunovale.com.br","sameAs":["http:\/\/www.aconteceunovale.com.br"],"url":"https:\/\/aconteceunovale.com.br\/portal\/?author=1"}]}},"_links":{"self":[{"href":"https:\/\/aconteceunovale.com.br\/portal\/index.php?rest_route=\/wp\/v2\/posts\/19697","targetHints":{"allow":["GET"]}}],"collection":[{"href":"https:\/\/aconteceunovale.com.br\/portal\/index.php?rest_route=\/wp\/v2\/posts"}],"about":[{"href":"https:\/\/aconteceunovale.com.br\/portal\/index.php?rest_route=\/wp\/v2\/types\/post"}],"author":[{"embeddable":true,"href":"https:\/\/aconteceunovale.com.br\/portal\/index.php?rest_route=\/wp\/v2\/users\/1"}],"replies":[{"embeddable":true,"href":"https:\/\/aconteceunovale.com.br\/portal\/index.php?rest_route=%2Fwp%2Fv2%2Fcomments&post=19697"}],"version-history":[{"count":1,"href":"https:\/\/aconteceunovale.com.br\/portal\/index.php?rest_route=\/wp\/v2\/posts\/19697\/revisions"}],"predecessor-version":[{"id":201699,"href":"https:\/\/aconteceunovale.com.br\/portal\/index.php?rest_route=\/wp\/v2\/posts\/19697\/revisions\/201699"}],"wp:featuredmedia":[{"embeddable":true,"href":"https:\/\/aconteceunovale.com.br\/portal\/index.php?rest_route=\/wp\/v2\/media\/19591"}],"wp:attachment":[{"href":"https:\/\/aconteceunovale.com.br\/portal\/index.php?rest_route=%2Fwp%2Fv2%2Fmedia&parent=19697"}],"wp:term":[{"taxonomy":"category","embeddable":true,"href":"https:\/\/aconteceunovale.com.br\/portal\/index.php?rest_route=%2Fwp%2Fv2%2Fcategories&post=19697"},{"taxonomy":"post_tag","embeddable":true,"href":"https:\/\/aconteceunovale.com.br\/portal\/index.php?rest_route=%2Fwp%2Fv2%2Ftags&post=19697"}],"curies":[{"name":"wp","href":"https:\/\/api.w.org\/{rel}","templated":true}]}}