{"id":196949,"date":"2025-02-03T11:13:48","date_gmt":"2025-02-03T14:13:48","guid":{"rendered":"https:\/\/aconteceunovale.com.br\/portal\/?p=196949"},"modified":"2025-02-03T11:15:03","modified_gmt":"2025-02-03T14:15:03","slug":"autor-de-homicidio-no-municipio-de-teofilo-otoni-e-preso-pela-policia-militar","status":"publish","type":"post","link":"https:\/\/aconteceunovale.com.br\/portal\/?p=196949","title":{"rendered":"Autor de homic\u00eddio no munic\u00edpio de Te\u00f3filo Otoni \u00e9 preso pela Pol\u00edcia Militar"},"content":{"rendered":"\n<p class=\"wp-block-paragraph\">Um homic\u00eddio foi registrado na Comunidade da Lajinha, zona rural de Te\u00f3filo Otoni, no \u00faltimo domingo (2\/2\/2025). Um homem de 58 anos foi morto ap\u00f3s ser agredido com golpes de madeira na cabe\u00e7a, supostamente desferidos por um jovem de 19 anos.<\/p>\n\n\n\n<figure class=\"wp-block-gallery has-nested-images columns-default is-cropped wp-block-gallery-1 is-layout-flex wp-block-gallery-is-layout-flex\">\n<figure class=\"wp-block-image size-large\"><img loading=\"lazy\" decoding=\"async\" width=\"678\" height=\"442\" data-id=\"196950\" src=\"https:\/\/aconteceunovale.com.br\/portal\/wp-content\/uploads\/2025\/02\/preso_teo2.png\" alt=\"\" class=\"wp-image-196950\" srcset=\"https:\/\/aconteceunovale.com.br\/portal\/wp-content\/uploads\/2025\/02\/preso_teo2.png 678w, https:\/\/aconteceunovale.com.br\/portal\/wp-content\/uploads\/2025\/02\/preso_teo2-300x196.png 300w, https:\/\/aconteceunovale.com.br\/portal\/wp-content\/uploads\/2025\/02\/preso_teo2-644x420.png 644w\" sizes=\"auto, (max-width: 678px) 100vw, 678px\" \/><figcaption class=\"wp-element-caption\"><em>Suspeito foi preso em flagrante &#8211; Foto: Divulga\u00e7\u00e3o \/ Pol\u00edcia Militar<\/em><\/figcaption><\/figure>\n<\/figure>\n\n\n\n<p class=\"wp-block-paragraph\">De acordo com relatos, ap\u00f3s a agress\u00e3o, o suspeito teria informado a testemunhas que havia atacado gravemente uma pessoa e que poderiam chamar o socorro. A Pol\u00edcia Militar foi acionada e iniciou uma opera\u00e7\u00e3o r\u00e1pida e eficiente para capturar o indiv\u00edduo.<\/p>\n\n\n\n<p class=\"wp-block-paragraph\">Durante as buscas, os militares conseguiram localizar o suspeito, que estava escondido no interior de uma resid\u00eancia. Em conversa com os policiais, ele afirmou que o crime foi motivado por uma discuss\u00e3o com a v\u00edtima.<\/p>\n\n\n\n<p class=\"wp-block-paragraph\">Investiga\u00e7\u00f5es apontam que o suspeito possui hist\u00f3rico de envolvimento com drogas. Em 2023, ele foi preso pela Patrulha Rural por posse ilegal de uma garrucha calibre .22, utilizada para amea\u00e7ar moradores da comunidade.<\/p>\n\n\n\n<p class=\"wp-block-paragraph\">O suspeito foi preso em flagrante e encaminhado \u00e0 Delegacia de Pol\u00edcia Civil de Te\u00f3filo Otoni, onde sua pris\u00e3o foi ratificada. As autoridades seguem apurando os fatos para esclarecer todos os detalhes do caso.<\/p>\n","protected":false},"excerpt":{"rendered":"<p>Um homic\u00eddio foi registrado na Comunidade da Lajinha, zona rural de Te\u00f3filo Otoni, no \u00faltimo domingo (2\/2\/2025). Um homem de 58 anos foi morto ap\u00f3s ser agredido com golpes de madeira na cabe\u00e7a, supostamente desferidos por um jovem de 19 anos. De acordo com relatos, ap\u00f3s a agress\u00e3o, o suspeito teria informado a testemunhas que [&hellip;]<\/p>\n","protected":false},"author":4,"featured_media":196950,"comment_status":"open","ping_status":"closed","sticky":false,"template":"","format":"standard","meta":{"amp_status":"","footnotes":""},"categories":[122],"tags":[271245,271246,271247,19571,8472,79096,271248,133033,164],"class_list":["post-196949","post","type-post","status-publish","format-standard","has-post-thumbnail","hentry","category-mucuri","tag-autor-de-homicidio-no-municipio-de-teofilo-otoni-e-preso-pela-policia-militar","tag-autor-de-homicidio-preso-em-teofilo-otoni","tag-homicidio-em-lajinha","tag-homicidio-em-teofilo-otoni","tag-lajinha","tag-preso-em-teofilo-otoni","tag-preso-por-homicidio-em-lajinha","tag-preso-por-homicidio-em-teofilo-otoni","tag-teofilo-otoni"],"yoast_head":"<!-- This site is optimized with the Yoast SEO plugin v28.3 - https:\/\/yoast.com\/product\/yoast-seo-wordpress\/ -->\n<title>Autor de homic\u00eddio no munic\u00edpio de Te\u00f3filo Otoni \u00e9 preso pela Pol\u00edcia Militar - Aconteceu no Vale<\/title>\n<meta name=\"robots\" content=\"index, follow, max-snippet:-1, max-image-preview:large, max-video-preview:-1\" \/>\n<link rel=\"canonical\" href=\"https:\/\/aconteceunovale.com.br\/portal\/?p=196949\" \/>\n<meta property=\"og:locale\" content=\"pt_BR\" \/>\n<meta property=\"og:type\" content=\"article\" \/>\n<meta property=\"og:title\" content=\"Autor de homic\u00eddio no munic\u00edpio de Te\u00f3filo Otoni \u00e9 preso pela Pol\u00edcia Militar - Aconteceu no Vale\" \/>\n<meta property=\"og:description\" content=\"Um homic\u00eddio foi registrado na Comunidade da Lajinha, zona rural de Te\u00f3filo Otoni, no \u00faltimo domingo (2\/2\/2025). Um homem de 58 anos foi morto ap\u00f3s ser agredido com golpes de madeira na cabe\u00e7a, supostamente desferidos por um jovem de 19 anos. De acordo com relatos, ap\u00f3s a agress\u00e3o, o suspeito teria informado a testemunhas que [&hellip;]\" \/>\n<meta property=\"og:url\" content=\"https:\/\/aconteceunovale.com.br\/portal\/?p=196949\" \/>\n<meta property=\"og:site_name\" content=\"Aconteceu no Vale\" \/>\n<meta property=\"article:publisher\" content=\"https:\/\/www.facebook.com\/aconteceunovale\/\" \/>\n<meta property=\"article:published_time\" content=\"2025-02-03T14:13:48+00:00\" \/>\n<meta property=\"article:modified_time\" content=\"2025-02-03T14:15:03+00:00\" \/>\n<meta property=\"og:image\" content=\"https:\/\/aconteceunovale.com.br\/portal\/wp-content\/uploads\/2025\/02\/preso_teo2.png\" \/>\n\t<meta property=\"og:image:width\" content=\"678\" \/>\n\t<meta property=\"og:image:height\" content=\"442\" \/>\n\t<meta property=\"og:image:type\" content=\"image\/png\" \/>\n<meta name=\"author\" content=\"Reda\u00e7\u00e3o Aconteceu no Vale\" \/>\n<meta name=\"twitter:card\" content=\"summary_large_image\" \/>\n<meta name=\"twitter:creator\" content=\"@noticiadosvales\" \/>\n<meta name=\"twitter:site\" content=\"@noticiadosvales\" \/>\n<meta name=\"twitter:label1\" content=\"Escrito por\" \/>\n\t<meta name=\"twitter:data1\" content=\"Reda\u00e7\u00e3o Aconteceu no Vale\" \/>\n\t<meta name=\"twitter:label2\" content=\"Est. tempo de leitura\" \/>\n\t<meta name=\"twitter:data2\" content=\"1 minuto\" \/>\n<script type=\"application\/ld+json\" class=\"yoast-schema-graph\">{\"@context\":\"https:\\\/\\\/schema.org\",\"@graph\":[{\"@type\":\"Article\",\"@id\":\"https:\\\/\\\/aconteceunovale.com.br\\\/portal\\\/?p=196949#article\",\"isPartOf\":{\"@id\":\"https:\\\/\\\/aconteceunovale.com.br\\\/portal\\\/?p=196949\"},\"author\":{\"name\":\"Reda\u00e7\u00e3o Aconteceu no Vale\",\"@id\":\"https:\\\/\\\/aconteceunovale.com.br\\\/portal\\\/#\\\/schema\\\/person\\\/7d2f26d1483f8a63de73da1ee0754d35\"},\"headline\":\"Autor de homic\u00eddio no munic\u00edpio de Te\u00f3filo Otoni \u00e9 preso pela Pol\u00edcia Militar\",\"datePublished\":\"2025-02-03T14:13:48+00:00\",\"dateModified\":\"2025-02-03T14:15:03+00:00\",\"mainEntityOfPage\":{\"@id\":\"https:\\\/\\\/aconteceunovale.com.br\\\/portal\\\/?p=196949\"},\"wordCount\":225,\"commentCount\":0,\"image\":{\"@id\":\"https:\\\/\\\/aconteceunovale.com.br\\\/portal\\\/?p=196949#primaryimage\"},\"thumbnailUrl\":\"https:\\\/\\\/aconteceunovale.com.br\\\/portal\\\/wp-content\\\/uploads\\\/2025\\\/02\\\/preso_teo2.png\",\"keywords\":[\"Autor de homic\u00eddio no munic\u00edpio de Te\u00f3filo Otoni \u00e9 preso pela Pol\u00edcia Militar\",\"Autor de homic\u00eddio preso em Te\u00f3filo Otoni\",\"Homic\u00eddio em Lajinha\",\"homicidio em te\u00f3filo otoni\",\"Lajinha\",\"preso em Te\u00f3filo Otoni\",\"Preso por homic\u00eddio em Lajinha\",\"Preso por homic\u00eddio em Te\u00f3filo Otoni\",\"Te\u00f3filo Otoni\"],\"articleSection\":[\"Vale do Mucuri\"],\"inLanguage\":\"pt-BR\",\"potentialAction\":[{\"@type\":\"CommentAction\",\"name\":\"Comment\",\"target\":[\"https:\\\/\\\/aconteceunovale.com.br\\\/portal\\\/?p=196949#respond\"]}]},{\"@type\":\"WebPage\",\"@id\":\"https:\\\/\\\/aconteceunovale.com.br\\\/portal\\\/?p=196949\",\"url\":\"https:\\\/\\\/aconteceunovale.com.br\\\/portal\\\/?p=196949\",\"name\":\"Autor de homic\u00eddio no munic\u00edpio de Te\u00f3filo Otoni \u00e9 preso pela Pol\u00edcia Militar - Aconteceu no Vale\",\"isPartOf\":{\"@id\":\"https:\\\/\\\/aconteceunovale.com.br\\\/portal\\\/#website\"},\"primaryImageOfPage\":{\"@id\":\"https:\\\/\\\/aconteceunovale.com.br\\\/portal\\\/?p=196949#primaryimage\"},\"image\":{\"@id\":\"https:\\\/\\\/aconteceunovale.com.br\\\/portal\\\/?p=196949#primaryimage\"},\"thumbnailUrl\":\"https:\\\/\\\/aconteceunovale.com.br\\\/portal\\\/wp-content\\\/uploads\\\/2025\\\/02\\\/preso_teo2.png\",\"datePublished\":\"2025-02-03T14:13:48+00:00\",\"dateModified\":\"2025-02-03T14:15:03+00:00\",\"author\":{\"@id\":\"https:\\\/\\\/aconteceunovale.com.br\\\/portal\\\/#\\\/schema\\\/person\\\/7d2f26d1483f8a63de73da1ee0754d35\"},\"breadcrumb\":{\"@id\":\"https:\\\/\\\/aconteceunovale.com.br\\\/portal\\\/?p=196949#breadcrumb\"},\"inLanguage\":\"pt-BR\",\"potentialAction\":[{\"@type\":\"ReadAction\",\"target\":[\"https:\\\/\\\/aconteceunovale.com.br\\\/portal\\\/?p=196949\"]}]},{\"@type\":\"ImageObject\",\"inLanguage\":\"pt-BR\",\"@id\":\"https:\\\/\\\/aconteceunovale.com.br\\\/portal\\\/?p=196949#primaryimage\",\"url\":\"https:\\\/\\\/aconteceunovale.com.br\\\/portal\\\/wp-content\\\/uploads\\\/2025\\\/02\\\/preso_teo2.png\",\"contentUrl\":\"https:\\\/\\\/aconteceunovale.com.br\\\/portal\\\/wp-content\\\/uploads\\\/2025\\\/02\\\/preso_teo2.png\",\"width\":678,\"height\":442,\"caption\":\"Foto: Divulga\u00e7\u00e3o \\\/ Pol\u00edcia Militar\"},{\"@type\":\"BreadcrumbList\",\"@id\":\"https:\\\/\\\/aconteceunovale.com.br\\\/portal\\\/?p=196949#breadcrumb\",\"itemListElement\":[{\"@type\":\"ListItem\",\"position\":1,\"name\":\"In\u00edcio\",\"item\":\"https:\\\/\\\/aconteceunovale.com.br\\\/portal\\\/\"},{\"@type\":\"ListItem\",\"position\":2,\"name\":\"Autor de homic\u00eddio no munic\u00edpio de Te\u00f3filo Otoni \u00e9 preso pela Pol\u00edcia Militar\"}]},{\"@type\":\"WebSite\",\"@id\":\"https:\\\/\\\/aconteceunovale.com.br\\\/portal\\\/#website\",\"url\":\"https:\\\/\\\/aconteceunovale.com.br\\\/portal\\\/\",\"name\":\"Aconteceu no Vale\",\"description\":\"Portal de Not\u00edcias\",\"potentialAction\":[{\"@type\":\"SearchAction\",\"target\":{\"@type\":\"EntryPoint\",\"urlTemplate\":\"https:\\\/\\\/aconteceunovale.com.br\\\/portal\\\/?s={search_term_string}\"},\"query-input\":{\"@type\":\"PropertyValueSpecification\",\"valueRequired\":true,\"valueName\":\"search_term_string\"}}],\"inLanguage\":\"pt-BR\"},{\"@type\":\"Person\",\"@id\":\"https:\\\/\\\/aconteceunovale.com.br\\\/portal\\\/#\\\/schema\\\/person\\\/7d2f26d1483f8a63de73da1ee0754d35\",\"name\":\"Reda\u00e7\u00e3o Aconteceu no Vale\",\"description\":\"Equipe de reportagem do Aconteceu no Vale, portal de not\u00edcias do Vale do Jequitinhonha, em Minas Gerais. Cobrimos as 51 cidades do Vale desde 2013. Sugest\u00f5es de pauta e pedidos de corre\u00e7\u00e3o: contato@aconteceunovale.com.br\",\"url\":\"https:\\\/\\\/aconteceunovale.com.br\\\/portal\\\/?author=4\"}]}<\/script>\n<!-- \/ Yoast SEO plugin. -->","yoast_head_json":{"title":"Autor de homic\u00eddio no munic\u00edpio de Te\u00f3filo Otoni \u00e9 preso pela Pol\u00edcia Militar - Aconteceu no Vale","robots":{"index":"index","follow":"follow","max-snippet":"max-snippet:-1","max-image-preview":"max-image-preview:large","max-video-preview":"max-video-preview:-1"},"canonical":"https:\/\/aconteceunovale.com.br\/portal\/?p=196949","og_locale":"pt_BR","og_type":"article","og_title":"Autor de homic\u00eddio no munic\u00edpio de Te\u00f3filo Otoni \u00e9 preso pela Pol\u00edcia Militar - Aconteceu no Vale","og_description":"Um homic\u00eddio foi registrado na Comunidade da Lajinha, zona rural de Te\u00f3filo Otoni, no \u00faltimo domingo (2\/2\/2025). Um homem de 58 anos foi morto ap\u00f3s ser agredido com golpes de madeira na cabe\u00e7a, supostamente desferidos por um jovem de 19 anos. De acordo com relatos, ap\u00f3s a agress\u00e3o, o suspeito teria informado a testemunhas que [&hellip;]","og_url":"https:\/\/aconteceunovale.com.br\/portal\/?p=196949","og_site_name":"Aconteceu no Vale","article_publisher":"https:\/\/www.facebook.com\/aconteceunovale\/","article_published_time":"2025-02-03T14:13:48+00:00","article_modified_time":"2025-02-03T14:15:03+00:00","og_image":[{"width":678,"height":442,"url":"https:\/\/aconteceunovale.com.br\/portal\/wp-content\/uploads\/2025\/02\/preso_teo2.png","type":"image\/png"}],"author":"Reda\u00e7\u00e3o Aconteceu no Vale","twitter_card":"summary_large_image","twitter_creator":"@noticiadosvales","twitter_site":"@noticiadosvales","twitter_misc":{"Escrito por":"Reda\u00e7\u00e3o Aconteceu no Vale","Est. tempo de leitura":"1 minuto"},"schema":{"@context":"https:\/\/schema.org","@graph":[{"@type":"Article","@id":"https:\/\/aconteceunovale.com.br\/portal\/?p=196949#article","isPartOf":{"@id":"https:\/\/aconteceunovale.com.br\/portal\/?p=196949"},"author":{"name":"Reda\u00e7\u00e3o Aconteceu no Vale","@id":"https:\/\/aconteceunovale.com.br\/portal\/#\/schema\/person\/7d2f26d1483f8a63de73da1ee0754d35"},"headline":"Autor de homic\u00eddio no munic\u00edpio de Te\u00f3filo Otoni \u00e9 preso pela Pol\u00edcia Militar","datePublished":"2025-02-03T14:13:48+00:00","dateModified":"2025-02-03T14:15:03+00:00","mainEntityOfPage":{"@id":"https:\/\/aconteceunovale.com.br\/portal\/?p=196949"},"wordCount":225,"commentCount":0,"image":{"@id":"https:\/\/aconteceunovale.com.br\/portal\/?p=196949#primaryimage"},"thumbnailUrl":"https:\/\/aconteceunovale.com.br\/portal\/wp-content\/uploads\/2025\/02\/preso_teo2.png","keywords":["Autor de homic\u00eddio no munic\u00edpio de Te\u00f3filo Otoni \u00e9 preso pela Pol\u00edcia Militar","Autor de homic\u00eddio preso em Te\u00f3filo Otoni","Homic\u00eddio em Lajinha","homicidio em te\u00f3filo otoni","Lajinha","preso em Te\u00f3filo Otoni","Preso por homic\u00eddio em Lajinha","Preso por homic\u00eddio em Te\u00f3filo Otoni","Te\u00f3filo Otoni"],"articleSection":["Vale do Mucuri"],"inLanguage":"pt-BR","potentialAction":[{"@type":"CommentAction","name":"Comment","target":["https:\/\/aconteceunovale.com.br\/portal\/?p=196949#respond"]}]},{"@type":"WebPage","@id":"https:\/\/aconteceunovale.com.br\/portal\/?p=196949","url":"https:\/\/aconteceunovale.com.br\/portal\/?p=196949","name":"Autor de homic\u00eddio no munic\u00edpio de Te\u00f3filo Otoni \u00e9 preso pela Pol\u00edcia Militar - Aconteceu no Vale","isPartOf":{"@id":"https:\/\/aconteceunovale.com.br\/portal\/#website"},"primaryImageOfPage":{"@id":"https:\/\/aconteceunovale.com.br\/portal\/?p=196949#primaryimage"},"image":{"@id":"https:\/\/aconteceunovale.com.br\/portal\/?p=196949#primaryimage"},"thumbnailUrl":"https:\/\/aconteceunovale.com.br\/portal\/wp-content\/uploads\/2025\/02\/preso_teo2.png","datePublished":"2025-02-03T14:13:48+00:00","dateModified":"2025-02-03T14:15:03+00:00","author":{"@id":"https:\/\/aconteceunovale.com.br\/portal\/#\/schema\/person\/7d2f26d1483f8a63de73da1ee0754d35"},"breadcrumb":{"@id":"https:\/\/aconteceunovale.com.br\/portal\/?p=196949#breadcrumb"},"inLanguage":"pt-BR","potentialAction":[{"@type":"ReadAction","target":["https:\/\/aconteceunovale.com.br\/portal\/?p=196949"]}]},{"@type":"ImageObject","inLanguage":"pt-BR","@id":"https:\/\/aconteceunovale.com.br\/portal\/?p=196949#primaryimage","url":"https:\/\/aconteceunovale.com.br\/portal\/wp-content\/uploads\/2025\/02\/preso_teo2.png","contentUrl":"https:\/\/aconteceunovale.com.br\/portal\/wp-content\/uploads\/2025\/02\/preso_teo2.png","width":678,"height":442,"caption":"Foto: Divulga\u00e7\u00e3o \/ Pol\u00edcia Militar"},{"@type":"BreadcrumbList","@id":"https:\/\/aconteceunovale.com.br\/portal\/?p=196949#breadcrumb","itemListElement":[{"@type":"ListItem","position":1,"name":"In\u00edcio","item":"https:\/\/aconteceunovale.com.br\/portal\/"},{"@type":"ListItem","position":2,"name":"Autor de homic\u00eddio no munic\u00edpio de Te\u00f3filo Otoni \u00e9 preso pela Pol\u00edcia Militar"}]},{"@type":"WebSite","@id":"https:\/\/aconteceunovale.com.br\/portal\/#website","url":"https:\/\/aconteceunovale.com.br\/portal\/","name":"Aconteceu no Vale","description":"Portal de Not\u00edcias","potentialAction":[{"@type":"SearchAction","target":{"@type":"EntryPoint","urlTemplate":"https:\/\/aconteceunovale.com.br\/portal\/?s={search_term_string}"},"query-input":{"@type":"PropertyValueSpecification","valueRequired":true,"valueName":"search_term_string"}}],"inLanguage":"pt-BR"},{"@type":"Person","@id":"https:\/\/aconteceunovale.com.br\/portal\/#\/schema\/person\/7d2f26d1483f8a63de73da1ee0754d35","name":"Reda\u00e7\u00e3o Aconteceu no Vale","description":"Equipe de reportagem do Aconteceu no Vale, portal de not\u00edcias do Vale do Jequitinhonha, em Minas Gerais. Cobrimos as 51 cidades do Vale desde 2013. Sugest\u00f5es de pauta e pedidos de corre\u00e7\u00e3o: contato@aconteceunovale.com.br","url":"https:\/\/aconteceunovale.com.br\/portal\/?author=4"}]}},"_links":{"self":[{"href":"https:\/\/aconteceunovale.com.br\/portal\/index.php?rest_route=\/wp\/v2\/posts\/196949","targetHints":{"allow":["GET"]}}],"collection":[{"href":"https:\/\/aconteceunovale.com.br\/portal\/index.php?rest_route=\/wp\/v2\/posts"}],"about":[{"href":"https:\/\/aconteceunovale.com.br\/portal\/index.php?rest_route=\/wp\/v2\/types\/post"}],"author":[{"embeddable":true,"href":"https:\/\/aconteceunovale.com.br\/portal\/index.php?rest_route=\/wp\/v2\/users\/4"}],"replies":[{"embeddable":true,"href":"https:\/\/aconteceunovale.com.br\/portal\/index.php?rest_route=%2Fwp%2Fv2%2Fcomments&post=196949"}],"version-history":[{"count":2,"href":"https:\/\/aconteceunovale.com.br\/portal\/index.php?rest_route=\/wp\/v2\/posts\/196949\/revisions"}],"predecessor-version":[{"id":196952,"href":"https:\/\/aconteceunovale.com.br\/portal\/index.php?rest_route=\/wp\/v2\/posts\/196949\/revisions\/196952"}],"wp:featuredmedia":[{"embeddable":true,"href":"https:\/\/aconteceunovale.com.br\/portal\/index.php?rest_route=\/wp\/v2\/media\/196950"}],"wp:attachment":[{"href":"https:\/\/aconteceunovale.com.br\/portal\/index.php?rest_route=%2Fwp%2Fv2%2Fmedia&parent=196949"}],"wp:term":[{"taxonomy":"category","embeddable":true,"href":"https:\/\/aconteceunovale.com.br\/portal\/index.php?rest_route=%2Fwp%2Fv2%2Fcategories&post=196949"},{"taxonomy":"post_tag","embeddable":true,"href":"https:\/\/aconteceunovale.com.br\/portal\/index.php?rest_route=%2Fwp%2Fv2%2Ftags&post=196949"}],"curies":[{"name":"wp","href":"https:\/\/api.w.org\/{rel}","templated":true}]}}