{"id":19694,"date":"2014-01-28T13:38:53","date_gmt":"2014-01-28T15:38:53","guid":{"rendered":"http:\/\/aconteceunovale.com.br\/portal\/?p=19694"},"modified":"2026-09-02T13:58:16","modified_gmt":"2026-09-02T16:58:16","slug":"exercito-apura-causas-de-acidente-que-matou-bebe-em-virgem-da-lapa","status":"publish","type":"post","link":"https:\/\/aconteceunovale.com.br\/portal\/?p=19694","title":{"rendered":"Ex\u00e9rcito apura causas de acidente que matou beb\u00ea em Virgem da Lapa"},"content":{"rendered":"<p>O 11\u00ba Batalh\u00e3o de Engenharia e Constru\u00e7\u00e3o apura as causas do acidente que matou uma menina de quatro meses na tarde dessa segunda-feira (27\/01) em Virgem da Lapa, no Vale do Jequitinhonha.<\/p>\n<p><img decoding=\"async\" src=\"http:\/\/aconteceunovale.com.br\/portal\/wp-content\/uploads\/2014\/01\/exercito_virgem_da_lapa.jpg\" alt=\"\" \/><br \/>\n<em><strong>Coronel Ivan Alexandre e componentes da equipe que vai apurar causas do acidente. (Foto: Gazeta de Ara\u00e7ua\u00ed)<\/strong><\/em><\/p>\n<p>Alexandra Barreto Nascimento morreu ap\u00f3s ser atropelada por um trator conduzido por um soldado do Ex\u00e9rcito de Engenharia de Araguari, que estava na regi\u00e3o para a realiza\u00e7\u00e3o de obras de recupera\u00e7\u00e3o de um trecho da BR-367, entre Virgem da Lapa e Minas Novas.<\/p>\n<p>Segundo a Pol\u00edcia Militar, a menina estava dentro de um carrinho de beb\u00ea, em um trailer usado como ponto de venda de alimentos, perto do canteiro central da BR-367, em frente ao pr\u00e9dio onde foi instalado o alojamento do grupamento do Ex\u00e9rcito. Por volta das 14h, um trator desgovernado subiu na cal\u00e7ada e atingiu o trailer.<\/p>\n<p>&#8220;O ve\u00edculo n\u00e3o estava em alta velocidade. O pai da crian\u00e7a viu que a patrol vinha em dire\u00e7\u00e3o ao trailer, mas s\u00f3 conseguiu sair do local e salvar a esposa. Com a colis\u00e3o, o estabelecimento que era de madeira ficou destru\u00eddo&#8221;, explica o comandante Eberval Pinheiro.<\/p>\n<p><img decoding=\"async\" src=\"http:\/\/aconteceunovale.com.br\/portal\/wp-content\/uploads\/2014\/01\/trator_exercito_ara.jpg\" alt=\"\" \/><br \/>\n<strong>O trailer ficou completamente destru\u00eddo<\/strong><\/p>\n<p>A menina foi socorrida, levada para um hospital da cidade e posteriormente encaminhada para outro hospital em Ara\u00e7ua\u00ed, mas n\u00e3o resistiu aos ferimentos e morreu no final da tarde. Os pais, Alexandro de Barros Nascimento (de 27 anos) e Eva Edna Barreto Lima (de 35 anos), tiveram ferimentos leves.<\/p>\n<p>No acidente, o condutor e outro soldado, que estava no ve\u00edculo, tiveram ferimentos nos bra\u00e7os e nas pernas.<\/p>\n<p><strong>Per\u00edcia e investiga\u00e7\u00e3o<\/strong><\/p>\n<p>Per\u00edcia de Pol\u00edcia Civil de Pedra Azul esteve no local e detectou o vazamento de \u00f3leo na bomba de freio, mas o laudo final ser\u00e1 entregue em at\u00e9 30 dias.<\/p>\n<p>O soldado que dirigia o ve\u00edculo foi conduzido pela Pol\u00edcia Militar at\u00e9 a delegacia da Pol\u00edcia Civil de Pedra Azul onde foi feito o Auto de Pris\u00e3o em Flagrante, devido \u00e0 morte da crian\u00e7a.<\/p>\n<p>O sargento Vasconcelos, do 11\u00ba Batalh\u00e3o, disse que o Ex\u00e9rcito lamenta o corrido e que no momento presta todo o apoio \u00e0 fam\u00edlia da v\u00edtima.<\/p>\n<p>\u201cInfelizmente, nosso servi\u00e7o envolve certos riscos. Acreditamos que tenha ocorrido uma falha mec\u00e2nica. O comandante Ivan Correia Silva estar\u00e1 pessoalmente ainda nesta ter\u00e7a-feira (28) na cidade juntamente com uma equipe para averiguar o caso\u201d, afirma o sargento.<\/p>\n<p>Segundo familiares da v\u00edtima, a crian\u00e7a ser\u00e1 velada nesta ter\u00e7a-feira na casa dos pais e enterrada no fim da tarde em um cemit\u00e9rio de Virgem da Lapa.<\/p>\n<p><em><strong>(Informa\u00e7\u00f5es da Inter TV Grande Minas)<\/strong><\/em><\/p>\n","protected":false},"excerpt":{"rendered":"<p>O 11\u00ba Batalh\u00e3o de Engenharia e Constru\u00e7\u00e3o apura as causas do acidente que matou uma menina de quatro meses na tarde dessa segunda-feira (27\/01) em Virgem da Lapa, no Vale do Jequitinhonha. Coronel Ivan Alexandre e componentes da equipe que vai apurar causas do acidente. (Foto: Gazeta de Ara\u00e7ua\u00ed) Alexandra Barreto Nascimento morreu ap\u00f3s ser [&hellip;]<\/p>\n","protected":false},"author":1,"featured_media":19705,"comment_status":"open","ping_status":"closed","sticky":false,"template":"","format":"standard","meta":{"amp_status":"","footnotes":""},"categories":[120,272578],"tags":[3643,3644,1490,3645,3642,137,482],"class_list":["post-19694","post","type-post","status-publish","format-standard","has-post-thumbnail","hentry","category-jequi","category-virgem-da-lapa","tag-alexandra-barreto-nascimento","tag-alexandro-de-barros-nascimento","tag-araguari","tag-eva-edna-barreto-lima","tag-exercito-apura-causas-de-acidente-que-matou-bebe-em-virgem-da-lapa","tag-minas-novas","tag-virgem-da-lapa"],"yoast_head":"<!-- This site is optimized with the Yoast SEO plugin v28.3 - https:\/\/yoast.com\/product\/yoast-seo-wordpress\/ -->\n<title>Ex\u00e9rcito apura causas de acidente que matou beb\u00ea em Virgem da Lapa - Aconteceu no Vale<\/title>\n<meta name=\"robots\" content=\"index, follow, max-snippet:-1, max-image-preview:large, max-video-preview:-1\" \/>\n<link rel=\"canonical\" href=\"https:\/\/aconteceunovale.com.br\/portal\/?p=19694\" \/>\n<meta property=\"og:locale\" content=\"pt_BR\" \/>\n<meta property=\"og:type\" content=\"article\" \/>\n<meta property=\"og:title\" content=\"Ex\u00e9rcito apura causas de acidente que matou beb\u00ea em Virgem da Lapa - Aconteceu no Vale\" \/>\n<meta property=\"og:description\" content=\"O 11\u00ba Batalh\u00e3o de Engenharia e Constru\u00e7\u00e3o apura as causas do acidente que matou uma menina de quatro meses na tarde dessa segunda-feira (27\/01) em Virgem da Lapa, no Vale do Jequitinhonha. Coronel Ivan Alexandre e componentes da equipe que vai apurar causas do acidente. (Foto: Gazeta de Ara\u00e7ua\u00ed) Alexandra Barreto Nascimento morreu ap\u00f3s ser [&hellip;]\" \/>\n<meta property=\"og:url\" content=\"https:\/\/aconteceunovale.com.br\/portal\/?p=19694\" \/>\n<meta property=\"og:site_name\" content=\"Aconteceu no Vale\" \/>\n<meta property=\"article:publisher\" content=\"https:\/\/www.facebook.com\/aconteceunovale\/\" \/>\n<meta property=\"article:published_time\" content=\"2014-01-28T15:38:53+00:00\" \/>\n<meta property=\"article:modified_time\" content=\"2026-09-02T16:58:16+00:00\" \/>\n<meta property=\"og:image\" content=\"https:\/\/aconteceunovale.com.br\/portal\/wp-content\/uploads\/2014\/01\/exercito_virgem_da_lapa.jpg\" \/>\n\t<meta property=\"og:image:width\" content=\"640\" \/>\n\t<meta property=\"og:image:height\" content=\"329\" \/>\n\t<meta property=\"og:image:type\" content=\"image\/jpeg\" \/>\n<meta name=\"author\" content=\"Aconteceu no Vale\" \/>\n<meta name=\"twitter:card\" content=\"summary_large_image\" \/>\n<meta name=\"twitter:creator\" content=\"@noticiadosvales\" \/>\n<meta name=\"twitter:site\" content=\"@noticiadosvales\" \/>\n<meta name=\"twitter:label1\" content=\"Escrito por\" \/>\n\t<meta name=\"twitter:data1\" content=\"Aconteceu no Vale\" \/>\n\t<meta name=\"twitter:label2\" content=\"Est. tempo de leitura\" \/>\n\t<meta name=\"twitter:data2\" content=\"2 minutos\" \/>\n<script type=\"application\/ld+json\" class=\"yoast-schema-graph\">{\"@context\":\"https:\\\/\\\/schema.org\",\"@graph\":[{\"@type\":\"Article\",\"@id\":\"https:\\\/\\\/aconteceunovale.com.br\\\/portal\\\/?p=19694#article\",\"isPartOf\":{\"@id\":\"https:\\\/\\\/aconteceunovale.com.br\\\/portal\\\/?p=19694\"},\"author\":{\"name\":\"Aconteceu no Vale\",\"@id\":\"https:\\\/\\\/aconteceunovale.com.br\\\/portal\\\/#\\\/schema\\\/person\\\/633529146f2c94272bef50ac2953d589\"},\"headline\":\"Ex\u00e9rcito apura causas de acidente que matou beb\u00ea em Virgem da Lapa\",\"datePublished\":\"2014-01-28T15:38:53+00:00\",\"dateModified\":\"2026-09-02T16:58:16+00:00\",\"mainEntityOfPage\":{\"@id\":\"https:\\\/\\\/aconteceunovale.com.br\\\/portal\\\/?p=19694\"},\"wordCount\":476,\"commentCount\":2,\"image\":{\"@id\":\"https:\\\/\\\/aconteceunovale.com.br\\\/portal\\\/?p=19694#primaryimage\"},\"thumbnailUrl\":\"https:\\\/\\\/aconteceunovale.com.br\\\/portal\\\/wp-content\\\/uploads\\\/2014\\\/01\\\/exercito_virgem_da_lapa.jpg\",\"keywords\":[\"Alexandra Barreto Nascimento\",\"Alexandro de Barros Nascimento\",\"Araguari\",\"Eva Edna Barreto Lima\",\"Ex\u00e9rcito apura causas de acidente que matou beb\u00ea em Virgem da Lapa\",\"Minas Novas\",\"Virgem da Lapa\"],\"articleSection\":[\"Vale do Jequitinhonha\",\"Virgem da Lapa\"],\"inLanguage\":\"pt-BR\",\"potentialAction\":[{\"@type\":\"CommentAction\",\"name\":\"Comment\",\"target\":[\"https:\\\/\\\/aconteceunovale.com.br\\\/portal\\\/?p=19694#respond\"]}]},{\"@type\":\"WebPage\",\"@id\":\"https:\\\/\\\/aconteceunovale.com.br\\\/portal\\\/?p=19694\",\"url\":\"https:\\\/\\\/aconteceunovale.com.br\\\/portal\\\/?p=19694\",\"name\":\"Ex\u00e9rcito apura causas de acidente que matou beb\u00ea em Virgem da Lapa - Aconteceu no Vale\",\"isPartOf\":{\"@id\":\"https:\\\/\\\/aconteceunovale.com.br\\\/portal\\\/#website\"},\"primaryImageOfPage\":{\"@id\":\"https:\\\/\\\/aconteceunovale.com.br\\\/portal\\\/?p=19694#primaryimage\"},\"image\":{\"@id\":\"https:\\\/\\\/aconteceunovale.com.br\\\/portal\\\/?p=19694#primaryimage\"},\"thumbnailUrl\":\"https:\\\/\\\/aconteceunovale.com.br\\\/portal\\\/wp-content\\\/uploads\\\/2014\\\/01\\\/exercito_virgem_da_lapa.jpg\",\"datePublished\":\"2014-01-28T15:38:53+00:00\",\"dateModified\":\"2026-09-02T16:58:16+00:00\",\"author\":{\"@id\":\"https:\\\/\\\/aconteceunovale.com.br\\\/portal\\\/#\\\/schema\\\/person\\\/633529146f2c94272bef50ac2953d589\"},\"breadcrumb\":{\"@id\":\"https:\\\/\\\/aconteceunovale.com.br\\\/portal\\\/?p=19694#breadcrumb\"},\"inLanguage\":\"pt-BR\",\"potentialAction\":[{\"@type\":\"ReadAction\",\"target\":[\"https:\\\/\\\/aconteceunovale.com.br\\\/portal\\\/?p=19694\"]}]},{\"@type\":\"ImageObject\",\"inLanguage\":\"pt-BR\",\"@id\":\"https:\\\/\\\/aconteceunovale.com.br\\\/portal\\\/?p=19694#primaryimage\",\"url\":\"https:\\\/\\\/aconteceunovale.com.br\\\/portal\\\/wp-content\\\/uploads\\\/2014\\\/01\\\/exercito_virgem_da_lapa.jpg\",\"contentUrl\":\"https:\\\/\\\/aconteceunovale.com.br\\\/portal\\\/wp-content\\\/uploads\\\/2014\\\/01\\\/exercito_virgem_da_lapa.jpg\",\"width\":640,\"height\":329},{\"@type\":\"BreadcrumbList\",\"@id\":\"https:\\\/\\\/aconteceunovale.com.br\\\/portal\\\/?p=19694#breadcrumb\",\"itemListElement\":[{\"@type\":\"ListItem\",\"position\":1,\"name\":\"In\u00edcio\",\"item\":\"https:\\\/\\\/aconteceunovale.com.br\\\/portal\\\/\"},{\"@type\":\"ListItem\",\"position\":2,\"name\":\"Ex\u00e9rcito apura causas de acidente que matou beb\u00ea em Virgem da Lapa\"}]},{\"@type\":\"WebSite\",\"@id\":\"https:\\\/\\\/aconteceunovale.com.br\\\/portal\\\/#website\",\"url\":\"https:\\\/\\\/aconteceunovale.com.br\\\/portal\\\/\",\"name\":\"Aconteceu no Vale\",\"description\":\"Portal de Not\u00edcias\",\"potentialAction\":[{\"@type\":\"SearchAction\",\"target\":{\"@type\":\"EntryPoint\",\"urlTemplate\":\"https:\\\/\\\/aconteceunovale.com.br\\\/portal\\\/?s={search_term_string}\"},\"query-input\":{\"@type\":\"PropertyValueSpecification\",\"valueRequired\":true,\"valueName\":\"search_term_string\"}}],\"inLanguage\":\"pt-BR\"},{\"@type\":\"Person\",\"@id\":\"https:\\\/\\\/aconteceunovale.com.br\\\/portal\\\/#\\\/schema\\\/person\\\/633529146f2c94272bef50ac2953d589\",\"name\":\"Aconteceu no Vale\",\"description\":\"Equipe de reportagem do Aconteceu no Vale, portal de not\u00edcias do Vale do Jequitinhonha, em Minas Gerais. Cobrimos as 51 cidades do Vale desde 2013. Sugest\u00f5es de pauta e pedidos de corre\u00e7\u00e3o: contato@aconteceunovale.com.br\",\"sameAs\":[\"http:\\\/\\\/www.aconteceunovale.com.br\"],\"url\":\"https:\\\/\\\/aconteceunovale.com.br\\\/portal\\\/?author=1\"}]}<\/script>\n<!-- \/ Yoast SEO plugin. -->","yoast_head_json":{"title":"Ex\u00e9rcito apura causas de acidente que matou beb\u00ea em Virgem da Lapa - Aconteceu no Vale","robots":{"index":"index","follow":"follow","max-snippet":"max-snippet:-1","max-image-preview":"max-image-preview:large","max-video-preview":"max-video-preview:-1"},"canonical":"https:\/\/aconteceunovale.com.br\/portal\/?p=19694","og_locale":"pt_BR","og_type":"article","og_title":"Ex\u00e9rcito apura causas de acidente que matou beb\u00ea em Virgem da Lapa - Aconteceu no Vale","og_description":"O 11\u00ba Batalh\u00e3o de Engenharia e Constru\u00e7\u00e3o apura as causas do acidente que matou uma menina de quatro meses na tarde dessa segunda-feira (27\/01) em Virgem da Lapa, no Vale do Jequitinhonha. Coronel Ivan Alexandre e componentes da equipe que vai apurar causas do acidente. (Foto: Gazeta de Ara\u00e7ua\u00ed) Alexandra Barreto Nascimento morreu ap\u00f3s ser [&hellip;]","og_url":"https:\/\/aconteceunovale.com.br\/portal\/?p=19694","og_site_name":"Aconteceu no Vale","article_publisher":"https:\/\/www.facebook.com\/aconteceunovale\/","article_published_time":"2014-01-28T15:38:53+00:00","article_modified_time":"2026-09-02T16:58:16+00:00","og_image":[{"width":640,"height":329,"url":"https:\/\/aconteceunovale.com.br\/portal\/wp-content\/uploads\/2014\/01\/exercito_virgem_da_lapa.jpg","type":"image\/jpeg"}],"author":"Aconteceu no Vale","twitter_card":"summary_large_image","twitter_creator":"@noticiadosvales","twitter_site":"@noticiadosvales","twitter_misc":{"Escrito por":"Aconteceu no Vale","Est. tempo de leitura":"2 minutos"},"schema":{"@context":"https:\/\/schema.org","@graph":[{"@type":"Article","@id":"https:\/\/aconteceunovale.com.br\/portal\/?p=19694#article","isPartOf":{"@id":"https:\/\/aconteceunovale.com.br\/portal\/?p=19694"},"author":{"name":"Aconteceu no Vale","@id":"https:\/\/aconteceunovale.com.br\/portal\/#\/schema\/person\/633529146f2c94272bef50ac2953d589"},"headline":"Ex\u00e9rcito apura causas de acidente que matou beb\u00ea em Virgem da Lapa","datePublished":"2014-01-28T15:38:53+00:00","dateModified":"2026-09-02T16:58:16+00:00","mainEntityOfPage":{"@id":"https:\/\/aconteceunovale.com.br\/portal\/?p=19694"},"wordCount":476,"commentCount":2,"image":{"@id":"https:\/\/aconteceunovale.com.br\/portal\/?p=19694#primaryimage"},"thumbnailUrl":"https:\/\/aconteceunovale.com.br\/portal\/wp-content\/uploads\/2014\/01\/exercito_virgem_da_lapa.jpg","keywords":["Alexandra Barreto Nascimento","Alexandro de Barros Nascimento","Araguari","Eva Edna Barreto Lima","Ex\u00e9rcito apura causas de acidente que matou beb\u00ea em Virgem da Lapa","Minas Novas","Virgem da Lapa"],"articleSection":["Vale do Jequitinhonha","Virgem da Lapa"],"inLanguage":"pt-BR","potentialAction":[{"@type":"CommentAction","name":"Comment","target":["https:\/\/aconteceunovale.com.br\/portal\/?p=19694#respond"]}]},{"@type":"WebPage","@id":"https:\/\/aconteceunovale.com.br\/portal\/?p=19694","url":"https:\/\/aconteceunovale.com.br\/portal\/?p=19694","name":"Ex\u00e9rcito apura causas de acidente que matou beb\u00ea em Virgem da Lapa - Aconteceu no Vale","isPartOf":{"@id":"https:\/\/aconteceunovale.com.br\/portal\/#website"},"primaryImageOfPage":{"@id":"https:\/\/aconteceunovale.com.br\/portal\/?p=19694#primaryimage"},"image":{"@id":"https:\/\/aconteceunovale.com.br\/portal\/?p=19694#primaryimage"},"thumbnailUrl":"https:\/\/aconteceunovale.com.br\/portal\/wp-content\/uploads\/2014\/01\/exercito_virgem_da_lapa.jpg","datePublished":"2014-01-28T15:38:53+00:00","dateModified":"2026-09-02T16:58:16+00:00","author":{"@id":"https:\/\/aconteceunovale.com.br\/portal\/#\/schema\/person\/633529146f2c94272bef50ac2953d589"},"breadcrumb":{"@id":"https:\/\/aconteceunovale.com.br\/portal\/?p=19694#breadcrumb"},"inLanguage":"pt-BR","potentialAction":[{"@type":"ReadAction","target":["https:\/\/aconteceunovale.com.br\/portal\/?p=19694"]}]},{"@type":"ImageObject","inLanguage":"pt-BR","@id":"https:\/\/aconteceunovale.com.br\/portal\/?p=19694#primaryimage","url":"https:\/\/aconteceunovale.com.br\/portal\/wp-content\/uploads\/2014\/01\/exercito_virgem_da_lapa.jpg","contentUrl":"https:\/\/aconteceunovale.com.br\/portal\/wp-content\/uploads\/2014\/01\/exercito_virgem_da_lapa.jpg","width":640,"height":329},{"@type":"BreadcrumbList","@id":"https:\/\/aconteceunovale.com.br\/portal\/?p=19694#breadcrumb","itemListElement":[{"@type":"ListItem","position":1,"name":"In\u00edcio","item":"https:\/\/aconteceunovale.com.br\/portal\/"},{"@type":"ListItem","position":2,"name":"Ex\u00e9rcito apura causas de acidente que matou beb\u00ea em Virgem da Lapa"}]},{"@type":"WebSite","@id":"https:\/\/aconteceunovale.com.br\/portal\/#website","url":"https:\/\/aconteceunovale.com.br\/portal\/","name":"Aconteceu no Vale","description":"Portal de Not\u00edcias","potentialAction":[{"@type":"SearchAction","target":{"@type":"EntryPoint","urlTemplate":"https:\/\/aconteceunovale.com.br\/portal\/?s={search_term_string}"},"query-input":{"@type":"PropertyValueSpecification","valueRequired":true,"valueName":"search_term_string"}}],"inLanguage":"pt-BR"},{"@type":"Person","@id":"https:\/\/aconteceunovale.com.br\/portal\/#\/schema\/person\/633529146f2c94272bef50ac2953d589","name":"Aconteceu no Vale","description":"Equipe de reportagem do Aconteceu no Vale, portal de not\u00edcias do Vale do Jequitinhonha, em Minas Gerais. Cobrimos as 51 cidades do Vale desde 2013. Sugest\u00f5es de pauta e pedidos de corre\u00e7\u00e3o: contato@aconteceunovale.com.br","sameAs":["http:\/\/www.aconteceunovale.com.br"],"url":"https:\/\/aconteceunovale.com.br\/portal\/?author=1"}]}},"_links":{"self":[{"href":"https:\/\/aconteceunovale.com.br\/portal\/index.php?rest_route=\/wp\/v2\/posts\/19694","targetHints":{"allow":["GET"]}}],"collection":[{"href":"https:\/\/aconteceunovale.com.br\/portal\/index.php?rest_route=\/wp\/v2\/posts"}],"about":[{"href":"https:\/\/aconteceunovale.com.br\/portal\/index.php?rest_route=\/wp\/v2\/types\/post"}],"author":[{"embeddable":true,"href":"https:\/\/aconteceunovale.com.br\/portal\/index.php?rest_route=\/wp\/v2\/users\/1"}],"replies":[{"embeddable":true,"href":"https:\/\/aconteceunovale.com.br\/portal\/index.php?rest_route=%2Fwp%2Fv2%2Fcomments&post=19694"}],"version-history":[{"count":1,"href":"https:\/\/aconteceunovale.com.br\/portal\/index.php?rest_route=\/wp\/v2\/posts\/19694\/revisions"}],"predecessor-version":[{"id":202066,"href":"https:\/\/aconteceunovale.com.br\/portal\/index.php?rest_route=\/wp\/v2\/posts\/19694\/revisions\/202066"}],"wp:featuredmedia":[{"embeddable":true,"href":"https:\/\/aconteceunovale.com.br\/portal\/index.php?rest_route=\/wp\/v2\/media\/19705"}],"wp:attachment":[{"href":"https:\/\/aconteceunovale.com.br\/portal\/index.php?rest_route=%2Fwp%2Fv2%2Fmedia&parent=19694"}],"wp:term":[{"taxonomy":"category","embeddable":true,"href":"https:\/\/aconteceunovale.com.br\/portal\/index.php?rest_route=%2Fwp%2Fv2%2Fcategories&post=19694"},{"taxonomy":"post_tag","embeddable":true,"href":"https:\/\/aconteceunovale.com.br\/portal\/index.php?rest_route=%2Fwp%2Fv2%2Ftags&post=19694"}],"curies":[{"name":"wp","href":"https:\/\/api.w.org\/{rel}","templated":true}]}}