{"id":19692,"date":"2014-01-28T13:26:02","date_gmt":"2014-01-28T15:26:02","guid":{"rendered":"http:\/\/aconteceunovale.com.br\/portal\/?p=19692"},"modified":"2014-01-28T13:26:02","modified_gmt":"2014-01-28T15:26:02","slug":"vacinacao-contra-aftosa-em-minas-alcanca-9715-de-cobertura","status":"publish","type":"post","link":"https:\/\/aconteceunovale.com.br\/portal\/?p=19692","title":{"rendered":"Vacina\u00e7\u00e3o contra aftosa em Minas alcan\u00e7a 97,15% de cobertura"},"content":{"rendered":"<p>A segunda etapa da Campanha Nacional de Vacina\u00e7\u00e3o Contra Febre Aftosa de 2013, que foi encerrada, excepcionalmente, no final do m\u00eas de dezembro, teve um saldo positivo em Minas Gerais, atingindo um \u00edndice de vacina\u00e7\u00e3o de 97,15%.  <\/p>\n<p><img decoding=\"async\" src=\"http:\/\/aconteceunovale.com.br\/portal\/wp-content\/uploads\/2013\/10\/Febre-aftosa-01.jpg\" alt=\"\" \/><br \/>\n<em>(Imagem ilustrativa)<\/em><\/p>\n<p>Os produtores rurais tiveram at\u00e9 o dia 10 de janeiro de 2014 para comprovar, nas unidades do Instituto Mineiro de Agropecu\u00e1ria (IMA) de seus munic\u00edpios, a imuniza\u00e7\u00e3o de seus animais. A campanha obteve uma boa ades\u00e3o dos produtores que t\u00eam na pecu\u00e1ria o seu sustento, demonstrando a import\u00e2ncia da participa\u00e7\u00e3o efetiva na vacina\u00e7\u00e3o semestral.<\/p>\n<p>A etapa envolveu 9.874,581 milh\u00f5es de bov\u00eddeos vacin\u00e1veis com at\u00e9 24 meses de idade, com a vacina\u00e7\u00e3o de 9.593,222  animais, nos 853 munic\u00edpios do Estado.<\/p>\n<p>Para o diretor-geral do IMA, Altino Rodrigues Neto, \u00e9 necess\u00e1rio que os produtores mineiros e de todo o pa\u00eds continuem aderindo as campanhas de imuniza\u00e7\u00e3o, que s\u00e3o fundamentais para erradicar e prevenir doen\u00e7as de grande impacto econ\u00f4mico como a febre aftosa. \u201cNo estado, a participa\u00e7\u00e3o dos produtores \u00e9 crucial para manter Minas como \u00e1rea livre com vacina\u00e7\u00e3o contra doen\u00e7a, o que valoriza e fortalece ainda mais a nossa pecu\u00e1ria\u201d, comenta.<\/p>\n<p>O Brasil, sob a coordena\u00e7\u00e3o do Minist\u00e9rio da Agricultura, Pecu\u00e1ria e Abastecimento (Mapa) e com a participa\u00e7\u00e3o efetiva dos servi\u00e7os veterin\u00e1rios estaduais e do setor agro produtivo, segue na luta contra a febre aftosa em busca de um pa\u00eds livre da doen\u00e7a. O Programa Nacional de Erradica\u00e7\u00e3o e Preven\u00e7\u00e3o da Febre Aftosa (PNEFA) tem como estrat\u00e9gia principal a implementa\u00e7\u00e3o progressiva e manuten\u00e7\u00e3o de zonas livres da doen\u00e7a, de acordo com as diretrizes estabelecidas pela Organiza\u00e7\u00e3o Mundial de Sa\u00fade Animal (OIE).<\/p>\n","protected":false},"excerpt":{"rendered":"<p>A segunda etapa da Campanha Nacional de Vacina\u00e7\u00e3o Contra Febre Aftosa de 2013, que foi encerrada, excepcionalmente, no final do m\u00eas de dezembro, teve um saldo positivo em Minas Gerais, atingindo um \u00edndice de vacina\u00e7\u00e3o de 97,15%. (Imagem ilustrativa) Os produtores rurais tiveram at\u00e9 o dia 10 de janeiro de 2014 para comprovar, nas unidades [&hellip;]<\/p>\n","protected":false},"author":1,"featured_media":12617,"comment_status":"open","ping_status":"closed","sticky":false,"template":"","format":"standard","meta":{"amp_status":"","footnotes":""},"categories":[123],"tags":[3641,3640],"class_list":["post-19692","post","type-post","status-publish","format-standard","has-post-thumbnail","hentry","category-gerais","tag-vacinacao-contra-aftosa","tag-vacinacao-contra-aftosa-em-minas-alcanca-97-15-de-cobertura"],"_links":{"self":[{"href":"https:\/\/aconteceunovale.com.br\/portal\/index.php?rest_route=\/wp\/v2\/posts\/19692","targetHints":{"allow":["GET"]}}],"collection":[{"href":"https:\/\/aconteceunovale.com.br\/portal\/index.php?rest_route=\/wp\/v2\/posts"}],"about":[{"href":"https:\/\/aconteceunovale.com.br\/portal\/index.php?rest_route=\/wp\/v2\/types\/post"}],"author":[{"embeddable":true,"href":"https:\/\/aconteceunovale.com.br\/portal\/index.php?rest_route=\/wp\/v2\/users\/1"}],"replies":[{"embeddable":true,"href":"https:\/\/aconteceunovale.com.br\/portal\/index.php?rest_route=%2Fwp%2Fv2%2Fcomments&post=19692"}],"version-history":[{"count":0,"href":"https:\/\/aconteceunovale.com.br\/portal\/index.php?rest_route=\/wp\/v2\/posts\/19692\/revisions"}],"wp:featuredmedia":[{"embeddable":true,"href":"https:\/\/aconteceunovale.com.br\/portal\/index.php?rest_route=\/wp\/v2\/media\/12617"}],"wp:attachment":[{"href":"https:\/\/aconteceunovale.com.br\/portal\/index.php?rest_route=%2Fwp%2Fv2%2Fmedia&parent=19692"}],"wp:term":[{"taxonomy":"category","embeddable":true,"href":"https:\/\/aconteceunovale.com.br\/portal\/index.php?rest_route=%2Fwp%2Fv2%2Fcategories&post=19692"},{"taxonomy":"post_tag","embeddable":true,"href":"https:\/\/aconteceunovale.com.br\/portal\/index.php?rest_route=%2Fwp%2Fv2%2Ftags&post=19692"}],"curies":[{"name":"wp","href":"https:\/\/api.w.org\/{rel}","templated":true}]}}