{"id":19689,"date":"2014-01-28T13:19:25","date_gmt":"2014-01-28T15:19:25","guid":{"rendered":"http:\/\/aconteceunovale.com.br\/portal\/?p=19689"},"modified":"2014-01-28T13:19:25","modified_gmt":"2014-01-28T15:19:25","slug":"ouro-fino-distrito-de-conceicao-do-mato-dentro-ganha-centro-de-inclusao-digital","status":"publish","type":"post","link":"https:\/\/aconteceunovale.com.br\/portal\/?p=19689","title":{"rendered":"Ouro Fino, distrito de Concei\u00e7\u00e3o do Mato Dentro, ganha centro de inclus\u00e3o digital"},"content":{"rendered":"<p>A Anglo American inaugura nesta quarta-feira, 29 de janeiro, em parceria com a Associa\u00e7\u00e3o Comunit\u00e1ria de Ouro Fino (Ascof), mais um centro de inclus\u00e3o digital. Localizado no distrito de Ouro Fino, no munic\u00edpio mineiro de Concei\u00e7\u00e3o do Mato Dentro, o centro tem por objetivo fornecer apoio \u00e0 forma\u00e7\u00e3o de capital humano e social por meio da inclus\u00e3o digital e o fortalecimento do Poder P\u00fablico. O evento ocorrer\u00e1 na Ascof, \u00e0s 18 horas.<\/p>\n<p>\u201cEssa parceria visa proporcionar a inclus\u00e3o digital na cidade de Concei\u00e7\u00e3o do Mato Dentro, al\u00e9m de ser um fator de transforma\u00e7\u00e3o social. Temos atualmente uma sociedade da informa\u00e7\u00e3o e estamos muito satisfeitos em poder fornecer a nossa contribui\u00e7\u00e3o com esse projeto \u00e0 comunidade do munic\u00edpio\u201d, enfatiza Maur\u00edcio Martins, gerente geral de Desenvolvimento Social da Unidade de Neg\u00f3cio Min\u00e9rio de Ferro Brasil da Anglo American.<\/p>\n<p>Com a nova estrutura, estima-se que 500 pessoas do distrito sejam beneficiadas. Para a instala\u00e7\u00e3o do centro de inclus\u00e3o digital, a empresa doou 10 computadores, al\u00e9m de esta\u00e7\u00f5es de trabalho e cadeiras. O projeto foi realizado em parceria com as empresas Milplan Engenharia, Enesa e CMDNet Internet &#038; Inform\u00e1tica, que contribu\u00edram com materiais para a obra de reforma da sala, implanta\u00e7\u00e3o da rede de log\u00edstica e montagem de equipamentos. A Ascof executou a reforma no local e ser\u00e1 respons\u00e1vel pela sua manuten\u00e7\u00e3o.<\/p>\n<p>Em junho de 2013, dois centros de inclus\u00e3o digital foram inaugurados nas escolas municipais Jos\u00e9 Aniceto Costa e Amador Aguiar, em Concei\u00e7\u00e3o do Mato Dentro, beneficiando cerca de 480 pessoas. A Anglo American pretende implantar, at\u00e9 o final de 2014, cerca de 29 centros nos munic\u00edpios mineiros de Concei\u00e7\u00e3o do Mato Dentro, Alvorada de Minas, Dom Joaquim e Serro.<\/p>\n<p><strong>Sobre o Projeto Minas-Rio<\/strong><\/p>\n<p>Principal projeto mundial da Anglo American, o Minas-Rio est\u00e1 em fase de obras e atingir\u00e1, em sua primeira fase, uma capacidade de produ\u00e7\u00e3o de 26,5 milh\u00f5es de toneladas de min\u00e9rio de ferro. O empreendimento inclui uma mina de min\u00e9rio de ferro e unidade de beneficiamento em Concei\u00e7\u00e3o do Mato Dentro e Alvorada de Minas, em Minas Gerais; o maior mineroduto do mundo com 525 km de extens\u00e3o e que atravessa 32 munic\u00edpios mineiros e fluminenses; e o terminal de min\u00e9rio de ferro do Porto de A\u00e7u, no qual a Anglo American \u00e9 parceira da LLX com 49% de participa\u00e7\u00e3o, localizado em S\u00e3o Jo\u00e3o de Barra (RJ).<\/p>\n<p><em>(Imagem ilustrativa)<\/em><br \/>\n<img decoding=\"async\" src=\"http:\/\/aconteceunovale.com.br\/portal\/wp-content\/uploads\/2014\/01\/inclusao_digital.jpg\" alt=\"\" \/><\/p>\n<p><strong>(Fonte: Portal DeFato)<\/strong><\/p>\n","protected":false},"excerpt":{"rendered":"<p>A Anglo American inaugura nesta quarta-feira, 29 de janeiro, em parceria com a Associa\u00e7\u00e3o Comunit\u00e1ria de Ouro Fino (Ascof), mais um centro de inclus\u00e3o digital. Localizado no distrito de Ouro Fino, no munic\u00edpio mineiro de Concei\u00e7\u00e3o do Mato Dentro, o centro tem por objetivo fornecer apoio \u00e0 forma\u00e7\u00e3o de capital humano e social por meio [&hellip;]<\/p>\n","protected":false},"author":1,"featured_media":19690,"comment_status":"open","ping_status":"closed","sticky":false,"template":"","format":"standard","meta":{"amp_status":"","footnotes":""},"categories":[123],"tags":[537,628,1542,3638,3639],"class_list":["post-19689","post","type-post","status-publish","format-standard","has-post-thumbnail","hentry","category-gerais","tag-anglo-american","tag-conceicao-do-mato-dentro","tag-ouro-fino","tag-ouro-fino-distrito-de-conceicao-do-mato-dentro-ganha-centro-de-inclusao-digital","tag-ouro-fino-ganha-centro-de-inclusao-digital"],"yoast_head":"<!-- This site is optimized with the Yoast SEO plugin v28.3 - https:\/\/yoast.com\/product\/yoast-seo-wordpress\/ -->\n<title>Ouro Fino, distrito de Concei\u00e7\u00e3o do Mato Dentro, ganha centro de inclus\u00e3o digital - Aconteceu no Vale<\/title>\n<meta name=\"robots\" content=\"index, follow, max-snippet:-1, max-image-preview:large, max-video-preview:-1\" \/>\n<link rel=\"canonical\" href=\"https:\/\/aconteceunovale.com.br\/portal\/?p=19689\" \/>\n<meta property=\"og:locale\" content=\"pt_BR\" \/>\n<meta property=\"og:type\" content=\"article\" \/>\n<meta property=\"og:title\" content=\"Ouro Fino, distrito de Concei\u00e7\u00e3o do Mato Dentro, ganha centro de inclus\u00e3o digital - Aconteceu no Vale\" \/>\n<meta property=\"og:description\" content=\"A Anglo American inaugura nesta quarta-feira, 29 de janeiro, em parceria com a Associa\u00e7\u00e3o Comunit\u00e1ria de Ouro Fino (Ascof), mais um centro de inclus\u00e3o digital. Localizado no distrito de Ouro Fino, no munic\u00edpio mineiro de Concei\u00e7\u00e3o do Mato Dentro, o centro tem por objetivo fornecer apoio \u00e0 forma\u00e7\u00e3o de capital humano e social por meio [&hellip;]\" \/>\n<meta property=\"og:url\" content=\"https:\/\/aconteceunovale.com.br\/portal\/?p=19689\" \/>\n<meta property=\"og:site_name\" content=\"Aconteceu no Vale\" \/>\n<meta property=\"article:publisher\" content=\"https:\/\/www.facebook.com\/aconteceunovale\/\" \/>\n<meta property=\"article:published_time\" content=\"2014-01-28T15:19:25+00:00\" \/>\n<meta property=\"og:image\" content=\"https:\/\/aconteceunovale.com.br\/portal\/wp-content\/uploads\/2014\/01\/inclusao_digital.jpg\" \/>\n\t<meta property=\"og:image:width\" content=\"625\" \/>\n\t<meta property=\"og:image:height\" content=\"380\" \/>\n\t<meta property=\"og:image:type\" content=\"image\/jpeg\" \/>\n<meta name=\"author\" content=\"Aconteceu no Vale\" \/>\n<meta name=\"twitter:card\" content=\"summary_large_image\" \/>\n<meta name=\"twitter:creator\" content=\"@noticiadosvales\" \/>\n<meta name=\"twitter:site\" content=\"@noticiadosvales\" \/>\n<meta name=\"twitter:label1\" content=\"Escrito por\" \/>\n\t<meta name=\"twitter:data1\" content=\"Aconteceu no Vale\" \/>\n\t<meta name=\"twitter:label2\" content=\"Est. tempo de leitura\" \/>\n\t<meta name=\"twitter:data2\" content=\"2 minutos\" \/>\n<script type=\"application\/ld+json\" class=\"yoast-schema-graph\">{\"@context\":\"https:\\\/\\\/schema.org\",\"@graph\":[{\"@type\":\"Article\",\"@id\":\"https:\\\/\\\/aconteceunovale.com.br\\\/portal\\\/?p=19689#article\",\"isPartOf\":{\"@id\":\"https:\\\/\\\/aconteceunovale.com.br\\\/portal\\\/?p=19689\"},\"author\":{\"name\":\"Aconteceu no Vale\",\"@id\":\"https:\\\/\\\/aconteceunovale.com.br\\\/portal\\\/#\\\/schema\\\/person\\\/633529146f2c94272bef50ac2953d589\"},\"headline\":\"Ouro Fino, distrito de Concei\u00e7\u00e3o do Mato Dentro, ganha centro de inclus\u00e3o digital\",\"datePublished\":\"2014-01-28T15:19:25+00:00\",\"mainEntityOfPage\":{\"@id\":\"https:\\\/\\\/aconteceunovale.com.br\\\/portal\\\/?p=19689\"},\"wordCount\":435,\"commentCount\":0,\"image\":{\"@id\":\"https:\\\/\\\/aconteceunovale.com.br\\\/portal\\\/?p=19689#primaryimage\"},\"thumbnailUrl\":\"https:\\\/\\\/aconteceunovale.com.br\\\/portal\\\/wp-content\\\/uploads\\\/2014\\\/01\\\/inclusao_digital.jpg\",\"keywords\":[\"Anglo American\",\"Concei\u00e7\u00e3o do Mato Dentro\",\"Ouro Fino\",\"Ouro Fino distrito de Concei\u00e7\u00e3o do Mato Dentro ganha centro de inclus\u00e3o digital\",\"Ouro Fino ganha centro de inclus\u00e3o digital\"],\"articleSection\":[\"Minas Gerais\"],\"inLanguage\":\"pt-BR\",\"potentialAction\":[{\"@type\":\"CommentAction\",\"name\":\"Comment\",\"target\":[\"https:\\\/\\\/aconteceunovale.com.br\\\/portal\\\/?p=19689#respond\"]}]},{\"@type\":\"WebPage\",\"@id\":\"https:\\\/\\\/aconteceunovale.com.br\\\/portal\\\/?p=19689\",\"url\":\"https:\\\/\\\/aconteceunovale.com.br\\\/portal\\\/?p=19689\",\"name\":\"Ouro Fino, distrito de Concei\u00e7\u00e3o do Mato Dentro, ganha centro de inclus\u00e3o digital - Aconteceu no Vale\",\"isPartOf\":{\"@id\":\"https:\\\/\\\/aconteceunovale.com.br\\\/portal\\\/#website\"},\"primaryImageOfPage\":{\"@id\":\"https:\\\/\\\/aconteceunovale.com.br\\\/portal\\\/?p=19689#primaryimage\"},\"image\":{\"@id\":\"https:\\\/\\\/aconteceunovale.com.br\\\/portal\\\/?p=19689#primaryimage\"},\"thumbnailUrl\":\"https:\\\/\\\/aconteceunovale.com.br\\\/portal\\\/wp-content\\\/uploads\\\/2014\\\/01\\\/inclusao_digital.jpg\",\"datePublished\":\"2014-01-28T15:19:25+00:00\",\"author\":{\"@id\":\"https:\\\/\\\/aconteceunovale.com.br\\\/portal\\\/#\\\/schema\\\/person\\\/633529146f2c94272bef50ac2953d589\"},\"breadcrumb\":{\"@id\":\"https:\\\/\\\/aconteceunovale.com.br\\\/portal\\\/?p=19689#breadcrumb\"},\"inLanguage\":\"pt-BR\",\"potentialAction\":[{\"@type\":\"ReadAction\",\"target\":[\"https:\\\/\\\/aconteceunovale.com.br\\\/portal\\\/?p=19689\"]}]},{\"@type\":\"ImageObject\",\"inLanguage\":\"pt-BR\",\"@id\":\"https:\\\/\\\/aconteceunovale.com.br\\\/portal\\\/?p=19689#primaryimage\",\"url\":\"https:\\\/\\\/aconteceunovale.com.br\\\/portal\\\/wp-content\\\/uploads\\\/2014\\\/01\\\/inclusao_digital.jpg\",\"contentUrl\":\"https:\\\/\\\/aconteceunovale.com.br\\\/portal\\\/wp-content\\\/uploads\\\/2014\\\/01\\\/inclusao_digital.jpg\",\"width\":625,\"height\":380},{\"@type\":\"BreadcrumbList\",\"@id\":\"https:\\\/\\\/aconteceunovale.com.br\\\/portal\\\/?p=19689#breadcrumb\",\"itemListElement\":[{\"@type\":\"ListItem\",\"position\":1,\"name\":\"In\u00edcio\",\"item\":\"https:\\\/\\\/aconteceunovale.com.br\\\/portal\\\/\"},{\"@type\":\"ListItem\",\"position\":2,\"name\":\"Ouro Fino, distrito de Concei\u00e7\u00e3o do Mato Dentro, ganha centro de inclus\u00e3o digital\"}]},{\"@type\":\"WebSite\",\"@id\":\"https:\\\/\\\/aconteceunovale.com.br\\\/portal\\\/#website\",\"url\":\"https:\\\/\\\/aconteceunovale.com.br\\\/portal\\\/\",\"name\":\"Aconteceu no Vale\",\"description\":\"Portal de Not\u00edcias\",\"potentialAction\":[{\"@type\":\"SearchAction\",\"target\":{\"@type\":\"EntryPoint\",\"urlTemplate\":\"https:\\\/\\\/aconteceunovale.com.br\\\/portal\\\/?s={search_term_string}\"},\"query-input\":{\"@type\":\"PropertyValueSpecification\",\"valueRequired\":true,\"valueName\":\"search_term_string\"}}],\"inLanguage\":\"pt-BR\"},{\"@type\":\"Person\",\"@id\":\"https:\\\/\\\/aconteceunovale.com.br\\\/portal\\\/#\\\/schema\\\/person\\\/633529146f2c94272bef50ac2953d589\",\"name\":\"Aconteceu no Vale\",\"description\":\"Equipe de reportagem do Aconteceu no Vale, portal de not\u00edcias do Vale do Jequitinhonha, em Minas Gerais. Cobrimos as 51 cidades do Vale desde 2013. Sugest\u00f5es de pauta e pedidos de corre\u00e7\u00e3o: contato@aconteceunovale.com.br\",\"sameAs\":[\"http:\\\/\\\/www.aconteceunovale.com.br\"],\"url\":\"https:\\\/\\\/aconteceunovale.com.br\\\/portal\\\/?author=1\"}]}<\/script>\n<!-- \/ Yoast SEO plugin. -->","yoast_head_json":{"title":"Ouro Fino, distrito de Concei\u00e7\u00e3o do Mato Dentro, ganha centro de inclus\u00e3o digital - Aconteceu no Vale","robots":{"index":"index","follow":"follow","max-snippet":"max-snippet:-1","max-image-preview":"max-image-preview:large","max-video-preview":"max-video-preview:-1"},"canonical":"https:\/\/aconteceunovale.com.br\/portal\/?p=19689","og_locale":"pt_BR","og_type":"article","og_title":"Ouro Fino, distrito de Concei\u00e7\u00e3o do Mato Dentro, ganha centro de inclus\u00e3o digital - Aconteceu no Vale","og_description":"A Anglo American inaugura nesta quarta-feira, 29 de janeiro, em parceria com a Associa\u00e7\u00e3o Comunit\u00e1ria de Ouro Fino (Ascof), mais um centro de inclus\u00e3o digital. Localizado no distrito de Ouro Fino, no munic\u00edpio mineiro de Concei\u00e7\u00e3o do Mato Dentro, o centro tem por objetivo fornecer apoio \u00e0 forma\u00e7\u00e3o de capital humano e social por meio [&hellip;]","og_url":"https:\/\/aconteceunovale.com.br\/portal\/?p=19689","og_site_name":"Aconteceu no Vale","article_publisher":"https:\/\/www.facebook.com\/aconteceunovale\/","article_published_time":"2014-01-28T15:19:25+00:00","og_image":[{"width":625,"height":380,"url":"https:\/\/aconteceunovale.com.br\/portal\/wp-content\/uploads\/2014\/01\/inclusao_digital.jpg","type":"image\/jpeg"}],"author":"Aconteceu no Vale","twitter_card":"summary_large_image","twitter_creator":"@noticiadosvales","twitter_site":"@noticiadosvales","twitter_misc":{"Escrito por":"Aconteceu no Vale","Est. tempo de leitura":"2 minutos"},"schema":{"@context":"https:\/\/schema.org","@graph":[{"@type":"Article","@id":"https:\/\/aconteceunovale.com.br\/portal\/?p=19689#article","isPartOf":{"@id":"https:\/\/aconteceunovale.com.br\/portal\/?p=19689"},"author":{"name":"Aconteceu no Vale","@id":"https:\/\/aconteceunovale.com.br\/portal\/#\/schema\/person\/633529146f2c94272bef50ac2953d589"},"headline":"Ouro Fino, distrito de Concei\u00e7\u00e3o do Mato Dentro, ganha centro de inclus\u00e3o digital","datePublished":"2014-01-28T15:19:25+00:00","mainEntityOfPage":{"@id":"https:\/\/aconteceunovale.com.br\/portal\/?p=19689"},"wordCount":435,"commentCount":0,"image":{"@id":"https:\/\/aconteceunovale.com.br\/portal\/?p=19689#primaryimage"},"thumbnailUrl":"https:\/\/aconteceunovale.com.br\/portal\/wp-content\/uploads\/2014\/01\/inclusao_digital.jpg","keywords":["Anglo American","Concei\u00e7\u00e3o do Mato Dentro","Ouro Fino","Ouro Fino distrito de Concei\u00e7\u00e3o do Mato Dentro ganha centro de inclus\u00e3o digital","Ouro Fino ganha centro de inclus\u00e3o digital"],"articleSection":["Minas Gerais"],"inLanguage":"pt-BR","potentialAction":[{"@type":"CommentAction","name":"Comment","target":["https:\/\/aconteceunovale.com.br\/portal\/?p=19689#respond"]}]},{"@type":"WebPage","@id":"https:\/\/aconteceunovale.com.br\/portal\/?p=19689","url":"https:\/\/aconteceunovale.com.br\/portal\/?p=19689","name":"Ouro Fino, distrito de Concei\u00e7\u00e3o do Mato Dentro, ganha centro de inclus\u00e3o digital - Aconteceu no Vale","isPartOf":{"@id":"https:\/\/aconteceunovale.com.br\/portal\/#website"},"primaryImageOfPage":{"@id":"https:\/\/aconteceunovale.com.br\/portal\/?p=19689#primaryimage"},"image":{"@id":"https:\/\/aconteceunovale.com.br\/portal\/?p=19689#primaryimage"},"thumbnailUrl":"https:\/\/aconteceunovale.com.br\/portal\/wp-content\/uploads\/2014\/01\/inclusao_digital.jpg","datePublished":"2014-01-28T15:19:25+00:00","author":{"@id":"https:\/\/aconteceunovale.com.br\/portal\/#\/schema\/person\/633529146f2c94272bef50ac2953d589"},"breadcrumb":{"@id":"https:\/\/aconteceunovale.com.br\/portal\/?p=19689#breadcrumb"},"inLanguage":"pt-BR","potentialAction":[{"@type":"ReadAction","target":["https:\/\/aconteceunovale.com.br\/portal\/?p=19689"]}]},{"@type":"ImageObject","inLanguage":"pt-BR","@id":"https:\/\/aconteceunovale.com.br\/portal\/?p=19689#primaryimage","url":"https:\/\/aconteceunovale.com.br\/portal\/wp-content\/uploads\/2014\/01\/inclusao_digital.jpg","contentUrl":"https:\/\/aconteceunovale.com.br\/portal\/wp-content\/uploads\/2014\/01\/inclusao_digital.jpg","width":625,"height":380},{"@type":"BreadcrumbList","@id":"https:\/\/aconteceunovale.com.br\/portal\/?p=19689#breadcrumb","itemListElement":[{"@type":"ListItem","position":1,"name":"In\u00edcio","item":"https:\/\/aconteceunovale.com.br\/portal\/"},{"@type":"ListItem","position":2,"name":"Ouro Fino, distrito de Concei\u00e7\u00e3o do Mato Dentro, ganha centro de inclus\u00e3o digital"}]},{"@type":"WebSite","@id":"https:\/\/aconteceunovale.com.br\/portal\/#website","url":"https:\/\/aconteceunovale.com.br\/portal\/","name":"Aconteceu no Vale","description":"Portal de Not\u00edcias","potentialAction":[{"@type":"SearchAction","target":{"@type":"EntryPoint","urlTemplate":"https:\/\/aconteceunovale.com.br\/portal\/?s={search_term_string}"},"query-input":{"@type":"PropertyValueSpecification","valueRequired":true,"valueName":"search_term_string"}}],"inLanguage":"pt-BR"},{"@type":"Person","@id":"https:\/\/aconteceunovale.com.br\/portal\/#\/schema\/person\/633529146f2c94272bef50ac2953d589","name":"Aconteceu no Vale","description":"Equipe de reportagem do Aconteceu no Vale, portal de not\u00edcias do Vale do Jequitinhonha, em Minas Gerais. Cobrimos as 51 cidades do Vale desde 2013. Sugest\u00f5es de pauta e pedidos de corre\u00e7\u00e3o: contato@aconteceunovale.com.br","sameAs":["http:\/\/www.aconteceunovale.com.br"],"url":"https:\/\/aconteceunovale.com.br\/portal\/?author=1"}]}},"_links":{"self":[{"href":"https:\/\/aconteceunovale.com.br\/portal\/index.php?rest_route=\/wp\/v2\/posts\/19689","targetHints":{"allow":["GET"]}}],"collection":[{"href":"https:\/\/aconteceunovale.com.br\/portal\/index.php?rest_route=\/wp\/v2\/posts"}],"about":[{"href":"https:\/\/aconteceunovale.com.br\/portal\/index.php?rest_route=\/wp\/v2\/types\/post"}],"author":[{"embeddable":true,"href":"https:\/\/aconteceunovale.com.br\/portal\/index.php?rest_route=\/wp\/v2\/users\/1"}],"replies":[{"embeddable":true,"href":"https:\/\/aconteceunovale.com.br\/portal\/index.php?rest_route=%2Fwp%2Fv2%2Fcomments&post=19689"}],"version-history":[{"count":0,"href":"https:\/\/aconteceunovale.com.br\/portal\/index.php?rest_route=\/wp\/v2\/posts\/19689\/revisions"}],"wp:featuredmedia":[{"embeddable":true,"href":"https:\/\/aconteceunovale.com.br\/portal\/index.php?rest_route=\/wp\/v2\/media\/19690"}],"wp:attachment":[{"href":"https:\/\/aconteceunovale.com.br\/portal\/index.php?rest_route=%2Fwp%2Fv2%2Fmedia&parent=19689"}],"wp:term":[{"taxonomy":"category","embeddable":true,"href":"https:\/\/aconteceunovale.com.br\/portal\/index.php?rest_route=%2Fwp%2Fv2%2Fcategories&post=19689"},{"taxonomy":"post_tag","embeddable":true,"href":"https:\/\/aconteceunovale.com.br\/portal\/index.php?rest_route=%2Fwp%2Fv2%2Ftags&post=19689"}],"curies":[{"name":"wp","href":"https:\/\/api.w.org\/{rel}","templated":true}]}}