{"id":196870,"date":"2025-02-01T21:50:12","date_gmt":"2025-02-02T00:50:12","guid":{"rendered":"https:\/\/aconteceunovale.com.br\/portal\/?p=196870"},"modified":"2025-02-01T21:51:16","modified_gmt":"2025-02-02T00:51:16","slug":"mec-reajusta-piso-salarial-do-magisterio-em-627","status":"publish","type":"post","link":"https:\/\/aconteceunovale.com.br\/portal\/?p=196870","title":{"rendered":"MEC reajusta piso salarial do magist\u00e9rio em 6,27%"},"content":{"rendered":"\n<p class=\"wp-block-paragraph\">O Minist\u00e9rio da Educa\u00e7\u00e3o (MEC) anunciou um reajuste de 6,27% no Piso Salarial Profissional Nacional do magist\u00e9rio p\u00fablico da educa\u00e7\u00e3o b\u00e1sica. A medida foi publicada nesta quarta-feira (31) no Di\u00e1rio Oficial da Uni\u00e3o (DOU) e estabelece que, a partir de 2025, o valor m\u00ednimo a ser pago aos professores da rede p\u00fablica em todo o pa\u00eds ser\u00e1 de R$ 4.867,77 para uma jornada de 40 horas semanais.<\/p>\n\n\n\n<figure class=\"wp-block-gallery has-nested-images columns-default is-cropped wp-block-gallery-1 is-layout-flex wp-block-gallery-is-layout-flex\">\n<figure class=\"wp-block-image size-large\"><img loading=\"lazy\" decoding=\"async\" width=\"678\" height=\"406\" data-id=\"196871\" src=\"https:\/\/aconteceunovale.com.br\/portal\/wp-content\/uploads\/2025\/02\/piso_magisterio.png\" alt=\"\" class=\"wp-image-196871\" srcset=\"https:\/\/aconteceunovale.com.br\/portal\/wp-content\/uploads\/2025\/02\/piso_magisterio.png 678w, https:\/\/aconteceunovale.com.br\/portal\/wp-content\/uploads\/2025\/02\/piso_magisterio-300x180.png 300w\" sizes=\"auto, (max-width: 678px) 100vw, 678px\" \/><figcaption class=\"wp-element-caption\"><em>Foto: Rovena Rosa\/Ag\u00eancia Brasil<\/em><\/figcaption><\/figure>\n<\/figure>\n\n\n\n<p class=\"wp-block-paragraph\">O reajuste supera os \u00edndices de infla\u00e7\u00e3o do per\u00edodo. O \u00cdndice Nacional de Pre\u00e7os ao Consumidor (INPC) acumulado de 2024 foi de 4,77%, enquanto o \u00cdndice Nacional de Pre\u00e7os ao Consumidor Amplo (IPCA) fechou o ano em 4,83%. O piso salarial \u00e9 o valor m\u00ednimo que os professores devem receber, conforme determina a legisla\u00e7\u00e3o vigente, e seu reajuste \u00e9 realizado anualmente.<\/p>\n\n\n\n<p class=\"wp-block-paragraph\">Segundo o MEC, \u201cpor determina\u00e7\u00e3o legal, o MEC calcula o reajuste do piso utilizando o mesmo percentual de crescimento do Valor Anual M\u00ednimo por Aluno (VAF m\u00ednimo), publicado na terceira atualiza\u00e7\u00e3o do Fundeb. Para chegar a 6,27%, o MEC calculou a varia\u00e7\u00e3o percentual entre o VAF m\u00ednimo publicado na terceira atualiza\u00e7\u00e3o do Fundeb de 2024 e de 2023\u201d.<\/p>\n\n\n\n<p class=\"wp-block-paragraph\">O pagamento das remunera\u00e7\u00f5es dos profissionais da educa\u00e7\u00e3o b\u00e1sica \u00e9 de responsabilidade dos estados e munic\u00edpios, com recursos provenientes do Fundo de Manuten\u00e7\u00e3o e Desenvolvimento da Educa\u00e7\u00e3o B\u00e1sica e de Valoriza\u00e7\u00e3o dos Profissionais da Educa\u00e7\u00e3o (Fundeb) e complementa\u00e7\u00f5es da Uni\u00e3o. O minist\u00e9rio ressaltou que \u201ccomo os sal\u00e1rios dos professores s\u00e3o pagos pelas redes de ensino, cada estado e munic\u00edpio precisa oficializar o valor por meio de norma pr\u00f3pria\u201d.<\/p>\n","protected":false},"excerpt":{"rendered":"<p>O Minist\u00e9rio da Educa\u00e7\u00e3o (MEC) anunciou um reajuste de 6,27% no Piso Salarial Profissional Nacional do magist\u00e9rio p\u00fablico da educa\u00e7\u00e3o b\u00e1sica. A medida foi publicada nesta quarta-feira (31) no Di\u00e1rio Oficial da Uni\u00e3o (DOU) e estabelece que, a partir de 2025, o valor m\u00ednimo a ser pago aos professores da rede p\u00fablica em todo o [&hellip;]<\/p>\n","protected":false},"author":4,"featured_media":196871,"comment_status":"open","ping_status":"closed","sticky":false,"template":"","format":"standard","meta":{"amp_status":"","footnotes":""},"categories":[6,40238],"tags":[1168,271171,22390,271174,271173,271172],"class_list":["post-196870","post","type-post","status-publish","format-standard","has-post-thumbnail","hentry","category-br","category-educacao-2","tag-mec","tag-mec-reajusta-piso-salarial-do-magisterio","tag-ministerio-da-educacao","tag-piso-da-educacao-basica","tag-piso-do-magisterio","tag-piso-salarial-profissional-nacional-do-magisterio"],"yoast_head":"<!-- This site is optimized with the Yoast SEO plugin v28.3 - https:\/\/yoast.com\/product\/yoast-seo-wordpress\/ -->\n<title>MEC reajusta piso salarial do magist\u00e9rio em 6,27% - Aconteceu no Vale<\/title>\n<meta name=\"robots\" content=\"index, follow, max-snippet:-1, max-image-preview:large, max-video-preview:-1\" \/>\n<link rel=\"canonical\" href=\"https:\/\/aconteceunovale.com.br\/portal\/?p=196870\" \/>\n<meta property=\"og:locale\" content=\"pt_BR\" \/>\n<meta property=\"og:type\" content=\"article\" \/>\n<meta property=\"og:title\" content=\"MEC reajusta piso salarial do magist\u00e9rio em 6,27% - Aconteceu no Vale\" \/>\n<meta property=\"og:description\" content=\"O Minist\u00e9rio da Educa\u00e7\u00e3o (MEC) anunciou um reajuste de 6,27% no Piso Salarial Profissional Nacional do magist\u00e9rio p\u00fablico da educa\u00e7\u00e3o b\u00e1sica. A medida foi publicada nesta quarta-feira (31) no Di\u00e1rio Oficial da Uni\u00e3o (DOU) e estabelece que, a partir de 2025, o valor m\u00ednimo a ser pago aos professores da rede p\u00fablica em todo o [&hellip;]\" \/>\n<meta property=\"og:url\" content=\"https:\/\/aconteceunovale.com.br\/portal\/?p=196870\" \/>\n<meta property=\"og:site_name\" content=\"Aconteceu no Vale\" \/>\n<meta property=\"article:publisher\" content=\"https:\/\/www.facebook.com\/aconteceunovale\/\" \/>\n<meta property=\"article:published_time\" content=\"2025-02-02T00:50:12+00:00\" \/>\n<meta property=\"article:modified_time\" content=\"2025-02-02T00:51:16+00:00\" \/>\n<meta property=\"og:image\" content=\"https:\/\/aconteceunovale.com.br\/portal\/wp-content\/uploads\/2025\/02\/piso_magisterio.png\" \/>\n\t<meta property=\"og:image:width\" content=\"678\" \/>\n\t<meta property=\"og:image:height\" content=\"406\" \/>\n\t<meta property=\"og:image:type\" content=\"image\/png\" \/>\n<meta name=\"author\" content=\"Reda\u00e7\u00e3o Aconteceu no Vale\" \/>\n<meta name=\"twitter:card\" content=\"summary_large_image\" \/>\n<meta name=\"twitter:creator\" content=\"@noticiadosvales\" \/>\n<meta name=\"twitter:site\" content=\"@noticiadosvales\" \/>\n<meta name=\"twitter:label1\" content=\"Escrito por\" \/>\n\t<meta name=\"twitter:data1\" content=\"Reda\u00e7\u00e3o Aconteceu no Vale\" \/>\n\t<meta name=\"twitter:label2\" content=\"Est. tempo de leitura\" \/>\n\t<meta name=\"twitter:data2\" content=\"1 minuto\" \/>\n<script type=\"application\/ld+json\" class=\"yoast-schema-graph\">{\"@context\":\"https:\\\/\\\/schema.org\",\"@graph\":[{\"@type\":\"Article\",\"@id\":\"https:\\\/\\\/aconteceunovale.com.br\\\/portal\\\/?p=196870#article\",\"isPartOf\":{\"@id\":\"https:\\\/\\\/aconteceunovale.com.br\\\/portal\\\/?p=196870\"},\"author\":{\"name\":\"Reda\u00e7\u00e3o Aconteceu no Vale\",\"@id\":\"https:\\\/\\\/aconteceunovale.com.br\\\/portal\\\/#\\\/schema\\\/person\\\/7d2f26d1483f8a63de73da1ee0754d35\"},\"headline\":\"MEC reajusta piso salarial do magist\u00e9rio em 6,27%\",\"datePublished\":\"2025-02-02T00:50:12+00:00\",\"dateModified\":\"2025-02-02T00:51:16+00:00\",\"mainEntityOfPage\":{\"@id\":\"https:\\\/\\\/aconteceunovale.com.br\\\/portal\\\/?p=196870\"},\"wordCount\":294,\"commentCount\":0,\"image\":{\"@id\":\"https:\\\/\\\/aconteceunovale.com.br\\\/portal\\\/?p=196870#primaryimage\"},\"thumbnailUrl\":\"https:\\\/\\\/aconteceunovale.com.br\\\/portal\\\/wp-content\\\/uploads\\\/2025\\\/02\\\/piso_magisterio.png\",\"keywords\":[\"mec\",\"MEC reajusta piso salarial do magist\u00e9rio\",\"Minist\u00e9rio da Educa\u00e7\u00e3o\",\"Piso da educa\u00e7\u00e3o b\u00e1sica\",\"Piso do magist\u00e9rio\",\"Piso Salarial Profissional Nacional do magist\u00e9rio\"],\"articleSection\":[\"Brasil\",\"Educa\u00e7\u00e3o\"],\"inLanguage\":\"pt-BR\",\"potentialAction\":[{\"@type\":\"CommentAction\",\"name\":\"Comment\",\"target\":[\"https:\\\/\\\/aconteceunovale.com.br\\\/portal\\\/?p=196870#respond\"]}]},{\"@type\":\"WebPage\",\"@id\":\"https:\\\/\\\/aconteceunovale.com.br\\\/portal\\\/?p=196870\",\"url\":\"https:\\\/\\\/aconteceunovale.com.br\\\/portal\\\/?p=196870\",\"name\":\"MEC reajusta piso salarial do magist\u00e9rio em 6,27% - Aconteceu no Vale\",\"isPartOf\":{\"@id\":\"https:\\\/\\\/aconteceunovale.com.br\\\/portal\\\/#website\"},\"primaryImageOfPage\":{\"@id\":\"https:\\\/\\\/aconteceunovale.com.br\\\/portal\\\/?p=196870#primaryimage\"},\"image\":{\"@id\":\"https:\\\/\\\/aconteceunovale.com.br\\\/portal\\\/?p=196870#primaryimage\"},\"thumbnailUrl\":\"https:\\\/\\\/aconteceunovale.com.br\\\/portal\\\/wp-content\\\/uploads\\\/2025\\\/02\\\/piso_magisterio.png\",\"datePublished\":\"2025-02-02T00:50:12+00:00\",\"dateModified\":\"2025-02-02T00:51:16+00:00\",\"author\":{\"@id\":\"https:\\\/\\\/aconteceunovale.com.br\\\/portal\\\/#\\\/schema\\\/person\\\/7d2f26d1483f8a63de73da1ee0754d35\"},\"breadcrumb\":{\"@id\":\"https:\\\/\\\/aconteceunovale.com.br\\\/portal\\\/?p=196870#breadcrumb\"},\"inLanguage\":\"pt-BR\",\"potentialAction\":[{\"@type\":\"ReadAction\",\"target\":[\"https:\\\/\\\/aconteceunovale.com.br\\\/portal\\\/?p=196870\"]}]},{\"@type\":\"ImageObject\",\"inLanguage\":\"pt-BR\",\"@id\":\"https:\\\/\\\/aconteceunovale.com.br\\\/portal\\\/?p=196870#primaryimage\",\"url\":\"https:\\\/\\\/aconteceunovale.com.br\\\/portal\\\/wp-content\\\/uploads\\\/2025\\\/02\\\/piso_magisterio.png\",\"contentUrl\":\"https:\\\/\\\/aconteceunovale.com.br\\\/portal\\\/wp-content\\\/uploads\\\/2025\\\/02\\\/piso_magisterio.png\",\"width\":678,\"height\":406,\"caption\":\"Foto: Rovena Rosa\\\/Ag\u00eancia Brasil\"},{\"@type\":\"BreadcrumbList\",\"@id\":\"https:\\\/\\\/aconteceunovale.com.br\\\/portal\\\/?p=196870#breadcrumb\",\"itemListElement\":[{\"@type\":\"ListItem\",\"position\":1,\"name\":\"In\u00edcio\",\"item\":\"https:\\\/\\\/aconteceunovale.com.br\\\/portal\\\/\"},{\"@type\":\"ListItem\",\"position\":2,\"name\":\"MEC reajusta piso salarial do magist\u00e9rio em 6,27%\"}]},{\"@type\":\"WebSite\",\"@id\":\"https:\\\/\\\/aconteceunovale.com.br\\\/portal\\\/#website\",\"url\":\"https:\\\/\\\/aconteceunovale.com.br\\\/portal\\\/\",\"name\":\"Aconteceu no Vale\",\"description\":\"Portal de Not\u00edcias\",\"potentialAction\":[{\"@type\":\"SearchAction\",\"target\":{\"@type\":\"EntryPoint\",\"urlTemplate\":\"https:\\\/\\\/aconteceunovale.com.br\\\/portal\\\/?s={search_term_string}\"},\"query-input\":{\"@type\":\"PropertyValueSpecification\",\"valueRequired\":true,\"valueName\":\"search_term_string\"}}],\"inLanguage\":\"pt-BR\"},{\"@type\":\"Person\",\"@id\":\"https:\\\/\\\/aconteceunovale.com.br\\\/portal\\\/#\\\/schema\\\/person\\\/7d2f26d1483f8a63de73da1ee0754d35\",\"name\":\"Reda\u00e7\u00e3o Aconteceu no Vale\",\"description\":\"Equipe de reportagem do Aconteceu no Vale, portal de not\u00edcias do Vale do Jequitinhonha, em Minas Gerais. Cobrimos as 51 cidades do Vale desde 2013. Sugest\u00f5es de pauta e pedidos de corre\u00e7\u00e3o: contato@aconteceunovale.com.br\",\"url\":\"https:\\\/\\\/aconteceunovale.com.br\\\/portal\\\/?author=4\"}]}<\/script>\n<!-- \/ Yoast SEO plugin. -->","yoast_head_json":{"title":"MEC reajusta piso salarial do magist\u00e9rio em 6,27% - Aconteceu no Vale","robots":{"index":"index","follow":"follow","max-snippet":"max-snippet:-1","max-image-preview":"max-image-preview:large","max-video-preview":"max-video-preview:-1"},"canonical":"https:\/\/aconteceunovale.com.br\/portal\/?p=196870","og_locale":"pt_BR","og_type":"article","og_title":"MEC reajusta piso salarial do magist\u00e9rio em 6,27% - Aconteceu no Vale","og_description":"O Minist\u00e9rio da Educa\u00e7\u00e3o (MEC) anunciou um reajuste de 6,27% no Piso Salarial Profissional Nacional do magist\u00e9rio p\u00fablico da educa\u00e7\u00e3o b\u00e1sica. A medida foi publicada nesta quarta-feira (31) no Di\u00e1rio Oficial da Uni\u00e3o (DOU) e estabelece que, a partir de 2025, o valor m\u00ednimo a ser pago aos professores da rede p\u00fablica em todo o [&hellip;]","og_url":"https:\/\/aconteceunovale.com.br\/portal\/?p=196870","og_site_name":"Aconteceu no Vale","article_publisher":"https:\/\/www.facebook.com\/aconteceunovale\/","article_published_time":"2025-02-02T00:50:12+00:00","article_modified_time":"2025-02-02T00:51:16+00:00","og_image":[{"width":678,"height":406,"url":"https:\/\/aconteceunovale.com.br\/portal\/wp-content\/uploads\/2025\/02\/piso_magisterio.png","type":"image\/png"}],"author":"Reda\u00e7\u00e3o Aconteceu no Vale","twitter_card":"summary_large_image","twitter_creator":"@noticiadosvales","twitter_site":"@noticiadosvales","twitter_misc":{"Escrito por":"Reda\u00e7\u00e3o Aconteceu no Vale","Est. tempo de leitura":"1 minuto"},"schema":{"@context":"https:\/\/schema.org","@graph":[{"@type":"Article","@id":"https:\/\/aconteceunovale.com.br\/portal\/?p=196870#article","isPartOf":{"@id":"https:\/\/aconteceunovale.com.br\/portal\/?p=196870"},"author":{"name":"Reda\u00e7\u00e3o Aconteceu no Vale","@id":"https:\/\/aconteceunovale.com.br\/portal\/#\/schema\/person\/7d2f26d1483f8a63de73da1ee0754d35"},"headline":"MEC reajusta piso salarial do magist\u00e9rio em 6,27%","datePublished":"2025-02-02T00:50:12+00:00","dateModified":"2025-02-02T00:51:16+00:00","mainEntityOfPage":{"@id":"https:\/\/aconteceunovale.com.br\/portal\/?p=196870"},"wordCount":294,"commentCount":0,"image":{"@id":"https:\/\/aconteceunovale.com.br\/portal\/?p=196870#primaryimage"},"thumbnailUrl":"https:\/\/aconteceunovale.com.br\/portal\/wp-content\/uploads\/2025\/02\/piso_magisterio.png","keywords":["mec","MEC reajusta piso salarial do magist\u00e9rio","Minist\u00e9rio da Educa\u00e7\u00e3o","Piso da educa\u00e7\u00e3o b\u00e1sica","Piso do magist\u00e9rio","Piso Salarial Profissional Nacional do magist\u00e9rio"],"articleSection":["Brasil","Educa\u00e7\u00e3o"],"inLanguage":"pt-BR","potentialAction":[{"@type":"CommentAction","name":"Comment","target":["https:\/\/aconteceunovale.com.br\/portal\/?p=196870#respond"]}]},{"@type":"WebPage","@id":"https:\/\/aconteceunovale.com.br\/portal\/?p=196870","url":"https:\/\/aconteceunovale.com.br\/portal\/?p=196870","name":"MEC reajusta piso salarial do magist\u00e9rio em 6,27% - Aconteceu no Vale","isPartOf":{"@id":"https:\/\/aconteceunovale.com.br\/portal\/#website"},"primaryImageOfPage":{"@id":"https:\/\/aconteceunovale.com.br\/portal\/?p=196870#primaryimage"},"image":{"@id":"https:\/\/aconteceunovale.com.br\/portal\/?p=196870#primaryimage"},"thumbnailUrl":"https:\/\/aconteceunovale.com.br\/portal\/wp-content\/uploads\/2025\/02\/piso_magisterio.png","datePublished":"2025-02-02T00:50:12+00:00","dateModified":"2025-02-02T00:51:16+00:00","author":{"@id":"https:\/\/aconteceunovale.com.br\/portal\/#\/schema\/person\/7d2f26d1483f8a63de73da1ee0754d35"},"breadcrumb":{"@id":"https:\/\/aconteceunovale.com.br\/portal\/?p=196870#breadcrumb"},"inLanguage":"pt-BR","potentialAction":[{"@type":"ReadAction","target":["https:\/\/aconteceunovale.com.br\/portal\/?p=196870"]}]},{"@type":"ImageObject","inLanguage":"pt-BR","@id":"https:\/\/aconteceunovale.com.br\/portal\/?p=196870#primaryimage","url":"https:\/\/aconteceunovale.com.br\/portal\/wp-content\/uploads\/2025\/02\/piso_magisterio.png","contentUrl":"https:\/\/aconteceunovale.com.br\/portal\/wp-content\/uploads\/2025\/02\/piso_magisterio.png","width":678,"height":406,"caption":"Foto: Rovena Rosa\/Ag\u00eancia Brasil"},{"@type":"BreadcrumbList","@id":"https:\/\/aconteceunovale.com.br\/portal\/?p=196870#breadcrumb","itemListElement":[{"@type":"ListItem","position":1,"name":"In\u00edcio","item":"https:\/\/aconteceunovale.com.br\/portal\/"},{"@type":"ListItem","position":2,"name":"MEC reajusta piso salarial do magist\u00e9rio em 6,27%"}]},{"@type":"WebSite","@id":"https:\/\/aconteceunovale.com.br\/portal\/#website","url":"https:\/\/aconteceunovale.com.br\/portal\/","name":"Aconteceu no Vale","description":"Portal de Not\u00edcias","potentialAction":[{"@type":"SearchAction","target":{"@type":"EntryPoint","urlTemplate":"https:\/\/aconteceunovale.com.br\/portal\/?s={search_term_string}"},"query-input":{"@type":"PropertyValueSpecification","valueRequired":true,"valueName":"search_term_string"}}],"inLanguage":"pt-BR"},{"@type":"Person","@id":"https:\/\/aconteceunovale.com.br\/portal\/#\/schema\/person\/7d2f26d1483f8a63de73da1ee0754d35","name":"Reda\u00e7\u00e3o Aconteceu no Vale","description":"Equipe de reportagem do Aconteceu no Vale, portal de not\u00edcias do Vale do Jequitinhonha, em Minas Gerais. Cobrimos as 51 cidades do Vale desde 2013. Sugest\u00f5es de pauta e pedidos de corre\u00e7\u00e3o: contato@aconteceunovale.com.br","url":"https:\/\/aconteceunovale.com.br\/portal\/?author=4"}]}},"_links":{"self":[{"href":"https:\/\/aconteceunovale.com.br\/portal\/index.php?rest_route=\/wp\/v2\/posts\/196870","targetHints":{"allow":["GET"]}}],"collection":[{"href":"https:\/\/aconteceunovale.com.br\/portal\/index.php?rest_route=\/wp\/v2\/posts"}],"about":[{"href":"https:\/\/aconteceunovale.com.br\/portal\/index.php?rest_route=\/wp\/v2\/types\/post"}],"author":[{"embeddable":true,"href":"https:\/\/aconteceunovale.com.br\/portal\/index.php?rest_route=\/wp\/v2\/users\/4"}],"replies":[{"embeddable":true,"href":"https:\/\/aconteceunovale.com.br\/portal\/index.php?rest_route=%2Fwp%2Fv2%2Fcomments&post=196870"}],"version-history":[{"count":1,"href":"https:\/\/aconteceunovale.com.br\/portal\/index.php?rest_route=\/wp\/v2\/posts\/196870\/revisions"}],"predecessor-version":[{"id":196872,"href":"https:\/\/aconteceunovale.com.br\/portal\/index.php?rest_route=\/wp\/v2\/posts\/196870\/revisions\/196872"}],"wp:featuredmedia":[{"embeddable":true,"href":"https:\/\/aconteceunovale.com.br\/portal\/index.php?rest_route=\/wp\/v2\/media\/196871"}],"wp:attachment":[{"href":"https:\/\/aconteceunovale.com.br\/portal\/index.php?rest_route=%2Fwp%2Fv2%2Fmedia&parent=196870"}],"wp:term":[{"taxonomy":"category","embeddable":true,"href":"https:\/\/aconteceunovale.com.br\/portal\/index.php?rest_route=%2Fwp%2Fv2%2Fcategories&post=196870"},{"taxonomy":"post_tag","embeddable":true,"href":"https:\/\/aconteceunovale.com.br\/portal\/index.php?rest_route=%2Fwp%2Fv2%2Ftags&post=196870"}],"curies":[{"name":"wp","href":"https:\/\/api.w.org\/{rel}","templated":true}]}}