{"id":196864,"date":"2025-02-01T21:21:55","date_gmt":"2025-02-02T00:21:55","guid":{"rendered":"https:\/\/aconteceunovale.com.br\/portal\/?p=196864"},"modified":"2025-02-01T21:22:44","modified_gmt":"2025-02-02T00:22:44","slug":"america-mg-vence-o-betim-e-segue-na-vice-lideranca-do-grupo-b-do-mineiro","status":"publish","type":"post","link":"https:\/\/aconteceunovale.com.br\/portal\/?p=196864","title":{"rendered":"Am\u00e9rica-MG vence o Betim e segue na vice-lideran\u00e7a do Grupo B do Mineiro"},"content":{"rendered":"\n<p class=\"wp-block-paragraph\">Em partida marcada por lances de penalidade, o Am\u00e9rica-MG venceu o Betim por 1 a 0 neste s\u00e1bado (1\/2\/2025), na Arena Vera Cruz, pela quinta rodada do Campeonato Mineiro. O \u00fanico gol do jogo foi marcado por Elizari, em cobran\u00e7a de p\u00eanalti aos 19 minutos do primeiro tempo. No in\u00edcio da etapa complementar, o Betim teve a chance de empatar tamb\u00e9m em penalidade, mas Diego Jardel acertou a trave e desperdi\u00e7ou a oportunidade.<\/p>\n\n\n\n<figure class=\"wp-block-gallery has-nested-images columns-default is-cropped wp-block-gallery-1 is-layout-flex wp-block-gallery-is-layout-flex\">\n<figure class=\"wp-block-image size-large\"><img loading=\"lazy\" decoding=\"async\" width=\"810\" height=\"540\" data-id=\"196865\" src=\"https:\/\/aconteceunovale.com.br\/portal\/wp-content\/uploads\/2025\/02\/america_betim.jpg\" alt=\"\" class=\"wp-image-196865\" srcset=\"https:\/\/aconteceunovale.com.br\/portal\/wp-content\/uploads\/2025\/02\/america_betim.jpg 810w, https:\/\/aconteceunovale.com.br\/portal\/wp-content\/uploads\/2025\/02\/america_betim-300x200.jpg 300w, https:\/\/aconteceunovale.com.br\/portal\/wp-content\/uploads\/2025\/02\/america_betim-768x512.jpg 768w, https:\/\/aconteceunovale.com.br\/portal\/wp-content\/uploads\/2025\/02\/america_betim-696x464.jpg 696w, https:\/\/aconteceunovale.com.br\/portal\/wp-content\/uploads\/2025\/02\/america_betim-630x420.jpg 630w\" sizes=\"auto, (max-width: 810px) 100vw, 810px\" \/><figcaption class=\"wp-element-caption\"><em>Foto: Mour\u00e3o Panda \/ Am\u00e9rica-MG<\/em><\/figcaption><\/figure>\n<\/figure>\n\n\n\n<p class=\"wp-block-paragraph\">Com o resultado, o Am\u00e9rica chegou \u00e0 terceira vit\u00f3ria na competi\u00e7\u00e3o e manteve-se na segunda posi\u00e7\u00e3o do Grupo B, somando 11 pontos, um a menos que o l\u00edder Athletic, que tem 12. J\u00e1 o Betim segue na ponta do Grupo A, com oito pontos, mas v\u00ea sua vantagem diminuir para apenas um ponto sobre Tombense e Atl\u00e9tico-MG, ambos com sete. O Uberl\u00e2ndia, que tem seis pontos, pode assumir a lideran\u00e7a caso ven\u00e7a o Cruzeiro neste domingo (2).<\/p>\n\n\n\n<h3 class=\"wp-block-heading\">O jogo<\/h3>\n\n\n\n<h4 class=\"wp-block-heading\">Primeiro tempo<\/h4>\n\n\n\n<p class=\"wp-block-paragraph\">Aos 14 minutos, um lance pol\u00eamico dentro da \u00e1rea do Betim envolveu o zagueiro Eurico e o atacante J\u00falio. O VAR recomendou a revis\u00e3o da jogada ao \u00e1rbitro Andr\u00e9 Luiz Policarpo Bento, que assinalou o p\u00eanalti. Na cobran\u00e7a, Elizari bateu com precis\u00e3o e abriu o placar para o Am\u00e9rica.<\/p>\n\n\n\n<p class=\"wp-block-paragraph\">Aos 36 minutos, Diego Jardel caiu dentro da \u00e1rea advers\u00e1ria e pediu penalidade, mas a arbitragem considerou o lance normal e mandou o jogo seguir. Minutos depois, o Betim teve boas chances com Jo\u00e3o Diogo, que parou em defesa de Matheus Mendes, e David Lopes, que obrigou o goleiro Michael a fazer uma grande interven\u00e7\u00e3o.<\/p>\n\n\n\n<h4 class=\"wp-block-heading\">Segundo tempo<\/h4>\n\n\n\n<p class=\"wp-block-paragraph\">Logo no in\u00edcio da segunda etapa, o Betim teve a chance de igualar o placar. Ap\u00f3s cruzamento para a \u00e1rea, a bola tocou no bra\u00e7o do lateral Marlon, e o VAR novamente recomendou revis\u00e3o do lance. O \u00e1rbitro marcou a penalidade, mas Diego Jardel chutou na trave, desperdi\u00e7ando a oportunidade.<\/p>\n\n\n\n<p class=\"wp-block-paragraph\">Aos 21 minutos, Fabinho arriscou da entrada da \u00e1rea, e a bola desviou na zaga, quase surpreendendo o goleiro Michael. Pouco depois, Jonathas apareceu na frente do gol, mas novamente o goleiro do Betim levou a melhor. O Am\u00e9rica ainda criou outras oportunidades, especialmente com Fabinho, que acertou a defesa e viu a bola passar rente \u00e0 trave.<\/p>\n\n\n\n<p class=\"wp-block-paragraph\">Nos minutos finais, o Betim pressionou em busca do empate. Aos 43 minutos, Vitinho teve grande chance ap\u00f3s cruzamento, mas finalizou por cima do gol de Matheus Mendes.<\/p>\n\n\n\n<h3 class=\"wp-block-heading\">Pr\u00f3ximos compromissos<\/h3>\n\n\n\n<p class=\"wp-block-paragraph\">O Betim volta a campo na pr\u00f3xima quarta-feira (5), \u00e0s 20h (de Bras\u00edlia), contra o Pouso Alegre, no Sul de Minas. No mesmo dia, \u00e0s 22h, o Am\u00e9rica enfrenta o Cruzeiro no est\u00e1dio Independ\u00eancia, em Belo Horizonte.<\/p>\n","protected":false},"excerpt":{"rendered":"<p>Em partida marcada por lances de penalidade, o Am\u00e9rica-MG venceu o Betim por 1 a 0 neste s\u00e1bado (1\/2\/2025), na Arena Vera Cruz, pela quinta rodada do Campeonato Mineiro. O \u00fanico gol do jogo foi marcado por Elizari, em cobran\u00e7a de p\u00eanalti aos 19 minutos do primeiro tempo. No in\u00edcio da etapa complementar, o Betim [&hellip;]<\/p>\n","protected":false},"author":4,"featured_media":196865,"comment_status":"open","ping_status":"closed","sticky":false,"template":"","format":"standard","meta":{"amp_status":"","footnotes":""},"categories":[59,123],"tags":[34528,16165,75846,271164,1495,270896,4404,270046,34527,261502,270045],"class_list":["post-196864","post","type-post","status-publish","format-standard","has-post-thumbnail","hentry","category-esportes","category-gerais","tag-america","tag-america-mineiro","tag-america-mg","tag-america-mg-vence-o-betim-e-segue-na-vice-lideranca-do-grupo-b-do-mineiro","tag-betim","tag-betim-futebol","tag-campeonato-mineiro","tag-campeonato-mineiro-2025","tag-coelho","tag-futebol-mineiro","tag-mineiro-2025"],"yoast_head":"<!-- This site is optimized with the Yoast SEO plugin v28.3 - https:\/\/yoast.com\/product\/yoast-seo-wordpress\/ -->\n<title>Am\u00e9rica-MG vence o Betim e segue na vice-lideran\u00e7a do Grupo B do Mineiro - Aconteceu no Vale<\/title>\n<meta name=\"robots\" content=\"index, follow, max-snippet:-1, max-image-preview:large, max-video-preview:-1\" \/>\n<link rel=\"canonical\" href=\"https:\/\/aconteceunovale.com.br\/portal\/?p=196864\" \/>\n<meta property=\"og:locale\" content=\"pt_BR\" \/>\n<meta property=\"og:type\" content=\"article\" \/>\n<meta property=\"og:title\" content=\"Am\u00e9rica-MG vence o Betim e segue na vice-lideran\u00e7a do Grupo B do Mineiro - Aconteceu no Vale\" \/>\n<meta property=\"og:description\" content=\"Em partida marcada por lances de penalidade, o Am\u00e9rica-MG venceu o Betim por 1 a 0 neste s\u00e1bado (1\/2\/2025), na Arena Vera Cruz, pela quinta rodada do Campeonato Mineiro. O \u00fanico gol do jogo foi marcado por Elizari, em cobran\u00e7a de p\u00eanalti aos 19 minutos do primeiro tempo. No in\u00edcio da etapa complementar, o Betim [&hellip;]\" \/>\n<meta property=\"og:url\" content=\"https:\/\/aconteceunovale.com.br\/portal\/?p=196864\" \/>\n<meta property=\"og:site_name\" content=\"Aconteceu no Vale\" \/>\n<meta property=\"article:publisher\" content=\"https:\/\/www.facebook.com\/aconteceunovale\/\" \/>\n<meta property=\"article:published_time\" content=\"2025-02-02T00:21:55+00:00\" \/>\n<meta property=\"article:modified_time\" content=\"2025-02-02T00:22:44+00:00\" \/>\n<meta property=\"og:image\" content=\"https:\/\/aconteceunovale.com.br\/portal\/wp-content\/uploads\/2025\/02\/america_betim.jpg\" \/>\n\t<meta property=\"og:image:width\" content=\"810\" \/>\n\t<meta property=\"og:image:height\" content=\"540\" \/>\n\t<meta property=\"og:image:type\" content=\"image\/jpeg\" \/>\n<meta name=\"author\" content=\"Reda\u00e7\u00e3o Aconteceu no Vale\" \/>\n<meta name=\"twitter:card\" content=\"summary_large_image\" \/>\n<meta name=\"twitter:creator\" content=\"@noticiadosvales\" \/>\n<meta name=\"twitter:site\" content=\"@noticiadosvales\" \/>\n<meta name=\"twitter:label1\" content=\"Escrito por\" \/>\n\t<meta name=\"twitter:data1\" content=\"Reda\u00e7\u00e3o Aconteceu no Vale\" \/>\n\t<meta name=\"twitter:label2\" content=\"Est. tempo de leitura\" \/>\n\t<meta name=\"twitter:data2\" content=\"2 minutos\" \/>\n<script type=\"application\/ld+json\" class=\"yoast-schema-graph\">{\"@context\":\"https:\\\/\\\/schema.org\",\"@graph\":[{\"@type\":\"Article\",\"@id\":\"https:\\\/\\\/aconteceunovale.com.br\\\/portal\\\/?p=196864#article\",\"isPartOf\":{\"@id\":\"https:\\\/\\\/aconteceunovale.com.br\\\/portal\\\/?p=196864\"},\"author\":{\"name\":\"Reda\u00e7\u00e3o Aconteceu no Vale\",\"@id\":\"https:\\\/\\\/aconteceunovale.com.br\\\/portal\\\/#\\\/schema\\\/person\\\/7d2f26d1483f8a63de73da1ee0754d35\"},\"headline\":\"Am\u00e9rica-MG vence o Betim e segue na vice-lideran\u00e7a do Grupo B do Mineiro\",\"datePublished\":\"2025-02-02T00:21:55+00:00\",\"dateModified\":\"2025-02-02T00:22:44+00:00\",\"mainEntityOfPage\":{\"@id\":\"https:\\\/\\\/aconteceunovale.com.br\\\/portal\\\/?p=196864\"},\"wordCount\":481,\"commentCount\":0,\"image\":{\"@id\":\"https:\\\/\\\/aconteceunovale.com.br\\\/portal\\\/?p=196864#primaryimage\"},\"thumbnailUrl\":\"https:\\\/\\\/aconteceunovale.com.br\\\/portal\\\/wp-content\\\/uploads\\\/2025\\\/02\\\/america_betim.jpg\",\"keywords\":[\"Am\u00e9rica\",\"Am\u00e9rica Mineiro\",\"Am\u00e9rica-MG\",\"Am\u00e9rica-MG vence o Betim e segue na vice-lideran\u00e7a do Grupo B do Mineiro\",\"Betim\",\"Betim Futebol\",\"Campeonato Mineiro\",\"Campeonato Mineiro 2025\",\"Coelho\",\"Futebol mineiro\",\"Mineiro 2025\"],\"articleSection\":[\"Esportes\",\"Minas Gerais\"],\"inLanguage\":\"pt-BR\",\"potentialAction\":[{\"@type\":\"CommentAction\",\"name\":\"Comment\",\"target\":[\"https:\\\/\\\/aconteceunovale.com.br\\\/portal\\\/?p=196864#respond\"]}]},{\"@type\":\"WebPage\",\"@id\":\"https:\\\/\\\/aconteceunovale.com.br\\\/portal\\\/?p=196864\",\"url\":\"https:\\\/\\\/aconteceunovale.com.br\\\/portal\\\/?p=196864\",\"name\":\"Am\u00e9rica-MG vence o Betim e segue na vice-lideran\u00e7a do Grupo B do Mineiro - Aconteceu no Vale\",\"isPartOf\":{\"@id\":\"https:\\\/\\\/aconteceunovale.com.br\\\/portal\\\/#website\"},\"primaryImageOfPage\":{\"@id\":\"https:\\\/\\\/aconteceunovale.com.br\\\/portal\\\/?p=196864#primaryimage\"},\"image\":{\"@id\":\"https:\\\/\\\/aconteceunovale.com.br\\\/portal\\\/?p=196864#primaryimage\"},\"thumbnailUrl\":\"https:\\\/\\\/aconteceunovale.com.br\\\/portal\\\/wp-content\\\/uploads\\\/2025\\\/02\\\/america_betim.jpg\",\"datePublished\":\"2025-02-02T00:21:55+00:00\",\"dateModified\":\"2025-02-02T00:22:44+00:00\",\"author\":{\"@id\":\"https:\\\/\\\/aconteceunovale.com.br\\\/portal\\\/#\\\/schema\\\/person\\\/7d2f26d1483f8a63de73da1ee0754d35\"},\"breadcrumb\":{\"@id\":\"https:\\\/\\\/aconteceunovale.com.br\\\/portal\\\/?p=196864#breadcrumb\"},\"inLanguage\":\"pt-BR\",\"potentialAction\":[{\"@type\":\"ReadAction\",\"target\":[\"https:\\\/\\\/aconteceunovale.com.br\\\/portal\\\/?p=196864\"]}]},{\"@type\":\"ImageObject\",\"inLanguage\":\"pt-BR\",\"@id\":\"https:\\\/\\\/aconteceunovale.com.br\\\/portal\\\/?p=196864#primaryimage\",\"url\":\"https:\\\/\\\/aconteceunovale.com.br\\\/portal\\\/wp-content\\\/uploads\\\/2025\\\/02\\\/america_betim.jpg\",\"contentUrl\":\"https:\\\/\\\/aconteceunovale.com.br\\\/portal\\\/wp-content\\\/uploads\\\/2025\\\/02\\\/america_betim.jpg\",\"width\":810,\"height\":540,\"caption\":\"Foto: Mour\u00e3o Panda \\\/ Am\u00e9rica-MG\"},{\"@type\":\"BreadcrumbList\",\"@id\":\"https:\\\/\\\/aconteceunovale.com.br\\\/portal\\\/?p=196864#breadcrumb\",\"itemListElement\":[{\"@type\":\"ListItem\",\"position\":1,\"name\":\"In\u00edcio\",\"item\":\"https:\\\/\\\/aconteceunovale.com.br\\\/portal\\\/\"},{\"@type\":\"ListItem\",\"position\":2,\"name\":\"Am\u00e9rica-MG vence o Betim e segue na vice-lideran\u00e7a do Grupo B do Mineiro\"}]},{\"@type\":\"WebSite\",\"@id\":\"https:\\\/\\\/aconteceunovale.com.br\\\/portal\\\/#website\",\"url\":\"https:\\\/\\\/aconteceunovale.com.br\\\/portal\\\/\",\"name\":\"Aconteceu no Vale\",\"description\":\"Portal de Not\u00edcias\",\"potentialAction\":[{\"@type\":\"SearchAction\",\"target\":{\"@type\":\"EntryPoint\",\"urlTemplate\":\"https:\\\/\\\/aconteceunovale.com.br\\\/portal\\\/?s={search_term_string}\"},\"query-input\":{\"@type\":\"PropertyValueSpecification\",\"valueRequired\":true,\"valueName\":\"search_term_string\"}}],\"inLanguage\":\"pt-BR\"},{\"@type\":\"Person\",\"@id\":\"https:\\\/\\\/aconteceunovale.com.br\\\/portal\\\/#\\\/schema\\\/person\\\/7d2f26d1483f8a63de73da1ee0754d35\",\"name\":\"Reda\u00e7\u00e3o Aconteceu no Vale\",\"description\":\"Equipe de reportagem do Aconteceu no Vale, portal de not\u00edcias do Vale do Jequitinhonha, em Minas Gerais. Cobrimos as 51 cidades do Vale desde 2013. Sugest\u00f5es de pauta e pedidos de corre\u00e7\u00e3o: contato@aconteceunovale.com.br\",\"url\":\"https:\\\/\\\/aconteceunovale.com.br\\\/portal\\\/?author=4\"}]}<\/script>\n<!-- \/ Yoast SEO plugin. -->","yoast_head_json":{"title":"Am\u00e9rica-MG vence o Betim e segue na vice-lideran\u00e7a do Grupo B do Mineiro - Aconteceu no Vale","robots":{"index":"index","follow":"follow","max-snippet":"max-snippet:-1","max-image-preview":"max-image-preview:large","max-video-preview":"max-video-preview:-1"},"canonical":"https:\/\/aconteceunovale.com.br\/portal\/?p=196864","og_locale":"pt_BR","og_type":"article","og_title":"Am\u00e9rica-MG vence o Betim e segue na vice-lideran\u00e7a do Grupo B do Mineiro - Aconteceu no Vale","og_description":"Em partida marcada por lances de penalidade, o Am\u00e9rica-MG venceu o Betim por 1 a 0 neste s\u00e1bado (1\/2\/2025), na Arena Vera Cruz, pela quinta rodada do Campeonato Mineiro. O \u00fanico gol do jogo foi marcado por Elizari, em cobran\u00e7a de p\u00eanalti aos 19 minutos do primeiro tempo. No in\u00edcio da etapa complementar, o Betim [&hellip;]","og_url":"https:\/\/aconteceunovale.com.br\/portal\/?p=196864","og_site_name":"Aconteceu no Vale","article_publisher":"https:\/\/www.facebook.com\/aconteceunovale\/","article_published_time":"2025-02-02T00:21:55+00:00","article_modified_time":"2025-02-02T00:22:44+00:00","og_image":[{"width":810,"height":540,"url":"https:\/\/aconteceunovale.com.br\/portal\/wp-content\/uploads\/2025\/02\/america_betim.jpg","type":"image\/jpeg"}],"author":"Reda\u00e7\u00e3o Aconteceu no Vale","twitter_card":"summary_large_image","twitter_creator":"@noticiadosvales","twitter_site":"@noticiadosvales","twitter_misc":{"Escrito por":"Reda\u00e7\u00e3o Aconteceu no Vale","Est. tempo de leitura":"2 minutos"},"schema":{"@context":"https:\/\/schema.org","@graph":[{"@type":"Article","@id":"https:\/\/aconteceunovale.com.br\/portal\/?p=196864#article","isPartOf":{"@id":"https:\/\/aconteceunovale.com.br\/portal\/?p=196864"},"author":{"name":"Reda\u00e7\u00e3o Aconteceu no Vale","@id":"https:\/\/aconteceunovale.com.br\/portal\/#\/schema\/person\/7d2f26d1483f8a63de73da1ee0754d35"},"headline":"Am\u00e9rica-MG vence o Betim e segue na vice-lideran\u00e7a do Grupo B do Mineiro","datePublished":"2025-02-02T00:21:55+00:00","dateModified":"2025-02-02T00:22:44+00:00","mainEntityOfPage":{"@id":"https:\/\/aconteceunovale.com.br\/portal\/?p=196864"},"wordCount":481,"commentCount":0,"image":{"@id":"https:\/\/aconteceunovale.com.br\/portal\/?p=196864#primaryimage"},"thumbnailUrl":"https:\/\/aconteceunovale.com.br\/portal\/wp-content\/uploads\/2025\/02\/america_betim.jpg","keywords":["Am\u00e9rica","Am\u00e9rica Mineiro","Am\u00e9rica-MG","Am\u00e9rica-MG vence o Betim e segue na vice-lideran\u00e7a do Grupo B do Mineiro","Betim","Betim Futebol","Campeonato Mineiro","Campeonato Mineiro 2025","Coelho","Futebol mineiro","Mineiro 2025"],"articleSection":["Esportes","Minas Gerais"],"inLanguage":"pt-BR","potentialAction":[{"@type":"CommentAction","name":"Comment","target":["https:\/\/aconteceunovale.com.br\/portal\/?p=196864#respond"]}]},{"@type":"WebPage","@id":"https:\/\/aconteceunovale.com.br\/portal\/?p=196864","url":"https:\/\/aconteceunovale.com.br\/portal\/?p=196864","name":"Am\u00e9rica-MG vence o Betim e segue na vice-lideran\u00e7a do Grupo B do Mineiro - Aconteceu no Vale","isPartOf":{"@id":"https:\/\/aconteceunovale.com.br\/portal\/#website"},"primaryImageOfPage":{"@id":"https:\/\/aconteceunovale.com.br\/portal\/?p=196864#primaryimage"},"image":{"@id":"https:\/\/aconteceunovale.com.br\/portal\/?p=196864#primaryimage"},"thumbnailUrl":"https:\/\/aconteceunovale.com.br\/portal\/wp-content\/uploads\/2025\/02\/america_betim.jpg","datePublished":"2025-02-02T00:21:55+00:00","dateModified":"2025-02-02T00:22:44+00:00","author":{"@id":"https:\/\/aconteceunovale.com.br\/portal\/#\/schema\/person\/7d2f26d1483f8a63de73da1ee0754d35"},"breadcrumb":{"@id":"https:\/\/aconteceunovale.com.br\/portal\/?p=196864#breadcrumb"},"inLanguage":"pt-BR","potentialAction":[{"@type":"ReadAction","target":["https:\/\/aconteceunovale.com.br\/portal\/?p=196864"]}]},{"@type":"ImageObject","inLanguage":"pt-BR","@id":"https:\/\/aconteceunovale.com.br\/portal\/?p=196864#primaryimage","url":"https:\/\/aconteceunovale.com.br\/portal\/wp-content\/uploads\/2025\/02\/america_betim.jpg","contentUrl":"https:\/\/aconteceunovale.com.br\/portal\/wp-content\/uploads\/2025\/02\/america_betim.jpg","width":810,"height":540,"caption":"Foto: Mour\u00e3o Panda \/ Am\u00e9rica-MG"},{"@type":"BreadcrumbList","@id":"https:\/\/aconteceunovale.com.br\/portal\/?p=196864#breadcrumb","itemListElement":[{"@type":"ListItem","position":1,"name":"In\u00edcio","item":"https:\/\/aconteceunovale.com.br\/portal\/"},{"@type":"ListItem","position":2,"name":"Am\u00e9rica-MG vence o Betim e segue na vice-lideran\u00e7a do Grupo B do Mineiro"}]},{"@type":"WebSite","@id":"https:\/\/aconteceunovale.com.br\/portal\/#website","url":"https:\/\/aconteceunovale.com.br\/portal\/","name":"Aconteceu no Vale","description":"Portal de Not\u00edcias","potentialAction":[{"@type":"SearchAction","target":{"@type":"EntryPoint","urlTemplate":"https:\/\/aconteceunovale.com.br\/portal\/?s={search_term_string}"},"query-input":{"@type":"PropertyValueSpecification","valueRequired":true,"valueName":"search_term_string"}}],"inLanguage":"pt-BR"},{"@type":"Person","@id":"https:\/\/aconteceunovale.com.br\/portal\/#\/schema\/person\/7d2f26d1483f8a63de73da1ee0754d35","name":"Reda\u00e7\u00e3o Aconteceu no Vale","description":"Equipe de reportagem do Aconteceu no Vale, portal de not\u00edcias do Vale do Jequitinhonha, em Minas Gerais. Cobrimos as 51 cidades do Vale desde 2013. Sugest\u00f5es de pauta e pedidos de corre\u00e7\u00e3o: contato@aconteceunovale.com.br","url":"https:\/\/aconteceunovale.com.br\/portal\/?author=4"}]}},"_links":{"self":[{"href":"https:\/\/aconteceunovale.com.br\/portal\/index.php?rest_route=\/wp\/v2\/posts\/196864","targetHints":{"allow":["GET"]}}],"collection":[{"href":"https:\/\/aconteceunovale.com.br\/portal\/index.php?rest_route=\/wp\/v2\/posts"}],"about":[{"href":"https:\/\/aconteceunovale.com.br\/portal\/index.php?rest_route=\/wp\/v2\/types\/post"}],"author":[{"embeddable":true,"href":"https:\/\/aconteceunovale.com.br\/portal\/index.php?rest_route=\/wp\/v2\/users\/4"}],"replies":[{"embeddable":true,"href":"https:\/\/aconteceunovale.com.br\/portal\/index.php?rest_route=%2Fwp%2Fv2%2Fcomments&post=196864"}],"version-history":[{"count":1,"href":"https:\/\/aconteceunovale.com.br\/portal\/index.php?rest_route=\/wp\/v2\/posts\/196864\/revisions"}],"predecessor-version":[{"id":196866,"href":"https:\/\/aconteceunovale.com.br\/portal\/index.php?rest_route=\/wp\/v2\/posts\/196864\/revisions\/196866"}],"wp:featuredmedia":[{"embeddable":true,"href":"https:\/\/aconteceunovale.com.br\/portal\/index.php?rest_route=\/wp\/v2\/media\/196865"}],"wp:attachment":[{"href":"https:\/\/aconteceunovale.com.br\/portal\/index.php?rest_route=%2Fwp%2Fv2%2Fmedia&parent=196864"}],"wp:term":[{"taxonomy":"category","embeddable":true,"href":"https:\/\/aconteceunovale.com.br\/portal\/index.php?rest_route=%2Fwp%2Fv2%2Fcategories&post=196864"},{"taxonomy":"post_tag","embeddable":true,"href":"https:\/\/aconteceunovale.com.br\/portal\/index.php?rest_route=%2Fwp%2Fv2%2Ftags&post=196864"}],"curies":[{"name":"wp","href":"https:\/\/api.w.org\/{rel}","templated":true}]}}