{"id":19686,"date":"2014-01-28T13:11:28","date_gmt":"2014-01-28T15:11:28","guid":{"rendered":"http:\/\/aconteceunovale.com.br\/portal\/?p=19686"},"modified":"2014-01-28T13:11:28","modified_gmt":"2014-01-28T15:11:28","slug":"fundacao-ezequiel-dias-abre-concurso-para-159-vagas","status":"publish","type":"post","link":"https:\/\/aconteceunovale.com.br\/portal\/?p=19686","title":{"rendered":"Funda\u00e7\u00e3o Ezequiel Dias abre concurso para 159 vagas"},"content":{"rendered":"<p>As inscri\u00e7\u00f5es para o concurso p\u00fablico da Funda\u00e7\u00e3o Ezequiel Dias (Funed) est\u00e3o abertas desde esta segunda-feira, 27. Por meio de edital da Secretaria de Estado de Planejamento e Gest\u00e3o (Seplag) e Funed, o concurso vai ofertar 159 vagas em cinco carreiras. Os sal\u00e1rios variam de R$ 1.237,73 a R$ 5.945,86.<\/p>\n<p><img decoding=\"async\" src=\"http:\/\/aconteceunovale.com.br\/portal\/wp-content\/uploads\/2014\/01\/concurso_publico_fundacao_ezequiel_dias.jpg\" alt=\"\" \/><\/p>\n<p>As vagas s\u00e3o para atuar na sede da Funed, em Belo Horizonte, e tamb\u00e9m na Fazenda Experimental S\u00e3o Judas Tadeu, em Betim. As inscri\u00e7\u00f5es, que t\u00eam t\u00e9rmino previsto para o dia 25 de fevereiro, dever\u00e3o ser feitas via internet, no site da executora do concurso, Instituto Brasileiro de Forma\u00e7\u00e3o e Capacita\u00e7\u00e3o (IBFC), no endere\u00e7o <a href=\"http:\/\/www.ibfc.org.br\" target=\"_blank\">www.ibfc.org.br<\/a>. A realiza\u00e7\u00e3o das provas est\u00e1 prevista para o dia 30 de mar\u00e7o.<\/p>\n<p>Das 159 vagas ofertadas, 40 s\u00e3o para n\u00edvel m\u00e9dio, 52 para o n\u00edvel m\u00e9dio com forma\u00e7\u00e3o de curso t\u00e9cnico, 61 para o n\u00edvel superior, duas para o n\u00edvel superior cumulado com p\u00f3s-gradua\u00e7\u00e3o lato sensu e quatro para o n\u00edvel superior cumulado com p\u00f3s-gradua\u00e7\u00e3o (stricto sensu \u2013 mestrado).  Importante ressaltar que a remunera\u00e7\u00e3o inicial \u00e9 composta por Vencimento B\u00e1sico acrescido de Gratifica\u00e7\u00e3o complementar e de Gratifica\u00e7\u00e3o de Incentivo e Eficientiza\u00e7\u00e3o dos Servi\u00e7os \u2013 GIEFS.<\/p>\n<p>Em 25\/01\/2014 foi publicado, no Di\u00e1rio Oficial dos Poderes do Estado, Aviso n\u00ba 06 esclarecendo aos candidatos as novas regras referentes \u00e0 remunera\u00e7\u00e3o e \u00e0s gratifica\u00e7\u00f5es aplic\u00e1veis. O conte\u00fado est\u00e1 dispon\u00edvel tamb\u00e9m no site <a href=\"http:\/\/www.ibfc.org.br\" target=\"_blank\">www.ibfc.org.br<\/a>, para consulta dos interessados.<\/p>\n","protected":false},"excerpt":{"rendered":"<p>As inscri\u00e7\u00f5es para o concurso p\u00fablico da Funda\u00e7\u00e3o Ezequiel Dias (Funed) est\u00e3o abertas desde esta segunda-feira, 27. Por meio de edital da Secretaria de Estado de Planejamento e Gest\u00e3o (Seplag) e Funed, o concurso vai ofertar 159 vagas em cinco carreiras. Os sal\u00e1rios variam de R$ 1.237,73 a R$ 5.945,86. As vagas s\u00e3o para atuar [&hellip;]<\/p>\n","protected":false},"author":1,"featured_media":19687,"comment_status":"open","ping_status":"closed","sticky":false,"template":"","format":"standard","meta":{"amp_status":"","footnotes":""},"categories":[6],"tags":[700,2560,245,3637],"class_list":["post-19686","post","type-post","status-publish","format-standard","has-post-thumbnail","hentry","category-br","tag-concurso-publico","tag-concurso-publico-fundacao-ezequiel-dias","tag-concursos-publicos","tag-fundacao-ezequiel-dias-abre-concurso-para-159-vagas"],"yoast_head":"<!-- This site is optimized with the Yoast SEO plugin v28.3 - https:\/\/yoast.com\/product\/yoast-seo-wordpress\/ -->\n<title>Funda\u00e7\u00e3o Ezequiel Dias abre concurso para 159 vagas - Aconteceu no Vale<\/title>\n<meta name=\"robots\" content=\"index, follow, max-snippet:-1, max-image-preview:large, max-video-preview:-1\" \/>\n<link rel=\"canonical\" href=\"https:\/\/aconteceunovale.com.br\/portal\/?p=19686\" \/>\n<meta property=\"og:locale\" content=\"pt_BR\" \/>\n<meta property=\"og:type\" content=\"article\" \/>\n<meta property=\"og:title\" content=\"Funda\u00e7\u00e3o Ezequiel Dias abre concurso para 159 vagas - Aconteceu no Vale\" \/>\n<meta property=\"og:description\" content=\"As inscri\u00e7\u00f5es para o concurso p\u00fablico da Funda\u00e7\u00e3o Ezequiel Dias (Funed) est\u00e3o abertas desde esta segunda-feira, 27. Por meio de edital da Secretaria de Estado de Planejamento e Gest\u00e3o (Seplag) e Funed, o concurso vai ofertar 159 vagas em cinco carreiras. Os sal\u00e1rios variam de R$ 1.237,73 a R$ 5.945,86. As vagas s\u00e3o para atuar [&hellip;]\" \/>\n<meta property=\"og:url\" content=\"https:\/\/aconteceunovale.com.br\/portal\/?p=19686\" \/>\n<meta property=\"og:site_name\" content=\"Aconteceu no Vale\" \/>\n<meta property=\"article:publisher\" content=\"https:\/\/www.facebook.com\/aconteceunovale\/\" \/>\n<meta property=\"article:published_time\" content=\"2014-01-28T15:11:28+00:00\" \/>\n<meta property=\"og:image\" content=\"https:\/\/aconteceunovale.com.br\/portal\/wp-content\/uploads\/2014\/01\/concurso_publico_fundacao_ezequiel_dias.jpg\" \/>\n\t<meta property=\"og:image:width\" content=\"650\" \/>\n\t<meta property=\"og:image:height\" content=\"435\" \/>\n\t<meta property=\"og:image:type\" content=\"image\/jpeg\" \/>\n<meta name=\"author\" content=\"Aconteceu no Vale\" \/>\n<meta name=\"twitter:card\" content=\"summary_large_image\" \/>\n<meta name=\"twitter:creator\" content=\"@noticiadosvales\" \/>\n<meta name=\"twitter:site\" content=\"@noticiadosvales\" \/>\n<meta name=\"twitter:label1\" content=\"Escrito por\" \/>\n\t<meta name=\"twitter:data1\" content=\"Aconteceu no Vale\" \/>\n\t<meta name=\"twitter:label2\" content=\"Est. tempo de leitura\" \/>\n\t<meta name=\"twitter:data2\" content=\"1 minuto\" \/>\n<script type=\"application\/ld+json\" class=\"yoast-schema-graph\">{\"@context\":\"https:\\\/\\\/schema.org\",\"@graph\":[{\"@type\":\"Article\",\"@id\":\"https:\\\/\\\/aconteceunovale.com.br\\\/portal\\\/?p=19686#article\",\"isPartOf\":{\"@id\":\"https:\\\/\\\/aconteceunovale.com.br\\\/portal\\\/?p=19686\"},\"author\":{\"name\":\"Aconteceu no Vale\",\"@id\":\"https:\\\/\\\/aconteceunovale.com.br\\\/portal\\\/#\\\/schema\\\/person\\\/633529146f2c94272bef50ac2953d589\"},\"headline\":\"Funda\u00e7\u00e3o Ezequiel Dias abre concurso para 159 vagas\",\"datePublished\":\"2014-01-28T15:11:28+00:00\",\"mainEntityOfPage\":{\"@id\":\"https:\\\/\\\/aconteceunovale.com.br\\\/portal\\\/?p=19686\"},\"wordCount\":272,\"commentCount\":0,\"image\":{\"@id\":\"https:\\\/\\\/aconteceunovale.com.br\\\/portal\\\/?p=19686#primaryimage\"},\"thumbnailUrl\":\"https:\\\/\\\/aconteceunovale.com.br\\\/portal\\\/wp-content\\\/uploads\\\/2014\\\/01\\\/concurso_publico_fundacao_ezequiel_dias.jpg\",\"keywords\":[\"Concurso Publico\",\"Concurso p\u00fablico Funda\u00e7\u00e3o Ezequiel Dias\",\"Concursos P\u00fablicos\",\"Funda\u00e7\u00e3o Ezequiel Dias abre concurso para 159 vagas\"],\"articleSection\":[\"Brasil\"],\"inLanguage\":\"pt-BR\",\"potentialAction\":[{\"@type\":\"CommentAction\",\"name\":\"Comment\",\"target\":[\"https:\\\/\\\/aconteceunovale.com.br\\\/portal\\\/?p=19686#respond\"]}]},{\"@type\":\"WebPage\",\"@id\":\"https:\\\/\\\/aconteceunovale.com.br\\\/portal\\\/?p=19686\",\"url\":\"https:\\\/\\\/aconteceunovale.com.br\\\/portal\\\/?p=19686\",\"name\":\"Funda\u00e7\u00e3o Ezequiel Dias abre concurso para 159 vagas - Aconteceu no Vale\",\"isPartOf\":{\"@id\":\"https:\\\/\\\/aconteceunovale.com.br\\\/portal\\\/#website\"},\"primaryImageOfPage\":{\"@id\":\"https:\\\/\\\/aconteceunovale.com.br\\\/portal\\\/?p=19686#primaryimage\"},\"image\":{\"@id\":\"https:\\\/\\\/aconteceunovale.com.br\\\/portal\\\/?p=19686#primaryimage\"},\"thumbnailUrl\":\"https:\\\/\\\/aconteceunovale.com.br\\\/portal\\\/wp-content\\\/uploads\\\/2014\\\/01\\\/concurso_publico_fundacao_ezequiel_dias.jpg\",\"datePublished\":\"2014-01-28T15:11:28+00:00\",\"author\":{\"@id\":\"https:\\\/\\\/aconteceunovale.com.br\\\/portal\\\/#\\\/schema\\\/person\\\/633529146f2c94272bef50ac2953d589\"},\"breadcrumb\":{\"@id\":\"https:\\\/\\\/aconteceunovale.com.br\\\/portal\\\/?p=19686#breadcrumb\"},\"inLanguage\":\"pt-BR\",\"potentialAction\":[{\"@type\":\"ReadAction\",\"target\":[\"https:\\\/\\\/aconteceunovale.com.br\\\/portal\\\/?p=19686\"]}]},{\"@type\":\"ImageObject\",\"inLanguage\":\"pt-BR\",\"@id\":\"https:\\\/\\\/aconteceunovale.com.br\\\/portal\\\/?p=19686#primaryimage\",\"url\":\"https:\\\/\\\/aconteceunovale.com.br\\\/portal\\\/wp-content\\\/uploads\\\/2014\\\/01\\\/concurso_publico_fundacao_ezequiel_dias.jpg\",\"contentUrl\":\"https:\\\/\\\/aconteceunovale.com.br\\\/portal\\\/wp-content\\\/uploads\\\/2014\\\/01\\\/concurso_publico_fundacao_ezequiel_dias.jpg\",\"width\":650,\"height\":435},{\"@type\":\"BreadcrumbList\",\"@id\":\"https:\\\/\\\/aconteceunovale.com.br\\\/portal\\\/?p=19686#breadcrumb\",\"itemListElement\":[{\"@type\":\"ListItem\",\"position\":1,\"name\":\"In\u00edcio\",\"item\":\"https:\\\/\\\/aconteceunovale.com.br\\\/portal\\\/\"},{\"@type\":\"ListItem\",\"position\":2,\"name\":\"Funda\u00e7\u00e3o Ezequiel Dias abre concurso para 159 vagas\"}]},{\"@type\":\"WebSite\",\"@id\":\"https:\\\/\\\/aconteceunovale.com.br\\\/portal\\\/#website\",\"url\":\"https:\\\/\\\/aconteceunovale.com.br\\\/portal\\\/\",\"name\":\"Aconteceu no Vale\",\"description\":\"Portal de Not\u00edcias\",\"potentialAction\":[{\"@type\":\"SearchAction\",\"target\":{\"@type\":\"EntryPoint\",\"urlTemplate\":\"https:\\\/\\\/aconteceunovale.com.br\\\/portal\\\/?s={search_term_string}\"},\"query-input\":{\"@type\":\"PropertyValueSpecification\",\"valueRequired\":true,\"valueName\":\"search_term_string\"}}],\"inLanguage\":\"pt-BR\"},{\"@type\":\"Person\",\"@id\":\"https:\\\/\\\/aconteceunovale.com.br\\\/portal\\\/#\\\/schema\\\/person\\\/633529146f2c94272bef50ac2953d589\",\"name\":\"Aconteceu no Vale\",\"description\":\"Equipe de reportagem do Aconteceu no Vale, portal de not\u00edcias do Vale do Jequitinhonha, em Minas Gerais. Cobrimos as 51 cidades do Vale desde 2013. Sugest\u00f5es de pauta e pedidos de corre\u00e7\u00e3o: contato@aconteceunovale.com.br\",\"sameAs\":[\"http:\\\/\\\/www.aconteceunovale.com.br\"],\"url\":\"https:\\\/\\\/aconteceunovale.com.br\\\/portal\\\/?author=1\"}]}<\/script>\n<!-- \/ Yoast SEO plugin. -->","yoast_head_json":{"title":"Funda\u00e7\u00e3o Ezequiel Dias abre concurso para 159 vagas - Aconteceu no Vale","robots":{"index":"index","follow":"follow","max-snippet":"max-snippet:-1","max-image-preview":"max-image-preview:large","max-video-preview":"max-video-preview:-1"},"canonical":"https:\/\/aconteceunovale.com.br\/portal\/?p=19686","og_locale":"pt_BR","og_type":"article","og_title":"Funda\u00e7\u00e3o Ezequiel Dias abre concurso para 159 vagas - Aconteceu no Vale","og_description":"As inscri\u00e7\u00f5es para o concurso p\u00fablico da Funda\u00e7\u00e3o Ezequiel Dias (Funed) est\u00e3o abertas desde esta segunda-feira, 27. Por meio de edital da Secretaria de Estado de Planejamento e Gest\u00e3o (Seplag) e Funed, o concurso vai ofertar 159 vagas em cinco carreiras. Os sal\u00e1rios variam de R$ 1.237,73 a R$ 5.945,86. As vagas s\u00e3o para atuar [&hellip;]","og_url":"https:\/\/aconteceunovale.com.br\/portal\/?p=19686","og_site_name":"Aconteceu no Vale","article_publisher":"https:\/\/www.facebook.com\/aconteceunovale\/","article_published_time":"2014-01-28T15:11:28+00:00","og_image":[{"width":650,"height":435,"url":"https:\/\/aconteceunovale.com.br\/portal\/wp-content\/uploads\/2014\/01\/concurso_publico_fundacao_ezequiel_dias.jpg","type":"image\/jpeg"}],"author":"Aconteceu no Vale","twitter_card":"summary_large_image","twitter_creator":"@noticiadosvales","twitter_site":"@noticiadosvales","twitter_misc":{"Escrito por":"Aconteceu no Vale","Est. tempo de leitura":"1 minuto"},"schema":{"@context":"https:\/\/schema.org","@graph":[{"@type":"Article","@id":"https:\/\/aconteceunovale.com.br\/portal\/?p=19686#article","isPartOf":{"@id":"https:\/\/aconteceunovale.com.br\/portal\/?p=19686"},"author":{"name":"Aconteceu no Vale","@id":"https:\/\/aconteceunovale.com.br\/portal\/#\/schema\/person\/633529146f2c94272bef50ac2953d589"},"headline":"Funda\u00e7\u00e3o Ezequiel Dias abre concurso para 159 vagas","datePublished":"2014-01-28T15:11:28+00:00","mainEntityOfPage":{"@id":"https:\/\/aconteceunovale.com.br\/portal\/?p=19686"},"wordCount":272,"commentCount":0,"image":{"@id":"https:\/\/aconteceunovale.com.br\/portal\/?p=19686#primaryimage"},"thumbnailUrl":"https:\/\/aconteceunovale.com.br\/portal\/wp-content\/uploads\/2014\/01\/concurso_publico_fundacao_ezequiel_dias.jpg","keywords":["Concurso Publico","Concurso p\u00fablico Funda\u00e7\u00e3o Ezequiel Dias","Concursos P\u00fablicos","Funda\u00e7\u00e3o Ezequiel Dias abre concurso para 159 vagas"],"articleSection":["Brasil"],"inLanguage":"pt-BR","potentialAction":[{"@type":"CommentAction","name":"Comment","target":["https:\/\/aconteceunovale.com.br\/portal\/?p=19686#respond"]}]},{"@type":"WebPage","@id":"https:\/\/aconteceunovale.com.br\/portal\/?p=19686","url":"https:\/\/aconteceunovale.com.br\/portal\/?p=19686","name":"Funda\u00e7\u00e3o Ezequiel Dias abre concurso para 159 vagas - Aconteceu no Vale","isPartOf":{"@id":"https:\/\/aconteceunovale.com.br\/portal\/#website"},"primaryImageOfPage":{"@id":"https:\/\/aconteceunovale.com.br\/portal\/?p=19686#primaryimage"},"image":{"@id":"https:\/\/aconteceunovale.com.br\/portal\/?p=19686#primaryimage"},"thumbnailUrl":"https:\/\/aconteceunovale.com.br\/portal\/wp-content\/uploads\/2014\/01\/concurso_publico_fundacao_ezequiel_dias.jpg","datePublished":"2014-01-28T15:11:28+00:00","author":{"@id":"https:\/\/aconteceunovale.com.br\/portal\/#\/schema\/person\/633529146f2c94272bef50ac2953d589"},"breadcrumb":{"@id":"https:\/\/aconteceunovale.com.br\/portal\/?p=19686#breadcrumb"},"inLanguage":"pt-BR","potentialAction":[{"@type":"ReadAction","target":["https:\/\/aconteceunovale.com.br\/portal\/?p=19686"]}]},{"@type":"ImageObject","inLanguage":"pt-BR","@id":"https:\/\/aconteceunovale.com.br\/portal\/?p=19686#primaryimage","url":"https:\/\/aconteceunovale.com.br\/portal\/wp-content\/uploads\/2014\/01\/concurso_publico_fundacao_ezequiel_dias.jpg","contentUrl":"https:\/\/aconteceunovale.com.br\/portal\/wp-content\/uploads\/2014\/01\/concurso_publico_fundacao_ezequiel_dias.jpg","width":650,"height":435},{"@type":"BreadcrumbList","@id":"https:\/\/aconteceunovale.com.br\/portal\/?p=19686#breadcrumb","itemListElement":[{"@type":"ListItem","position":1,"name":"In\u00edcio","item":"https:\/\/aconteceunovale.com.br\/portal\/"},{"@type":"ListItem","position":2,"name":"Funda\u00e7\u00e3o Ezequiel Dias abre concurso para 159 vagas"}]},{"@type":"WebSite","@id":"https:\/\/aconteceunovale.com.br\/portal\/#website","url":"https:\/\/aconteceunovale.com.br\/portal\/","name":"Aconteceu no Vale","description":"Portal de Not\u00edcias","potentialAction":[{"@type":"SearchAction","target":{"@type":"EntryPoint","urlTemplate":"https:\/\/aconteceunovale.com.br\/portal\/?s={search_term_string}"},"query-input":{"@type":"PropertyValueSpecification","valueRequired":true,"valueName":"search_term_string"}}],"inLanguage":"pt-BR"},{"@type":"Person","@id":"https:\/\/aconteceunovale.com.br\/portal\/#\/schema\/person\/633529146f2c94272bef50ac2953d589","name":"Aconteceu no Vale","description":"Equipe de reportagem do Aconteceu no Vale, portal de not\u00edcias do Vale do Jequitinhonha, em Minas Gerais. Cobrimos as 51 cidades do Vale desde 2013. Sugest\u00f5es de pauta e pedidos de corre\u00e7\u00e3o: contato@aconteceunovale.com.br","sameAs":["http:\/\/www.aconteceunovale.com.br"],"url":"https:\/\/aconteceunovale.com.br\/portal\/?author=1"}]}},"_links":{"self":[{"href":"https:\/\/aconteceunovale.com.br\/portal\/index.php?rest_route=\/wp\/v2\/posts\/19686","targetHints":{"allow":["GET"]}}],"collection":[{"href":"https:\/\/aconteceunovale.com.br\/portal\/index.php?rest_route=\/wp\/v2\/posts"}],"about":[{"href":"https:\/\/aconteceunovale.com.br\/portal\/index.php?rest_route=\/wp\/v2\/types\/post"}],"author":[{"embeddable":true,"href":"https:\/\/aconteceunovale.com.br\/portal\/index.php?rest_route=\/wp\/v2\/users\/1"}],"replies":[{"embeddable":true,"href":"https:\/\/aconteceunovale.com.br\/portal\/index.php?rest_route=%2Fwp%2Fv2%2Fcomments&post=19686"}],"version-history":[{"count":0,"href":"https:\/\/aconteceunovale.com.br\/portal\/index.php?rest_route=\/wp\/v2\/posts\/19686\/revisions"}],"wp:featuredmedia":[{"embeddable":true,"href":"https:\/\/aconteceunovale.com.br\/portal\/index.php?rest_route=\/wp\/v2\/media\/19687"}],"wp:attachment":[{"href":"https:\/\/aconteceunovale.com.br\/portal\/index.php?rest_route=%2Fwp%2Fv2%2Fmedia&parent=19686"}],"wp:term":[{"taxonomy":"category","embeddable":true,"href":"https:\/\/aconteceunovale.com.br\/portal\/index.php?rest_route=%2Fwp%2Fv2%2Fcategories&post=19686"},{"taxonomy":"post_tag","embeddable":true,"href":"https:\/\/aconteceunovale.com.br\/portal\/index.php?rest_route=%2Fwp%2Fv2%2Ftags&post=19686"}],"curies":[{"name":"wp","href":"https:\/\/api.w.org\/{rel}","templated":true}]}}