{"id":196848,"date":"2025-02-01T18:53:29","date_gmt":"2025-02-01T21:53:29","guid":{"rendered":"https:\/\/aconteceunovale.com.br\/portal\/?p=196848"},"modified":"2025-02-01T18:54:45","modified_gmt":"2025-02-01T21:54:45","slug":"trecho-da-mg-202-e-interditado-devido-ao-rompimento-de-passagem-molhada","status":"publish","type":"post","link":"https:\/\/aconteceunovale.com.br\/portal\/?p=196848","title":{"rendered":"Trecho da MG-202 \u00e9 interditado devido ao rompimento de passagem molhada"},"content":{"rendered":"\n<p class=\"wp-block-paragraph\">O Departamento de Estradas de Rodagem de Minas Gerais (DER-MG) interditou, na tarde dessa sexta-feira (31\/1\/2025), o tr\u00e1fego de ve\u00edculos no km 317 da MG-202, no trecho entre Pint\u00f3polis e Urucuia, devido ao rompimento da passagem molhada sobre o ribeir\u00e3o das Pedras. T\u00e9cnicos do \u00f3rg\u00e3o foram acionados para sinalizar a via e iniciar as a\u00e7\u00f5es para solucionar o problema.<\/p>\n\n\n\n<figure class=\"wp-block-gallery has-nested-images columns-default is-cropped wp-block-gallery-1 is-layout-flex wp-block-gallery-is-layout-flex\">\n<figure class=\"wp-block-image size-large\"><img loading=\"lazy\" decoding=\"async\" width=\"678\" height=\"381\" data-id=\"196850\" src=\"https:\/\/aconteceunovale.com.br\/portal\/wp-content\/uploads\/2025\/02\/interdicao_nm_2.jpeg\" alt=\"\" class=\"wp-image-196850\" srcset=\"https:\/\/aconteceunovale.com.br\/portal\/wp-content\/uploads\/2025\/02\/interdicao_nm_2.jpeg 678w, https:\/\/aconteceunovale.com.br\/portal\/wp-content\/uploads\/2025\/02\/interdicao_nm_2-300x169.jpeg 300w\" sizes=\"auto, (max-width: 678px) 100vw, 678px\" \/><figcaption class=\"wp-element-caption\"><em>Foto: Divulga\u00e7\u00e3o \/ DER-MG<\/em><\/figcaption><\/figure>\n<\/figure>\n\n\n\n<p class=\"wp-block-paragraph\">De acordo com o DER-MG, a previs\u00e3o para a recupera\u00e7\u00e3o da passagem molhada e a libera\u00e7\u00e3o do tr\u00e1fego \u00e9 de aproximadamente sete dias. No entanto, o in\u00edcio dos trabalhos depende da estabiliza\u00e7\u00e3o do tempo e da diminui\u00e7\u00e3o do volume de \u00e1gua no ribeir\u00e3o das Pedras.<\/p>\n\n\n\n<h3 class=\"wp-block-heading\"><strong>Rota alternativa<\/strong><\/h3>\n\n\n<div class=\"wp-block-image\">\n<figure class=\"alignright size-full\"><img loading=\"lazy\" decoding=\"async\" width=\"439\" height=\"450\" src=\"https:\/\/aconteceunovale.com.br\/portal\/wp-content\/uploads\/2025\/02\/interdicao_nm_1.png\" alt=\"\" class=\"wp-image-196849\" srcset=\"https:\/\/aconteceunovale.com.br\/portal\/wp-content\/uploads\/2025\/02\/interdicao_nm_1.png 439w, https:\/\/aconteceunovale.com.br\/portal\/wp-content\/uploads\/2025\/02\/interdicao_nm_1-293x300.png 293w, https:\/\/aconteceunovale.com.br\/portal\/wp-content\/uploads\/2025\/02\/interdicao_nm_1-356x364.png 356w, https:\/\/aconteceunovale.com.br\/portal\/wp-content\/uploads\/2025\/02\/interdicao_nm_1-410x420.png 410w\" sizes=\"auto, (max-width: 439px) 100vw, 439px\" \/><\/figure>\n<\/div>\n\n\n<p class=\"wp-block-paragraph\">Motoristas que precisam se deslocar entre Urucuia e Pint\u00f3polis podem utilizar a seguinte rota alternativa:<\/p>\n\n\n\n<ul class=\"wp-block-list\">\n<li>A partir de <strong>Urucuia<\/strong>, seguir pela MG-181, passando por Riachinho, Bonfin\u00f3polis de Minas e Jo\u00e3o Pinheiro.<\/li>\n\n\n\n<li>Em Jo\u00e3o Pinheiro, acessar a <strong>BR-040<\/strong> at\u00e9 o entroncamento com a <strong>BR-365<\/strong>, no sentido Pirapora e Jequita\u00ed.<\/li>\n\n\n\n<li>Seguir pela <strong>BR-251<\/strong> at\u00e9 Cora\u00e7\u00e3o de Jesus e Bras\u00edlia de Minas.<\/li>\n\n\n\n<li>Em Bras\u00edlia de Minas, entrar na <strong>MG-402<\/strong>, passando por S\u00e3o Francisco at\u00e9 chegar a Pint\u00f3polis.<\/li>\n<\/ul>\n\n\n\n<h3 class=\"wp-block-heading\"><strong>Obras de pavimenta\u00e7\u00e3o na regi\u00e3o<\/strong><\/h3>\n\n\n\n<p class=\"wp-block-paragraph\">O trecho de 73 km entre Pint\u00f3polis e Urucuia, que inclui segmentos das rodovias MG-402 e MG-202, est\u00e1 em obras de pavimenta\u00e7\u00e3o e melhoramento. A iniciativa busca integrar as regi\u00f5es Norte e Noroeste de Minas Gerais aos vales do Jequitinhonha e Mucuri, al\u00e9m do Sul da Bahia, facilitando o escoamento da produ\u00e7\u00e3o agr\u00edcola, especialmente de gr\u00e3os, atividade econ\u00f4mica predominante na regi\u00e3o. A estimativa \u00e9 que cerca de 100 mil pessoas sejam diretamente beneficiadas.<\/p>\n","protected":false},"excerpt":{"rendered":"<p>O Departamento de Estradas de Rodagem de Minas Gerais (DER-MG) interditou, na tarde dessa sexta-feira (31\/1\/2025), o tr\u00e1fego de ve\u00edculos no km 317 da MG-202, no trecho entre Pint\u00f3polis e Urucuia, devido ao rompimento da passagem molhada sobre o ribeir\u00e3o das Pedras. T\u00e9cnicos do \u00f3rg\u00e3o foram acionados para sinalizar a via e iniciar as a\u00e7\u00f5es [&hellip;]<\/p>\n","protected":false},"author":4,"featured_media":196850,"comment_status":"open","ping_status":"closed","sticky":false,"template":"","format":"standard","meta":{"amp_status":"","footnotes":""},"categories":[1236],"tags":[1537,195,1801,215389,1018,271155,144105,271154,3724,1538,144104,1710,254,1797,1522,271153,1813],"class_list":["post-196848","post","type-post","status-publish","format-standard","has-post-thumbnail","hentry","category-norte_de_minas","tag-bonfinopolis-de-minas","tag-brasilia-de-minas","tag-coracao-de-jesus","tag-der-mg-2","tag-destaque","tag-interdicao-da-estrada-entre-urucuia-e-pintopolis","tag-interdicao-da-mg-202","tag-interdicao-da-mg-202-entre-urucuia-e-pintopolis","tag-jequitai","tag-joao-pinheiro","tag-mg-202","tag-pintopolis","tag-pirapora","tag-riachinho","tag-sao-francisco","tag-trecho-da-mg-202-e-interditado-devido-ao-rompimento-de-passagem-molhada","tag-urucuia"],"yoast_head":"<!-- This site is optimized with the Yoast SEO plugin v28.3 - https:\/\/yoast.com\/product\/yoast-seo-wordpress\/ -->\n<title>Trecho da MG-202 \u00e9 interditado devido ao rompimento de passagem molhada - Aconteceu no Vale<\/title>\n<meta name=\"robots\" content=\"index, follow, max-snippet:-1, max-image-preview:large, max-video-preview:-1\" \/>\n<link rel=\"canonical\" href=\"https:\/\/aconteceunovale.com.br\/portal\/?p=196848\" \/>\n<meta property=\"og:locale\" content=\"pt_BR\" \/>\n<meta property=\"og:type\" content=\"article\" \/>\n<meta property=\"og:title\" content=\"Trecho da MG-202 \u00e9 interditado devido ao rompimento de passagem molhada - Aconteceu no Vale\" \/>\n<meta property=\"og:description\" content=\"O Departamento de Estradas de Rodagem de Minas Gerais (DER-MG) interditou, na tarde dessa sexta-feira (31\/1\/2025), o tr\u00e1fego de ve\u00edculos no km 317 da MG-202, no trecho entre Pint\u00f3polis e Urucuia, devido ao rompimento da passagem molhada sobre o ribeir\u00e3o das Pedras. T\u00e9cnicos do \u00f3rg\u00e3o foram acionados para sinalizar a via e iniciar as a\u00e7\u00f5es [&hellip;]\" \/>\n<meta property=\"og:url\" content=\"https:\/\/aconteceunovale.com.br\/portal\/?p=196848\" \/>\n<meta property=\"og:site_name\" content=\"Aconteceu no Vale\" \/>\n<meta property=\"article:publisher\" content=\"https:\/\/www.facebook.com\/aconteceunovale\/\" \/>\n<meta property=\"article:published_time\" content=\"2025-02-01T21:53:29+00:00\" \/>\n<meta property=\"article:modified_time\" content=\"2025-02-01T21:54:45+00:00\" \/>\n<meta property=\"og:image\" content=\"https:\/\/aconteceunovale.com.br\/portal\/wp-content\/uploads\/2025\/02\/interdicao_nm_2.jpeg\" \/>\n\t<meta property=\"og:image:width\" content=\"678\" \/>\n\t<meta property=\"og:image:height\" content=\"381\" \/>\n\t<meta property=\"og:image:type\" content=\"image\/jpeg\" \/>\n<meta name=\"author\" content=\"Reda\u00e7\u00e3o Aconteceu no Vale\" \/>\n<meta name=\"twitter:card\" content=\"summary_large_image\" \/>\n<meta name=\"twitter:creator\" content=\"@noticiadosvales\" \/>\n<meta name=\"twitter:site\" content=\"@noticiadosvales\" \/>\n<meta name=\"twitter:label1\" content=\"Escrito por\" \/>\n\t<meta name=\"twitter:data1\" content=\"Reda\u00e7\u00e3o Aconteceu no Vale\" \/>\n\t<meta name=\"twitter:label2\" content=\"Est. tempo de leitura\" \/>\n\t<meta name=\"twitter:data2\" content=\"1 minuto\" \/>\n<script type=\"application\/ld+json\" class=\"yoast-schema-graph\">{\"@context\":\"https:\\\/\\\/schema.org\",\"@graph\":[{\"@type\":\"Article\",\"@id\":\"https:\\\/\\\/aconteceunovale.com.br\\\/portal\\\/?p=196848#article\",\"isPartOf\":{\"@id\":\"https:\\\/\\\/aconteceunovale.com.br\\\/portal\\\/?p=196848\"},\"author\":{\"name\":\"Reda\u00e7\u00e3o Aconteceu no Vale\",\"@id\":\"https:\\\/\\\/aconteceunovale.com.br\\\/portal\\\/#\\\/schema\\\/person\\\/7d2f26d1483f8a63de73da1ee0754d35\"},\"headline\":\"Trecho da MG-202 \u00e9 interditado devido ao rompimento de passagem molhada\",\"datePublished\":\"2025-02-01T21:53:29+00:00\",\"dateModified\":\"2025-02-01T21:54:45+00:00\",\"mainEntityOfPage\":{\"@id\":\"https:\\\/\\\/aconteceunovale.com.br\\\/portal\\\/?p=196848\"},\"wordCount\":301,\"commentCount\":0,\"image\":{\"@id\":\"https:\\\/\\\/aconteceunovale.com.br\\\/portal\\\/?p=196848#primaryimage\"},\"thumbnailUrl\":\"https:\\\/\\\/aconteceunovale.com.br\\\/portal\\\/wp-content\\\/uploads\\\/2025\\\/02\\\/interdicao_nm_2.jpeg\",\"keywords\":[\"Bonfin\u00f3polis de Minas\",\"Bras\u00edlia de Minas\",\"Cora\u00e7\u00e3o de Jesus\",\"DER-MG\",\"destaque\",\"Interdi\u00e7\u00e3o da estrada entre Urucuia e Pint\u00f3polis\",\"Interdi\u00e7\u00e3o da MG-202\",\"Interdi\u00e7\u00e3o da MG-202 entre Urucuia e Pint\u00f3polis\",\"Jequita\u00ed\",\"Jo\u00e3o Pinheiro\",\"MG-202\",\"Pint\u00f3polis\",\"Pirapora\",\"Riachinho\",\"S\u00e3o Francisco\",\"Trecho da MG-202 \u00e9 interditado devido ao rompimento de passagem molhada\",\"Urucuia\"],\"articleSection\":[\"Norte de Minas\"],\"inLanguage\":\"pt-BR\",\"potentialAction\":[{\"@type\":\"CommentAction\",\"name\":\"Comment\",\"target\":[\"https:\\\/\\\/aconteceunovale.com.br\\\/portal\\\/?p=196848#respond\"]}]},{\"@type\":\"WebPage\",\"@id\":\"https:\\\/\\\/aconteceunovale.com.br\\\/portal\\\/?p=196848\",\"url\":\"https:\\\/\\\/aconteceunovale.com.br\\\/portal\\\/?p=196848\",\"name\":\"Trecho da MG-202 \u00e9 interditado devido ao rompimento de passagem molhada - Aconteceu no Vale\",\"isPartOf\":{\"@id\":\"https:\\\/\\\/aconteceunovale.com.br\\\/portal\\\/#website\"},\"primaryImageOfPage\":{\"@id\":\"https:\\\/\\\/aconteceunovale.com.br\\\/portal\\\/?p=196848#primaryimage\"},\"image\":{\"@id\":\"https:\\\/\\\/aconteceunovale.com.br\\\/portal\\\/?p=196848#primaryimage\"},\"thumbnailUrl\":\"https:\\\/\\\/aconteceunovale.com.br\\\/portal\\\/wp-content\\\/uploads\\\/2025\\\/02\\\/interdicao_nm_2.jpeg\",\"datePublished\":\"2025-02-01T21:53:29+00:00\",\"dateModified\":\"2025-02-01T21:54:45+00:00\",\"author\":{\"@id\":\"https:\\\/\\\/aconteceunovale.com.br\\\/portal\\\/#\\\/schema\\\/person\\\/7d2f26d1483f8a63de73da1ee0754d35\"},\"breadcrumb\":{\"@id\":\"https:\\\/\\\/aconteceunovale.com.br\\\/portal\\\/?p=196848#breadcrumb\"},\"inLanguage\":\"pt-BR\",\"potentialAction\":[{\"@type\":\"ReadAction\",\"target\":[\"https:\\\/\\\/aconteceunovale.com.br\\\/portal\\\/?p=196848\"]}]},{\"@type\":\"ImageObject\",\"inLanguage\":\"pt-BR\",\"@id\":\"https:\\\/\\\/aconteceunovale.com.br\\\/portal\\\/?p=196848#primaryimage\",\"url\":\"https:\\\/\\\/aconteceunovale.com.br\\\/portal\\\/wp-content\\\/uploads\\\/2025\\\/02\\\/interdicao_nm_2.jpeg\",\"contentUrl\":\"https:\\\/\\\/aconteceunovale.com.br\\\/portal\\\/wp-content\\\/uploads\\\/2025\\\/02\\\/interdicao_nm_2.jpeg\",\"width\":678,\"height\":381,\"caption\":\"Foto: Divulga\u00e7\u00e3o \\\/ DER-MG\"},{\"@type\":\"BreadcrumbList\",\"@id\":\"https:\\\/\\\/aconteceunovale.com.br\\\/portal\\\/?p=196848#breadcrumb\",\"itemListElement\":[{\"@type\":\"ListItem\",\"position\":1,\"name\":\"In\u00edcio\",\"item\":\"https:\\\/\\\/aconteceunovale.com.br\\\/portal\\\/\"},{\"@type\":\"ListItem\",\"position\":2,\"name\":\"Trecho da MG-202 \u00e9 interditado devido ao rompimento de passagem molhada\"}]},{\"@type\":\"WebSite\",\"@id\":\"https:\\\/\\\/aconteceunovale.com.br\\\/portal\\\/#website\",\"url\":\"https:\\\/\\\/aconteceunovale.com.br\\\/portal\\\/\",\"name\":\"Aconteceu no Vale\",\"description\":\"Portal de Not\u00edcias\",\"potentialAction\":[{\"@type\":\"SearchAction\",\"target\":{\"@type\":\"EntryPoint\",\"urlTemplate\":\"https:\\\/\\\/aconteceunovale.com.br\\\/portal\\\/?s={search_term_string}\"},\"query-input\":{\"@type\":\"PropertyValueSpecification\",\"valueRequired\":true,\"valueName\":\"search_term_string\"}}],\"inLanguage\":\"pt-BR\"},{\"@type\":\"Person\",\"@id\":\"https:\\\/\\\/aconteceunovale.com.br\\\/portal\\\/#\\\/schema\\\/person\\\/7d2f26d1483f8a63de73da1ee0754d35\",\"name\":\"Reda\u00e7\u00e3o Aconteceu no Vale\",\"description\":\"Equipe de reportagem do Aconteceu no Vale, portal de not\u00edcias do Vale do Jequitinhonha, em Minas Gerais. Cobrimos as 51 cidades do Vale desde 2013. Sugest\u00f5es de pauta e pedidos de corre\u00e7\u00e3o: contato@aconteceunovale.com.br\",\"url\":\"https:\\\/\\\/aconteceunovale.com.br\\\/portal\\\/?author=4\"}]}<\/script>\n<!-- \/ Yoast SEO plugin. -->","yoast_head_json":{"title":"Trecho da MG-202 \u00e9 interditado devido ao rompimento de passagem molhada - Aconteceu no Vale","robots":{"index":"index","follow":"follow","max-snippet":"max-snippet:-1","max-image-preview":"max-image-preview:large","max-video-preview":"max-video-preview:-1"},"canonical":"https:\/\/aconteceunovale.com.br\/portal\/?p=196848","og_locale":"pt_BR","og_type":"article","og_title":"Trecho da MG-202 \u00e9 interditado devido ao rompimento de passagem molhada - Aconteceu no Vale","og_description":"O Departamento de Estradas de Rodagem de Minas Gerais (DER-MG) interditou, na tarde dessa sexta-feira (31\/1\/2025), o tr\u00e1fego de ve\u00edculos no km 317 da MG-202, no trecho entre Pint\u00f3polis e Urucuia, devido ao rompimento da passagem molhada sobre o ribeir\u00e3o das Pedras. T\u00e9cnicos do \u00f3rg\u00e3o foram acionados para sinalizar a via e iniciar as a\u00e7\u00f5es [&hellip;]","og_url":"https:\/\/aconteceunovale.com.br\/portal\/?p=196848","og_site_name":"Aconteceu no Vale","article_publisher":"https:\/\/www.facebook.com\/aconteceunovale\/","article_published_time":"2025-02-01T21:53:29+00:00","article_modified_time":"2025-02-01T21:54:45+00:00","og_image":[{"width":678,"height":381,"url":"https:\/\/aconteceunovale.com.br\/portal\/wp-content\/uploads\/2025\/02\/interdicao_nm_2.jpeg","type":"image\/jpeg"}],"author":"Reda\u00e7\u00e3o Aconteceu no Vale","twitter_card":"summary_large_image","twitter_creator":"@noticiadosvales","twitter_site":"@noticiadosvales","twitter_misc":{"Escrito por":"Reda\u00e7\u00e3o Aconteceu no Vale","Est. tempo de leitura":"1 minuto"},"schema":{"@context":"https:\/\/schema.org","@graph":[{"@type":"Article","@id":"https:\/\/aconteceunovale.com.br\/portal\/?p=196848#article","isPartOf":{"@id":"https:\/\/aconteceunovale.com.br\/portal\/?p=196848"},"author":{"name":"Reda\u00e7\u00e3o Aconteceu no Vale","@id":"https:\/\/aconteceunovale.com.br\/portal\/#\/schema\/person\/7d2f26d1483f8a63de73da1ee0754d35"},"headline":"Trecho da MG-202 \u00e9 interditado devido ao rompimento de passagem molhada","datePublished":"2025-02-01T21:53:29+00:00","dateModified":"2025-02-01T21:54:45+00:00","mainEntityOfPage":{"@id":"https:\/\/aconteceunovale.com.br\/portal\/?p=196848"},"wordCount":301,"commentCount":0,"image":{"@id":"https:\/\/aconteceunovale.com.br\/portal\/?p=196848#primaryimage"},"thumbnailUrl":"https:\/\/aconteceunovale.com.br\/portal\/wp-content\/uploads\/2025\/02\/interdicao_nm_2.jpeg","keywords":["Bonfin\u00f3polis de Minas","Bras\u00edlia de Minas","Cora\u00e7\u00e3o de Jesus","DER-MG","destaque","Interdi\u00e7\u00e3o da estrada entre Urucuia e Pint\u00f3polis","Interdi\u00e7\u00e3o da MG-202","Interdi\u00e7\u00e3o da MG-202 entre Urucuia e Pint\u00f3polis","Jequita\u00ed","Jo\u00e3o Pinheiro","MG-202","Pint\u00f3polis","Pirapora","Riachinho","S\u00e3o Francisco","Trecho da MG-202 \u00e9 interditado devido ao rompimento de passagem molhada","Urucuia"],"articleSection":["Norte de Minas"],"inLanguage":"pt-BR","potentialAction":[{"@type":"CommentAction","name":"Comment","target":["https:\/\/aconteceunovale.com.br\/portal\/?p=196848#respond"]}]},{"@type":"WebPage","@id":"https:\/\/aconteceunovale.com.br\/portal\/?p=196848","url":"https:\/\/aconteceunovale.com.br\/portal\/?p=196848","name":"Trecho da MG-202 \u00e9 interditado devido ao rompimento de passagem molhada - Aconteceu no Vale","isPartOf":{"@id":"https:\/\/aconteceunovale.com.br\/portal\/#website"},"primaryImageOfPage":{"@id":"https:\/\/aconteceunovale.com.br\/portal\/?p=196848#primaryimage"},"image":{"@id":"https:\/\/aconteceunovale.com.br\/portal\/?p=196848#primaryimage"},"thumbnailUrl":"https:\/\/aconteceunovale.com.br\/portal\/wp-content\/uploads\/2025\/02\/interdicao_nm_2.jpeg","datePublished":"2025-02-01T21:53:29+00:00","dateModified":"2025-02-01T21:54:45+00:00","author":{"@id":"https:\/\/aconteceunovale.com.br\/portal\/#\/schema\/person\/7d2f26d1483f8a63de73da1ee0754d35"},"breadcrumb":{"@id":"https:\/\/aconteceunovale.com.br\/portal\/?p=196848#breadcrumb"},"inLanguage":"pt-BR","potentialAction":[{"@type":"ReadAction","target":["https:\/\/aconteceunovale.com.br\/portal\/?p=196848"]}]},{"@type":"ImageObject","inLanguage":"pt-BR","@id":"https:\/\/aconteceunovale.com.br\/portal\/?p=196848#primaryimage","url":"https:\/\/aconteceunovale.com.br\/portal\/wp-content\/uploads\/2025\/02\/interdicao_nm_2.jpeg","contentUrl":"https:\/\/aconteceunovale.com.br\/portal\/wp-content\/uploads\/2025\/02\/interdicao_nm_2.jpeg","width":678,"height":381,"caption":"Foto: Divulga\u00e7\u00e3o \/ DER-MG"},{"@type":"BreadcrumbList","@id":"https:\/\/aconteceunovale.com.br\/portal\/?p=196848#breadcrumb","itemListElement":[{"@type":"ListItem","position":1,"name":"In\u00edcio","item":"https:\/\/aconteceunovale.com.br\/portal\/"},{"@type":"ListItem","position":2,"name":"Trecho da MG-202 \u00e9 interditado devido ao rompimento de passagem molhada"}]},{"@type":"WebSite","@id":"https:\/\/aconteceunovale.com.br\/portal\/#website","url":"https:\/\/aconteceunovale.com.br\/portal\/","name":"Aconteceu no Vale","description":"Portal de Not\u00edcias","potentialAction":[{"@type":"SearchAction","target":{"@type":"EntryPoint","urlTemplate":"https:\/\/aconteceunovale.com.br\/portal\/?s={search_term_string}"},"query-input":{"@type":"PropertyValueSpecification","valueRequired":true,"valueName":"search_term_string"}}],"inLanguage":"pt-BR"},{"@type":"Person","@id":"https:\/\/aconteceunovale.com.br\/portal\/#\/schema\/person\/7d2f26d1483f8a63de73da1ee0754d35","name":"Reda\u00e7\u00e3o Aconteceu no Vale","description":"Equipe de reportagem do Aconteceu no Vale, portal de not\u00edcias do Vale do Jequitinhonha, em Minas Gerais. Cobrimos as 51 cidades do Vale desde 2013. Sugest\u00f5es de pauta e pedidos de corre\u00e7\u00e3o: contato@aconteceunovale.com.br","url":"https:\/\/aconteceunovale.com.br\/portal\/?author=4"}]}},"_links":{"self":[{"href":"https:\/\/aconteceunovale.com.br\/portal\/index.php?rest_route=\/wp\/v2\/posts\/196848","targetHints":{"allow":["GET"]}}],"collection":[{"href":"https:\/\/aconteceunovale.com.br\/portal\/index.php?rest_route=\/wp\/v2\/posts"}],"about":[{"href":"https:\/\/aconteceunovale.com.br\/portal\/index.php?rest_route=\/wp\/v2\/types\/post"}],"author":[{"embeddable":true,"href":"https:\/\/aconteceunovale.com.br\/portal\/index.php?rest_route=\/wp\/v2\/users\/4"}],"replies":[{"embeddable":true,"href":"https:\/\/aconteceunovale.com.br\/portal\/index.php?rest_route=%2Fwp%2Fv2%2Fcomments&post=196848"}],"version-history":[{"count":1,"href":"https:\/\/aconteceunovale.com.br\/portal\/index.php?rest_route=\/wp\/v2\/posts\/196848\/revisions"}],"predecessor-version":[{"id":196851,"href":"https:\/\/aconteceunovale.com.br\/portal\/index.php?rest_route=\/wp\/v2\/posts\/196848\/revisions\/196851"}],"wp:featuredmedia":[{"embeddable":true,"href":"https:\/\/aconteceunovale.com.br\/portal\/index.php?rest_route=\/wp\/v2\/media\/196850"}],"wp:attachment":[{"href":"https:\/\/aconteceunovale.com.br\/portal\/index.php?rest_route=%2Fwp%2Fv2%2Fmedia&parent=196848"}],"wp:term":[{"taxonomy":"category","embeddable":true,"href":"https:\/\/aconteceunovale.com.br\/portal\/index.php?rest_route=%2Fwp%2Fv2%2Fcategories&post=196848"},{"taxonomy":"post_tag","embeddable":true,"href":"https:\/\/aconteceunovale.com.br\/portal\/index.php?rest_route=%2Fwp%2Fv2%2Ftags&post=196848"}],"curies":[{"name":"wp","href":"https:\/\/api.w.org\/{rel}","templated":true}]}}