{"id":196837,"date":"2025-02-01T17:36:38","date_gmt":"2025-02-01T20:36:38","guid":{"rendered":"https:\/\/aconteceunovale.com.br\/portal\/?p=196837"},"modified":"2025-02-01T17:37:22","modified_gmt":"2025-02-01T20:37:22","slug":"davi-alcolumbre-e-eleito-presidente-do-senado-com-ampla-maioria","status":"publish","type":"post","link":"https:\/\/aconteceunovale.com.br\/portal\/?p=196837","title":{"rendered":"Davi Alcolumbre \u00e9 eleito presidente do Senado com ampla maioria"},"content":{"rendered":"\n<p class=\"wp-block-paragraph\">O senador Davi Alcolumbre (Uni\u00e3o Brasil-AP) foi eleito neste s\u00e1bado (1\/2\/2025) presidente do Senado para o bi\u00eanio 2025-2026, com 73 dos 81 votos. A reuni\u00e3o preparat\u00f3ria teve in\u00edcio pouco depois das 10h, e durante as falas dos candidatos, os senadores Marcos do Val (Podemos-ES) e Soraya Thronicke (Podemos-MS) retiraram suas candidaturas. Com isso, Alcolumbre disputou o cargo com os senadores Marcos Pontes (PL-SP) e Eduardo Gir\u00e3o (Novo-CE).<\/p>\n\n\n\n<figure class=\"wp-block-gallery has-nested-images columns-default is-cropped wp-block-gallery-1 is-layout-flex wp-block-gallery-is-layout-flex\">\n<figure class=\"wp-block-image size-large\"><img loading=\"lazy\" decoding=\"async\" width=\"678\" height=\"406\" data-id=\"196838\" src=\"https:\/\/aconteceunovale.com.br\/portal\/wp-content\/uploads\/2025\/02\/alcolumbre_eleito_1.png\" alt=\"\" class=\"wp-image-196838\" srcset=\"https:\/\/aconteceunovale.com.br\/portal\/wp-content\/uploads\/2025\/02\/alcolumbre_eleito_1.png 678w, https:\/\/aconteceunovale.com.br\/portal\/wp-content\/uploads\/2025\/02\/alcolumbre_eleito_1-300x180.png 300w\" sizes=\"auto, (max-width: 678px) 100vw, 678px\" \/><figcaption class=\"wp-element-caption\"><em>Foto: Edilson Rodrigues\/Ag\u00eancia Senado<\/em><\/figcaption><\/figure>\n<\/figure>\n\n\n\n<p class=\"wp-block-paragraph\">Em seu discurso, Alcolumbre se declarou um \u201cdefensor intransigente\u201d do di\u00e1logo e da constru\u00e7\u00e3o coletiva. \u201cVoc\u00eas me conhecem, sabem do meu compromisso verdadeiro com essa institui\u00e7\u00e3o e com o Brasil. Acima de tudo, com a popula\u00e7\u00e3o que confia em cada um de n\u00f3s para representar os seus sonhos e as suas esperan\u00e7as\u201d, afirmou.<\/p>\n\n\n\n<p class=\"wp-block-paragraph\">Marcos Pontes destacou a necessidade de mudan\u00e7as no pa\u00eds. \u201cO povo est\u00e1 aflito. Nossos eleitores nos pedem: \u2018Fa\u00e7am alguma coisa\u2019\u201d, disse. J\u00e1 Eduardo Gir\u00e3o criticou a imagem do Senado, alegando que a institui\u00e7\u00e3o n\u00e3o enfrentou os desafios necess\u00e1rios.<\/p>\n\n\n\n<h3 class=\"wp-block-heading\"><strong>Atribui\u00e7\u00f5es do presidente do Senado<\/strong><\/h3>\n\n\n\n<p class=\"wp-block-paragraph\">O presidente do Senado tamb\u00e9m chefia o Congresso Nacional, sendo respons\u00e1vel por empossar o presidente da Rep\u00fablica, convocar sess\u00f5es extraordin\u00e1rias e receber pedidos de impeachment de ministros do Supremo Tribunal Federal (STF). Ele tamb\u00e9m define a pauta das sess\u00f5es da Casa e do Congresso.<\/p>\n\n\n\n<figure class=\"wp-block-gallery has-nested-images columns-default is-cropped wp-block-gallery-2 is-layout-flex wp-block-gallery-is-layout-flex\">\n<figure class=\"wp-block-image size-large\"><img loading=\"lazy\" decoding=\"async\" width=\"678\" height=\"406\" data-id=\"196839\" src=\"https:\/\/aconteceunovale.com.br\/portal\/wp-content\/uploads\/2025\/02\/alcolumbre_eleito_2.png\" alt=\"\" class=\"wp-image-196839\" srcset=\"https:\/\/aconteceunovale.com.br\/portal\/wp-content\/uploads\/2025\/02\/alcolumbre_eleito_2.png 678w, https:\/\/aconteceunovale.com.br\/portal\/wp-content\/uploads\/2025\/02\/alcolumbre_eleito_2-300x180.png 300w\" sizes=\"auto, (max-width: 678px) 100vw, 678px\" \/><figcaption class=\"wp-element-caption\"><em>Foto: Ant\u00f4nio Cruz\/Ag\u00eancia Brasil<\/em><\/figcaption><\/figure>\n<\/figure>\n\n\n\n<h3 class=\"wp-block-heading\"><strong>&#8220;N\u00e3o estou em busca de protagonismo&#8221;, diz Alcolumbre<\/strong><\/h3>\n\n\n\n<p class=\"wp-block-paragraph\">Ap\u00f3s ser eleito, Alcolumbre refor\u00e7ou que seu objetivo \u00e9 atuar como mediador. \u201cN\u00e3o \u00e9 isso que me move aqui. Quero ser um catalisador desse Senado e ajudar a construir os consensos necess\u00e1rios para melhorar a vida da popula\u00e7\u00e3o brasileira\u201d.<\/p>\n\n\n\n<p class=\"wp-block-paragraph\">Ele tamb\u00e9m destacou que sua vota\u00e7\u00e3o foi expressiva. \u201cSeis anos depois, com a unidade pol\u00edtica de partidos que pensam diferente, o painel marca 73 votos \u00e0 nossa candidatura. Isso representa claramente o amplo respaldo pol\u00edtico que esse plen\u00e1rio est\u00e1 conferindo ao projeto coletivo que constru\u00edmos juntos\u201d, afirmou.<\/p>\n\n\n\n<h3 class=\"wp-block-heading\"><strong>Nova Mesa Diretora \u00e9 eleita por aclama\u00e7\u00e3o<\/strong><\/h3>\n\n\n\n<p class=\"wp-block-paragraph\">Ap\u00f3s a elei\u00e7\u00e3o de Alcolumbre, os senadores definiram os integrantes da Mesa Diretora para o bi\u00eanio 2025-2026. A chapa \u00fanica foi eleita por aclama\u00e7\u00e3o:<\/p>\n\n\n\n<ul class=\"wp-block-list\">\n<li><strong>Primeira-Vice-Presid\u00eancia:<\/strong> Eduardo Gomes (PL-TO)<\/li>\n\n\n\n<li><strong>Segunda-Vice-Presid\u00eancia:<\/strong> Humberto Costa (PT-PE)<\/li>\n\n\n\n<li><strong>Primeira-Secretaria:<\/strong> Daniella Ribeiro (PSD-PB)<\/li>\n\n\n\n<li><strong>Segunda-Secretaria:<\/strong> Conf\u00facio Moura (MDB-RO)<\/li>\n\n\n\n<li><strong>Terceira-Secretaria:<\/strong> Ana Paula Lobato (PDT-MA)<\/li>\n\n\n\n<li><strong>Quarta-Secretaria:<\/strong> La\u00e9rcio Oliveira (PP-SE)<\/li>\n<\/ul>\n\n\n\n<p class=\"wp-block-paragraph\">Os suplentes tamb\u00e9m foram definidos:<\/p>\n\n\n\n<ul class=\"wp-block-list\">\n<li>Chico Rodrigues (PSB-RR)<\/li>\n\n\n\n<li>Mecias de Jesus (Republicanos-RR)<\/li>\n\n\n\n<li>Styvenson Valentim (PSDB-RN)<\/li>\n\n\n\n<li>Soraya Thronicke (Podemos-MS)<\/li>\n<\/ul>\n\n\n\n<p class=\"wp-block-paragraph\">Alcolumbre convocou sess\u00e3o solene para segunda-feira (3), \u00e0s 16h, no plen\u00e1rio da C\u00e2mara dos Deputados, para inaugurar a terceira sess\u00e3o legislativa ordin\u00e1ria da 57\u00aa legislatura.<\/p>\n\n\n\n<h3 class=\"wp-block-heading\"><strong>\u201cMelhor caminho para o Brasil \u00e9 a pacifica\u00e7\u00e3o\u201d<\/strong><\/h3>\n\n\n\n<figure class=\"wp-block-gallery has-nested-images columns-default is-cropped wp-block-gallery-3 is-layout-flex wp-block-gallery-is-layout-flex\">\n<figure class=\"wp-block-image size-large\"><img loading=\"lazy\" decoding=\"async\" width=\"678\" height=\"406\" data-id=\"196840\" src=\"https:\/\/aconteceunovale.com.br\/portal\/wp-content\/uploads\/2025\/02\/alcolumbre_eleito_3.png\" alt=\"\" class=\"wp-image-196840\" srcset=\"https:\/\/aconteceunovale.com.br\/portal\/wp-content\/uploads\/2025\/02\/alcolumbre_eleito_3.png 678w, https:\/\/aconteceunovale.com.br\/portal\/wp-content\/uploads\/2025\/02\/alcolumbre_eleito_3-300x180.png 300w\" sizes=\"auto, (max-width: 678px) 100vw, 678px\" \/><figcaption class=\"wp-element-caption\"><em>Foto: Ant\u00f4nio Cruz\/Ag\u00eancia Brasil<\/em><\/figcaption><\/figure>\n<\/figure>\n\n\n\n<p class=\"wp-block-paragraph\">Alcolumbre comemorou os 73 votos recebidos. \u201cUma das vit\u00f3rias mais expressivas que o Senado j\u00e1 viu nos \u00faltimos anos e por que n\u00e3o dizer nas \u00faltimas d\u00e9cadas\u201d.<\/p>\n\n\n\n<p class=\"wp-block-paragraph\">Segundo ele, a diversidade de partidos na Mesa Diretora reflete a democracia e o di\u00e1logo. \u201cO melhor caminho para o Brasil e para a defesa dos interesses do povo brasileiro \u00e9 a pacifica\u00e7\u00e3o, a concilia\u00e7\u00e3o, a uni\u00e3o nacional em favor das causas que verdadeiramente precisam ser vistas pelo Parlamento\u201d.<\/p>\n\n\n\n<p class=\"wp-block-paragraph\">Em entrevista, Alcolumbre refor\u00e7ou que a pol\u00edtica \u00e9 essencial para transformar a sociedade. \u201cSe tem uma coisa que continuarei defendendo, de maneira respons\u00e1vel, transparente e equilibrada, \u00e9 a condi\u00e7\u00e3o de um parlamentar poder viabilizar recursos para seus munic\u00edpios\u201d.<\/p>\n\n\n\n<h3 class=\"wp-block-heading\"><strong>Independ\u00eancia do Legislativo<\/strong><\/h3>\n\n\n\n<p class=\"wp-block-paragraph\">O novo presidente do Senado reafirmou sua inten\u00e7\u00e3o de manter a independ\u00eancia do Legislativo. \u201cVou trabalhar lado a lado, apoiando a agenda do governo, apoiando a agenda do Brasil e pedindo a independ\u00eancia e a autoridade de senadores que pensam diferente\u201d.<\/p>\n\n\n\n<p class=\"wp-block-paragraph\">Ele tamb\u00e9m defendeu o di\u00e1logo como ferramenta essencial na pol\u00edtica. \u201cQuero ser uma ponte. Infelizmente, as pessoas est\u00e3o destruindo as pontes. Estamos ficando sem uma ponte de di\u00e1logo para sentar numa mesa com civilidade e ouvir a opini\u00e3o contr\u00e1ria sem agredir ou atacar\u201d, concluiu.<\/p>\n","protected":false},"excerpt":{"rendered":"<p>O senador Davi Alcolumbre (Uni\u00e3o Brasil-AP) foi eleito neste s\u00e1bado (1\/2\/2025) presidente do Senado para o bi\u00eanio 2025-2026, com 73 dos 81 votos. A reuni\u00e3o preparat\u00f3ria teve in\u00edcio pouco depois das 10h, e durante as falas dos candidatos, os senadores Marcos do Val (Podemos-ES) e Soraya Thronicke (Podemos-MS) retiraram suas candidaturas. Com isso, Alcolumbre disputou [&hellip;]<\/p>\n","protected":false},"author":4,"featured_media":196840,"comment_status":"open","ping_status":"closed","sticky":false,"template":"","format":"standard","meta":{"amp_status":"","footnotes":""},"categories":[6,40240],"tags":[235961,20922,193841,271146,271110,271111,1018,271112,137748,31969,271147,227484,31968,271148,245816,41221,271109,21938,93812],"class_list":["post-196837","post","type-post","status-publish","format-standard","has-post-thumbnail","hentry","category-br","category-politica","tag-arthur-lira","tag-camara-dos-deputados","tag-davi-alcolumbre","tag-davi-alcolumbre-e-eleito-presidente-do-senado-com-ampla-maioria","tag-despedida-de-rodrigo-pacheco","tag-despedida-do-presidente-do-senado-rodrigo-pacheco","tag-destaque","tag-eleicao-para-o-congresso-nacional","tag-eleicao-para-presidente-da-camara","tag-eleicao-para-presidente-do-senado","tag-presidente-davi-alcolumbre","tag-presidente-do-congresso-nacional","tag-presidente-do-senado","tag-presidente-do-senado-davi-alcolumbre","tag-psd-mg","tag-rodrigo-pacheco","tag-rodrigo-pacheco-encerra-mandato-e-destaca-defesa-da-democracia-como-legado","tag-senado","tag-senado-federal"],"yoast_head":"<!-- This site is optimized with the Yoast SEO plugin v28.3 - https:\/\/yoast.com\/product\/yoast-seo-wordpress\/ -->\n<title>Davi Alcolumbre \u00e9 eleito presidente do Senado com ampla maioria - Aconteceu no Vale<\/title>\n<meta name=\"robots\" content=\"index, follow, max-snippet:-1, max-image-preview:large, max-video-preview:-1\" \/>\n<link rel=\"canonical\" href=\"https:\/\/aconteceunovale.com.br\/portal\/?p=196837\" \/>\n<meta property=\"og:locale\" content=\"pt_BR\" \/>\n<meta property=\"og:type\" content=\"article\" \/>\n<meta property=\"og:title\" content=\"Davi Alcolumbre \u00e9 eleito presidente do Senado com ampla maioria - Aconteceu no Vale\" \/>\n<meta property=\"og:description\" content=\"O senador Davi Alcolumbre (Uni\u00e3o Brasil-AP) foi eleito neste s\u00e1bado (1\/2\/2025) presidente do Senado para o bi\u00eanio 2025-2026, com 73 dos 81 votos. A reuni\u00e3o preparat\u00f3ria teve in\u00edcio pouco depois das 10h, e durante as falas dos candidatos, os senadores Marcos do Val (Podemos-ES) e Soraya Thronicke (Podemos-MS) retiraram suas candidaturas. Com isso, Alcolumbre disputou [&hellip;]\" \/>\n<meta property=\"og:url\" content=\"https:\/\/aconteceunovale.com.br\/portal\/?p=196837\" \/>\n<meta property=\"og:site_name\" content=\"Aconteceu no Vale\" \/>\n<meta property=\"article:publisher\" content=\"https:\/\/www.facebook.com\/aconteceunovale\/\" \/>\n<meta property=\"article:published_time\" content=\"2025-02-01T20:36:38+00:00\" \/>\n<meta property=\"article:modified_time\" content=\"2025-02-01T20:37:22+00:00\" \/>\n<meta property=\"og:image\" content=\"https:\/\/aconteceunovale.com.br\/portal\/wp-content\/uploads\/2025\/02\/alcolumbre_eleito_3.png\" \/>\n\t<meta property=\"og:image:width\" content=\"678\" \/>\n\t<meta property=\"og:image:height\" content=\"406\" \/>\n\t<meta property=\"og:image:type\" content=\"image\/png\" \/>\n<meta name=\"author\" content=\"Reda\u00e7\u00e3o Aconteceu no Vale\" \/>\n<meta name=\"twitter:card\" content=\"summary_large_image\" \/>\n<meta name=\"twitter:creator\" content=\"@noticiadosvales\" \/>\n<meta name=\"twitter:site\" content=\"@noticiadosvales\" \/>\n<meta name=\"twitter:label1\" content=\"Escrito por\" \/>\n\t<meta name=\"twitter:data1\" content=\"Reda\u00e7\u00e3o Aconteceu no Vale\" \/>\n\t<meta name=\"twitter:label2\" content=\"Est. tempo de leitura\" \/>\n\t<meta name=\"twitter:data2\" content=\"3 minutos\" \/>\n<script type=\"application\/ld+json\" class=\"yoast-schema-graph\">{\"@context\":\"https:\\\/\\\/schema.org\",\"@graph\":[{\"@type\":\"Article\",\"@id\":\"https:\\\/\\\/aconteceunovale.com.br\\\/portal\\\/?p=196837#article\",\"isPartOf\":{\"@id\":\"https:\\\/\\\/aconteceunovale.com.br\\\/portal\\\/?p=196837\"},\"author\":{\"name\":\"Reda\u00e7\u00e3o Aconteceu no Vale\",\"@id\":\"https:\\\/\\\/aconteceunovale.com.br\\\/portal\\\/#\\\/schema\\\/person\\\/7d2f26d1483f8a63de73da1ee0754d35\"},\"headline\":\"Davi Alcolumbre \u00e9 eleito presidente do Senado com ampla maioria\",\"datePublished\":\"2025-02-01T20:36:38+00:00\",\"dateModified\":\"2025-02-01T20:37:22+00:00\",\"mainEntityOfPage\":{\"@id\":\"https:\\\/\\\/aconteceunovale.com.br\\\/portal\\\/?p=196837\"},\"wordCount\":704,\"commentCount\":0,\"image\":{\"@id\":\"https:\\\/\\\/aconteceunovale.com.br\\\/portal\\\/?p=196837#primaryimage\"},\"thumbnailUrl\":\"https:\\\/\\\/aconteceunovale.com.br\\\/portal\\\/wp-content\\\/uploads\\\/2025\\\/02\\\/alcolumbre_eleito_3.png\",\"keywords\":[\"Arthur Lira\",\"C\u00e2mara dos Deputados\",\"Davi Alcolumbre\",\"Davi Alcolumbre \u00e9 eleito presidente do Senado com ampla maioria\",\"Despedida de Rodrigo Pacheco\",\"Despedida do Presidente do Senado Rodrigo Pacheco\",\"destaque\",\"Elei\u00e7\u00e3o para o Congresso Nacional\",\"Elei\u00e7\u00e3o para presidente da c\u00e2mara\",\"elei\u00e7\u00e3o para presidente do senado\",\"Presidente Davi Alcolumbre\",\"Presidente do Congresso Nacional\",\"presidente do senado\",\"Presidente do Senado Davi Alcolumbre\",\"PSD-MG\",\"Rodrigo Pacheco\",\"Rodrigo Pacheco encerra mandato e destaca defesa da democracia como legado\",\"Senado\",\"Senado Federal\"],\"articleSection\":[\"Brasil\",\"Pol\u00edtica\"],\"inLanguage\":\"pt-BR\",\"potentialAction\":[{\"@type\":\"CommentAction\",\"name\":\"Comment\",\"target\":[\"https:\\\/\\\/aconteceunovale.com.br\\\/portal\\\/?p=196837#respond\"]}]},{\"@type\":\"WebPage\",\"@id\":\"https:\\\/\\\/aconteceunovale.com.br\\\/portal\\\/?p=196837\",\"url\":\"https:\\\/\\\/aconteceunovale.com.br\\\/portal\\\/?p=196837\",\"name\":\"Davi Alcolumbre \u00e9 eleito presidente do Senado com ampla maioria - Aconteceu no Vale\",\"isPartOf\":{\"@id\":\"https:\\\/\\\/aconteceunovale.com.br\\\/portal\\\/#website\"},\"primaryImageOfPage\":{\"@id\":\"https:\\\/\\\/aconteceunovale.com.br\\\/portal\\\/?p=196837#primaryimage\"},\"image\":{\"@id\":\"https:\\\/\\\/aconteceunovale.com.br\\\/portal\\\/?p=196837#primaryimage\"},\"thumbnailUrl\":\"https:\\\/\\\/aconteceunovale.com.br\\\/portal\\\/wp-content\\\/uploads\\\/2025\\\/02\\\/alcolumbre_eleito_3.png\",\"datePublished\":\"2025-02-01T20:36:38+00:00\",\"dateModified\":\"2025-02-01T20:37:22+00:00\",\"author\":{\"@id\":\"https:\\\/\\\/aconteceunovale.com.br\\\/portal\\\/#\\\/schema\\\/person\\\/7d2f26d1483f8a63de73da1ee0754d35\"},\"breadcrumb\":{\"@id\":\"https:\\\/\\\/aconteceunovale.com.br\\\/portal\\\/?p=196837#breadcrumb\"},\"inLanguage\":\"pt-BR\",\"potentialAction\":[{\"@type\":\"ReadAction\",\"target\":[\"https:\\\/\\\/aconteceunovale.com.br\\\/portal\\\/?p=196837\"]}]},{\"@type\":\"ImageObject\",\"inLanguage\":\"pt-BR\",\"@id\":\"https:\\\/\\\/aconteceunovale.com.br\\\/portal\\\/?p=196837#primaryimage\",\"url\":\"https:\\\/\\\/aconteceunovale.com.br\\\/portal\\\/wp-content\\\/uploads\\\/2025\\\/02\\\/alcolumbre_eleito_3.png\",\"contentUrl\":\"https:\\\/\\\/aconteceunovale.com.br\\\/portal\\\/wp-content\\\/uploads\\\/2025\\\/02\\\/alcolumbre_eleito_3.png\",\"width\":678,\"height\":406,\"caption\":\"Foto: Ant\u00f4nio Cruz\\\/Ag\u00eancia Brasil\"},{\"@type\":\"BreadcrumbList\",\"@id\":\"https:\\\/\\\/aconteceunovale.com.br\\\/portal\\\/?p=196837#breadcrumb\",\"itemListElement\":[{\"@type\":\"ListItem\",\"position\":1,\"name\":\"In\u00edcio\",\"item\":\"https:\\\/\\\/aconteceunovale.com.br\\\/portal\\\/\"},{\"@type\":\"ListItem\",\"position\":2,\"name\":\"Davi Alcolumbre \u00e9 eleito presidente do Senado com ampla maioria\"}]},{\"@type\":\"WebSite\",\"@id\":\"https:\\\/\\\/aconteceunovale.com.br\\\/portal\\\/#website\",\"url\":\"https:\\\/\\\/aconteceunovale.com.br\\\/portal\\\/\",\"name\":\"Aconteceu no Vale\",\"description\":\"Portal de Not\u00edcias\",\"potentialAction\":[{\"@type\":\"SearchAction\",\"target\":{\"@type\":\"EntryPoint\",\"urlTemplate\":\"https:\\\/\\\/aconteceunovale.com.br\\\/portal\\\/?s={search_term_string}\"},\"query-input\":{\"@type\":\"PropertyValueSpecification\",\"valueRequired\":true,\"valueName\":\"search_term_string\"}}],\"inLanguage\":\"pt-BR\"},{\"@type\":\"Person\",\"@id\":\"https:\\\/\\\/aconteceunovale.com.br\\\/portal\\\/#\\\/schema\\\/person\\\/7d2f26d1483f8a63de73da1ee0754d35\",\"name\":\"Reda\u00e7\u00e3o Aconteceu no Vale\",\"description\":\"Equipe de reportagem do Aconteceu no Vale, portal de not\u00edcias do Vale do Jequitinhonha, em Minas Gerais. Cobrimos as 51 cidades do Vale desde 2013. Sugest\u00f5es de pauta e pedidos de corre\u00e7\u00e3o: contato@aconteceunovale.com.br\",\"url\":\"https:\\\/\\\/aconteceunovale.com.br\\\/portal\\\/?author=4\"}]}<\/script>\n<!-- \/ Yoast SEO plugin. -->","yoast_head_json":{"title":"Davi Alcolumbre \u00e9 eleito presidente do Senado com ampla maioria - Aconteceu no Vale","robots":{"index":"index","follow":"follow","max-snippet":"max-snippet:-1","max-image-preview":"max-image-preview:large","max-video-preview":"max-video-preview:-1"},"canonical":"https:\/\/aconteceunovale.com.br\/portal\/?p=196837","og_locale":"pt_BR","og_type":"article","og_title":"Davi Alcolumbre \u00e9 eleito presidente do Senado com ampla maioria - Aconteceu no Vale","og_description":"O senador Davi Alcolumbre (Uni\u00e3o Brasil-AP) foi eleito neste s\u00e1bado (1\/2\/2025) presidente do Senado para o bi\u00eanio 2025-2026, com 73 dos 81 votos. A reuni\u00e3o preparat\u00f3ria teve in\u00edcio pouco depois das 10h, e durante as falas dos candidatos, os senadores Marcos do Val (Podemos-ES) e Soraya Thronicke (Podemos-MS) retiraram suas candidaturas. Com isso, Alcolumbre disputou [&hellip;]","og_url":"https:\/\/aconteceunovale.com.br\/portal\/?p=196837","og_site_name":"Aconteceu no Vale","article_publisher":"https:\/\/www.facebook.com\/aconteceunovale\/","article_published_time":"2025-02-01T20:36:38+00:00","article_modified_time":"2025-02-01T20:37:22+00:00","og_image":[{"width":678,"height":406,"url":"https:\/\/aconteceunovale.com.br\/portal\/wp-content\/uploads\/2025\/02\/alcolumbre_eleito_3.png","type":"image\/png"}],"author":"Reda\u00e7\u00e3o Aconteceu no Vale","twitter_card":"summary_large_image","twitter_creator":"@noticiadosvales","twitter_site":"@noticiadosvales","twitter_misc":{"Escrito por":"Reda\u00e7\u00e3o Aconteceu no Vale","Est. tempo de leitura":"3 minutos"},"schema":{"@context":"https:\/\/schema.org","@graph":[{"@type":"Article","@id":"https:\/\/aconteceunovale.com.br\/portal\/?p=196837#article","isPartOf":{"@id":"https:\/\/aconteceunovale.com.br\/portal\/?p=196837"},"author":{"name":"Reda\u00e7\u00e3o Aconteceu no Vale","@id":"https:\/\/aconteceunovale.com.br\/portal\/#\/schema\/person\/7d2f26d1483f8a63de73da1ee0754d35"},"headline":"Davi Alcolumbre \u00e9 eleito presidente do Senado com ampla maioria","datePublished":"2025-02-01T20:36:38+00:00","dateModified":"2025-02-01T20:37:22+00:00","mainEntityOfPage":{"@id":"https:\/\/aconteceunovale.com.br\/portal\/?p=196837"},"wordCount":704,"commentCount":0,"image":{"@id":"https:\/\/aconteceunovale.com.br\/portal\/?p=196837#primaryimage"},"thumbnailUrl":"https:\/\/aconteceunovale.com.br\/portal\/wp-content\/uploads\/2025\/02\/alcolumbre_eleito_3.png","keywords":["Arthur Lira","C\u00e2mara dos Deputados","Davi Alcolumbre","Davi Alcolumbre \u00e9 eleito presidente do Senado com ampla maioria","Despedida de Rodrigo Pacheco","Despedida do Presidente do Senado Rodrigo Pacheco","destaque","Elei\u00e7\u00e3o para o Congresso Nacional","Elei\u00e7\u00e3o para presidente da c\u00e2mara","elei\u00e7\u00e3o para presidente do senado","Presidente Davi Alcolumbre","Presidente do Congresso Nacional","presidente do senado","Presidente do Senado Davi Alcolumbre","PSD-MG","Rodrigo Pacheco","Rodrigo Pacheco encerra mandato e destaca defesa da democracia como legado","Senado","Senado Federal"],"articleSection":["Brasil","Pol\u00edtica"],"inLanguage":"pt-BR","potentialAction":[{"@type":"CommentAction","name":"Comment","target":["https:\/\/aconteceunovale.com.br\/portal\/?p=196837#respond"]}]},{"@type":"WebPage","@id":"https:\/\/aconteceunovale.com.br\/portal\/?p=196837","url":"https:\/\/aconteceunovale.com.br\/portal\/?p=196837","name":"Davi Alcolumbre \u00e9 eleito presidente do Senado com ampla maioria - Aconteceu no Vale","isPartOf":{"@id":"https:\/\/aconteceunovale.com.br\/portal\/#website"},"primaryImageOfPage":{"@id":"https:\/\/aconteceunovale.com.br\/portal\/?p=196837#primaryimage"},"image":{"@id":"https:\/\/aconteceunovale.com.br\/portal\/?p=196837#primaryimage"},"thumbnailUrl":"https:\/\/aconteceunovale.com.br\/portal\/wp-content\/uploads\/2025\/02\/alcolumbre_eleito_3.png","datePublished":"2025-02-01T20:36:38+00:00","dateModified":"2025-02-01T20:37:22+00:00","author":{"@id":"https:\/\/aconteceunovale.com.br\/portal\/#\/schema\/person\/7d2f26d1483f8a63de73da1ee0754d35"},"breadcrumb":{"@id":"https:\/\/aconteceunovale.com.br\/portal\/?p=196837#breadcrumb"},"inLanguage":"pt-BR","potentialAction":[{"@type":"ReadAction","target":["https:\/\/aconteceunovale.com.br\/portal\/?p=196837"]}]},{"@type":"ImageObject","inLanguage":"pt-BR","@id":"https:\/\/aconteceunovale.com.br\/portal\/?p=196837#primaryimage","url":"https:\/\/aconteceunovale.com.br\/portal\/wp-content\/uploads\/2025\/02\/alcolumbre_eleito_3.png","contentUrl":"https:\/\/aconteceunovale.com.br\/portal\/wp-content\/uploads\/2025\/02\/alcolumbre_eleito_3.png","width":678,"height":406,"caption":"Foto: Ant\u00f4nio Cruz\/Ag\u00eancia Brasil"},{"@type":"BreadcrumbList","@id":"https:\/\/aconteceunovale.com.br\/portal\/?p=196837#breadcrumb","itemListElement":[{"@type":"ListItem","position":1,"name":"In\u00edcio","item":"https:\/\/aconteceunovale.com.br\/portal\/"},{"@type":"ListItem","position":2,"name":"Davi Alcolumbre \u00e9 eleito presidente do Senado com ampla maioria"}]},{"@type":"WebSite","@id":"https:\/\/aconteceunovale.com.br\/portal\/#website","url":"https:\/\/aconteceunovale.com.br\/portal\/","name":"Aconteceu no Vale","description":"Portal de Not\u00edcias","potentialAction":[{"@type":"SearchAction","target":{"@type":"EntryPoint","urlTemplate":"https:\/\/aconteceunovale.com.br\/portal\/?s={search_term_string}"},"query-input":{"@type":"PropertyValueSpecification","valueRequired":true,"valueName":"search_term_string"}}],"inLanguage":"pt-BR"},{"@type":"Person","@id":"https:\/\/aconteceunovale.com.br\/portal\/#\/schema\/person\/7d2f26d1483f8a63de73da1ee0754d35","name":"Reda\u00e7\u00e3o Aconteceu no Vale","description":"Equipe de reportagem do Aconteceu no Vale, portal de not\u00edcias do Vale do Jequitinhonha, em Minas Gerais. Cobrimos as 51 cidades do Vale desde 2013. Sugest\u00f5es de pauta e pedidos de corre\u00e7\u00e3o: contato@aconteceunovale.com.br","url":"https:\/\/aconteceunovale.com.br\/portal\/?author=4"}]}},"_links":{"self":[{"href":"https:\/\/aconteceunovale.com.br\/portal\/index.php?rest_route=\/wp\/v2\/posts\/196837","targetHints":{"allow":["GET"]}}],"collection":[{"href":"https:\/\/aconteceunovale.com.br\/portal\/index.php?rest_route=\/wp\/v2\/posts"}],"about":[{"href":"https:\/\/aconteceunovale.com.br\/portal\/index.php?rest_route=\/wp\/v2\/types\/post"}],"author":[{"embeddable":true,"href":"https:\/\/aconteceunovale.com.br\/portal\/index.php?rest_route=\/wp\/v2\/users\/4"}],"replies":[{"embeddable":true,"href":"https:\/\/aconteceunovale.com.br\/portal\/index.php?rest_route=%2Fwp%2Fv2%2Fcomments&post=196837"}],"version-history":[{"count":1,"href":"https:\/\/aconteceunovale.com.br\/portal\/index.php?rest_route=\/wp\/v2\/posts\/196837\/revisions"}],"predecessor-version":[{"id":196841,"href":"https:\/\/aconteceunovale.com.br\/portal\/index.php?rest_route=\/wp\/v2\/posts\/196837\/revisions\/196841"}],"wp:featuredmedia":[{"embeddable":true,"href":"https:\/\/aconteceunovale.com.br\/portal\/index.php?rest_route=\/wp\/v2\/media\/196840"}],"wp:attachment":[{"href":"https:\/\/aconteceunovale.com.br\/portal\/index.php?rest_route=%2Fwp%2Fv2%2Fmedia&parent=196837"}],"wp:term":[{"taxonomy":"category","embeddable":true,"href":"https:\/\/aconteceunovale.com.br\/portal\/index.php?rest_route=%2Fwp%2Fv2%2Fcategories&post=196837"},{"taxonomy":"post_tag","embeddable":true,"href":"https:\/\/aconteceunovale.com.br\/portal\/index.php?rest_route=%2Fwp%2Fv2%2Ftags&post=196837"}],"curies":[{"name":"wp","href":"https:\/\/api.w.org\/{rel}","templated":true}]}}