{"id":19683,"date":"2014-01-28T10:11:28","date_gmt":"2014-01-28T12:11:28","guid":{"rendered":"http:\/\/aconteceunovale.com.br\/portal\/?p=19683"},"modified":"2014-01-28T10:11:28","modified_gmt":"2014-01-28T12:11:28","slug":"serro-melhoria-da-saude-esbarra-na-preservacao-da-historia","status":"publish","type":"post","link":"https:\/\/aconteceunovale.com.br\/portal\/?p=19683","title":{"rendered":"SERRO: Melhoria da sa\u00fade esbarra na preserva\u00e7\u00e3o da hist\u00f3ria"},"content":{"rendered":"<p>\u00c0s v\u00e9speras do anivers\u00e1rio de 300 anos do Serro, comemorado nesta quarta-feira (29\/01), a cidade da regi\u00e3o central de Minas vive um impasse entre a melhoria do servi\u00e7o p\u00fablico de sa\u00fade e a preserva\u00e7\u00e3o de um poss\u00edvel s\u00edtio arqueol\u00f3gico. Dois projetos de amplia\u00e7\u00e3o da Casa de Caridade Santa Tereza, \u00fanico hospital do munic\u00edpio, correm o risco de serem adiados ou at\u00e9 embargados devido ao local onde ser\u00e3o feitas as interven\u00e7\u00f5es, que \u00e9 tombado pela Uni\u00e3o.<\/p>\n<p><img decoding=\"async\" src=\"http:\/\/aconteceunovale.com.br\/portal\/wp-content\/uploads\/2014\/01\/hospital_do_serro.jpg\" alt=\"\" \/><br \/>\n<em><strong>Hospital do Serro atende aos moradores de pelo menos dez munic\u00edpios do entorno &#8211; (Foto: Maur\u00edcio de Souza)<\/strong><\/em><\/p>\n<p>Um parecer t\u00e9cnico emitido pelo Instituto Estadual do Patrim\u00f4nio Hist\u00f3rico e Art\u00edstico de Minas Gerais (Iepha\/MG) foi enviado \u00e0 prefeitura e ao Instituto do Patrim\u00f4nio Hist\u00f3rico e Art\u00edstico Nacional (Iphan). O documento \u201crecomenda\u201d uma pesquisa arqueol\u00f3gica na regi\u00e3o, a fim de confirmar informa\u00e7\u00f5es de uma historiadora que teria identificado, h\u00e1 15 anos, \u201cum monte de pedras cobertas de mato\u201d na \u00e1rea hoje ocupada pela unidade de sa\u00fade.<\/p>\n<p>A expans\u00e3o do hospital \u00e9 resultado de uma medida compensat\u00f3ria entre a prefeitura e uma mineradora. Os recursos, cerca de R$ 600 mil, j\u00e1 estariam assegurados e seriam empenhados na constru\u00e7\u00e3o de quatro apartamentos de interna\u00e7\u00e3o e 15 novos leitos. Hoje, a Casa de Caridade tem 57 vagas. \u201cA obra \u00e9 fundamental para melhorarmos e ampliarmos os atendimentos\u201d, diz o secret\u00e1rio de Sa\u00fade, Adelmo Batista Lessa.<\/p>\n<p>Segundo ele, a Ag\u00eancia Nacional de Vigil\u00e2ncia Sanit\u00e1ria (Anvisa) teria autorizado a interven\u00e7\u00e3o. \u201cO mais dif\u00edcil, que \u00e9 esse aval, j\u00e1 conseguimos. S\u00f3 falta resolver o entrave em rela\u00e7\u00e3o ao projeto de amplia\u00e7\u00e3o. Essa demora s\u00f3 prejudica a pr\u00f3pria popula\u00e7\u00e3o e pacientes de outras cidades que v\u00eam para c\u00e1\u201d, acrescenta o secret\u00e1rio.<\/p>\n<p>De acordo com o procurador do munic\u00edpio, Paulo Mateus Sim\u00f5es, a prefeitura vai aguardar uma posi\u00e7\u00e3o do Iphan. O principal empecilho, diz, \u00e9 a falta de recursos em caixa para a contrata\u00e7\u00e3o de uma empresa especializada no levantamento arqueol\u00f3gico. \u201cEsse estudo \u00e9 caro e provavelmente vai atrasar a obra\u201d, afirma.<\/p>\n<p>Procurada no in\u00edcio da noite da \u00faltima segunda-feira (27), a superintendente do Iphan em Minas, Michele Arroyo, informou que n\u00e3o estava no escrit\u00f3rio do Instituto, em Belo Horizonte, e que precisaria de mais tempo para averiguar a situa\u00e7\u00e3o.<\/p>\n<p>Se for confirmada a exist\u00eancia de um s\u00edtio arqueol\u00f3gico no espa\u00e7o ocupado pelo hospital, qualquer interven\u00e7\u00e3o ter\u00e1 que seguir regras definidas pela legisla\u00e7\u00e3o brasileira.<\/p>\n<p><em><strong>(Fonte: Jornal Hoje em Dia)<\/strong><\/em><\/p>\n","protected":false},"excerpt":{"rendered":"<p>\u00c0s v\u00e9speras do anivers\u00e1rio de 300 anos do Serro, comemorado nesta quarta-feira (29\/01), a cidade da regi\u00e3o central de Minas vive um impasse entre a melhoria do servi\u00e7o p\u00fablico de sa\u00fade e a preserva\u00e7\u00e3o de um poss\u00edvel s\u00edtio arqueol\u00f3gico. Dois projetos de amplia\u00e7\u00e3o da Casa de Caridade Santa Tereza, \u00fanico hospital do munic\u00edpio, correm o [&hellip;]<\/p>\n","protected":false},"author":1,"featured_media":19684,"comment_status":"open","ping_status":"closed","sticky":false,"template":"","format":"standard","meta":{"amp_status":"","footnotes":""},"categories":[123],"tags":[3626,3635,3636,154,3625],"class_list":["post-19683","post","type-post","status-publish","format-standard","has-post-thumbnail","hentry","category-gerais","tag-comemoracao-300-anos-de-vila-principe","tag-melhoria-da-saude-esbarra-na-preservacao-da-historia-em-serro","tag-melhoria-da-saude-esbarra-na-preservacao-da-historia-no-serro","tag-serro","tag-serro-comemora-300-anos"],"_links":{"self":[{"href":"https:\/\/aconteceunovale.com.br\/portal\/index.php?rest_route=\/wp\/v2\/posts\/19683","targetHints":{"allow":["GET"]}}],"collection":[{"href":"https:\/\/aconteceunovale.com.br\/portal\/index.php?rest_route=\/wp\/v2\/posts"}],"about":[{"href":"https:\/\/aconteceunovale.com.br\/portal\/index.php?rest_route=\/wp\/v2\/types\/post"}],"author":[{"embeddable":true,"href":"https:\/\/aconteceunovale.com.br\/portal\/index.php?rest_route=\/wp\/v2\/users\/1"}],"replies":[{"embeddable":true,"href":"https:\/\/aconteceunovale.com.br\/portal\/index.php?rest_route=%2Fwp%2Fv2%2Fcomments&post=19683"}],"version-history":[{"count":0,"href":"https:\/\/aconteceunovale.com.br\/portal\/index.php?rest_route=\/wp\/v2\/posts\/19683\/revisions"}],"wp:featuredmedia":[{"embeddable":true,"href":"https:\/\/aconteceunovale.com.br\/portal\/index.php?rest_route=\/wp\/v2\/media\/19684"}],"wp:attachment":[{"href":"https:\/\/aconteceunovale.com.br\/portal\/index.php?rest_route=%2Fwp%2Fv2%2Fmedia&parent=19683"}],"wp:term":[{"taxonomy":"category","embeddable":true,"href":"https:\/\/aconteceunovale.com.br\/portal\/index.php?rest_route=%2Fwp%2Fv2%2Fcategories&post=19683"},{"taxonomy":"post_tag","embeddable":true,"href":"https:\/\/aconteceunovale.com.br\/portal\/index.php?rest_route=%2Fwp%2Fv2%2Ftags&post=19683"}],"curies":[{"name":"wp","href":"https:\/\/api.w.org\/{rel}","templated":true}]}}