{"id":196803,"date":"2025-02-01T12:23:10","date_gmt":"2025-02-01T15:23:10","guid":{"rendered":"https:\/\/aconteceunovale.com.br\/portal\/?p=196803"},"modified":"2025-02-01T12:24:28","modified_gmt":"2025-02-01T15:24:28","slug":"rodrigo-pacheco-diz-que-ser-governador-de-minas-gerais-e-um-desejo-e-um-sonho","status":"publish","type":"post","link":"https:\/\/aconteceunovale.com.br\/portal\/?p=196803","title":{"rendered":"Rodrigo Pacheco diz que ser governador de Minas Gerais \u00e9 um \u201cdesejo\u201d e um \u201csonho\u201d"},"content":{"rendered":"\n<p class=\"wp-block-paragraph\">O presidente do Senado Federal, Rodrigo Pacheco (PSD-MG), afirmou neste s\u00e1bado (1\/2\/2025) que tornar-se governador de Minas Gerais \u00e9 um \u201cdesejo\u201d e um \u201csonho\u201d. A declara\u00e7\u00e3o foi dada ap\u00f3s o presidente Luiz In\u00e1cio Lula da Silva mencionar a possibilidade de v\u00ea-lo eleito para o cargo. Pacheco deixa a presid\u00eancia do Senado nesta data.<\/p>\n\n\n\n<figure class=\"wp-block-gallery has-nested-images columns-default is-cropped wp-block-gallery-1 is-layout-flex wp-block-gallery-is-layout-flex\">\n<figure class=\"wp-block-image size-large\"><img loading=\"lazy\" decoding=\"async\" width=\"676\" height=\"450\" data-id=\"196804\" src=\"https:\/\/aconteceunovale.com.br\/portal\/wp-content\/uploads\/2025\/02\/coletiva_pacheco.jpg\" alt=\"\" class=\"wp-image-196804\" srcset=\"https:\/\/aconteceunovale.com.br\/portal\/wp-content\/uploads\/2025\/02\/coletiva_pacheco.jpg 676w, https:\/\/aconteceunovale.com.br\/portal\/wp-content\/uploads\/2025\/02\/coletiva_pacheco-300x200.jpg 300w, https:\/\/aconteceunovale.com.br\/portal\/wp-content\/uploads\/2025\/02\/coletiva_pacheco-631x420.jpg 631w\" sizes=\"auto, (max-width: 676px) 100vw, 676px\" \/><figcaption class=\"wp-element-caption\"><em>Foto: Divulga\u00e7\u00e3o<\/em><\/figcaption><\/figure>\n<\/figure>\n\n\n\n<p class=\"wp-block-paragraph\">Em entrevista, o senador destacou a honra de ser mencionado por Lula e refletiu sobre suas aspira\u00e7\u00f5es pol\u00edticas. <em>\u201c\u00c9 \u00f3bvio que isso \u00e9 um desejo, isso \u00e9 um sonho de qualquer pol\u00edtico governar o seu estado. E evidentemente \u00e9 um sonho que eu sempre tive de ser governador do meu estado. Mas se isso se concretizar\u00e1 ou n\u00e3o, se isso vai ser uma realidade ou n\u00e3o, isso depende de muitas vari\u00e1veis, de muitas circunst\u00e2ncias e repito, o momento hoje n\u00e3o \u00e9 dessa reflex\u00e3o\u201d, <\/em>disse.<\/p>\n\n\n\n<p class=\"wp-block-paragraph\">Pacheco tamb\u00e9m expressou sua gratid\u00e3o pela cita\u00e7\u00e3o do presidente e afirmou que avaliar\u00e1 seu futuro pol\u00edtico ap\u00f3s concluir seu mandato na presid\u00eancia do Congresso Nacional. <em>\u201cEu preciso concluir, como estou concluindo hoje, o meu ciclo de quatro anos na Presid\u00eancia do Senado e faremos, ent\u00e3o, na sequ\u00eancia, uma avalia\u00e7\u00e3o sobre o futuro. Mas fico muito honrado de um presidente da Rep\u00fablica, como o presidente Lula, que \u00e9 um grande pol\u00edtico, um ser humano extraordin\u00e1rio, poder ter esse desejo e essa vontade, e mais do que isso, externar isso a voc\u00eas, \u00e0 imprensa, da forma como fez. Isso \u00e9 um motivo de muita alegria, de muita honra para mim, e eu recebo essa mensagem do presidente Lula com um sentimento profundo de honra e de responsabilidade\u201d, <\/em>declarou.<\/p>\n\n\n\n<p class=\"wp-block-paragraph\">O presidente do Senado tamb\u00e9m comentou a possibilidade de ser citado para o cargo de ministro de Estado, dizendo que se sente orgulhoso pela lembran\u00e7a de seu nome, mas que sua decis\u00e3o sobre o futuro pol\u00edtico ser\u00e1 tomada em momento oportuno. <em>\u201cO que eu posso dizer a voc\u00ea \u00e9 que eu tenho um sentimento profundo de dever cumprido, de realiza\u00e7\u00e3o na vida p\u00fablica e vou fazer uma avalia\u00e7\u00e3o sobre quais ser\u00e3o os pr\u00f3ximos passos muito em breve\u201d,<\/em> concluiu.<\/p>\n","protected":false},"excerpt":{"rendered":"<p>O presidente do Senado Federal, Rodrigo Pacheco (PSD-MG), afirmou neste s\u00e1bado (1\/2\/2025) que tornar-se governador de Minas Gerais \u00e9 um \u201cdesejo\u201d e um \u201csonho\u201d. A declara\u00e7\u00e3o foi dada ap\u00f3s o presidente Luiz In\u00e1cio Lula da Silva mencionar a possibilidade de v\u00ea-lo eleito para o cargo. Pacheco deixa a presid\u00eancia do Senado nesta data. Em entrevista, [&hellip;]<\/p>\n","protected":false},"author":4,"featured_media":196804,"comment_status":"open","ping_status":"closed","sticky":false,"template":"","format":"standard","meta":{"amp_status":"","footnotes":""},"categories":[123,40240],"tags":[235961,20922,271110,271111,271112,137748,31969,14124,271120,227484,31968,245816,41221,271118,271109,271119,21938,93812],"class_list":["post-196803","post","type-post","status-publish","format-standard","has-post-thumbnail","hentry","category-gerais","category-politica","tag-arthur-lira","tag-camara-dos-deputados","tag-despedida-de-rodrigo-pacheco","tag-despedida-do-presidente-do-senado-rodrigo-pacheco","tag-eleicao-para-o-congresso-nacional","tag-eleicao-para-presidente-da-camara","tag-eleicao-para-presidente-do-senado","tag-luiz-inacio-lula-da-silva","tag-lula-apoia-rodrigo-pacheco","tag-presidente-do-congresso-nacional","tag-presidente-do-senado","tag-psd-mg","tag-rodrigo-pacheco","tag-rodrigo-pacheco-diz-que-ser-governador-de-minas-gerais-e-um-desejo-e-um-sonho","tag-rodrigo-pacheco-encerra-mandato-e-destaca-defesa-da-democracia-como-legado","tag-rodrigo-pacheco-governador-de-minas-gerais","tag-senado","tag-senado-federal"],"yoast_head":"<!-- This site is optimized with the Yoast SEO plugin v28.3 - https:\/\/yoast.com\/product\/yoast-seo-wordpress\/ -->\n<title>Rodrigo Pacheco diz que ser governador de Minas Gerais \u00e9 um \u201cdesejo\u201d e um \u201csonho\u201d - Aconteceu no Vale<\/title>\n<meta name=\"robots\" content=\"index, follow, max-snippet:-1, max-image-preview:large, max-video-preview:-1\" \/>\n<link rel=\"canonical\" href=\"https:\/\/aconteceunovale.com.br\/portal\/?p=196803\" \/>\n<meta property=\"og:locale\" content=\"pt_BR\" \/>\n<meta property=\"og:type\" content=\"article\" \/>\n<meta property=\"og:title\" content=\"Rodrigo Pacheco diz que ser governador de Minas Gerais \u00e9 um \u201cdesejo\u201d e um \u201csonho\u201d - Aconteceu no Vale\" \/>\n<meta property=\"og:description\" content=\"O presidente do Senado Federal, Rodrigo Pacheco (PSD-MG), afirmou neste s\u00e1bado (1\/2\/2025) que tornar-se governador de Minas Gerais \u00e9 um \u201cdesejo\u201d e um \u201csonho\u201d. A declara\u00e7\u00e3o foi dada ap\u00f3s o presidente Luiz In\u00e1cio Lula da Silva mencionar a possibilidade de v\u00ea-lo eleito para o cargo. Pacheco deixa a presid\u00eancia do Senado nesta data. Em entrevista, [&hellip;]\" \/>\n<meta property=\"og:url\" content=\"https:\/\/aconteceunovale.com.br\/portal\/?p=196803\" \/>\n<meta property=\"og:site_name\" content=\"Aconteceu no Vale\" \/>\n<meta property=\"article:publisher\" content=\"https:\/\/www.facebook.com\/aconteceunovale\/\" \/>\n<meta property=\"article:published_time\" content=\"2025-02-01T15:23:10+00:00\" \/>\n<meta property=\"article:modified_time\" content=\"2025-02-01T15:24:28+00:00\" \/>\n<meta property=\"og:image\" content=\"https:\/\/aconteceunovale.com.br\/portal\/wp-content\/uploads\/2025\/02\/coletiva_pacheco.jpg\" \/>\n\t<meta property=\"og:image:width\" content=\"676\" \/>\n\t<meta property=\"og:image:height\" content=\"450\" \/>\n\t<meta property=\"og:image:type\" content=\"image\/jpeg\" \/>\n<meta name=\"author\" content=\"Reda\u00e7\u00e3o Aconteceu no Vale\" \/>\n<meta name=\"twitter:card\" content=\"summary_large_image\" \/>\n<meta name=\"twitter:creator\" content=\"@noticiadosvales\" \/>\n<meta name=\"twitter:site\" content=\"@noticiadosvales\" \/>\n<meta name=\"twitter:label1\" content=\"Escrito por\" \/>\n\t<meta name=\"twitter:data1\" content=\"Reda\u00e7\u00e3o Aconteceu no Vale\" \/>\n\t<meta name=\"twitter:label2\" content=\"Est. tempo de leitura\" \/>\n\t<meta name=\"twitter:data2\" content=\"2 minutos\" \/>\n<script type=\"application\/ld+json\" class=\"yoast-schema-graph\">{\"@context\":\"https:\\\/\\\/schema.org\",\"@graph\":[{\"@type\":\"Article\",\"@id\":\"https:\\\/\\\/aconteceunovale.com.br\\\/portal\\\/?p=196803#article\",\"isPartOf\":{\"@id\":\"https:\\\/\\\/aconteceunovale.com.br\\\/portal\\\/?p=196803\"},\"author\":{\"name\":\"Reda\u00e7\u00e3o Aconteceu no Vale\",\"@id\":\"https:\\\/\\\/aconteceunovale.com.br\\\/portal\\\/#\\\/schema\\\/person\\\/7d2f26d1483f8a63de73da1ee0754d35\"},\"headline\":\"Rodrigo Pacheco diz que ser governador de Minas Gerais \u00e9 um \u201cdesejo\u201d e um \u201csonho\u201d\",\"datePublished\":\"2025-02-01T15:23:10+00:00\",\"dateModified\":\"2025-02-01T15:24:28+00:00\",\"mainEntityOfPage\":{\"@id\":\"https:\\\/\\\/aconteceunovale.com.br\\\/portal\\\/?p=196803\"},\"wordCount\":385,\"commentCount\":0,\"image\":{\"@id\":\"https:\\\/\\\/aconteceunovale.com.br\\\/portal\\\/?p=196803#primaryimage\"},\"thumbnailUrl\":\"https:\\\/\\\/aconteceunovale.com.br\\\/portal\\\/wp-content\\\/uploads\\\/2025\\\/02\\\/coletiva_pacheco.jpg\",\"keywords\":[\"Arthur Lira\",\"C\u00e2mara dos Deputados\",\"Despedida de Rodrigo Pacheco\",\"Despedida do Presidente do Senado Rodrigo Pacheco\",\"Elei\u00e7\u00e3o para o Congresso Nacional\",\"Elei\u00e7\u00e3o para presidente da c\u00e2mara\",\"elei\u00e7\u00e3o para presidente do senado\",\"Luiz In\u00e1cio Lula da Silva\",\"Lula apoia Rodrigo Pacheco\",\"Presidente do Congresso Nacional\",\"presidente do senado\",\"PSD-MG\",\"Rodrigo Pacheco\",\"Rodrigo Pacheco diz que ser governador de Minas Gerais \u00e9 um desejo e um sonho\",\"Rodrigo Pacheco encerra mandato e destaca defesa da democracia como legado\",\"Rodrigo Pacheco governador de Minas Gerais\",\"Senado\",\"Senado Federal\"],\"articleSection\":[\"Minas Gerais\",\"Pol\u00edtica\"],\"inLanguage\":\"pt-BR\",\"potentialAction\":[{\"@type\":\"CommentAction\",\"name\":\"Comment\",\"target\":[\"https:\\\/\\\/aconteceunovale.com.br\\\/portal\\\/?p=196803#respond\"]}]},{\"@type\":\"WebPage\",\"@id\":\"https:\\\/\\\/aconteceunovale.com.br\\\/portal\\\/?p=196803\",\"url\":\"https:\\\/\\\/aconteceunovale.com.br\\\/portal\\\/?p=196803\",\"name\":\"Rodrigo Pacheco diz que ser governador de Minas Gerais \u00e9 um \u201cdesejo\u201d e um \u201csonho\u201d - Aconteceu no Vale\",\"isPartOf\":{\"@id\":\"https:\\\/\\\/aconteceunovale.com.br\\\/portal\\\/#website\"},\"primaryImageOfPage\":{\"@id\":\"https:\\\/\\\/aconteceunovale.com.br\\\/portal\\\/?p=196803#primaryimage\"},\"image\":{\"@id\":\"https:\\\/\\\/aconteceunovale.com.br\\\/portal\\\/?p=196803#primaryimage\"},\"thumbnailUrl\":\"https:\\\/\\\/aconteceunovale.com.br\\\/portal\\\/wp-content\\\/uploads\\\/2025\\\/02\\\/coletiva_pacheco.jpg\",\"datePublished\":\"2025-02-01T15:23:10+00:00\",\"dateModified\":\"2025-02-01T15:24:28+00:00\",\"author\":{\"@id\":\"https:\\\/\\\/aconteceunovale.com.br\\\/portal\\\/#\\\/schema\\\/person\\\/7d2f26d1483f8a63de73da1ee0754d35\"},\"breadcrumb\":{\"@id\":\"https:\\\/\\\/aconteceunovale.com.br\\\/portal\\\/?p=196803#breadcrumb\"},\"inLanguage\":\"pt-BR\",\"potentialAction\":[{\"@type\":\"ReadAction\",\"target\":[\"https:\\\/\\\/aconteceunovale.com.br\\\/portal\\\/?p=196803\"]}]},{\"@type\":\"ImageObject\",\"inLanguage\":\"pt-BR\",\"@id\":\"https:\\\/\\\/aconteceunovale.com.br\\\/portal\\\/?p=196803#primaryimage\",\"url\":\"https:\\\/\\\/aconteceunovale.com.br\\\/portal\\\/wp-content\\\/uploads\\\/2025\\\/02\\\/coletiva_pacheco.jpg\",\"contentUrl\":\"https:\\\/\\\/aconteceunovale.com.br\\\/portal\\\/wp-content\\\/uploads\\\/2025\\\/02\\\/coletiva_pacheco.jpg\",\"width\":676,\"height\":450,\"caption\":\"Foto: Divulga\u00e7\u00e3o\"},{\"@type\":\"BreadcrumbList\",\"@id\":\"https:\\\/\\\/aconteceunovale.com.br\\\/portal\\\/?p=196803#breadcrumb\",\"itemListElement\":[{\"@type\":\"ListItem\",\"position\":1,\"name\":\"In\u00edcio\",\"item\":\"https:\\\/\\\/aconteceunovale.com.br\\\/portal\\\/\"},{\"@type\":\"ListItem\",\"position\":2,\"name\":\"Rodrigo Pacheco diz que ser governador de Minas Gerais \u00e9 um \u201cdesejo\u201d e um \u201csonho\u201d\"}]},{\"@type\":\"WebSite\",\"@id\":\"https:\\\/\\\/aconteceunovale.com.br\\\/portal\\\/#website\",\"url\":\"https:\\\/\\\/aconteceunovale.com.br\\\/portal\\\/\",\"name\":\"Aconteceu no Vale\",\"description\":\"Portal de Not\u00edcias\",\"potentialAction\":[{\"@type\":\"SearchAction\",\"target\":{\"@type\":\"EntryPoint\",\"urlTemplate\":\"https:\\\/\\\/aconteceunovale.com.br\\\/portal\\\/?s={search_term_string}\"},\"query-input\":{\"@type\":\"PropertyValueSpecification\",\"valueRequired\":true,\"valueName\":\"search_term_string\"}}],\"inLanguage\":\"pt-BR\"},{\"@type\":\"Person\",\"@id\":\"https:\\\/\\\/aconteceunovale.com.br\\\/portal\\\/#\\\/schema\\\/person\\\/7d2f26d1483f8a63de73da1ee0754d35\",\"name\":\"Reda\u00e7\u00e3o Aconteceu no Vale\",\"description\":\"Equipe de reportagem do Aconteceu no Vale, portal de not\u00edcias do Vale do Jequitinhonha, em Minas Gerais. Cobrimos as 51 cidades do Vale desde 2013. Sugest\u00f5es de pauta e pedidos de corre\u00e7\u00e3o: contato@aconteceunovale.com.br\",\"url\":\"https:\\\/\\\/aconteceunovale.com.br\\\/portal\\\/?author=4\"}]}<\/script>\n<!-- \/ Yoast SEO plugin. -->","yoast_head_json":{"title":"Rodrigo Pacheco diz que ser governador de Minas Gerais \u00e9 um \u201cdesejo\u201d e um \u201csonho\u201d - Aconteceu no Vale","robots":{"index":"index","follow":"follow","max-snippet":"max-snippet:-1","max-image-preview":"max-image-preview:large","max-video-preview":"max-video-preview:-1"},"canonical":"https:\/\/aconteceunovale.com.br\/portal\/?p=196803","og_locale":"pt_BR","og_type":"article","og_title":"Rodrigo Pacheco diz que ser governador de Minas Gerais \u00e9 um \u201cdesejo\u201d e um \u201csonho\u201d - Aconteceu no Vale","og_description":"O presidente do Senado Federal, Rodrigo Pacheco (PSD-MG), afirmou neste s\u00e1bado (1\/2\/2025) que tornar-se governador de Minas Gerais \u00e9 um \u201cdesejo\u201d e um \u201csonho\u201d. A declara\u00e7\u00e3o foi dada ap\u00f3s o presidente Luiz In\u00e1cio Lula da Silva mencionar a possibilidade de v\u00ea-lo eleito para o cargo. Pacheco deixa a presid\u00eancia do Senado nesta data. Em entrevista, [&hellip;]","og_url":"https:\/\/aconteceunovale.com.br\/portal\/?p=196803","og_site_name":"Aconteceu no Vale","article_publisher":"https:\/\/www.facebook.com\/aconteceunovale\/","article_published_time":"2025-02-01T15:23:10+00:00","article_modified_time":"2025-02-01T15:24:28+00:00","og_image":[{"width":676,"height":450,"url":"https:\/\/aconteceunovale.com.br\/portal\/wp-content\/uploads\/2025\/02\/coletiva_pacheco.jpg","type":"image\/jpeg"}],"author":"Reda\u00e7\u00e3o Aconteceu no Vale","twitter_card":"summary_large_image","twitter_creator":"@noticiadosvales","twitter_site":"@noticiadosvales","twitter_misc":{"Escrito por":"Reda\u00e7\u00e3o Aconteceu no Vale","Est. tempo de leitura":"2 minutos"},"schema":{"@context":"https:\/\/schema.org","@graph":[{"@type":"Article","@id":"https:\/\/aconteceunovale.com.br\/portal\/?p=196803#article","isPartOf":{"@id":"https:\/\/aconteceunovale.com.br\/portal\/?p=196803"},"author":{"name":"Reda\u00e7\u00e3o Aconteceu no Vale","@id":"https:\/\/aconteceunovale.com.br\/portal\/#\/schema\/person\/7d2f26d1483f8a63de73da1ee0754d35"},"headline":"Rodrigo Pacheco diz que ser governador de Minas Gerais \u00e9 um \u201cdesejo\u201d e um \u201csonho\u201d","datePublished":"2025-02-01T15:23:10+00:00","dateModified":"2025-02-01T15:24:28+00:00","mainEntityOfPage":{"@id":"https:\/\/aconteceunovale.com.br\/portal\/?p=196803"},"wordCount":385,"commentCount":0,"image":{"@id":"https:\/\/aconteceunovale.com.br\/portal\/?p=196803#primaryimage"},"thumbnailUrl":"https:\/\/aconteceunovale.com.br\/portal\/wp-content\/uploads\/2025\/02\/coletiva_pacheco.jpg","keywords":["Arthur Lira","C\u00e2mara dos Deputados","Despedida de Rodrigo Pacheco","Despedida do Presidente do Senado Rodrigo Pacheco","Elei\u00e7\u00e3o para o Congresso Nacional","Elei\u00e7\u00e3o para presidente da c\u00e2mara","elei\u00e7\u00e3o para presidente do senado","Luiz In\u00e1cio Lula da Silva","Lula apoia Rodrigo Pacheco","Presidente do Congresso Nacional","presidente do senado","PSD-MG","Rodrigo Pacheco","Rodrigo Pacheco diz que ser governador de Minas Gerais \u00e9 um desejo e um sonho","Rodrigo Pacheco encerra mandato e destaca defesa da democracia como legado","Rodrigo Pacheco governador de Minas Gerais","Senado","Senado Federal"],"articleSection":["Minas Gerais","Pol\u00edtica"],"inLanguage":"pt-BR","potentialAction":[{"@type":"CommentAction","name":"Comment","target":["https:\/\/aconteceunovale.com.br\/portal\/?p=196803#respond"]}]},{"@type":"WebPage","@id":"https:\/\/aconteceunovale.com.br\/portal\/?p=196803","url":"https:\/\/aconteceunovale.com.br\/portal\/?p=196803","name":"Rodrigo Pacheco diz que ser governador de Minas Gerais \u00e9 um \u201cdesejo\u201d e um \u201csonho\u201d - Aconteceu no Vale","isPartOf":{"@id":"https:\/\/aconteceunovale.com.br\/portal\/#website"},"primaryImageOfPage":{"@id":"https:\/\/aconteceunovale.com.br\/portal\/?p=196803#primaryimage"},"image":{"@id":"https:\/\/aconteceunovale.com.br\/portal\/?p=196803#primaryimage"},"thumbnailUrl":"https:\/\/aconteceunovale.com.br\/portal\/wp-content\/uploads\/2025\/02\/coletiva_pacheco.jpg","datePublished":"2025-02-01T15:23:10+00:00","dateModified":"2025-02-01T15:24:28+00:00","author":{"@id":"https:\/\/aconteceunovale.com.br\/portal\/#\/schema\/person\/7d2f26d1483f8a63de73da1ee0754d35"},"breadcrumb":{"@id":"https:\/\/aconteceunovale.com.br\/portal\/?p=196803#breadcrumb"},"inLanguage":"pt-BR","potentialAction":[{"@type":"ReadAction","target":["https:\/\/aconteceunovale.com.br\/portal\/?p=196803"]}]},{"@type":"ImageObject","inLanguage":"pt-BR","@id":"https:\/\/aconteceunovale.com.br\/portal\/?p=196803#primaryimage","url":"https:\/\/aconteceunovale.com.br\/portal\/wp-content\/uploads\/2025\/02\/coletiva_pacheco.jpg","contentUrl":"https:\/\/aconteceunovale.com.br\/portal\/wp-content\/uploads\/2025\/02\/coletiva_pacheco.jpg","width":676,"height":450,"caption":"Foto: Divulga\u00e7\u00e3o"},{"@type":"BreadcrumbList","@id":"https:\/\/aconteceunovale.com.br\/portal\/?p=196803#breadcrumb","itemListElement":[{"@type":"ListItem","position":1,"name":"In\u00edcio","item":"https:\/\/aconteceunovale.com.br\/portal\/"},{"@type":"ListItem","position":2,"name":"Rodrigo Pacheco diz que ser governador de Minas Gerais \u00e9 um \u201cdesejo\u201d e um \u201csonho\u201d"}]},{"@type":"WebSite","@id":"https:\/\/aconteceunovale.com.br\/portal\/#website","url":"https:\/\/aconteceunovale.com.br\/portal\/","name":"Aconteceu no Vale","description":"Portal de Not\u00edcias","potentialAction":[{"@type":"SearchAction","target":{"@type":"EntryPoint","urlTemplate":"https:\/\/aconteceunovale.com.br\/portal\/?s={search_term_string}"},"query-input":{"@type":"PropertyValueSpecification","valueRequired":true,"valueName":"search_term_string"}}],"inLanguage":"pt-BR"},{"@type":"Person","@id":"https:\/\/aconteceunovale.com.br\/portal\/#\/schema\/person\/7d2f26d1483f8a63de73da1ee0754d35","name":"Reda\u00e7\u00e3o Aconteceu no Vale","description":"Equipe de reportagem do Aconteceu no Vale, portal de not\u00edcias do Vale do Jequitinhonha, em Minas Gerais. Cobrimos as 51 cidades do Vale desde 2013. Sugest\u00f5es de pauta e pedidos de corre\u00e7\u00e3o: contato@aconteceunovale.com.br","url":"https:\/\/aconteceunovale.com.br\/portal\/?author=4"}]}},"_links":{"self":[{"href":"https:\/\/aconteceunovale.com.br\/portal\/index.php?rest_route=\/wp\/v2\/posts\/196803","targetHints":{"allow":["GET"]}}],"collection":[{"href":"https:\/\/aconteceunovale.com.br\/portal\/index.php?rest_route=\/wp\/v2\/posts"}],"about":[{"href":"https:\/\/aconteceunovale.com.br\/portal\/index.php?rest_route=\/wp\/v2\/types\/post"}],"author":[{"embeddable":true,"href":"https:\/\/aconteceunovale.com.br\/portal\/index.php?rest_route=\/wp\/v2\/users\/4"}],"replies":[{"embeddable":true,"href":"https:\/\/aconteceunovale.com.br\/portal\/index.php?rest_route=%2Fwp%2Fv2%2Fcomments&post=196803"}],"version-history":[{"count":1,"href":"https:\/\/aconteceunovale.com.br\/portal\/index.php?rest_route=\/wp\/v2\/posts\/196803\/revisions"}],"predecessor-version":[{"id":196805,"href":"https:\/\/aconteceunovale.com.br\/portal\/index.php?rest_route=\/wp\/v2\/posts\/196803\/revisions\/196805"}],"wp:featuredmedia":[{"embeddable":true,"href":"https:\/\/aconteceunovale.com.br\/portal\/index.php?rest_route=\/wp\/v2\/media\/196804"}],"wp:attachment":[{"href":"https:\/\/aconteceunovale.com.br\/portal\/index.php?rest_route=%2Fwp%2Fv2%2Fmedia&parent=196803"}],"wp:term":[{"taxonomy":"category","embeddable":true,"href":"https:\/\/aconteceunovale.com.br\/portal\/index.php?rest_route=%2Fwp%2Fv2%2Fcategories&post=196803"},{"taxonomy":"post_tag","embeddable":true,"href":"https:\/\/aconteceunovale.com.br\/portal\/index.php?rest_route=%2Fwp%2Fv2%2Ftags&post=196803"}],"curies":[{"name":"wp","href":"https:\/\/api.w.org\/{rel}","templated":true}]}}