{"id":196792,"date":"2025-02-01T11:00:50","date_gmt":"2025-02-01T14:00:50","guid":{"rendered":"https:\/\/aconteceunovale.com.br\/portal\/?p=196792"},"modified":"2025-02-01T11:02:24","modified_gmt":"2025-02-01T14:02:24","slug":"rodrigo-pacheco-encerra-mandato-e-destaca-defesa-da-democracia-como-legado","status":"publish","type":"post","link":"https:\/\/aconteceunovale.com.br\/portal\/?p=196792","title":{"rendered":"Rodrigo Pacheco encerra mandato e destaca defesa da democracia como legado"},"content":{"rendered":"\n<p class=\"wp-block-paragraph\">Ao se despedir do cargo na manh\u00e3 deste s\u00e1bado (1\/2\/2025), o presidente do Senado, Rodrigo Pacheco (PSD-MG), conversou com jornalistas e citou a defesa da democracia como legado dos quatro anos em que esteve \u00e0 frente da Casa. A declara\u00e7\u00e3o foi feita pouco antes de Pacheco se dirigir ao plen\u00e1rio para participar da sess\u00e3o preparat\u00f3ria que vai escolher o pr\u00f3ximo presidente do Senado.<\/p>\n\n\n\n<figure class=\"wp-block-gallery has-nested-images columns-default is-cropped wp-block-gallery-1 is-layout-flex wp-block-gallery-is-layout-flex\">\n<figure class=\"wp-block-image size-large\"><img loading=\"lazy\" decoding=\"async\" width=\"678\" height=\"406\" data-id=\"196793\" src=\"https:\/\/aconteceunovale.com.br\/portal\/wp-content\/uploads\/2025\/02\/rodrigo_pacheco.png\" alt=\"\" class=\"wp-image-196793\" srcset=\"https:\/\/aconteceunovale.com.br\/portal\/wp-content\/uploads\/2025\/02\/rodrigo_pacheco.png 678w, https:\/\/aconteceunovale.com.br\/portal\/wp-content\/uploads\/2025\/02\/rodrigo_pacheco-300x180.png 300w\" sizes=\"auto, (max-width: 678px) 100vw, 678px\" \/><figcaption class=\"wp-element-caption\"><em>Senador Rodrigo Pacheco &#8211; Foto: Lula Marques\/ Ag\u00eancia Brasil<\/em><\/figcaption><\/figure>\n<\/figure>\n\n\n\n<p class=\"wp-block-paragraph\">\u201cO que mais deve nos orgulhar, sem d\u00favida alguma, \u00e9 a defesa que o Senado fez da democracia no Brasil. A defesa da democracia foi uma t\u00f4nica que fez com que o Senado se unisse num momento de negacionismo, de ataques antidemocr\u00e1ticos, de nega\u00e7\u00e3o \u00e0 obviedade de que a democracia deve ser garantida no pa\u00eds. Eu considero que esse \u00e9 um legado de todos esses senadores, da mesa diretora anterior e atual\u201d.<\/p>\n\n\n\n<p class=\"wp-block-paragraph\">Pacheco destacou ainda o papel da imprensa durante o per\u00edodo em que esteve \u00e0 frente do Senado \u2013 que incluiu parte da pandemia de covid-19, al\u00e9m das elei\u00e7\u00f5es presidenciais de 2022. Momentos que, segundo ele, exigem boa informa\u00e7\u00e3o e a apura\u00e7\u00e3o da verdade sobre os fatos.<\/p>\n\n\n\n<p class=\"wp-block-paragraph\">\u201cEm tempos de&nbsp;<em>fake news<\/em>, em tempos de descompromisso de veicula\u00e7\u00e3o da informa\u00e7\u00e3o pelas redes sociais, nunca foi t\u00e3o importante uma imprensa livre e profissional, cujo trabalho deve ser garantido por todas as institui\u00e7\u00f5es.\u201d<\/p>\n\n\n\n<p class=\"wp-block-paragraph\">Ao agradecer aos colegas senadores e senadoras, Pacheco destacou o trabalho desempenhado na entrega de diversos projetos transformados em leis e reformas. \u201cPode-se criticar o Congresso em diversos aspectos, mas n\u00e3o se pode criticar em rela\u00e7\u00e3o \u00e0 capacidade que tem de fazer entregas e de ter uma produtividade em termos de marcos legislativos e reformas constitucionais, que s\u00e3o absolutamente essenciais\u201d.<\/p>\n\n\n\n<p class=\"wp-block-paragraph\">\u201cQuero tamb\u00e9m fazer um agradecimento \u00e0 nossa Casa irm\u00e3, a C\u00e2mara dos Deputados, na pessoa do nosso presidente deputado federal Arthur Lira (PP-AL). A despeito de diverg\u00eancias que s\u00e3o absolutamente normais na democracia, o trato sempre foi muito respeitoso e cordial. Conseguimos entregar, em conjunto, diversos marcos legislativos de interesse do pa\u00eds.\u201d<\/p>\n\n\n\n<p class=\"wp-block-paragraph\">\u201cQuero tamb\u00e9m fazer um agradecimento aos outros poderes, ao Poder Executivo, na pessoa do senhor presidente Luiz In\u00e1cio Lula da Silva e todos os ministros, e tamb\u00e9m ao Poder Judici\u00e1rio, na figura do seu chefe, ministro Luiz Roberto Barroso, presidente do Supremo Tribunal Federal. A todas as institui\u00e7\u00f5es que colaboraram conosco nesses quatro anos, que foram muito marcantes, muito dif\u00edceis at\u00e9, em alguns aspectos, mas conseguimos fazer importantes realiza\u00e7\u00f5es ao longo desses anos\u201d.<\/p>\n","protected":false},"excerpt":{"rendered":"<p>Ao se despedir do cargo na manh\u00e3 deste s\u00e1bado (1\/2\/2025), o presidente do Senado, Rodrigo Pacheco (PSD-MG), conversou com jornalistas e citou a defesa da democracia como legado dos quatro anos em que esteve \u00e0 frente da Casa. A declara\u00e7\u00e3o foi feita pouco antes de Pacheco se dirigir ao plen\u00e1rio para participar da sess\u00e3o preparat\u00f3ria [&hellip;]<\/p>\n","protected":false},"author":4,"featured_media":196793,"comment_status":"open","ping_status":"closed","sticky":false,"template":"","format":"standard","meta":{"amp_status":"","footnotes":""},"categories":[6,40240],"tags":[235961,20922,271110,271111,1018,271112,137748,31969,227484,31968,245816,41221,271109,21938,93812],"class_list":["post-196792","post","type-post","status-publish","format-standard","has-post-thumbnail","hentry","category-br","category-politica","tag-arthur-lira","tag-camara-dos-deputados","tag-despedida-de-rodrigo-pacheco","tag-despedida-do-presidente-do-senado-rodrigo-pacheco","tag-destaque","tag-eleicao-para-o-congresso-nacional","tag-eleicao-para-presidente-da-camara","tag-eleicao-para-presidente-do-senado","tag-presidente-do-congresso-nacional","tag-presidente-do-senado","tag-psd-mg","tag-rodrigo-pacheco","tag-rodrigo-pacheco-encerra-mandato-e-destaca-defesa-da-democracia-como-legado","tag-senado","tag-senado-federal"],"yoast_head":"<!-- This site is optimized with the Yoast SEO plugin v28.3 - https:\/\/yoast.com\/product\/yoast-seo-wordpress\/ -->\n<title>Rodrigo Pacheco encerra mandato e destaca defesa da democracia como legado - Aconteceu no Vale<\/title>\n<meta name=\"robots\" content=\"index, follow, max-snippet:-1, max-image-preview:large, max-video-preview:-1\" \/>\n<link rel=\"canonical\" href=\"https:\/\/aconteceunovale.com.br\/portal\/?p=196792\" \/>\n<meta property=\"og:locale\" content=\"pt_BR\" \/>\n<meta property=\"og:type\" content=\"article\" \/>\n<meta property=\"og:title\" content=\"Rodrigo Pacheco encerra mandato e destaca defesa da democracia como legado - Aconteceu no Vale\" \/>\n<meta property=\"og:description\" content=\"Ao se despedir do cargo na manh\u00e3 deste s\u00e1bado (1\/2\/2025), o presidente do Senado, Rodrigo Pacheco (PSD-MG), conversou com jornalistas e citou a defesa da democracia como legado dos quatro anos em que esteve \u00e0 frente da Casa. A declara\u00e7\u00e3o foi feita pouco antes de Pacheco se dirigir ao plen\u00e1rio para participar da sess\u00e3o preparat\u00f3ria [&hellip;]\" \/>\n<meta property=\"og:url\" content=\"https:\/\/aconteceunovale.com.br\/portal\/?p=196792\" \/>\n<meta property=\"og:site_name\" content=\"Aconteceu no Vale\" \/>\n<meta property=\"article:publisher\" content=\"https:\/\/www.facebook.com\/aconteceunovale\/\" \/>\n<meta property=\"article:published_time\" content=\"2025-02-01T14:00:50+00:00\" \/>\n<meta property=\"article:modified_time\" content=\"2025-02-01T14:02:24+00:00\" \/>\n<meta property=\"og:image\" content=\"https:\/\/aconteceunovale.com.br\/portal\/wp-content\/uploads\/2025\/02\/rodrigo_pacheco.png\" \/>\n\t<meta property=\"og:image:width\" content=\"678\" \/>\n\t<meta property=\"og:image:height\" content=\"406\" \/>\n\t<meta property=\"og:image:type\" content=\"image\/png\" \/>\n<meta name=\"author\" content=\"Reda\u00e7\u00e3o Aconteceu no Vale\" \/>\n<meta name=\"twitter:card\" content=\"summary_large_image\" \/>\n<meta name=\"twitter:creator\" content=\"@noticiadosvales\" \/>\n<meta name=\"twitter:site\" content=\"@noticiadosvales\" \/>\n<meta name=\"twitter:label1\" content=\"Escrito por\" \/>\n\t<meta name=\"twitter:data1\" content=\"Reda\u00e7\u00e3o Aconteceu no Vale\" \/>\n\t<meta name=\"twitter:label2\" content=\"Est. tempo de leitura\" \/>\n\t<meta name=\"twitter:data2\" content=\"2 minutos\" \/>\n<script type=\"application\/ld+json\" class=\"yoast-schema-graph\">{\"@context\":\"https:\\\/\\\/schema.org\",\"@graph\":[{\"@type\":\"Article\",\"@id\":\"https:\\\/\\\/aconteceunovale.com.br\\\/portal\\\/?p=196792#article\",\"isPartOf\":{\"@id\":\"https:\\\/\\\/aconteceunovale.com.br\\\/portal\\\/?p=196792\"},\"author\":{\"name\":\"Reda\u00e7\u00e3o Aconteceu no Vale\",\"@id\":\"https:\\\/\\\/aconteceunovale.com.br\\\/portal\\\/#\\\/schema\\\/person\\\/7d2f26d1483f8a63de73da1ee0754d35\"},\"headline\":\"Rodrigo Pacheco encerra mandato e destaca defesa da democracia como legado\",\"datePublished\":\"2025-02-01T14:00:50+00:00\",\"dateModified\":\"2025-02-01T14:02:24+00:00\",\"mainEntityOfPage\":{\"@id\":\"https:\\\/\\\/aconteceunovale.com.br\\\/portal\\\/?p=196792\"},\"wordCount\":447,\"commentCount\":0,\"image\":{\"@id\":\"https:\\\/\\\/aconteceunovale.com.br\\\/portal\\\/?p=196792#primaryimage\"},\"thumbnailUrl\":\"https:\\\/\\\/aconteceunovale.com.br\\\/portal\\\/wp-content\\\/uploads\\\/2025\\\/02\\\/rodrigo_pacheco.png\",\"keywords\":[\"Arthur Lira\",\"C\u00e2mara dos Deputados\",\"Despedida de Rodrigo Pacheco\",\"Despedida do Presidente do Senado Rodrigo Pacheco\",\"destaque\",\"Elei\u00e7\u00e3o para o Congresso Nacional\",\"Elei\u00e7\u00e3o para presidente da c\u00e2mara\",\"elei\u00e7\u00e3o para presidente do senado\",\"Presidente do Congresso Nacional\",\"presidente do senado\",\"PSD-MG\",\"Rodrigo Pacheco\",\"Rodrigo Pacheco encerra mandato e destaca defesa da democracia como legado\",\"Senado\",\"Senado Federal\"],\"articleSection\":[\"Brasil\",\"Pol\u00edtica\"],\"inLanguage\":\"pt-BR\",\"potentialAction\":[{\"@type\":\"CommentAction\",\"name\":\"Comment\",\"target\":[\"https:\\\/\\\/aconteceunovale.com.br\\\/portal\\\/?p=196792#respond\"]}]},{\"@type\":\"WebPage\",\"@id\":\"https:\\\/\\\/aconteceunovale.com.br\\\/portal\\\/?p=196792\",\"url\":\"https:\\\/\\\/aconteceunovale.com.br\\\/portal\\\/?p=196792\",\"name\":\"Rodrigo Pacheco encerra mandato e destaca defesa da democracia como legado - Aconteceu no Vale\",\"isPartOf\":{\"@id\":\"https:\\\/\\\/aconteceunovale.com.br\\\/portal\\\/#website\"},\"primaryImageOfPage\":{\"@id\":\"https:\\\/\\\/aconteceunovale.com.br\\\/portal\\\/?p=196792#primaryimage\"},\"image\":{\"@id\":\"https:\\\/\\\/aconteceunovale.com.br\\\/portal\\\/?p=196792#primaryimage\"},\"thumbnailUrl\":\"https:\\\/\\\/aconteceunovale.com.br\\\/portal\\\/wp-content\\\/uploads\\\/2025\\\/02\\\/rodrigo_pacheco.png\",\"datePublished\":\"2025-02-01T14:00:50+00:00\",\"dateModified\":\"2025-02-01T14:02:24+00:00\",\"author\":{\"@id\":\"https:\\\/\\\/aconteceunovale.com.br\\\/portal\\\/#\\\/schema\\\/person\\\/7d2f26d1483f8a63de73da1ee0754d35\"},\"breadcrumb\":{\"@id\":\"https:\\\/\\\/aconteceunovale.com.br\\\/portal\\\/?p=196792#breadcrumb\"},\"inLanguage\":\"pt-BR\",\"potentialAction\":[{\"@type\":\"ReadAction\",\"target\":[\"https:\\\/\\\/aconteceunovale.com.br\\\/portal\\\/?p=196792\"]}]},{\"@type\":\"ImageObject\",\"inLanguage\":\"pt-BR\",\"@id\":\"https:\\\/\\\/aconteceunovale.com.br\\\/portal\\\/?p=196792#primaryimage\",\"url\":\"https:\\\/\\\/aconteceunovale.com.br\\\/portal\\\/wp-content\\\/uploads\\\/2025\\\/02\\\/rodrigo_pacheco.png\",\"contentUrl\":\"https:\\\/\\\/aconteceunovale.com.br\\\/portal\\\/wp-content\\\/uploads\\\/2025\\\/02\\\/rodrigo_pacheco.png\",\"width\":678,\"height\":406,\"caption\":\"Senador Rodrigo Pacheco - Foto: Lula Marques\\\/ Ag\u00eancia Brasil\"},{\"@type\":\"BreadcrumbList\",\"@id\":\"https:\\\/\\\/aconteceunovale.com.br\\\/portal\\\/?p=196792#breadcrumb\",\"itemListElement\":[{\"@type\":\"ListItem\",\"position\":1,\"name\":\"In\u00edcio\",\"item\":\"https:\\\/\\\/aconteceunovale.com.br\\\/portal\\\/\"},{\"@type\":\"ListItem\",\"position\":2,\"name\":\"Rodrigo Pacheco encerra mandato e destaca defesa da democracia como legado\"}]},{\"@type\":\"WebSite\",\"@id\":\"https:\\\/\\\/aconteceunovale.com.br\\\/portal\\\/#website\",\"url\":\"https:\\\/\\\/aconteceunovale.com.br\\\/portal\\\/\",\"name\":\"Aconteceu no Vale\",\"description\":\"Portal de Not\u00edcias\",\"potentialAction\":[{\"@type\":\"SearchAction\",\"target\":{\"@type\":\"EntryPoint\",\"urlTemplate\":\"https:\\\/\\\/aconteceunovale.com.br\\\/portal\\\/?s={search_term_string}\"},\"query-input\":{\"@type\":\"PropertyValueSpecification\",\"valueRequired\":true,\"valueName\":\"search_term_string\"}}],\"inLanguage\":\"pt-BR\"},{\"@type\":\"Person\",\"@id\":\"https:\\\/\\\/aconteceunovale.com.br\\\/portal\\\/#\\\/schema\\\/person\\\/7d2f26d1483f8a63de73da1ee0754d35\",\"name\":\"Reda\u00e7\u00e3o Aconteceu no Vale\",\"description\":\"Equipe de reportagem do Aconteceu no Vale, portal de not\u00edcias do Vale do Jequitinhonha, em Minas Gerais. Cobrimos as 51 cidades do Vale desde 2013. Sugest\u00f5es de pauta e pedidos de corre\u00e7\u00e3o: contato@aconteceunovale.com.br\",\"url\":\"https:\\\/\\\/aconteceunovale.com.br\\\/portal\\\/?author=4\"}]}<\/script>\n<!-- \/ Yoast SEO plugin. -->","yoast_head_json":{"title":"Rodrigo Pacheco encerra mandato e destaca defesa da democracia como legado - Aconteceu no Vale","robots":{"index":"index","follow":"follow","max-snippet":"max-snippet:-1","max-image-preview":"max-image-preview:large","max-video-preview":"max-video-preview:-1"},"canonical":"https:\/\/aconteceunovale.com.br\/portal\/?p=196792","og_locale":"pt_BR","og_type":"article","og_title":"Rodrigo Pacheco encerra mandato e destaca defesa da democracia como legado - Aconteceu no Vale","og_description":"Ao se despedir do cargo na manh\u00e3 deste s\u00e1bado (1\/2\/2025), o presidente do Senado, Rodrigo Pacheco (PSD-MG), conversou com jornalistas e citou a defesa da democracia como legado dos quatro anos em que esteve \u00e0 frente da Casa. A declara\u00e7\u00e3o foi feita pouco antes de Pacheco se dirigir ao plen\u00e1rio para participar da sess\u00e3o preparat\u00f3ria [&hellip;]","og_url":"https:\/\/aconteceunovale.com.br\/portal\/?p=196792","og_site_name":"Aconteceu no Vale","article_publisher":"https:\/\/www.facebook.com\/aconteceunovale\/","article_published_time":"2025-02-01T14:00:50+00:00","article_modified_time":"2025-02-01T14:02:24+00:00","og_image":[{"width":678,"height":406,"url":"https:\/\/aconteceunovale.com.br\/portal\/wp-content\/uploads\/2025\/02\/rodrigo_pacheco.png","type":"image\/png"}],"author":"Reda\u00e7\u00e3o Aconteceu no Vale","twitter_card":"summary_large_image","twitter_creator":"@noticiadosvales","twitter_site":"@noticiadosvales","twitter_misc":{"Escrito por":"Reda\u00e7\u00e3o Aconteceu no Vale","Est. tempo de leitura":"2 minutos"},"schema":{"@context":"https:\/\/schema.org","@graph":[{"@type":"Article","@id":"https:\/\/aconteceunovale.com.br\/portal\/?p=196792#article","isPartOf":{"@id":"https:\/\/aconteceunovale.com.br\/portal\/?p=196792"},"author":{"name":"Reda\u00e7\u00e3o Aconteceu no Vale","@id":"https:\/\/aconteceunovale.com.br\/portal\/#\/schema\/person\/7d2f26d1483f8a63de73da1ee0754d35"},"headline":"Rodrigo Pacheco encerra mandato e destaca defesa da democracia como legado","datePublished":"2025-02-01T14:00:50+00:00","dateModified":"2025-02-01T14:02:24+00:00","mainEntityOfPage":{"@id":"https:\/\/aconteceunovale.com.br\/portal\/?p=196792"},"wordCount":447,"commentCount":0,"image":{"@id":"https:\/\/aconteceunovale.com.br\/portal\/?p=196792#primaryimage"},"thumbnailUrl":"https:\/\/aconteceunovale.com.br\/portal\/wp-content\/uploads\/2025\/02\/rodrigo_pacheco.png","keywords":["Arthur Lira","C\u00e2mara dos Deputados","Despedida de Rodrigo Pacheco","Despedida do Presidente do Senado Rodrigo Pacheco","destaque","Elei\u00e7\u00e3o para o Congresso Nacional","Elei\u00e7\u00e3o para presidente da c\u00e2mara","elei\u00e7\u00e3o para presidente do senado","Presidente do Congresso Nacional","presidente do senado","PSD-MG","Rodrigo Pacheco","Rodrigo Pacheco encerra mandato e destaca defesa da democracia como legado","Senado","Senado Federal"],"articleSection":["Brasil","Pol\u00edtica"],"inLanguage":"pt-BR","potentialAction":[{"@type":"CommentAction","name":"Comment","target":["https:\/\/aconteceunovale.com.br\/portal\/?p=196792#respond"]}]},{"@type":"WebPage","@id":"https:\/\/aconteceunovale.com.br\/portal\/?p=196792","url":"https:\/\/aconteceunovale.com.br\/portal\/?p=196792","name":"Rodrigo Pacheco encerra mandato e destaca defesa da democracia como legado - Aconteceu no Vale","isPartOf":{"@id":"https:\/\/aconteceunovale.com.br\/portal\/#website"},"primaryImageOfPage":{"@id":"https:\/\/aconteceunovale.com.br\/portal\/?p=196792#primaryimage"},"image":{"@id":"https:\/\/aconteceunovale.com.br\/portal\/?p=196792#primaryimage"},"thumbnailUrl":"https:\/\/aconteceunovale.com.br\/portal\/wp-content\/uploads\/2025\/02\/rodrigo_pacheco.png","datePublished":"2025-02-01T14:00:50+00:00","dateModified":"2025-02-01T14:02:24+00:00","author":{"@id":"https:\/\/aconteceunovale.com.br\/portal\/#\/schema\/person\/7d2f26d1483f8a63de73da1ee0754d35"},"breadcrumb":{"@id":"https:\/\/aconteceunovale.com.br\/portal\/?p=196792#breadcrumb"},"inLanguage":"pt-BR","potentialAction":[{"@type":"ReadAction","target":["https:\/\/aconteceunovale.com.br\/portal\/?p=196792"]}]},{"@type":"ImageObject","inLanguage":"pt-BR","@id":"https:\/\/aconteceunovale.com.br\/portal\/?p=196792#primaryimage","url":"https:\/\/aconteceunovale.com.br\/portal\/wp-content\/uploads\/2025\/02\/rodrigo_pacheco.png","contentUrl":"https:\/\/aconteceunovale.com.br\/portal\/wp-content\/uploads\/2025\/02\/rodrigo_pacheco.png","width":678,"height":406,"caption":"Senador Rodrigo Pacheco - Foto: Lula Marques\/ Ag\u00eancia Brasil"},{"@type":"BreadcrumbList","@id":"https:\/\/aconteceunovale.com.br\/portal\/?p=196792#breadcrumb","itemListElement":[{"@type":"ListItem","position":1,"name":"In\u00edcio","item":"https:\/\/aconteceunovale.com.br\/portal\/"},{"@type":"ListItem","position":2,"name":"Rodrigo Pacheco encerra mandato e destaca defesa da democracia como legado"}]},{"@type":"WebSite","@id":"https:\/\/aconteceunovale.com.br\/portal\/#website","url":"https:\/\/aconteceunovale.com.br\/portal\/","name":"Aconteceu no Vale","description":"Portal de Not\u00edcias","potentialAction":[{"@type":"SearchAction","target":{"@type":"EntryPoint","urlTemplate":"https:\/\/aconteceunovale.com.br\/portal\/?s={search_term_string}"},"query-input":{"@type":"PropertyValueSpecification","valueRequired":true,"valueName":"search_term_string"}}],"inLanguage":"pt-BR"},{"@type":"Person","@id":"https:\/\/aconteceunovale.com.br\/portal\/#\/schema\/person\/7d2f26d1483f8a63de73da1ee0754d35","name":"Reda\u00e7\u00e3o Aconteceu no Vale","description":"Equipe de reportagem do Aconteceu no Vale, portal de not\u00edcias do Vale do Jequitinhonha, em Minas Gerais. Cobrimos as 51 cidades do Vale desde 2013. Sugest\u00f5es de pauta e pedidos de corre\u00e7\u00e3o: contato@aconteceunovale.com.br","url":"https:\/\/aconteceunovale.com.br\/portal\/?author=4"}]}},"_links":{"self":[{"href":"https:\/\/aconteceunovale.com.br\/portal\/index.php?rest_route=\/wp\/v2\/posts\/196792","targetHints":{"allow":["GET"]}}],"collection":[{"href":"https:\/\/aconteceunovale.com.br\/portal\/index.php?rest_route=\/wp\/v2\/posts"}],"about":[{"href":"https:\/\/aconteceunovale.com.br\/portal\/index.php?rest_route=\/wp\/v2\/types\/post"}],"author":[{"embeddable":true,"href":"https:\/\/aconteceunovale.com.br\/portal\/index.php?rest_route=\/wp\/v2\/users\/4"}],"replies":[{"embeddable":true,"href":"https:\/\/aconteceunovale.com.br\/portal\/index.php?rest_route=%2Fwp%2Fv2%2Fcomments&post=196792"}],"version-history":[{"count":1,"href":"https:\/\/aconteceunovale.com.br\/portal\/index.php?rest_route=\/wp\/v2\/posts\/196792\/revisions"}],"predecessor-version":[{"id":196794,"href":"https:\/\/aconteceunovale.com.br\/portal\/index.php?rest_route=\/wp\/v2\/posts\/196792\/revisions\/196794"}],"wp:featuredmedia":[{"embeddable":true,"href":"https:\/\/aconteceunovale.com.br\/portal\/index.php?rest_route=\/wp\/v2\/media\/196793"}],"wp:attachment":[{"href":"https:\/\/aconteceunovale.com.br\/portal\/index.php?rest_route=%2Fwp%2Fv2%2Fmedia&parent=196792"}],"wp:term":[{"taxonomy":"category","embeddable":true,"href":"https:\/\/aconteceunovale.com.br\/portal\/index.php?rest_route=%2Fwp%2Fv2%2Fcategories&post=196792"},{"taxonomy":"post_tag","embeddable":true,"href":"https:\/\/aconteceunovale.com.br\/portal\/index.php?rest_route=%2Fwp%2Fv2%2Ftags&post=196792"}],"curies":[{"name":"wp","href":"https:\/\/api.w.org\/{rel}","templated":true}]}}