{"id":196736,"date":"2025-01-31T17:40:39","date_gmt":"2025-01-31T20:40:39","guid":{"rendered":"https:\/\/aconteceunovale.com.br\/portal\/?p=196736"},"modified":"2025-01-31T17:41:13","modified_gmt":"2025-01-31T20:41:13","slug":"ifmg-abre-inscricoes-para-pos-graduacao-gratuita-em-engenharia-de-seguranca-do-trabalho","status":"publish","type":"post","link":"https:\/\/aconteceunovale.com.br\/portal\/?p=196736","title":{"rendered":"IFMG abre inscri\u00e7\u00f5es para p\u00f3s-gradua\u00e7\u00e3o gratuita em Engenharia de Seguran\u00e7a do Trabalho"},"content":{"rendered":"\n<p>O Instituto Federal de Minas Gerais (IFMG) \u2013 Campus Governador Valadares anunciou a abertura das inscri\u00e7\u00f5es para a turma de 2025 da Especializa\u00e7\u00e3o em Engenharia de Seguran\u00e7a do Trabalho. O curso \u00e9 gratuito e ofertado na modalidade presencial, com carga hor\u00e1ria de 600 horas distribu\u00eddas ao longo de tr\u00eas semestres letivos.<\/p>\n\n\n\n<figure class=\"wp-block-gallery has-nested-images columns-default is-cropped wp-block-gallery-1 is-layout-flex wp-block-gallery-is-layout-flex\">\n<figure class=\"wp-block-image size-large\"><img loading=\"lazy\" decoding=\"async\" width=\"600\" height=\"450\" data-id=\"196737\" src=\"https:\/\/aconteceunovale.com.br\/portal\/wp-content\/uploads\/2025\/01\/ifmg_gv-1.jpg\" alt=\"\" class=\"wp-image-196737\" srcset=\"https:\/\/aconteceunovale.com.br\/portal\/wp-content\/uploads\/2025\/01\/ifmg_gv-1.jpg 600w, https:\/\/aconteceunovale.com.br\/portal\/wp-content\/uploads\/2025\/01\/ifmg_gv-1-300x225.jpg 300w, https:\/\/aconteceunovale.com.br\/portal\/wp-content\/uploads\/2025\/01\/ifmg_gv-1-80x60.jpg 80w, https:\/\/aconteceunovale.com.br\/portal\/wp-content\/uploads\/2025\/01\/ifmg_gv-1-265x198.jpg 265w, https:\/\/aconteceunovale.com.br\/portal\/wp-content\/uploads\/2025\/01\/ifmg_gv-1-560x420.jpg 560w\" sizes=\"auto, (max-width: 600px) 100vw, 600px\" \/><figcaption class=\"wp-element-caption\"><em>Foto: Divulga\u00e7\u00e3o \/ IFMG<\/em><\/figcaption><\/figure>\n<\/figure>\n\n\n\n<h3 class=\"wp-block-heading\"><strong>Quem pode se inscrever?<\/strong><\/h3>\n\n\n\n<p>Podem concorrer \u00e0s vagas profissionais com diploma de bacharelado em Engenharia, Arquitetura ou Agronomia. O processo seletivo ser\u00e1 feito por <strong>ordem de inscri\u00e7\u00e3o<\/strong>, e os interessados t\u00eam at\u00e9 o dia <strong>23 de fevereiro<\/strong> para se candidatar.<\/p>\n\n\n\n<h3 class=\"wp-block-heading\"><strong>Vagas e modalidades<\/strong><\/h3>\n\n\n\n<p>Ao todo, ser\u00e3o disponibilizadas <strong>50 vagas<\/strong>, distribu\u00eddas da seguinte forma:<\/p>\n\n\n\n<ul class=\"wp-block-list\">\n<li><strong>39 vagas<\/strong> para ampla concorr\u00eancia;<\/li>\n\n\n\n<li><strong>10 vagas<\/strong> para candidatos negros (pretos e pardos) e ind\u00edgenas;<\/li>\n\n\n\n<li><strong>1 vaga<\/strong> para pessoa com defici\u00eancia.<\/li>\n<\/ul>\n\n\n\n<h3 class=\"wp-block-heading\"><strong>Como se inscrever?<\/strong><\/h3>\n\n\n\n<p>O primeiro passo para se inscrever \u00e9 gerar e pagar a <strong>Guia de Recolhimento da Uni\u00e3o (GRU)<\/strong> at\u00e9 o dia <strong>24 de fevereiro de 2025<\/strong>. Em seguida, o candidato deve preencher e enviar o <strong>formul\u00e1rio eletr\u00f4nico de inscri\u00e7\u00e3o<\/strong>, dispon\u00edvel no link: <a href=\"https:\/\/forms.gle\/hcA38jtnDNss6XXX6\" target=\"_blank\" rel=\"noreferrer noopener\">https:\/\/forms.gle\/hcA38jtnDNss6XXX6<\/a>, anexando o comprovante de pagamento da taxa.<\/p>\n\n\n\n<p>A taxa de inscri\u00e7\u00e3o \u00e9 de <strong>R$ 150,00<\/strong>, por\u00e9m candidatos que comprovarem situa\u00e7\u00e3o econ\u00f4mica desfavor\u00e1vel podem solicitar <strong>isen\u00e7\u00e3o<\/strong> at\u00e9 o dia <strong>13 de fevereiro<\/strong>.<\/p>\n\n\n\n<p>O edital completo est\u00e1 dispon\u00edvel no site: <a href=\"https:\/\/www.ifmg.edu.br\/gv\" target=\"_blank\" rel=\"noreferrer noopener\">www.ifmg.edu.br\/gv<\/a>. Em caso de d\u00favidas, os interessados podem entrar em contato pelo e-mail: processosseletivos.gv@ifmg.edu.br.<\/p>\n\n\n\n<h3 class=\"wp-block-heading\"><strong>Sobre o curso<\/strong><\/h3>\n\n\n\n<p>A especializa\u00e7\u00e3o tem como objetivo formar profissionais capacitados para atuar na preven\u00e7\u00e3o e controle de riscos no ambiente de trabalho, garantindo a sa\u00fade e seguran\u00e7a dos trabalhadores. O curso busca proporcionar uma vis\u00e3o cr\u00edtica e reflexiva sobre novas tecnologias e solu\u00e7\u00f5es para problemas relacionados \u00e0 seguran\u00e7a do trabalho.<\/p>\n\n\n\n<p>As aulas ser\u00e3o presenciais e acontecer\u00e3o \u00e0s <strong>sextas-feiras, das 19h \u00e0s 23h<\/strong>, e aos <strong>s\u00e1bados, das 8h \u00e0s 17h<\/strong>. O in\u00edcio das atividades est\u00e1 previsto para o dia <strong>11 de abril de 2025<\/strong>.<\/p>\n","protected":false},"excerpt":{"rendered":"<p>O Instituto Federal de Minas Gerais (IFMG) \u2013 Campus Governador Valadares anunciou a abertura das inscri\u00e7\u00f5es para a turma de 2025 da Especializa\u00e7\u00e3o em Engenharia de Seguran\u00e7a do Trabalho. O curso \u00e9 gratuito e ofertado na modalidade presencial, com carga hor\u00e1ria de 600 horas distribu\u00eddas ao longo de tr\u00eas semestres letivos. Quem pode se inscrever? [&hellip;]<\/p>\n","protected":false},"author":4,"featured_media":196737,"comment_status":"open","ping_status":"closed","sticky":false,"template":"","format":"standard","meta":{"amp_status":"","footnotes":""},"categories":[40238,121],"tags":[1018,247,160,271047,158200,211777,177570],"class_list":["post-196736","post","type-post","status-publish","format-standard","has-post-thumbnail","hentry","category-educacao-2","category-leste","tag-destaque","tag-governador-valadares","tag-ifmg","tag-ifmg-abre-inscricoes-para-pos-graduacao-gratuita-em-engenharia-de-seguranca-do-trabalho","tag-ifmg-governador-valadares","tag-ifmg-campus-governador-valadares-2","tag-pos-graduacao-gratuita-em-governador-valadares"],"_links":{"self":[{"href":"https:\/\/aconteceunovale.com.br\/portal\/index.php?rest_route=\/wp\/v2\/posts\/196736","targetHints":{"allow":["GET"]}}],"collection":[{"href":"https:\/\/aconteceunovale.com.br\/portal\/index.php?rest_route=\/wp\/v2\/posts"}],"about":[{"href":"https:\/\/aconteceunovale.com.br\/portal\/index.php?rest_route=\/wp\/v2\/types\/post"}],"author":[{"embeddable":true,"href":"https:\/\/aconteceunovale.com.br\/portal\/index.php?rest_route=\/wp\/v2\/users\/4"}],"replies":[{"embeddable":true,"href":"https:\/\/aconteceunovale.com.br\/portal\/index.php?rest_route=%2Fwp%2Fv2%2Fcomments&post=196736"}],"version-history":[{"count":1,"href":"https:\/\/aconteceunovale.com.br\/portal\/index.php?rest_route=\/wp\/v2\/posts\/196736\/revisions"}],"predecessor-version":[{"id":196738,"href":"https:\/\/aconteceunovale.com.br\/portal\/index.php?rest_route=\/wp\/v2\/posts\/196736\/revisions\/196738"}],"wp:featuredmedia":[{"embeddable":true,"href":"https:\/\/aconteceunovale.com.br\/portal\/index.php?rest_route=\/wp\/v2\/media\/196737"}],"wp:attachment":[{"href":"https:\/\/aconteceunovale.com.br\/portal\/index.php?rest_route=%2Fwp%2Fv2%2Fmedia&parent=196736"}],"wp:term":[{"taxonomy":"category","embeddable":true,"href":"https:\/\/aconteceunovale.com.br\/portal\/index.php?rest_route=%2Fwp%2Fv2%2Fcategories&post=196736"},{"taxonomy":"post_tag","embeddable":true,"href":"https:\/\/aconteceunovale.com.br\/portal\/index.php?rest_route=%2Fwp%2Fv2%2Ftags&post=196736"}],"curies":[{"name":"wp","href":"https:\/\/api.w.org\/{rel}","templated":true}]}}