{"id":196733,"date":"2025-01-31T17:34:17","date_gmt":"2025-01-31T20:34:17","guid":{"rendered":"https:\/\/aconteceunovale.com.br\/portal\/?p=196733"},"modified":"2025-01-31T17:35:13","modified_gmt":"2025-01-31T20:35:13","slug":"maria-fumaca-entre-sao-joao-del-rei-e-tiradentes-tera-viagens-suspensas-neste-fim-de-semana","status":"publish","type":"post","link":"https:\/\/aconteceunovale.com.br\/portal\/?p=196733","title":{"rendered":"Maria Fuma\u00e7a entre S\u00e3o Jo\u00e3o del-Rei e Tiradentes ter\u00e1 viagens suspensas neste fim de semana"},"content":{"rendered":"\n<p>A circula\u00e7\u00e3o da Maria Fuma\u00e7a entre as cidades de S\u00e3o Jo\u00e3o del-Rei e Tiradentes, em Minas Gerais, ser\u00e1 suspensa neste fim de semana como medida preventiva devido \u00e0s fortes chuvas e \u00e0 eleva\u00e7\u00e3o do n\u00edvel do Rio Elvas. A decis\u00e3o foi tomada pela VLI, administradora do trem tur\u00edstico, visando garantir a seguran\u00e7a dos passageiros.<\/p>\n\n\n\n<figure class=\"wp-block-gallery has-nested-images columns-default is-cropped wp-block-gallery-1 is-layout-flex wp-block-gallery-is-layout-flex\">\n<figure class=\"wp-block-image size-large\"><img loading=\"lazy\" decoding=\"async\" width=\"678\" height=\"442\" data-id=\"196734\" src=\"https:\/\/aconteceunovale.com.br\/portal\/wp-content\/uploads\/2025\/01\/maria_fumaca_vli.jpg\" alt=\"\" class=\"wp-image-196734\" srcset=\"https:\/\/aconteceunovale.com.br\/portal\/wp-content\/uploads\/2025\/01\/maria_fumaca_vli.jpg 678w, https:\/\/aconteceunovale.com.br\/portal\/wp-content\/uploads\/2025\/01\/maria_fumaca_vli-300x196.jpg 300w, https:\/\/aconteceunovale.com.br\/portal\/wp-content\/uploads\/2025\/01\/maria_fumaca_vli-644x420.jpg 644w\" sizes=\"auto, (max-width: 678px) 100vw, 678px\" \/><figcaption class=\"wp-element-caption\"><em>Foto: Divulga\u00e7\u00e3o \/ VLI<\/em><\/figcaption><\/figure>\n<\/figure>\n\n\n\n<p>De acordo com a empresa, uma nova avalia\u00e7\u00e3o t\u00e9cnica ser\u00e1 realizada na pr\u00f3xima semana para verificar a viabilidade da retomada das viagens.<\/p>\n\n\n\n<h3 class=\"wp-block-heading\"><strong>Remarca\u00e7\u00e3o e reembolso<\/strong><\/h3>\n\n\n\n<p>Os passageiros que adquiriram bilhetes antecipadamente poder\u00e3o optar pela remarca\u00e7\u00e3o da viagem, sem custo adicional, ou pelo reembolso do valor pago. Para isso, devem entrar em contato com a Buson pelos seguintes canais:<\/p>\n\n\n\n<ul class=\"wp-block-list\">\n<li><strong>Telefone:<\/strong> (11) 2626-9632 (segunda a sexta-feira, das 9h \u00e0s 18h).<\/li>\n\n\n\n<li><strong>WhatsApp:<\/strong> (12) 99645-1386 (segunda a sexta-feira, das 9h \u00e0s 20h, e aos s\u00e1bados, das 9h \u00e0s 19h).<\/li>\n<\/ul>\n\n\n\n<h3 class=\"wp-block-heading\"><strong>Atra\u00e7\u00f5es mantidas<\/strong><\/h3>\n\n\n\n<p>Apesar da suspens\u00e3o das viagens, as esta\u00e7\u00f5es de S\u00e3o Jo\u00e3o del-Rei e Tiradentes permanecer\u00e3o abertas para visita\u00e7\u00e3o. Os turistas poder\u00e3o conhecer as exposi\u00e7\u00f5es do <strong>Programa Esta\u00e7\u00e3o de Mem\u00f3rias<\/strong>, que busca preservar a hist\u00f3ria ferrovi\u00e1ria e proporcionar um espa\u00e7o de intera\u00e7\u00e3o com o passado das ferrovias.<\/p>\n\n\n\n<ul class=\"wp-block-list\">\n<li><strong>S\u00e3o Jo\u00e3o del-Rei:<\/strong> Quarta a s\u00e1bado, das 8h \u00e0s 17h, e domingos, das 8h \u00e0s 12h.<\/li>\n\n\n\n<li><strong>Tiradentes:<\/strong> Quinta a s\u00e1bado, das 8h \u00e0s 17h, e domingos, das 8h \u00e0s 12h.<\/li>\n<\/ul>\n\n\n\n<h3 class=\"wp-block-heading\"><strong>Museu Ferrovi\u00e1rio e Rotunda<\/strong><\/h3>\n\n\n\n<p>Em S\u00e3o Jo\u00e3o del-Rei, tamb\u00e9m ser\u00e1 poss\u00edvel visitar o <strong>Museu Ferrovi\u00e1rio<\/strong>, inaugurado em 1981 e considerado o maior centro de preserva\u00e7\u00e3o da hist\u00f3ria ferrovi\u00e1ria do Brasil. O espa\u00e7o re\u00fane pe\u00e7as utilizadas na antiga <strong>Estrada de Ferro Oeste de Minas (EFOM)<\/strong> e de outras ferrovias da mesma \u00e9poca. A entrada \u00e9 gratuita e o funcionamento ocorre de quarta a s\u00e1bado, das 8h \u00e0s 17h, e aos domingos, das 8h \u00e0s 12h.<\/p>\n\n\n\n<p>Outra atra\u00e7\u00e3o dispon\u00edvel \u00e9 a <strong>Rotunda<\/strong>, estrutura circular com 25 linhas internas convergindo para um girador manual no centro. Nos dias normais de circula\u00e7\u00e3o do trem, h\u00e1 visitas guiadas \u00e0s 9h e \u00e0s 16h, exceto aos domingos, quando a visita ocorre apenas \u00e0s 9h.<\/p>\n\n\n\n<p>O ingresso para a Rotunda custa <strong>R$ 20 por visitante<\/strong>, com meia-entrada de <strong>R$ 10<\/strong> para crian\u00e7as e outros benefici\u00e1rios mediante apresenta\u00e7\u00e3o de documento. Os bilhetes podem ser adquiridos atrav\u00e9s da <a href=\"https:\/\/vlitremturistico.buson.com.br\/\" target=\"_blank\" rel=\"noreferrer noopener\">Buson<\/a>.<\/p>\n\n\n\n<p><\/p>\n","protected":false},"excerpt":{"rendered":"<p>A circula\u00e7\u00e3o da Maria Fuma\u00e7a entre as cidades de S\u00e3o Jo\u00e3o del-Rei e Tiradentes, em Minas Gerais, ser\u00e1 suspensa neste fim de semana como medida preventiva devido \u00e0s fortes chuvas e \u00e0 eleva\u00e7\u00e3o do n\u00edvel do Rio Elvas. A decis\u00e3o foi tomada pela VLI, administradora do trem tur\u00edstico, visando garantir a seguran\u00e7a dos passageiros. De [&hellip;]<\/p>\n","protected":false},"author":4,"featured_media":196734,"comment_status":"open","ping_status":"closed","sticky":false,"template":"","format":"standard","meta":{"amp_status":"","footnotes":""},"categories":[123],"tags":[271046,94567,271044,271043,271042,144668,711,271045,146010],"class_list":["post-196733","post","type-post","status-publish","format-standard","has-post-thumbnail","hentry","category-gerais","tag-efom","tag-estrada-de-ferro-oeste-de-minas","tag-maria-fumaca-da-vli","tag-maria-fumaca-entre-sao-joao-del-rei-e-tiradentes","tag-maria-fumaca-entre-sao-joao-del-rei-e-tiradentes-tera-viagens-suspensas-neste-fim-de-semana","tag-sao-joao-de-rei","tag-tiradentes","tag-trem-turistico-da-vli","tag-vli"],"_links":{"self":[{"href":"https:\/\/aconteceunovale.com.br\/portal\/index.php?rest_route=\/wp\/v2\/posts\/196733","targetHints":{"allow":["GET"]}}],"collection":[{"href":"https:\/\/aconteceunovale.com.br\/portal\/index.php?rest_route=\/wp\/v2\/posts"}],"about":[{"href":"https:\/\/aconteceunovale.com.br\/portal\/index.php?rest_route=\/wp\/v2\/types\/post"}],"author":[{"embeddable":true,"href":"https:\/\/aconteceunovale.com.br\/portal\/index.php?rest_route=\/wp\/v2\/users\/4"}],"replies":[{"embeddable":true,"href":"https:\/\/aconteceunovale.com.br\/portal\/index.php?rest_route=%2Fwp%2Fv2%2Fcomments&post=196733"}],"version-history":[{"count":1,"href":"https:\/\/aconteceunovale.com.br\/portal\/index.php?rest_route=\/wp\/v2\/posts\/196733\/revisions"}],"predecessor-version":[{"id":196735,"href":"https:\/\/aconteceunovale.com.br\/portal\/index.php?rest_route=\/wp\/v2\/posts\/196733\/revisions\/196735"}],"wp:featuredmedia":[{"embeddable":true,"href":"https:\/\/aconteceunovale.com.br\/portal\/index.php?rest_route=\/wp\/v2\/media\/196734"}],"wp:attachment":[{"href":"https:\/\/aconteceunovale.com.br\/portal\/index.php?rest_route=%2Fwp%2Fv2%2Fmedia&parent=196733"}],"wp:term":[{"taxonomy":"category","embeddable":true,"href":"https:\/\/aconteceunovale.com.br\/portal\/index.php?rest_route=%2Fwp%2Fv2%2Fcategories&post=196733"},{"taxonomy":"post_tag","embeddable":true,"href":"https:\/\/aconteceunovale.com.br\/portal\/index.php?rest_route=%2Fwp%2Fv2%2Ftags&post=196733"}],"curies":[{"name":"wp","href":"https:\/\/api.w.org\/{rel}","templated":true}]}}