{"id":196723,"date":"2025-01-31T13:46:31","date_gmt":"2025-01-31T16:46:31","guid":{"rendered":"https:\/\/aconteceunovale.com.br\/portal\/?p=196723"},"modified":"2025-01-31T13:47:07","modified_gmt":"2025-01-31T16:47:07","slug":"rio-vermelho-comemora-87-anos-de-emancipacao-com-programacao-especial","status":"publish","type":"post","link":"https:\/\/aconteceunovale.com.br\/portal\/?p=196723","title":{"rendered":"Rio Vermelho comemora 87 anos de emancipa\u00e7\u00e3o com programa\u00e7\u00e3o especial"},"content":{"rendered":"\n<p>O munic\u00edpio de Rio Vermelho, localizado no Vale do Rio Doce, celebra neste final de semana os 87 anos de sua emancipa\u00e7\u00e3o pol\u00edtica, ocorrida no dia 31 de janeiro de 1938. Para marcar a data, a Prefeitura Municipal preparou uma programa\u00e7\u00e3o festiva que inclui shows e a tradicional Feira de Sabores da Terra.<\/p>\n\n\n<div class=\"wp-block-image\">\n<figure class=\"alignright size-full is-resized\"><img loading=\"lazy\" decoding=\"async\" width=\"357\" height=\"450\" src=\"https:\/\/aconteceunovale.com.br\/portal\/wp-content\/uploads\/2025\/01\/festa_rio_vermelho_1.jpg\" alt=\"\" class=\"wp-image-196724\" style=\"width:390px;height:auto\" srcset=\"https:\/\/aconteceunovale.com.br\/portal\/wp-content\/uploads\/2025\/01\/festa_rio_vermelho_1.jpg 357w, https:\/\/aconteceunovale.com.br\/portal\/wp-content\/uploads\/2025\/01\/festa_rio_vermelho_1-238x300.jpg 238w, https:\/\/aconteceunovale.com.br\/portal\/wp-content\/uploads\/2025\/01\/festa_rio_vermelho_1-333x420.jpg 333w\" sizes=\"auto, (max-width: 357px) 100vw, 357px\" \/><\/figure>\n<\/div>\n\n\n<h2 class=\"wp-block-heading\"><strong>Programa\u00e7\u00e3o<\/strong><\/h2>\n\n\n\n<p><strong>31\/1 (sexta-feira):<\/strong><\/p>\n\n\n\n<ul class=\"wp-block-list\">\n<li>19h30 &#8211; Missa solene (Sal\u00e3o Paroquial)<\/li>\n\n\n\n<li>20h30 &#8211; Som mec\u00e2nico<\/li>\n\n\n\n<li>23h00 &#8211; Show com Tatilane Costha<\/li>\n\n\n\n<li>01h30 &#8211; Show com S\u00e9rgio Silva<\/li>\n<\/ul>\n\n\n\n<p><strong>1\/2 (s\u00e1bado):<\/strong><\/p>\n\n\n\n<ul class=\"wp-block-list\">\n<li>11h00 &#8211; Concentra\u00e7\u00e3o dos trilheiros<\/li>\n\n\n\n<li>20h30 &#8211; Som mec\u00e2nico<\/li>\n\n\n\n<li>23h00 &#8211; Show com Felipe Fantin<\/li>\n\n\n\n<li>01h30 &#8211; Show com DJ Piu<\/li>\n<\/ul>\n\n\n\n<p><strong>2\/2 (domingo):<\/strong><\/p>\n\n\n\n<ul class=\"wp-block-list\">\n<li>13h00 &#8211; Rua de Lazer<\/li>\n\n\n\n<li>15h00 &#8211; Show com o Grupo de Pagode Batom na Cueca<\/li>\n<\/ul>\n\n\n\n<p>A festa \u00e9 realizada pela Prefeitura de Rio Vermelho e pela Secretaria Municipal de Cultura e Turismo, e promete reunir a comunidade local para comemorar mais um ano de hist\u00f3ria da cidade.<\/p>\n","protected":false},"excerpt":{"rendered":"<p>O munic\u00edpio de Rio Vermelho, localizado no Vale do Rio Doce, celebra neste final de semana os 87 anos de sua emancipa\u00e7\u00e3o pol\u00edtica, ocorrida no dia 31 de janeiro de 1938. Para marcar a data, a Prefeitura Municipal preparou uma programa\u00e7\u00e3o festiva que inclui shows e a tradicional Feira de Sabores da Terra. Programa\u00e7\u00e3o 31\/1 [&hellip;]<\/p>\n","protected":false},"author":4,"featured_media":196725,"comment_status":"open","ping_status":"closed","sticky":false,"template":"","format":"standard","meta":{"amp_status":"","footnotes":""},"categories":[125,121],"tags":[271032,271034,271033,271035,271030,445,271031],"class_list":["post-196723","post","type-post","status-publish","format-standard","has-post-thumbnail","hentry","category-noticias","category-leste","tag-aniversario-de-rio-vermelho","tag-festa-aniversario-rio-vermelho","tag-festa-de-87-anos-rio-vermelho","tag-festa-rio-vermelho","tag-prefeitura-de-rio-vermelho","tag-rio-vermelho","tag-rio-vermelho-comemora-87-anos-de-emancipacao-com-programacao-especial"],"_links":{"self":[{"href":"https:\/\/aconteceunovale.com.br\/portal\/index.php?rest_route=\/wp\/v2\/posts\/196723","targetHints":{"allow":["GET"]}}],"collection":[{"href":"https:\/\/aconteceunovale.com.br\/portal\/index.php?rest_route=\/wp\/v2\/posts"}],"about":[{"href":"https:\/\/aconteceunovale.com.br\/portal\/index.php?rest_route=\/wp\/v2\/types\/post"}],"author":[{"embeddable":true,"href":"https:\/\/aconteceunovale.com.br\/portal\/index.php?rest_route=\/wp\/v2\/users\/4"}],"replies":[{"embeddable":true,"href":"https:\/\/aconteceunovale.com.br\/portal\/index.php?rest_route=%2Fwp%2Fv2%2Fcomments&post=196723"}],"version-history":[{"count":1,"href":"https:\/\/aconteceunovale.com.br\/portal\/index.php?rest_route=\/wp\/v2\/posts\/196723\/revisions"}],"predecessor-version":[{"id":196726,"href":"https:\/\/aconteceunovale.com.br\/portal\/index.php?rest_route=\/wp\/v2\/posts\/196723\/revisions\/196726"}],"wp:featuredmedia":[{"embeddable":true,"href":"https:\/\/aconteceunovale.com.br\/portal\/index.php?rest_route=\/wp\/v2\/media\/196725"}],"wp:attachment":[{"href":"https:\/\/aconteceunovale.com.br\/portal\/index.php?rest_route=%2Fwp%2Fv2%2Fmedia&parent=196723"}],"wp:term":[{"taxonomy":"category","embeddable":true,"href":"https:\/\/aconteceunovale.com.br\/portal\/index.php?rest_route=%2Fwp%2Fv2%2Fcategories&post=196723"},{"taxonomy":"post_tag","embeddable":true,"href":"https:\/\/aconteceunovale.com.br\/portal\/index.php?rest_route=%2Fwp%2Fv2%2Ftags&post=196723"}],"curies":[{"name":"wp","href":"https:\/\/api.w.org\/{rel}","templated":true}]}}