{"id":196717,"date":"2025-01-31T13:01:03","date_gmt":"2025-01-31T16:01:03","guid":{"rendered":"https:\/\/aconteceunovale.com.br\/portal\/?p=196717"},"modified":"2025-01-31T13:01:22","modified_gmt":"2025-01-31T16:01:22","slug":"inmet-faz-alerta-para-chuvas-intensas-em-grande-parte-do-brasil","status":"publish","type":"post","link":"https:\/\/aconteceunovale.com.br\/portal\/?p=196717","title":{"rendered":"Inmet faz alerta para chuvas intensas em grande parte do Brasil"},"content":{"rendered":"\n<p>At\u00e9 domingo, dia 2 de fevereiro, o Instituto Nacional de Meteorologia (Inmet) est\u00e1 com alerta laranja de perigo para chuvas intensas em uma faixa que se estende do Norte do Amap\u00e1, passando por dez estados brasileiros at\u00e9 o extremo norte paranaense. O volume de \u00e1gua pode superar 100 mil\u00edmetros por dia, com ventos intensos de at\u00e9 100 quil\u00f4metros por hora.<\/p>\n\n\n\n<p>Em alguns estados, como S\u00e3o Paulo, a Defesa Civil divulgou recomenda\u00e7\u00f5es \u00e0 popula\u00e7\u00e3o para ado\u00e7\u00e3o de medidas de seguran\u00e7a e aten\u00e7\u00e3o aos sinais de instabilidade em \u00e1reas de risco, como a manuten\u00e7\u00e3o de bueiros e calhas desobstru\u00eddos e, em caso de enchentes, n\u00e3o transitar em locais alagados. Tamb\u00e9m orienta o acompanhamento das atualiza\u00e7\u00f5es clim\u00e1ticas, por meio de fontes oficiais, e a busca por locais seguros em caso de emerg\u00eancias ou alertas espec\u00edficos.<\/p>\n\n\n\n<p>De acordo com a previs\u00e3o do Centro de Gerenciamento de Emerg\u00eancias, as \u00e1reas mais afetadas no estado incluem a Grande S\u00e3o Paulo, o Vale do Ribeira, o Vale do Para\u00edba, o litoral paulista e regi\u00f5es do interior, onde j\u00e1 foram registrados impactos como enchentes e deslizamentos.<\/p>\n\n\n\n<p>Por meio de nota, a institui\u00e7\u00e3o informou ainda que, considerando a previs\u00e3o de continuidade das chuvas no estado de S\u00e3o Paulo durante esta semana, o Gabinete de Crise permanecer\u00e1 ativo de forma presencial at\u00e9 domingo (2).\u201d<\/p>\n\n\n\n<p>A Defesa Civil do Estado de Minas Gerais tamb\u00e9m publicou alerta em suas redes sociais com orienta\u00e7\u00f5es. \u201cN\u00e3o subestime a for\u00e7a das \u00e1guas. Enchentes e correntezas podem ser mais perigosas do que parecem. Proteja-se, sua vida \u00e9 o que mais importa!\u201d, refor\u00e7a.<\/p>\n\n\n\n<p>O Inmet tamb\u00e9m orienta que, em caso de rajadas de ventos \u00e9 importante n\u00e3o buscar abrigo debaixo de \u00e1rvores e n\u00e3o estacionar ve\u00edculos pr\u00f3ximos a torres de transmiss\u00e3o e placas de propaganda. \u201cH\u00e1 risco de queda e descargas el\u00e9tricas\u201d, alerta.<\/p>\n\n\n\n<p>Para mais informa\u00e7\u00f5es, o instituto orienta entrar em contato com a Defesa Civil (telefone 199) e Corpo de Bombeiros (telefone 193) da regi\u00e3o.<\/p>\n","protected":false},"excerpt":{"rendered":"<p>At\u00e9 domingo, dia 2 de fevereiro, o Instituto Nacional de Meteorologia (Inmet) est\u00e1 com alerta laranja de perigo para chuvas intensas em uma faixa que se estende do Norte do Amap\u00e1, passando por dez estados brasileiros at\u00e9 o extremo norte paranaense. O volume de \u00e1gua pode superar 100 mil\u00edmetros por dia, com ventos intensos de [&hellip;]<\/p>\n","protected":false},"author":4,"featured_media":196718,"comment_status":"open","ping_status":"closed","sticky":false,"template":"","format":"standard","meta":{"amp_status":"","footnotes":""},"categories":[6],"tags":[270973,54659,270972,271024,100056],"class_list":["post-196717","post","type-post","status-publish","format-standard","has-post-thumbnail","hentry","category-br","tag-alerta-vermelho-minas-gerais","tag-inmet","tag-inmet-emite-alerta-vermelho-para-chuvas-intensas-em-minas","tag-inmet-faz-alerta-para-chuvas-intensas-em-grande-parte-do-brasil","tag-instituto-nacional-de-meteorologia"],"_links":{"self":[{"href":"https:\/\/aconteceunovale.com.br\/portal\/index.php?rest_route=\/wp\/v2\/posts\/196717","targetHints":{"allow":["GET"]}}],"collection":[{"href":"https:\/\/aconteceunovale.com.br\/portal\/index.php?rest_route=\/wp\/v2\/posts"}],"about":[{"href":"https:\/\/aconteceunovale.com.br\/portal\/index.php?rest_route=\/wp\/v2\/types\/post"}],"author":[{"embeddable":true,"href":"https:\/\/aconteceunovale.com.br\/portal\/index.php?rest_route=\/wp\/v2\/users\/4"}],"replies":[{"embeddable":true,"href":"https:\/\/aconteceunovale.com.br\/portal\/index.php?rest_route=%2Fwp%2Fv2%2Fcomments&post=196717"}],"version-history":[{"count":1,"href":"https:\/\/aconteceunovale.com.br\/portal\/index.php?rest_route=\/wp\/v2\/posts\/196717\/revisions"}],"predecessor-version":[{"id":196719,"href":"https:\/\/aconteceunovale.com.br\/portal\/index.php?rest_route=\/wp\/v2\/posts\/196717\/revisions\/196719"}],"wp:featuredmedia":[{"embeddable":true,"href":"https:\/\/aconteceunovale.com.br\/portal\/index.php?rest_route=\/wp\/v2\/media\/196718"}],"wp:attachment":[{"href":"https:\/\/aconteceunovale.com.br\/portal\/index.php?rest_route=%2Fwp%2Fv2%2Fmedia&parent=196717"}],"wp:term":[{"taxonomy":"category","embeddable":true,"href":"https:\/\/aconteceunovale.com.br\/portal\/index.php?rest_route=%2Fwp%2Fv2%2Fcategories&post=196717"},{"taxonomy":"post_tag","embeddable":true,"href":"https:\/\/aconteceunovale.com.br\/portal\/index.php?rest_route=%2Fwp%2Fv2%2Ftags&post=196717"}],"curies":[{"name":"wp","href":"https:\/\/api.w.org\/{rel}","templated":true}]}}