{"id":19667,"date":"2014-01-27T23:29:46","date_gmt":"2014-01-28T01:29:46","guid":{"rendered":"http:\/\/aconteceunovale.com.br\/portal\/?p=19667"},"modified":"2014-01-27T23:29:46","modified_gmt":"2014-01-28T01:29:46","slug":"agencia-da-caixa-sera-inaugurada-durante-comemoracoes-dos-300-anos-do-serro","status":"publish","type":"post","link":"https:\/\/aconteceunovale.com.br\/portal\/?p=19667","title":{"rendered":"Ag\u00eancia da Caixa ser\u00e1 inaugurada durante comemora\u00e7\u00f5es dos 300 anos do Serro"},"content":{"rendered":"<p>A Caixa Econ\u00f4mica Federal inaugura na pr\u00f3xima quarta-feira (29\/01), \u00e0s 15h na cidade de Serro (MG), mais uma unidade no estado de Minas Gerais. A nova ag\u00eancia recebeu o nome da pr\u00f3pria cidade e est\u00e1 localizada na Avenida Bar\u00e3o de Diamantina, 130, no Bairro Cidade Nova. Com \u00e1rea de aproximadamente 350m\u00b2, a unidade funcionar\u00e1 de 10 \u00e0s 15h com equipe de 08 empregados e 04 colaboradores para atendimento aos clientes, disponibilizando ainda, tr\u00eas equipamentos na sala de autoatendimento, durante toda a semana, no hor\u00e1rio de 06 \u00e0s 22 horas.<\/p>\n<p>O evento que contar\u00e1 com a presen\u00e7a do superintendente regional da CAIXA no Norte de Minas, Marcelo Bomfim e do prefeito de Serro, Epaminondas Pires al\u00e9m de diversas autoridades regionais, faz parte das comemora\u00e7\u00f5es dos 300 anos de emancipa\u00e7\u00e3o pol\u00edtica do hist\u00f3rico munic\u00edpio mineiro.<\/p>\n<p>A nova agencia est\u00e1 alinhada aos desafios estrat\u00e9gicos da CAIXA que \u00e9 ser refer\u00eancia em atendimento, promovendo a inclus\u00e3o social, valorizando a acessibilidade, a satisfa\u00e7\u00e3o e comodidade dos usu\u00e1rios. Al\u00e9m disso, apresenta padr\u00e3o visual e funcional, para facilitar o direcionamento e a movimenta\u00e7\u00e3o dos clientes, obedecendo a um modelo atual de ergonomia e modernidade.<\/p>\n<p>A instala\u00e7\u00e3o da agencia em Serro objetiva facilitar o acesso da popula\u00e7\u00e3o aos servi\u00e7os geridos pela CAIXA. Al\u00e9m de oferecer v\u00e1rios produtos com taxas competitivas, a CAIXA \u00e9 o principal agente financeiro das pol\u00edticas p\u00fablicas do Governo Federal, e est\u00e1 \u00e0 frente dos mais importantes programas, como o Minha Casa, Minha Vida (PMCMV), o Programa de Acelera\u00e7\u00e3o do Crescimento (PAC) e o Bolsa Fam\u00edlia.<\/p>\n<p><strong>SERRO<\/strong><\/p>\n<p>Fundada em 29 de janeiro de 1714, Serro foi uma das primeiras comarcas da Capitania das Minas e ainda guarda as caracter\u00edsticas das vilas setecentistas mineiras. O munic\u00edpio com pouco mais de 21 mil habitantes, fica a aproximadamente 320 km de Belo Horizonte. O conjunto de igrejas e o preservado casario colonial s\u00e3o o charme da cidade, tamb\u00e9m conhecida como a &#8220;terra do queijo&#8221;. Ali\u00e1s, o queijo que se produz em Serro, se tornou patrim\u00f4nio imaterial de Minas Gerais.<\/p>\n<p><strong>EXPANS\u00c3O<\/strong><\/p>\n<p>A inaugura\u00e7\u00e3o desta nova unidade faz parte das a\u00e7\u00f5es de expans\u00e3o e reposicionamento da rede da CAIXA, j\u00e1 presente em todos os munic\u00edpios do Brasil. A rede do banco \u00e9 composta, atualmente, em todo o pa\u00eds, por 4000 ag\u00eancias pr\u00f3prias (476 com Penhor), sendo 3.287 ag\u00eancias e 713 postos de atendimento, 12.745 casas lot\u00e9ricas, 18 unidades m\u00f3veis, 21.868 correspondentes CAIXA AQUI e 7.020 pontos de autoatendimento.<\/p>\n<p><strong>SERVI\u00c7O:<\/strong><\/p>\n<p>Caixa inaugura ag\u00eancia em Serro (MG)<\/p>\n<p>Data: Dia 29 de janeiro de 2014 \u2013 quarta-feira<\/p>\n<p>Hor\u00e1rio: 15h<\/p>\n<p>Local: Avenida Bar\u00e3o de Diamantina, 130 \u2013 Bairro Cidade Nova &#8211; Serro (MG)<\/p>\n<p><img decoding=\"async\" src=\"http:\/\/aconteceunovale.com.br\/portal\/wp-content\/uploads\/2014\/01\/inauguracao_agencia_serro.jpg\" alt=\"\" \/><\/p>\n","protected":false},"excerpt":{"rendered":"<p>A Caixa Econ\u00f4mica Federal inaugura na pr\u00f3xima quarta-feira (29\/01), \u00e0s 15h na cidade de Serro (MG), mais uma unidade no estado de Minas Gerais. A nova ag\u00eancia recebeu o nome da pr\u00f3pria cidade e est\u00e1 localizada na Avenida Bar\u00e3o de Diamantina, 130, no Bairro Cidade Nova. Com \u00e1rea de aproximadamente 350m\u00b2, a unidade funcionar\u00e1 de [&hellip;]<\/p>\n","protected":false},"author":1,"featured_media":19668,"comment_status":"open","ping_status":"closed","sticky":false,"template":"","format":"standard","meta":{"amp_status":"","footnotes":""},"categories":[123],"tags":[3627,3626,154,3625],"class_list":["post-19667","post","type-post","status-publish","format-standard","has-post-thumbnail","hentry","category-gerais","tag-agencia-da-caixa-sera-inaugurada-durante-comemoracoes-dos-300-anos-do-serro","tag-comemoracao-300-anos-de-vila-principe","tag-serro","tag-serro-comemora-300-anos"],"yoast_head":"<!-- This site is optimized with the Yoast SEO plugin v28.3 - https:\/\/yoast.com\/product\/yoast-seo-wordpress\/ -->\n<title>Ag\u00eancia da Caixa ser\u00e1 inaugurada durante comemora\u00e7\u00f5es dos 300 anos do Serro - Aconteceu no Vale<\/title>\n<meta name=\"robots\" content=\"index, follow, max-snippet:-1, max-image-preview:large, max-video-preview:-1\" \/>\n<link rel=\"canonical\" href=\"https:\/\/aconteceunovale.com.br\/portal\/?p=19667\" \/>\n<meta property=\"og:locale\" content=\"pt_BR\" \/>\n<meta property=\"og:type\" content=\"article\" \/>\n<meta property=\"og:title\" content=\"Ag\u00eancia da Caixa ser\u00e1 inaugurada durante comemora\u00e7\u00f5es dos 300 anos do Serro - Aconteceu no Vale\" \/>\n<meta property=\"og:description\" content=\"A Caixa Econ\u00f4mica Federal inaugura na pr\u00f3xima quarta-feira (29\/01), \u00e0s 15h na cidade de Serro (MG), mais uma unidade no estado de Minas Gerais. A nova ag\u00eancia recebeu o nome da pr\u00f3pria cidade e est\u00e1 localizada na Avenida Bar\u00e3o de Diamantina, 130, no Bairro Cidade Nova. Com \u00e1rea de aproximadamente 350m\u00b2, a unidade funcionar\u00e1 de [&hellip;]\" \/>\n<meta property=\"og:url\" content=\"https:\/\/aconteceunovale.com.br\/portal\/?p=19667\" \/>\n<meta property=\"og:site_name\" content=\"Aconteceu no Vale\" \/>\n<meta property=\"article:publisher\" content=\"https:\/\/www.facebook.com\/aconteceunovale\/\" \/>\n<meta property=\"article:published_time\" content=\"2014-01-28T01:29:46+00:00\" \/>\n<meta property=\"og:image\" content=\"https:\/\/aconteceunovale.com.br\/portal\/wp-content\/uploads\/2014\/01\/inauguracao_agencia_serro.jpg\" \/>\n\t<meta property=\"og:image:width\" content=\"458\" \/>\n\t<meta property=\"og:image:height\" content=\"450\" \/>\n\t<meta property=\"og:image:type\" content=\"image\/jpeg\" \/>\n<meta name=\"author\" content=\"Aconteceu no Vale\" \/>\n<meta name=\"twitter:card\" content=\"summary_large_image\" \/>\n<meta name=\"twitter:creator\" content=\"@noticiadosvales\" \/>\n<meta name=\"twitter:site\" content=\"@noticiadosvales\" \/>\n<meta name=\"twitter:label1\" content=\"Escrito por\" \/>\n\t<meta name=\"twitter:data1\" content=\"Aconteceu no Vale\" \/>\n\t<meta name=\"twitter:label2\" content=\"Est. tempo de leitura\" \/>\n\t<meta name=\"twitter:data2\" content=\"2 minutos\" \/>\n<script type=\"application\/ld+json\" class=\"yoast-schema-graph\">{\"@context\":\"https:\\\/\\\/schema.org\",\"@graph\":[{\"@type\":\"Article\",\"@id\":\"https:\\\/\\\/aconteceunovale.com.br\\\/portal\\\/?p=19667#article\",\"isPartOf\":{\"@id\":\"https:\\\/\\\/aconteceunovale.com.br\\\/portal\\\/?p=19667\"},\"author\":{\"name\":\"Aconteceu no Vale\",\"@id\":\"https:\\\/\\\/aconteceunovale.com.br\\\/portal\\\/#\\\/schema\\\/person\\\/633529146f2c94272bef50ac2953d589\"},\"headline\":\"Ag\u00eancia da Caixa ser\u00e1 inaugurada durante comemora\u00e7\u00f5es dos 300 anos do Serro\",\"datePublished\":\"2014-01-28T01:29:46+00:00\",\"mainEntityOfPage\":{\"@id\":\"https:\\\/\\\/aconteceunovale.com.br\\\/portal\\\/?p=19667\"},\"wordCount\":465,\"commentCount\":0,\"image\":{\"@id\":\"https:\\\/\\\/aconteceunovale.com.br\\\/portal\\\/?p=19667#primaryimage\"},\"thumbnailUrl\":\"https:\\\/\\\/aconteceunovale.com.br\\\/portal\\\/wp-content\\\/uploads\\\/2014\\\/01\\\/inauguracao_agencia_serro.jpg\",\"keywords\":[\"Ag\u00eancia da Caixa ser\u00e1 inaugurada durante comemora\u00e7\u00f5es dos 300 anos do Serro\",\"Comemora\u00e7\u00e3o 300 anos de Vila Principe\",\"Serro\",\"Serro comemora 300 anos\"],\"articleSection\":[\"Minas Gerais\"],\"inLanguage\":\"pt-BR\",\"potentialAction\":[{\"@type\":\"CommentAction\",\"name\":\"Comment\",\"target\":[\"https:\\\/\\\/aconteceunovale.com.br\\\/portal\\\/?p=19667#respond\"]}]},{\"@type\":\"WebPage\",\"@id\":\"https:\\\/\\\/aconteceunovale.com.br\\\/portal\\\/?p=19667\",\"url\":\"https:\\\/\\\/aconteceunovale.com.br\\\/portal\\\/?p=19667\",\"name\":\"Ag\u00eancia da Caixa ser\u00e1 inaugurada durante comemora\u00e7\u00f5es dos 300 anos do Serro - Aconteceu no Vale\",\"isPartOf\":{\"@id\":\"https:\\\/\\\/aconteceunovale.com.br\\\/portal\\\/#website\"},\"primaryImageOfPage\":{\"@id\":\"https:\\\/\\\/aconteceunovale.com.br\\\/portal\\\/?p=19667#primaryimage\"},\"image\":{\"@id\":\"https:\\\/\\\/aconteceunovale.com.br\\\/portal\\\/?p=19667#primaryimage\"},\"thumbnailUrl\":\"https:\\\/\\\/aconteceunovale.com.br\\\/portal\\\/wp-content\\\/uploads\\\/2014\\\/01\\\/inauguracao_agencia_serro.jpg\",\"datePublished\":\"2014-01-28T01:29:46+00:00\",\"author\":{\"@id\":\"https:\\\/\\\/aconteceunovale.com.br\\\/portal\\\/#\\\/schema\\\/person\\\/633529146f2c94272bef50ac2953d589\"},\"breadcrumb\":{\"@id\":\"https:\\\/\\\/aconteceunovale.com.br\\\/portal\\\/?p=19667#breadcrumb\"},\"inLanguage\":\"pt-BR\",\"potentialAction\":[{\"@type\":\"ReadAction\",\"target\":[\"https:\\\/\\\/aconteceunovale.com.br\\\/portal\\\/?p=19667\"]}]},{\"@type\":\"ImageObject\",\"inLanguage\":\"pt-BR\",\"@id\":\"https:\\\/\\\/aconteceunovale.com.br\\\/portal\\\/?p=19667#primaryimage\",\"url\":\"https:\\\/\\\/aconteceunovale.com.br\\\/portal\\\/wp-content\\\/uploads\\\/2014\\\/01\\\/inauguracao_agencia_serro.jpg\",\"contentUrl\":\"https:\\\/\\\/aconteceunovale.com.br\\\/portal\\\/wp-content\\\/uploads\\\/2014\\\/01\\\/inauguracao_agencia_serro.jpg\",\"width\":458,\"height\":450},{\"@type\":\"BreadcrumbList\",\"@id\":\"https:\\\/\\\/aconteceunovale.com.br\\\/portal\\\/?p=19667#breadcrumb\",\"itemListElement\":[{\"@type\":\"ListItem\",\"position\":1,\"name\":\"In\u00edcio\",\"item\":\"https:\\\/\\\/aconteceunovale.com.br\\\/portal\\\/\"},{\"@type\":\"ListItem\",\"position\":2,\"name\":\"Ag\u00eancia da Caixa ser\u00e1 inaugurada durante comemora\u00e7\u00f5es dos 300 anos do Serro\"}]},{\"@type\":\"WebSite\",\"@id\":\"https:\\\/\\\/aconteceunovale.com.br\\\/portal\\\/#website\",\"url\":\"https:\\\/\\\/aconteceunovale.com.br\\\/portal\\\/\",\"name\":\"Aconteceu no Vale\",\"description\":\"Portal de Not\u00edcias\",\"potentialAction\":[{\"@type\":\"SearchAction\",\"target\":{\"@type\":\"EntryPoint\",\"urlTemplate\":\"https:\\\/\\\/aconteceunovale.com.br\\\/portal\\\/?s={search_term_string}\"},\"query-input\":{\"@type\":\"PropertyValueSpecification\",\"valueRequired\":true,\"valueName\":\"search_term_string\"}}],\"inLanguage\":\"pt-BR\"},{\"@type\":\"Person\",\"@id\":\"https:\\\/\\\/aconteceunovale.com.br\\\/portal\\\/#\\\/schema\\\/person\\\/633529146f2c94272bef50ac2953d589\",\"name\":\"Aconteceu no Vale\",\"description\":\"Equipe de reportagem do Aconteceu no Vale, portal de not\u00edcias do Vale do Jequitinhonha, em Minas Gerais. Cobrimos as 51 cidades do Vale desde 2013. Sugest\u00f5es de pauta e pedidos de corre\u00e7\u00e3o: contato@aconteceunovale.com.br\",\"sameAs\":[\"http:\\\/\\\/www.aconteceunovale.com.br\"],\"url\":\"https:\\\/\\\/aconteceunovale.com.br\\\/portal\\\/?author=1\"}]}<\/script>\n<!-- \/ Yoast SEO plugin. -->","yoast_head_json":{"title":"Ag\u00eancia da Caixa ser\u00e1 inaugurada durante comemora\u00e7\u00f5es dos 300 anos do Serro - Aconteceu no Vale","robots":{"index":"index","follow":"follow","max-snippet":"max-snippet:-1","max-image-preview":"max-image-preview:large","max-video-preview":"max-video-preview:-1"},"canonical":"https:\/\/aconteceunovale.com.br\/portal\/?p=19667","og_locale":"pt_BR","og_type":"article","og_title":"Ag\u00eancia da Caixa ser\u00e1 inaugurada durante comemora\u00e7\u00f5es dos 300 anos do Serro - Aconteceu no Vale","og_description":"A Caixa Econ\u00f4mica Federal inaugura na pr\u00f3xima quarta-feira (29\/01), \u00e0s 15h na cidade de Serro (MG), mais uma unidade no estado de Minas Gerais. A nova ag\u00eancia recebeu o nome da pr\u00f3pria cidade e est\u00e1 localizada na Avenida Bar\u00e3o de Diamantina, 130, no Bairro Cidade Nova. Com \u00e1rea de aproximadamente 350m\u00b2, a unidade funcionar\u00e1 de [&hellip;]","og_url":"https:\/\/aconteceunovale.com.br\/portal\/?p=19667","og_site_name":"Aconteceu no Vale","article_publisher":"https:\/\/www.facebook.com\/aconteceunovale\/","article_published_time":"2014-01-28T01:29:46+00:00","og_image":[{"width":458,"height":450,"url":"https:\/\/aconteceunovale.com.br\/portal\/wp-content\/uploads\/2014\/01\/inauguracao_agencia_serro.jpg","type":"image\/jpeg"}],"author":"Aconteceu no Vale","twitter_card":"summary_large_image","twitter_creator":"@noticiadosvales","twitter_site":"@noticiadosvales","twitter_misc":{"Escrito por":"Aconteceu no Vale","Est. tempo de leitura":"2 minutos"},"schema":{"@context":"https:\/\/schema.org","@graph":[{"@type":"Article","@id":"https:\/\/aconteceunovale.com.br\/portal\/?p=19667#article","isPartOf":{"@id":"https:\/\/aconteceunovale.com.br\/portal\/?p=19667"},"author":{"name":"Aconteceu no Vale","@id":"https:\/\/aconteceunovale.com.br\/portal\/#\/schema\/person\/633529146f2c94272bef50ac2953d589"},"headline":"Ag\u00eancia da Caixa ser\u00e1 inaugurada durante comemora\u00e7\u00f5es dos 300 anos do Serro","datePublished":"2014-01-28T01:29:46+00:00","mainEntityOfPage":{"@id":"https:\/\/aconteceunovale.com.br\/portal\/?p=19667"},"wordCount":465,"commentCount":0,"image":{"@id":"https:\/\/aconteceunovale.com.br\/portal\/?p=19667#primaryimage"},"thumbnailUrl":"https:\/\/aconteceunovale.com.br\/portal\/wp-content\/uploads\/2014\/01\/inauguracao_agencia_serro.jpg","keywords":["Ag\u00eancia da Caixa ser\u00e1 inaugurada durante comemora\u00e7\u00f5es dos 300 anos do Serro","Comemora\u00e7\u00e3o 300 anos de Vila Principe","Serro","Serro comemora 300 anos"],"articleSection":["Minas Gerais"],"inLanguage":"pt-BR","potentialAction":[{"@type":"CommentAction","name":"Comment","target":["https:\/\/aconteceunovale.com.br\/portal\/?p=19667#respond"]}]},{"@type":"WebPage","@id":"https:\/\/aconteceunovale.com.br\/portal\/?p=19667","url":"https:\/\/aconteceunovale.com.br\/portal\/?p=19667","name":"Ag\u00eancia da Caixa ser\u00e1 inaugurada durante comemora\u00e7\u00f5es dos 300 anos do Serro - Aconteceu no Vale","isPartOf":{"@id":"https:\/\/aconteceunovale.com.br\/portal\/#website"},"primaryImageOfPage":{"@id":"https:\/\/aconteceunovale.com.br\/portal\/?p=19667#primaryimage"},"image":{"@id":"https:\/\/aconteceunovale.com.br\/portal\/?p=19667#primaryimage"},"thumbnailUrl":"https:\/\/aconteceunovale.com.br\/portal\/wp-content\/uploads\/2014\/01\/inauguracao_agencia_serro.jpg","datePublished":"2014-01-28T01:29:46+00:00","author":{"@id":"https:\/\/aconteceunovale.com.br\/portal\/#\/schema\/person\/633529146f2c94272bef50ac2953d589"},"breadcrumb":{"@id":"https:\/\/aconteceunovale.com.br\/portal\/?p=19667#breadcrumb"},"inLanguage":"pt-BR","potentialAction":[{"@type":"ReadAction","target":["https:\/\/aconteceunovale.com.br\/portal\/?p=19667"]}]},{"@type":"ImageObject","inLanguage":"pt-BR","@id":"https:\/\/aconteceunovale.com.br\/portal\/?p=19667#primaryimage","url":"https:\/\/aconteceunovale.com.br\/portal\/wp-content\/uploads\/2014\/01\/inauguracao_agencia_serro.jpg","contentUrl":"https:\/\/aconteceunovale.com.br\/portal\/wp-content\/uploads\/2014\/01\/inauguracao_agencia_serro.jpg","width":458,"height":450},{"@type":"BreadcrumbList","@id":"https:\/\/aconteceunovale.com.br\/portal\/?p=19667#breadcrumb","itemListElement":[{"@type":"ListItem","position":1,"name":"In\u00edcio","item":"https:\/\/aconteceunovale.com.br\/portal\/"},{"@type":"ListItem","position":2,"name":"Ag\u00eancia da Caixa ser\u00e1 inaugurada durante comemora\u00e7\u00f5es dos 300 anos do Serro"}]},{"@type":"WebSite","@id":"https:\/\/aconteceunovale.com.br\/portal\/#website","url":"https:\/\/aconteceunovale.com.br\/portal\/","name":"Aconteceu no Vale","description":"Portal de Not\u00edcias","potentialAction":[{"@type":"SearchAction","target":{"@type":"EntryPoint","urlTemplate":"https:\/\/aconteceunovale.com.br\/portal\/?s={search_term_string}"},"query-input":{"@type":"PropertyValueSpecification","valueRequired":true,"valueName":"search_term_string"}}],"inLanguage":"pt-BR"},{"@type":"Person","@id":"https:\/\/aconteceunovale.com.br\/portal\/#\/schema\/person\/633529146f2c94272bef50ac2953d589","name":"Aconteceu no Vale","description":"Equipe de reportagem do Aconteceu no Vale, portal de not\u00edcias do Vale do Jequitinhonha, em Minas Gerais. Cobrimos as 51 cidades do Vale desde 2013. Sugest\u00f5es de pauta e pedidos de corre\u00e7\u00e3o: contato@aconteceunovale.com.br","sameAs":["http:\/\/www.aconteceunovale.com.br"],"url":"https:\/\/aconteceunovale.com.br\/portal\/?author=1"}]}},"_links":{"self":[{"href":"https:\/\/aconteceunovale.com.br\/portal\/index.php?rest_route=\/wp\/v2\/posts\/19667","targetHints":{"allow":["GET"]}}],"collection":[{"href":"https:\/\/aconteceunovale.com.br\/portal\/index.php?rest_route=\/wp\/v2\/posts"}],"about":[{"href":"https:\/\/aconteceunovale.com.br\/portal\/index.php?rest_route=\/wp\/v2\/types\/post"}],"author":[{"embeddable":true,"href":"https:\/\/aconteceunovale.com.br\/portal\/index.php?rest_route=\/wp\/v2\/users\/1"}],"replies":[{"embeddable":true,"href":"https:\/\/aconteceunovale.com.br\/portal\/index.php?rest_route=%2Fwp%2Fv2%2Fcomments&post=19667"}],"version-history":[{"count":0,"href":"https:\/\/aconteceunovale.com.br\/portal\/index.php?rest_route=\/wp\/v2\/posts\/19667\/revisions"}],"wp:featuredmedia":[{"embeddable":true,"href":"https:\/\/aconteceunovale.com.br\/portal\/index.php?rest_route=\/wp\/v2\/media\/19668"}],"wp:attachment":[{"href":"https:\/\/aconteceunovale.com.br\/portal\/index.php?rest_route=%2Fwp%2Fv2%2Fmedia&parent=19667"}],"wp:term":[{"taxonomy":"category","embeddable":true,"href":"https:\/\/aconteceunovale.com.br\/portal\/index.php?rest_route=%2Fwp%2Fv2%2Fcategories&post=19667"},{"taxonomy":"post_tag","embeddable":true,"href":"https:\/\/aconteceunovale.com.br\/portal\/index.php?rest_route=%2Fwp%2Fv2%2Ftags&post=19667"}],"curies":[{"name":"wp","href":"https:\/\/api.w.org\/{rel}","templated":true}]}}