{"id":196642,"date":"2025-01-30T16:48:40","date_gmt":"2025-01-30T19:48:40","guid":{"rendered":"https:\/\/aconteceunovale.com.br\/portal\/?p=196642"},"modified":"2025-01-30T16:49:09","modified_gmt":"2025-01-30T19:49:09","slug":"presidente-da-amm-defende-beneficiamento-do-litio-e-retencao-de-impostos-para-a-regiao-do-vale-do-jequitinhonha-e-mucuri","status":"publish","type":"post","link":"https:\/\/aconteceunovale.com.br\/portal\/?p=196642","title":{"rendered":"Presidente da AMM defende beneficiamento do l\u00edtio e reten\u00e7\u00e3o de impostos para a regi\u00e3o do Vale do Jequitinhonha e Mucuri"},"content":{"rendered":"\n<p>O presidente da Associa\u00e7\u00e3o Mineira de Munic\u00edpios (AMM) e 1\u00ba vice-presidente da Confedera\u00e7\u00e3o Nacional de Munic\u00edpios (CNM),&nbsp; Dr. Marcos Vinicius, defendeu a cria\u00e7\u00e3o de um Arranjo Produtivo Local (APL) para beneficiar o l\u00edtio extra\u00eddo no Jequitinhonha, durante evento AMM nas Macros, realizado pela AMM, em Te\u00f3filo Otoni, nesta quinta (30\/1). Ele ponderou, ainda, que parte do imposto arrecadado na regi\u00e3o seja reinvestido nos munic\u00edpios que a comp\u00f5em.<\/p>\n\n\n\n<figure class=\"wp-block-gallery has-nested-images columns-default is-cropped wp-block-gallery-1 is-layout-flex wp-block-gallery-is-layout-flex\">\n<figure class=\"wp-block-image size-large\"><img loading=\"lazy\" decoding=\"async\" width=\"665\" height=\"450\" data-id=\"196643\" src=\"https:\/\/aconteceunovale.com.br\/portal\/wp-content\/uploads\/2025\/01\/presidente_amm-1.jpeg\" alt=\"\" class=\"wp-image-196643\" srcset=\"https:\/\/aconteceunovale.com.br\/portal\/wp-content\/uploads\/2025\/01\/presidente_amm-1.jpeg 665w, https:\/\/aconteceunovale.com.br\/portal\/wp-content\/uploads\/2025\/01\/presidente_amm-1-300x203.jpeg 300w, https:\/\/aconteceunovale.com.br\/portal\/wp-content\/uploads\/2025\/01\/presidente_amm-1-621x420.jpeg 621w\" sizes=\"auto, (max-width: 665px) 100vw, 665px\" \/><figcaption class=\"wp-element-caption\"><em>Foto: Divulga\u00e7\u00e3o \/ AMM<\/em><\/figcaption><\/figure>\n<\/figure>\n\n\n\n<p>O evento reuniu&nbsp;300 pessoas, entre prefeitos, vice-prefeitos, vereadores, secret\u00e1rios municipais e demais gestores da regi\u00e3o.&nbsp;&#8220;J\u00e1 alertamos o Governo do Estado sobre a import\u00e2ncia de fazer o Arranjo Produtivo Local (APL) do l\u00edtio para atrair as empresas que v\u00e3o beneficiar a mat\u00e9ria-prima, j\u00e1 que, por enquanto, h\u00e1 apenas extra\u00e7\u00e3o aqui. Propusemos, tamb\u00e9m, que parte do imposto arrecadado fique retido na regi\u00e3o, s\u00f3 podendo ser investido no Vale do Jequitinhonha e Mucuri, para desenvolver os munic\u00edpios e beneficiar ainda mais a popula\u00e7\u00e3o&#8221;, disse Dr. Marcos Vinicius.<\/p>\n\n\n\n<p>A cria\u00e7\u00e3o do APL do l\u00edtio tem potencial para transformar a economia local e regional. Al\u00e9m de agregar valor ao mineral extra\u00eddo, o beneficiamento pode gerar uma cadeia produtiva robusta, com a instala\u00e7\u00e3o de ind\u00fastrias que v\u00e3o desde o processamento at\u00e9 a fabrica\u00e7\u00e3o de baterias e outros componentes para o mercado tecnol\u00f3gico e ve\u00edculos el\u00e9tricos.&nbsp;<\/p>\n\n\n\n<p>Como consequ\u00eancia, haveria gera\u00e7\u00e3o de empregos diretos e indiretos, estimulando o desenvolvimento de novos neg\u00f3cios e a capacita\u00e7\u00e3o de m\u00e3o de obra local. Socialmente, o APL ajudaria a reverter a hist\u00f3rica desigualdade da regi\u00e3o, oferecendo mais oportunidades e qualidade de vida para a popula\u00e7\u00e3o, al\u00e9m de reduzir o \u00eaxodo rural e fomentar o empreendedorismo local.<\/p>\n\n\n\n<p>Considerado estrat\u00e9gico para a transi\u00e7\u00e3o energ\u00e9tica, o metal ganhou destaque com o aumento da produ\u00e7\u00e3o dos carros el\u00e9tricos, como mat\u00e9ria-prima para as baterias. O Brasil \u00e9 o 5\u00ba maior produtor mundial de l\u00edtio e a maior reserva nacional do mineral est\u00e1 localizada nas cidades dos vales do Jequitinhonha e do Mucuri. Em 2023, o Governo do Estado anunciou a regi\u00e3o como Vale do L\u00edtio (Lithium Valley Brazil). O&nbsp; projeto econ\u00f4mico-social \u00e9 formado por 14 cidades: Ara\u00e7ua\u00ed, Capelinha, Coronel Murta, Itaobim, Itinga, Malacacheta, Medina, Minas Novas, Pedra Azul, Virgem da Lapa, Te\u00f3filo Otoni e Turmalina, no Nordeste de Minas, e Rubelita e Salinas, no Norte mineiro.<\/p>\n\n\n\n<p>O&nbsp;l\u00edtio brasileiro possui ainda uma caracter\u00edstica que o diferencia dos demais e pode beneficiar ainda mais a regi\u00e3o que o extrai: o padr\u00e3o triplo zero, que consiste em menos emiss\u00f5es de carbono, rejeitos e subst\u00e2ncias qu\u00edmicas nocivas. O governo de Minas espera receber at\u00e9 R$ 30 bilh\u00f5es em investimentos no mineral at\u00e9 2030, enquanto a demanda mundial pode crescer 1.000% at\u00e9 2050.<\/p>\n\n\n\n<p><strong>AMM nas Macros&nbsp;<\/strong><\/p>\n\n\n\n<p>A ess\u00eancia do AMM nas Macros \u00e9 mobilizar uma equipe multidisciplinar da Associa\u00e7\u00e3o, acompanhada por especialistas em gest\u00e3o p\u00fablica, para promover encontros que integram aspectos t\u00e9cnicos e pol\u00edticos. Al\u00e9m disso, os encontros apresentam solu\u00e7\u00f5es inovadoras e novas ferramentas para as prefeituras mineiras.<\/p>\n","protected":false},"excerpt":{"rendered":"<p>O presidente da Associa\u00e7\u00e3o Mineira de Munic\u00edpios (AMM) e 1\u00ba vice-presidente da Confedera\u00e7\u00e3o Nacional de Munic\u00edpios (CNM),&nbsp; Dr. Marcos Vinicius, defendeu a cria\u00e7\u00e3o de um Arranjo Produtivo Local (APL) para beneficiar o l\u00edtio extra\u00eddo no Jequitinhonha, durante evento AMM nas Macros, realizado pela AMM, em Te\u00f3filo Otoni, nesta quinta (30\/1). Ele ponderou, ainda, que parte [&hellip;]<\/p>\n","protected":false},"author":4,"featured_media":196643,"comment_status":"open","ping_status":"closed","sticky":false,"template":"","format":"standard","meta":{"amp_status":"","footnotes":""},"categories":[120,122],"tags":[567,270606,270604,270605,25817,214060,201,270603,270943,164],"class_list":["post-196642","post","type-post","status-publish","format-standard","has-post-thumbnail","hentry","category-jequi","category-mucuri","tag-amm","tag-amm-nas-macros","tag-amm-nas-macros-ipatinga","tag-amm-nas-macros-teofilo-otoni","tag-associacao-mineira-de-municipios","tag-dr-marcos-vinicius","tag-ipatinga","tag-ipatinga-e-teofilo-otoni-sao-os-proximos-destinos-do-projeto-amm-nas-macros","tag-presidente-da-amm-defende-beneficiamento-do-litio-e-retencao-de-impostos-para-a-regiao-do-vale-do-jequitinhonha-e-mucuri","tag-teofilo-otoni"],"_links":{"self":[{"href":"https:\/\/aconteceunovale.com.br\/portal\/index.php?rest_route=\/wp\/v2\/posts\/196642","targetHints":{"allow":["GET"]}}],"collection":[{"href":"https:\/\/aconteceunovale.com.br\/portal\/index.php?rest_route=\/wp\/v2\/posts"}],"about":[{"href":"https:\/\/aconteceunovale.com.br\/portal\/index.php?rest_route=\/wp\/v2\/types\/post"}],"author":[{"embeddable":true,"href":"https:\/\/aconteceunovale.com.br\/portal\/index.php?rest_route=\/wp\/v2\/users\/4"}],"replies":[{"embeddable":true,"href":"https:\/\/aconteceunovale.com.br\/portal\/index.php?rest_route=%2Fwp%2Fv2%2Fcomments&post=196642"}],"version-history":[{"count":1,"href":"https:\/\/aconteceunovale.com.br\/portal\/index.php?rest_route=\/wp\/v2\/posts\/196642\/revisions"}],"predecessor-version":[{"id":196644,"href":"https:\/\/aconteceunovale.com.br\/portal\/index.php?rest_route=\/wp\/v2\/posts\/196642\/revisions\/196644"}],"wp:featuredmedia":[{"embeddable":true,"href":"https:\/\/aconteceunovale.com.br\/portal\/index.php?rest_route=\/wp\/v2\/media\/196643"}],"wp:attachment":[{"href":"https:\/\/aconteceunovale.com.br\/portal\/index.php?rest_route=%2Fwp%2Fv2%2Fmedia&parent=196642"}],"wp:term":[{"taxonomy":"category","embeddable":true,"href":"https:\/\/aconteceunovale.com.br\/portal\/index.php?rest_route=%2Fwp%2Fv2%2Fcategories&post=196642"},{"taxonomy":"post_tag","embeddable":true,"href":"https:\/\/aconteceunovale.com.br\/portal\/index.php?rest_route=%2Fwp%2Fv2%2Ftags&post=196642"}],"curies":[{"name":"wp","href":"https:\/\/api.w.org\/{rel}","templated":true}]}}