{"id":196637,"date":"2025-01-30T14:57:22","date_gmt":"2025-01-30T17:57:22","guid":{"rendered":"https:\/\/aconteceunovale.com.br\/portal\/?p=196637"},"modified":"2025-01-30T14:57:55","modified_gmt":"2025-01-30T17:57:55","slug":"suspeito-de-homicidio-em-santa-maria-do-suacui-e-preso-na-rmbh","status":"publish","type":"post","link":"https:\/\/aconteceunovale.com.br\/portal\/?p=196637","title":{"rendered":"Suspeito de homic\u00eddio em Santa Maria do Sua\u00e7u\u00ed \u00e9 preso na RMBH"},"content":{"rendered":"\n<p>Na manh\u00e3 desta quinta-feira (30\/1), a Pol\u00edcia Civil de Minas Gerais (PCMG) prendeu em Ribeir\u00e3o das Neves, Regi\u00e3o Metropolitana de Belo Horizonte (RMBH), um homem de 63 anos, investigado por homic\u00eddio ocorrido na zona rural de Santa Maria do Sua\u00e7u\u00ed, no Leste de Minas Gerais. O crime, que vitimou um homem de 56 anos, aconteceu em 23 de dezembro do ano passado.<\/p>\n\n\n\n<figure class=\"wp-block-gallery has-nested-images columns-default is-cropped wp-block-gallery-1 is-layout-flex wp-block-gallery-is-layout-flex\">\n<figure class=\"wp-block-image size-large\"><img loading=\"lazy\" decoding=\"async\" width=\"598\" height=\"450\" data-id=\"196638\" src=\"https:\/\/aconteceunovale.com.br\/portal\/wp-content\/uploads\/2025\/01\/pcmg_sms.jpg\" alt=\"\" class=\"wp-image-196638\" srcset=\"https:\/\/aconteceunovale.com.br\/portal\/wp-content\/uploads\/2025\/01\/pcmg_sms.jpg 598w, https:\/\/aconteceunovale.com.br\/portal\/wp-content\/uploads\/2025\/01\/pcmg_sms-300x226.jpg 300w, https:\/\/aconteceunovale.com.br\/portal\/wp-content\/uploads\/2025\/01\/pcmg_sms-80x60.jpg 80w, https:\/\/aconteceunovale.com.br\/portal\/wp-content\/uploads\/2025\/01\/pcmg_sms-265x198.jpg 265w, https:\/\/aconteceunovale.com.br\/portal\/wp-content\/uploads\/2025\/01\/pcmg_sms-558x420.jpg 558w\" sizes=\"auto, (max-width: 598px) 100vw, 598px\" \/><figcaption class=\"wp-element-caption\"><em>Foto: Divulga\u00e7\u00e3o \/ PCMG<\/em><\/figcaption><\/figure>\n<\/figure>\n\n\n\n<p>De acordo com as investiga\u00e7\u00f5es, a v\u00edtima foi morta a tiros dentro de seu quintal, momentos antes de sair para o trabalho. Os laudos periciais indicam que os disparos atingiram a regi\u00e3o do pesco\u00e7o e da cabe\u00e7a do homem. Ap\u00f3s o assassinato, o suspeito abandonou a arma utilizada no crime nas proximidades de sua resid\u00eancia e fugiu do local.<\/p>\n\n\n\n<p>Com base nas evid\u00eancias reunidas, a Pol\u00edcia Civil representou pela pris\u00e3o preventiva do suspeito. A troca de informa\u00e7\u00f5es entre as equipes das Delegacias de Santa Maria do Sua\u00e7u\u00ed e Ribeir\u00e3o das Neves resultou na localiza\u00e7\u00e3o e pris\u00e3o do homem, que foi encaminhado ao sistema prisional e est\u00e1 \u00e0 disposi\u00e7\u00e3o da Justi\u00e7a.<\/p>\n\n\n\n<p>A delegada Ingrid Priotto, respons\u00e1vel pelo inqu\u00e9rito, destacou a relev\u00e2ncia da pris\u00e3o para a continuidade das investiga\u00e7\u00f5es e a seguran\u00e7a da comunidade. &#8220;Esta pris\u00e3o \u00e9 fundamental para impedir que novas amea\u00e7as sejam concretizadas, al\u00e9m de garantir que a lei penal seja aplicada&#8221;, afirmou.<\/p>\n","protected":false},"excerpt":{"rendered":"<p>Na manh\u00e3 desta quinta-feira (30\/1), a Pol\u00edcia Civil de Minas Gerais (PCMG) prendeu em Ribeir\u00e3o das Neves, Regi\u00e3o Metropolitana de Belo Horizonte (RMBH), um homem de 63 anos, investigado por homic\u00eddio ocorrido na zona rural de Santa Maria do Sua\u00e7u\u00ed, no Leste de Minas Gerais. O crime, que vitimou um homem de 56 anos, aconteceu [&hellip;]<\/p>\n","protected":false},"author":4,"featured_media":196638,"comment_status":"open","ping_status":"closed","sticky":false,"template":"","format":"standard","meta":{"amp_status":"","footnotes":""},"categories":[121],"tags":[239434,3674,240,270942,270941],"class_list":["post-196637","post","type-post","status-publish","format-standard","has-post-thumbnail","hentry","category-leste","tag-preso-por-homicidio-em-santa-maria-do-suacui","tag-ribeirao-das-neves","tag-santa-maria-do-suacui","tag-suspeito-de-homicidio-em-santa-maria-do-suacui-e-preso-em-ribeirao-das-neves","tag-suspeito-de-homicidio-em-santa-maria-do-suacui-e-preso-na-rmbh"],"_links":{"self":[{"href":"https:\/\/aconteceunovale.com.br\/portal\/index.php?rest_route=\/wp\/v2\/posts\/196637","targetHints":{"allow":["GET"]}}],"collection":[{"href":"https:\/\/aconteceunovale.com.br\/portal\/index.php?rest_route=\/wp\/v2\/posts"}],"about":[{"href":"https:\/\/aconteceunovale.com.br\/portal\/index.php?rest_route=\/wp\/v2\/types\/post"}],"author":[{"embeddable":true,"href":"https:\/\/aconteceunovale.com.br\/portal\/index.php?rest_route=\/wp\/v2\/users\/4"}],"replies":[{"embeddable":true,"href":"https:\/\/aconteceunovale.com.br\/portal\/index.php?rest_route=%2Fwp%2Fv2%2Fcomments&post=196637"}],"version-history":[{"count":1,"href":"https:\/\/aconteceunovale.com.br\/portal\/index.php?rest_route=\/wp\/v2\/posts\/196637\/revisions"}],"predecessor-version":[{"id":196639,"href":"https:\/\/aconteceunovale.com.br\/portal\/index.php?rest_route=\/wp\/v2\/posts\/196637\/revisions\/196639"}],"wp:featuredmedia":[{"embeddable":true,"href":"https:\/\/aconteceunovale.com.br\/portal\/index.php?rest_route=\/wp\/v2\/media\/196638"}],"wp:attachment":[{"href":"https:\/\/aconteceunovale.com.br\/portal\/index.php?rest_route=%2Fwp%2Fv2%2Fmedia&parent=196637"}],"wp:term":[{"taxonomy":"category","embeddable":true,"href":"https:\/\/aconteceunovale.com.br\/portal\/index.php?rest_route=%2Fwp%2Fv2%2Fcategories&post=196637"},{"taxonomy":"post_tag","embeddable":true,"href":"https:\/\/aconteceunovale.com.br\/portal\/index.php?rest_route=%2Fwp%2Fv2%2Ftags&post=196637"}],"curies":[{"name":"wp","href":"https:\/\/api.w.org\/{rel}","templated":true}]}}