{"id":196617,"date":"2025-01-30T12:57:26","date_gmt":"2025-01-30T15:57:26","guid":{"rendered":"https:\/\/aconteceunovale.com.br\/portal\/?p=196617"},"modified":"2025-01-30T12:57:58","modified_gmt":"2025-01-30T15:57:58","slug":"justica-condena-integrante-de-grupo-que-furtou-terco-de-ouro-da-basilica-do-pilar","status":"publish","type":"post","link":"https:\/\/aconteceunovale.com.br\/portal\/?p=196617","title":{"rendered":"Justi\u00e7a condena integrante de grupo que furtou ter\u00e7o de ouro da Bas\u00edlica do Pilar"},"content":{"rendered":"\n<p>A Justi\u00e7a condenou uma das integrantes do trio respons\u00e1vel pelo furto de um ter\u00e7o do ros\u00e1rio beneditino do s\u00e9culo XIX, ocorrido em novembro de 2023, na Bas\u00edlica de Nossa Senhora do Pilar, em Ouro Preto (MG). A pe\u00e7a, composta por madeira e ouro, estava exposta na igreja quando foi levada pelos criminosos.<\/p>\n\n\n\n<figure class=\"wp-block-gallery has-nested-images columns-default is-cropped wp-block-gallery-1 is-layout-flex wp-block-gallery-is-layout-flex\">\n<figure class=\"wp-block-image size-large\"><img loading=\"lazy\" decoding=\"async\" width=\"627\" height=\"416\" data-id=\"196618\" src=\"https:\/\/aconteceunovale.com.br\/portal\/wp-content\/uploads\/2025\/01\/terco_ouro.png\" alt=\"\" class=\"wp-image-196618\" srcset=\"https:\/\/aconteceunovale.com.br\/portal\/wp-content\/uploads\/2025\/01\/terco_ouro.png 627w, https:\/\/aconteceunovale.com.br\/portal\/wp-content\/uploads\/2025\/01\/terco_ouro-300x199.png 300w\" sizes=\"auto, (max-width: 627px) 100vw, 627px\" \/><figcaption class=\"wp-element-caption\"><em>Foto: Divulga\u00e7\u00e3o \/ MPMG<\/em><\/figcaption><\/figure>\n<\/figure>\n\n\n\n<p>De acordo com o Minist\u00e9rio P\u00fablico de Minas Gerais (MPMG), a condenada, de nacionalidade colombiana, atuou como vigia durante a a\u00e7\u00e3o, enquanto os outros dois envolvidos destravaram o vidro de prote\u00e7\u00e3o e subtra\u00edram o item. Ela foi sentenciada a dois anos de reclus\u00e3o em regime inicialmente aberto, pena que foi convertida em presta\u00e7\u00e3o de servi\u00e7os \u00e0 comunidade e pagamento de quatro sal\u00e1rios m\u00ednimos.<\/p>\n\n\n\n<p>Os processos dos outros dois suspeitos foram desmembrados. Um deles foi preso na Col\u00f4mbia ap\u00f3s atua\u00e7\u00e3o do MPMG junto \u00e0 Organiza\u00e7\u00e3o Internacional de Pol\u00edcia Criminal (Interpol). O pedido de extradi\u00e7\u00e3o foi feito em agosto de 2023. J\u00e1 a terceira integrante do grupo segue foragida.<\/p>\n\n\n\n<p>As investiga\u00e7\u00f5es indicaram que a mulher condenada participou de todas as etapas do crime. Residente no Brasil, ela alugou o carro utilizado para o deslocamento do grupo de S\u00e3o Paulo at\u00e9 Ouro Preto e tamb\u00e9m uma casa em Betim, onde os suspeitos permaneceram ap\u00f3s o furto. Desde novembro do ano passado, ela estava em pris\u00e3o preventiva.<\/p>\n\n\n\n<p>O ter\u00e7o furtado n\u00e3o foi recuperado, e seu paradeiro permanece desconhecido.<\/p>\n","protected":false},"excerpt":{"rendered":"<p>A Justi\u00e7a condenou uma das integrantes do trio respons\u00e1vel pelo furto de um ter\u00e7o do ros\u00e1rio beneditino do s\u00e9culo XIX, ocorrido em novembro de 2023, na Bas\u00edlica de Nossa Senhora do Pilar, em Ouro Preto (MG). A pe\u00e7a, composta por madeira e ouro, estava exposta na igreja quando foi levada pelos criminosos. De acordo com [&hellip;]<\/p>\n","protected":false},"author":4,"featured_media":196618,"comment_status":"open","ping_status":"closed","sticky":false,"template":"","format":"standard","meta":{"amp_status":"","footnotes":""},"categories":[123],"tags":[1018,270920,270919,19675,211,270922,270921],"class_list":["post-196617","post","type-post","status-publish","format-standard","has-post-thumbnail","hentry","category-gerais","tag-destaque","tag-furto-basilica-do-pilar-ouro-preto","tag-justica-condena-integrante-de-grupo-que-furtou-terco-de-ouro-da-basilica-do-pilar","tag-mpmg","tag-ouro-preto","tag-terco-da-basilica-do-pilar","tag-terco-de-ouro-da-basilica-do-pilar"],"_links":{"self":[{"href":"https:\/\/aconteceunovale.com.br\/portal\/index.php?rest_route=\/wp\/v2\/posts\/196617","targetHints":{"allow":["GET"]}}],"collection":[{"href":"https:\/\/aconteceunovale.com.br\/portal\/index.php?rest_route=\/wp\/v2\/posts"}],"about":[{"href":"https:\/\/aconteceunovale.com.br\/portal\/index.php?rest_route=\/wp\/v2\/types\/post"}],"author":[{"embeddable":true,"href":"https:\/\/aconteceunovale.com.br\/portal\/index.php?rest_route=\/wp\/v2\/users\/4"}],"replies":[{"embeddable":true,"href":"https:\/\/aconteceunovale.com.br\/portal\/index.php?rest_route=%2Fwp%2Fv2%2Fcomments&post=196617"}],"version-history":[{"count":1,"href":"https:\/\/aconteceunovale.com.br\/portal\/index.php?rest_route=\/wp\/v2\/posts\/196617\/revisions"}],"predecessor-version":[{"id":196619,"href":"https:\/\/aconteceunovale.com.br\/portal\/index.php?rest_route=\/wp\/v2\/posts\/196617\/revisions\/196619"}],"wp:featuredmedia":[{"embeddable":true,"href":"https:\/\/aconteceunovale.com.br\/portal\/index.php?rest_route=\/wp\/v2\/media\/196618"}],"wp:attachment":[{"href":"https:\/\/aconteceunovale.com.br\/portal\/index.php?rest_route=%2Fwp%2Fv2%2Fmedia&parent=196617"}],"wp:term":[{"taxonomy":"category","embeddable":true,"href":"https:\/\/aconteceunovale.com.br\/portal\/index.php?rest_route=%2Fwp%2Fv2%2Fcategories&post=196617"},{"taxonomy":"post_tag","embeddable":true,"href":"https:\/\/aconteceunovale.com.br\/portal\/index.php?rest_route=%2Fwp%2Fv2%2Ftags&post=196617"}],"curies":[{"name":"wp","href":"https:\/\/api.w.org\/{rel}","templated":true}]}}