{"id":196614,"date":"2025-01-30T12:45:23","date_gmt":"2025-01-30T15:45:23","guid":{"rendered":"https:\/\/aconteceunovale.com.br\/portal\/?p=196614"},"modified":"2025-01-30T12:45:46","modified_gmt":"2025-01-30T15:45:46","slug":"homem-e-preso-com-arma-e-objetos-de-valor-apos-tentativa-de-fuga-em-governador-valadares","status":"publish","type":"post","link":"https:\/\/aconteceunovale.com.br\/portal\/?p=196614","title":{"rendered":"Homem \u00e9 preso com arma e objetos de valor ap\u00f3s tentativa de fuga em Governador Valadares"},"content":{"rendered":"\n<p>Dois homens, de 28 e 33 anos, foram presos em Governador Valadares, no Vale do Rio Doce, na manh\u00e3 dessa quarta-feira (29\/1\/2025). Com eles, segundo informa\u00e7\u00f5es da Pol\u00edcia Militar, foram apreendidos um rev\u00f3lver Magnum calibre .44, municiado com seis cartuchos intactos, tr\u00eas aparelhos celulares, cord\u00f5es de valor n\u00e3o especificado e a quantia de R$ 754,00 em dinheiro.<\/p>\n\n\n\n<figure class=\"wp-block-gallery has-nested-images columns-default is-cropped wp-block-gallery-1 is-layout-flex wp-block-gallery-is-layout-flex\">\n<figure class=\"wp-block-image size-large\"><img loading=\"lazy\" decoding=\"async\" width=\"599\" height=\"450\" data-id=\"196615\" src=\"https:\/\/aconteceunovale.com.br\/portal\/wp-content\/uploads\/2025\/01\/presos_gv.png\" alt=\"\" class=\"wp-image-196615\" srcset=\"https:\/\/aconteceunovale.com.br\/portal\/wp-content\/uploads\/2025\/01\/presos_gv.png 599w, https:\/\/aconteceunovale.com.br\/portal\/wp-content\/uploads\/2025\/01\/presos_gv-300x225.png 300w, https:\/\/aconteceunovale.com.br\/portal\/wp-content\/uploads\/2025\/01\/presos_gv-80x60.png 80w, https:\/\/aconteceunovale.com.br\/portal\/wp-content\/uploads\/2025\/01\/presos_gv-265x198.png 265w, https:\/\/aconteceunovale.com.br\/portal\/wp-content\/uploads\/2025\/01\/presos_gv-559x420.png 559w\" sizes=\"auto, (max-width: 599px) 100vw, 599px\" \/><figcaption class=\"wp-element-caption\"><em>Foto: Divulga\u00e7\u00e3o \/ PMMG<\/em><\/figcaption><\/figure>\n<\/figure>\n\n\n\n<p>A a\u00e7\u00e3o ocorreu durante patrulhamento no bairro S\u00e3o Paulo, quando os militares avistaram um ve\u00edculo Volkswagen Gol de cor prata. O condutor utilizava um telefone celular enquanto dirigia, e, ao receber ordem de parada, acelerou o autom\u00f3vel e tentou fugir pelas ruas do bairro.<\/p>\n\n\n\n<p>Diante da tentativa de fuga, outras equipes da Pol\u00edcia Militar foram acionadas para realizar o cerco e o bloqueio do ve\u00edculo, que foi interceptado no bairro JK 3 com dois ocupantes. Durante a abordagem, os militares localizaram a arma de fogo e os demais itens apreendidos no banco traseiro do carro.<\/p>\n\n\n\n<p>Al\u00e9m disso, constatou-se que o ve\u00edculo estava sem licenciamento, sendo removido para um p\u00e1tio conveniado ao Departamento de Tr\u00e2nsito de Minas Gerais (Detran-MG). A ocorr\u00eancia foi registrada e encaminhada \u00e0 Delegacia de Pol\u00edcia Civil de Governador Valadares, onde os suspeitos ficaram \u00e0 disposi\u00e7\u00e3o da Justi\u00e7a.<\/p>\n","protected":false},"excerpt":{"rendered":"<p>Dois homens, de 28 e 33 anos, foram presos em Governador Valadares, no Vale do Rio Doce, na manh\u00e3 dessa quarta-feira (29\/1\/2025). Com eles, segundo informa\u00e7\u00f5es da Pol\u00edcia Militar, foram apreendidos um rev\u00f3lver Magnum calibre .44, municiado com seis cartuchos intactos, tr\u00eas aparelhos celulares, cord\u00f5es de valor n\u00e3o especificado e a quantia de R$ 754,00 [&hellip;]<\/p>\n","protected":false},"author":4,"featured_media":196615,"comment_status":"open","ping_status":"closed","sticky":false,"template":"","format":"standard","meta":{"amp_status":"","footnotes":""},"categories":[121],"tags":[195687,127520,247,270918,127523,48037],"class_list":["post-196614","post","type-post","status-publish","format-standard","has-post-thumbnail","hentry","category-leste","tag-apreensao-de-arma-em-governador-valadares","tag-arma-apreendida-em-governador-valadares","tag-governador-valadares","tag-homem-e-preso-com-arma-e-objetos-de-valor-apos-tentativa-de-fuga-em-governador-valadares","tag-preso-com-arma-em-governador-valadares","tag-preso-em-governador-valadares"],"_links":{"self":[{"href":"https:\/\/aconteceunovale.com.br\/portal\/index.php?rest_route=\/wp\/v2\/posts\/196614","targetHints":{"allow":["GET"]}}],"collection":[{"href":"https:\/\/aconteceunovale.com.br\/portal\/index.php?rest_route=\/wp\/v2\/posts"}],"about":[{"href":"https:\/\/aconteceunovale.com.br\/portal\/index.php?rest_route=\/wp\/v2\/types\/post"}],"author":[{"embeddable":true,"href":"https:\/\/aconteceunovale.com.br\/portal\/index.php?rest_route=\/wp\/v2\/users\/4"}],"replies":[{"embeddable":true,"href":"https:\/\/aconteceunovale.com.br\/portal\/index.php?rest_route=%2Fwp%2Fv2%2Fcomments&post=196614"}],"version-history":[{"count":1,"href":"https:\/\/aconteceunovale.com.br\/portal\/index.php?rest_route=\/wp\/v2\/posts\/196614\/revisions"}],"predecessor-version":[{"id":196616,"href":"https:\/\/aconteceunovale.com.br\/portal\/index.php?rest_route=\/wp\/v2\/posts\/196614\/revisions\/196616"}],"wp:featuredmedia":[{"embeddable":true,"href":"https:\/\/aconteceunovale.com.br\/portal\/index.php?rest_route=\/wp\/v2\/media\/196615"}],"wp:attachment":[{"href":"https:\/\/aconteceunovale.com.br\/portal\/index.php?rest_route=%2Fwp%2Fv2%2Fmedia&parent=196614"}],"wp:term":[{"taxonomy":"category","embeddable":true,"href":"https:\/\/aconteceunovale.com.br\/portal\/index.php?rest_route=%2Fwp%2Fv2%2Fcategories&post=196614"},{"taxonomy":"post_tag","embeddable":true,"href":"https:\/\/aconteceunovale.com.br\/portal\/index.php?rest_route=%2Fwp%2Fv2%2Ftags&post=196614"}],"curies":[{"name":"wp","href":"https:\/\/api.w.org\/{rel}","templated":true}]}}