{"id":19652,"date":"2014-01-27T22:38:01","date_gmt":"2014-01-28T00:38:01","guid":{"rendered":"http:\/\/aconteceunovale.com.br\/portal\/?p=19652"},"modified":"2014-01-27T22:38:01","modified_gmt":"2014-01-28T00:38:01","slug":"itaipe-recebe-investimento-do-governo-federal","status":"publish","type":"post","link":"https:\/\/aconteceunovale.com.br\/portal\/?p=19652","title":{"rendered":"Itaip\u00e9 recebe investimento do Governo Federal"},"content":{"rendered":"<p>O munic\u00edpio de Itaip\u00e9, no Vale do Mucuri, recebeu nesta segunda-feira (27\/01), tr\u00eas ve\u00edculos do PAC-2 do Governo Federal.<\/p>\n<p>Chegaram ao munic\u00edpio uma patrol e 2 caminh\u00f5es. Os ve\u00edculos fazem parte de um pacote de 2 milh\u00f5es de reais que ser\u00e3o investidos na agricultura familiar de Itaip\u00e9.<\/p>\n<p>A cidade ainda receber\u00e1 um trator de esteira, uma retro escavadeira e dois ve\u00edculos utilit\u00e1rios.<\/p>\n<p><img decoding=\"async\" src=\"http:\/\/aconteceunovale.com.br\/portal\/wp-content\/uploads\/2014\/01\/itaipe_recebe_veiculos_do_pac_2_4.jpg\" alt=\"\" \/><br \/>\n<em>(Foto: Luciano ferreira)<\/em><\/p>\n<p><strong>PAC 2<\/strong><\/p>\n<p>J\u00e1 s\u00e3o mais de 1,2 mil m\u00e1quinas destinadas a Minas Gerais e espera-se que at\u00e9 o fim deste semestre outras 1.372 sejam distribu\u00eddas, entre as quais retroescavadeiras, caminh\u00f5es-pipa e caminh\u00f5es-ca\u00e7amba. Ao total, ser\u00e1 um investimento de 744 milh\u00f5es de Reais, que beneficiar\u00e3o 2,5 milh\u00f5es de pessoas que vivem no campo.<\/p>\n<p>Com a doa\u00e7\u00e3o das m\u00e1quinas, as prefeituras poder\u00e3o trabalhar na manuten\u00e7\u00e3o das estradas vicinais, facilitando a vida do homem do campo e o escoamento da produ\u00e7\u00e3o agr\u00edcola, como da agricultura familiar. Segundo o MDA, dos 551 mil estabelecimentos agropecu\u00e1rios de Minas Gerais, mais de 437 mil s\u00e3o de agricultura familiar (79%). O setor emprega mais de 1,1 milh\u00e3o de pessoas e responde por 32% do valor bruto da produ\u00e7\u00e3o agropecu\u00e1ria mineira. Os agricultores familiares produzem boa parte dos alimentos do estado, como arroz (44%), mandioca (84%), milho (47%) e leite (45%).<\/p>\n<p><a href=\"http:\/\/conectmaisinternet.com.br\/\" target=\"_blank\"><img decoding=\"async\" class=\"aligncenter\" alt=\"\" src=\"http:\/\/aconteceunovale.com.br\/portal\/wp-content\/uploads\/2014\/01\/logo_conect_mais_internet_noticias.png\" \/><\/a><\/p>\n<p><strong>GALERIA DE FOTOS:<\/strong><br \/>\n<em>(Fotos: Luciano ferreira)<\/em><\/p>\n<div id='gallery-1' class='gallery galleryid-19652 gallery-columns-3 gallery-size-thumbnail'><figure class='gallery-item'>\n\t\t\t<div class='gallery-icon landscape'>\n\t\t\t\t<a href='https:\/\/aconteceunovale.com.br\/portal\/wp-content\/uploads\/2014\/01\/itaipe_recebe_veiculos_do_pac_2_5.jpg'><img loading=\"lazy\" decoding=\"async\" width=\"150\" height=\"150\" src=\"https:\/\/aconteceunovale.com.br\/portal\/wp-content\/uploads\/2014\/01\/itaipe_recebe_veiculos_do_pac_2_5-150x150.jpg\" class=\"attachment-thumbnail size-thumbnail\" alt=\"\" \/><\/a>\n\t\t\t<\/div><\/figure><figure class='gallery-item'>\n\t\t\t<div class='gallery-icon landscape'>\n\t\t\t\t<a href='https:\/\/aconteceunovale.com.br\/portal\/wp-content\/uploads\/2014\/01\/itaipe_recebe_veiculos_do_pac_2_7.jpg'><img loading=\"lazy\" decoding=\"async\" width=\"150\" height=\"150\" src=\"https:\/\/aconteceunovale.com.br\/portal\/wp-content\/uploads\/2014\/01\/itaipe_recebe_veiculos_do_pac_2_7-150x150.jpg\" class=\"attachment-thumbnail size-thumbnail\" alt=\"\" \/><\/a>\n\t\t\t<\/div><\/figure><figure class='gallery-item'>\n\t\t\t<div class='gallery-icon landscape'>\n\t\t\t\t<a href='https:\/\/aconteceunovale.com.br\/portal\/wp-content\/uploads\/2014\/01\/itaipe_recebe_veiculos_do_pac_2_4.jpg'><img loading=\"lazy\" decoding=\"async\" width=\"150\" height=\"150\" src=\"https:\/\/aconteceunovale.com.br\/portal\/wp-content\/uploads\/2014\/01\/itaipe_recebe_veiculos_do_pac_2_4-150x150.jpg\" class=\"attachment-thumbnail size-thumbnail\" alt=\"\" \/><\/a>\n\t\t\t<\/div><\/figure><figure class='gallery-item'>\n\t\t\t<div class='gallery-icon landscape'>\n\t\t\t\t<a href='https:\/\/aconteceunovale.com.br\/portal\/wp-content\/uploads\/2014\/01\/itaipe_recebe_veiculos_do_pac_2_1.jpg'><img loading=\"lazy\" decoding=\"async\" width=\"150\" height=\"150\" src=\"https:\/\/aconteceunovale.com.br\/portal\/wp-content\/uploads\/2014\/01\/itaipe_recebe_veiculos_do_pac_2_1-150x150.jpg\" class=\"attachment-thumbnail size-thumbnail\" alt=\"\" \/><\/a>\n\t\t\t<\/div><\/figure><figure class='gallery-item'>\n\t\t\t<div class='gallery-icon landscape'>\n\t\t\t\t<a href='https:\/\/aconteceunovale.com.br\/portal\/wp-content\/uploads\/2014\/01\/itaipe_recebe_veiculos_do_pac_2_3.jpg'><img loading=\"lazy\" decoding=\"async\" width=\"150\" height=\"150\" src=\"https:\/\/aconteceunovale.com.br\/portal\/wp-content\/uploads\/2014\/01\/itaipe_recebe_veiculos_do_pac_2_3-150x150.jpg\" class=\"attachment-thumbnail size-thumbnail\" alt=\"\" \/><\/a>\n\t\t\t<\/div><\/figure><figure class='gallery-item'>\n\t\t\t<div class='gallery-icon landscape'>\n\t\t\t\t<a href='https:\/\/aconteceunovale.com.br\/portal\/wp-content\/uploads\/2014\/01\/itaipe_recebe_veiculos_do_pac_2_2.jpg'><img loading=\"lazy\" decoding=\"async\" width=\"150\" height=\"150\" src=\"https:\/\/aconteceunovale.com.br\/portal\/wp-content\/uploads\/2014\/01\/itaipe_recebe_veiculos_do_pac_2_2-150x150.jpg\" class=\"attachment-thumbnail size-thumbnail\" alt=\"\" \/><\/a>\n\t\t\t<\/div><\/figure><figure class='gallery-item'>\n\t\t\t<div class='gallery-icon landscape'>\n\t\t\t\t<a href='https:\/\/aconteceunovale.com.br\/portal\/wp-content\/uploads\/2014\/01\/itaipe_recebe_veiculos_do_pac_2_6.jpg'><img loading=\"lazy\" decoding=\"async\" width=\"150\" height=\"150\" src=\"https:\/\/aconteceunovale.com.br\/portal\/wp-content\/uploads\/2014\/01\/itaipe_recebe_veiculos_do_pac_2_6-150x150.jpg\" class=\"attachment-thumbnail size-thumbnail\" alt=\"\" \/><\/a>\n\t\t\t<\/div><\/figure>\n\t\t<\/div>\n\n","protected":false},"excerpt":{"rendered":"<p>O munic\u00edpio de Itaip\u00e9, no Vale do Mucuri, recebeu nesta segunda-feira (27\/01), tr\u00eas ve\u00edculos do PAC-2 do Governo Federal. Chegaram ao munic\u00edpio uma patrol e 2 caminh\u00f5es. Os ve\u00edculos fazem parte de um pacote de 2 milh\u00f5es de reais que ser\u00e3o investidos na agricultura familiar de Itaip\u00e9. A cidade ainda receber\u00e1 um trator de esteira, [&hellip;]<\/p>\n","protected":false},"author":1,"featured_media":19656,"comment_status":"open","ping_status":"closed","sticky":false,"template":"","format":"standard","meta":{"amp_status":"","footnotes":""},"categories":[122],"tags":[191,3624],"class_list":["post-19652","post","type-post","status-publish","format-standard","has-post-thumbnail","hentry","category-mucuri","tag-itaipe","tag-itaipe-recebe-investimento-do-governo-federal"],"yoast_head":"<!-- This site is optimized with the Yoast SEO plugin v28.3 - https:\/\/yoast.com\/product\/yoast-seo-wordpress\/ -->\n<title>Itaip\u00e9 recebe investimento do Governo Federal - Aconteceu no Vale<\/title>\n<meta name=\"robots\" content=\"index, follow, max-snippet:-1, max-image-preview:large, max-video-preview:-1\" \/>\n<link rel=\"canonical\" href=\"https:\/\/aconteceunovale.com.br\/portal\/?p=19652\" \/>\n<meta property=\"og:locale\" content=\"pt_BR\" \/>\n<meta property=\"og:type\" content=\"article\" \/>\n<meta property=\"og:title\" content=\"Itaip\u00e9 recebe investimento do Governo Federal - Aconteceu no Vale\" \/>\n<meta property=\"og:description\" content=\"O munic\u00edpio de Itaip\u00e9, no Vale do Mucuri, recebeu nesta segunda-feira (27\/01), tr\u00eas ve\u00edculos do PAC-2 do Governo Federal. Chegaram ao munic\u00edpio uma patrol e 2 caminh\u00f5es. Os ve\u00edculos fazem parte de um pacote de 2 milh\u00f5es de reais que ser\u00e3o investidos na agricultura familiar de Itaip\u00e9. A cidade ainda receber\u00e1 um trator de esteira, [&hellip;]\" \/>\n<meta property=\"og:url\" content=\"https:\/\/aconteceunovale.com.br\/portal\/?p=19652\" \/>\n<meta property=\"og:site_name\" content=\"Aconteceu no Vale\" \/>\n<meta property=\"article:publisher\" content=\"https:\/\/www.facebook.com\/aconteceunovale\/\" \/>\n<meta property=\"article:published_time\" content=\"2014-01-28T00:38:01+00:00\" \/>\n<meta property=\"og:image\" content=\"https:\/\/aconteceunovale.com.br\/portal\/wp-content\/uploads\/2014\/01\/itaipe_recebe_veiculos_do_pac_2_4.jpg\" \/>\n\t<meta property=\"og:image:width\" content=\"600\" \/>\n\t<meta property=\"og:image:height\" content=\"450\" \/>\n\t<meta property=\"og:image:type\" content=\"image\/jpeg\" \/>\n<meta name=\"author\" content=\"Aconteceu no Vale\" \/>\n<meta name=\"twitter:card\" content=\"summary_large_image\" \/>\n<meta name=\"twitter:creator\" content=\"@noticiadosvales\" \/>\n<meta name=\"twitter:site\" content=\"@noticiadosvales\" \/>\n<meta name=\"twitter:label1\" content=\"Escrito por\" \/>\n\t<meta name=\"twitter:data1\" content=\"Aconteceu no Vale\" \/>\n\t<meta name=\"twitter:label2\" content=\"Est. tempo de leitura\" \/>\n\t<meta name=\"twitter:data2\" content=\"1 minuto\" \/>\n<script type=\"application\/ld+json\" class=\"yoast-schema-graph\">{\"@context\":\"https:\\\/\\\/schema.org\",\"@graph\":[{\"@type\":\"Article\",\"@id\":\"https:\\\/\\\/aconteceunovale.com.br\\\/portal\\\/?p=19652#article\",\"isPartOf\":{\"@id\":\"https:\\\/\\\/aconteceunovale.com.br\\\/portal\\\/?p=19652\"},\"author\":{\"name\":\"Aconteceu no Vale\",\"@id\":\"https:\\\/\\\/aconteceunovale.com.br\\\/portal\\\/#\\\/schema\\\/person\\\/633529146f2c94272bef50ac2953d589\"},\"headline\":\"Itaip\u00e9 recebe investimento do Governo Federal\",\"datePublished\":\"2014-01-28T00:38:01+00:00\",\"mainEntityOfPage\":{\"@id\":\"https:\\\/\\\/aconteceunovale.com.br\\\/portal\\\/?p=19652\"},\"wordCount\":239,\"commentCount\":0,\"image\":{\"@id\":\"https:\\\/\\\/aconteceunovale.com.br\\\/portal\\\/?p=19652#primaryimage\"},\"thumbnailUrl\":\"https:\\\/\\\/aconteceunovale.com.br\\\/portal\\\/wp-content\\\/uploads\\\/2014\\\/01\\\/itaipe_recebe_veiculos_do_pac_2_4.jpg\",\"keywords\":[\"Itaip\u00e9\",\"Itaip\u00e9 recebe investimento do Governo Federal\"],\"articleSection\":[\"Vale do Mucuri\"],\"inLanguage\":\"pt-BR\",\"potentialAction\":[{\"@type\":\"CommentAction\",\"name\":\"Comment\",\"target\":[\"https:\\\/\\\/aconteceunovale.com.br\\\/portal\\\/?p=19652#respond\"]}]},{\"@type\":\"WebPage\",\"@id\":\"https:\\\/\\\/aconteceunovale.com.br\\\/portal\\\/?p=19652\",\"url\":\"https:\\\/\\\/aconteceunovale.com.br\\\/portal\\\/?p=19652\",\"name\":\"Itaip\u00e9 recebe investimento do Governo Federal - Aconteceu no Vale\",\"isPartOf\":{\"@id\":\"https:\\\/\\\/aconteceunovale.com.br\\\/portal\\\/#website\"},\"primaryImageOfPage\":{\"@id\":\"https:\\\/\\\/aconteceunovale.com.br\\\/portal\\\/?p=19652#primaryimage\"},\"image\":{\"@id\":\"https:\\\/\\\/aconteceunovale.com.br\\\/portal\\\/?p=19652#primaryimage\"},\"thumbnailUrl\":\"https:\\\/\\\/aconteceunovale.com.br\\\/portal\\\/wp-content\\\/uploads\\\/2014\\\/01\\\/itaipe_recebe_veiculos_do_pac_2_4.jpg\",\"datePublished\":\"2014-01-28T00:38:01+00:00\",\"author\":{\"@id\":\"https:\\\/\\\/aconteceunovale.com.br\\\/portal\\\/#\\\/schema\\\/person\\\/633529146f2c94272bef50ac2953d589\"},\"breadcrumb\":{\"@id\":\"https:\\\/\\\/aconteceunovale.com.br\\\/portal\\\/?p=19652#breadcrumb\"},\"inLanguage\":\"pt-BR\",\"potentialAction\":[{\"@type\":\"ReadAction\",\"target\":[\"https:\\\/\\\/aconteceunovale.com.br\\\/portal\\\/?p=19652\"]}]},{\"@type\":\"ImageObject\",\"inLanguage\":\"pt-BR\",\"@id\":\"https:\\\/\\\/aconteceunovale.com.br\\\/portal\\\/?p=19652#primaryimage\",\"url\":\"https:\\\/\\\/aconteceunovale.com.br\\\/portal\\\/wp-content\\\/uploads\\\/2014\\\/01\\\/itaipe_recebe_veiculos_do_pac_2_4.jpg\",\"contentUrl\":\"https:\\\/\\\/aconteceunovale.com.br\\\/portal\\\/wp-content\\\/uploads\\\/2014\\\/01\\\/itaipe_recebe_veiculos_do_pac_2_4.jpg\",\"width\":600,\"height\":450},{\"@type\":\"BreadcrumbList\",\"@id\":\"https:\\\/\\\/aconteceunovale.com.br\\\/portal\\\/?p=19652#breadcrumb\",\"itemListElement\":[{\"@type\":\"ListItem\",\"position\":1,\"name\":\"In\u00edcio\",\"item\":\"https:\\\/\\\/aconteceunovale.com.br\\\/portal\\\/\"},{\"@type\":\"ListItem\",\"position\":2,\"name\":\"Itaip\u00e9 recebe investimento do Governo Federal\"}]},{\"@type\":\"WebSite\",\"@id\":\"https:\\\/\\\/aconteceunovale.com.br\\\/portal\\\/#website\",\"url\":\"https:\\\/\\\/aconteceunovale.com.br\\\/portal\\\/\",\"name\":\"Aconteceu no Vale\",\"description\":\"Portal de Not\u00edcias\",\"potentialAction\":[{\"@type\":\"SearchAction\",\"target\":{\"@type\":\"EntryPoint\",\"urlTemplate\":\"https:\\\/\\\/aconteceunovale.com.br\\\/portal\\\/?s={search_term_string}\"},\"query-input\":{\"@type\":\"PropertyValueSpecification\",\"valueRequired\":true,\"valueName\":\"search_term_string\"}}],\"inLanguage\":\"pt-BR\"},{\"@type\":\"Person\",\"@id\":\"https:\\\/\\\/aconteceunovale.com.br\\\/portal\\\/#\\\/schema\\\/person\\\/633529146f2c94272bef50ac2953d589\",\"name\":\"Aconteceu no Vale\",\"description\":\"Equipe de reportagem do Aconteceu no Vale, portal de not\u00edcias do Vale do Jequitinhonha, em Minas Gerais. Cobrimos as 51 cidades do Vale desde 2013. Sugest\u00f5es de pauta e pedidos de corre\u00e7\u00e3o: contato@aconteceunovale.com.br\",\"sameAs\":[\"http:\\\/\\\/www.aconteceunovale.com.br\"],\"url\":\"https:\\\/\\\/aconteceunovale.com.br\\\/portal\\\/?author=1\"}]}<\/script>\n<!-- \/ Yoast SEO plugin. -->","yoast_head_json":{"title":"Itaip\u00e9 recebe investimento do Governo Federal - Aconteceu no Vale","robots":{"index":"index","follow":"follow","max-snippet":"max-snippet:-1","max-image-preview":"max-image-preview:large","max-video-preview":"max-video-preview:-1"},"canonical":"https:\/\/aconteceunovale.com.br\/portal\/?p=19652","og_locale":"pt_BR","og_type":"article","og_title":"Itaip\u00e9 recebe investimento do Governo Federal - Aconteceu no Vale","og_description":"O munic\u00edpio de Itaip\u00e9, no Vale do Mucuri, recebeu nesta segunda-feira (27\/01), tr\u00eas ve\u00edculos do PAC-2 do Governo Federal. Chegaram ao munic\u00edpio uma patrol e 2 caminh\u00f5es. Os ve\u00edculos fazem parte de um pacote de 2 milh\u00f5es de reais que ser\u00e3o investidos na agricultura familiar de Itaip\u00e9. A cidade ainda receber\u00e1 um trator de esteira, [&hellip;]","og_url":"https:\/\/aconteceunovale.com.br\/portal\/?p=19652","og_site_name":"Aconteceu no Vale","article_publisher":"https:\/\/www.facebook.com\/aconteceunovale\/","article_published_time":"2014-01-28T00:38:01+00:00","og_image":[{"width":600,"height":450,"url":"https:\/\/aconteceunovale.com.br\/portal\/wp-content\/uploads\/2014\/01\/itaipe_recebe_veiculos_do_pac_2_4.jpg","type":"image\/jpeg"}],"author":"Aconteceu no Vale","twitter_card":"summary_large_image","twitter_creator":"@noticiadosvales","twitter_site":"@noticiadosvales","twitter_misc":{"Escrito por":"Aconteceu no Vale","Est. tempo de leitura":"1 minuto"},"schema":{"@context":"https:\/\/schema.org","@graph":[{"@type":"Article","@id":"https:\/\/aconteceunovale.com.br\/portal\/?p=19652#article","isPartOf":{"@id":"https:\/\/aconteceunovale.com.br\/portal\/?p=19652"},"author":{"name":"Aconteceu no Vale","@id":"https:\/\/aconteceunovale.com.br\/portal\/#\/schema\/person\/633529146f2c94272bef50ac2953d589"},"headline":"Itaip\u00e9 recebe investimento do Governo Federal","datePublished":"2014-01-28T00:38:01+00:00","mainEntityOfPage":{"@id":"https:\/\/aconteceunovale.com.br\/portal\/?p=19652"},"wordCount":239,"commentCount":0,"image":{"@id":"https:\/\/aconteceunovale.com.br\/portal\/?p=19652#primaryimage"},"thumbnailUrl":"https:\/\/aconteceunovale.com.br\/portal\/wp-content\/uploads\/2014\/01\/itaipe_recebe_veiculos_do_pac_2_4.jpg","keywords":["Itaip\u00e9","Itaip\u00e9 recebe investimento do Governo Federal"],"articleSection":["Vale do Mucuri"],"inLanguage":"pt-BR","potentialAction":[{"@type":"CommentAction","name":"Comment","target":["https:\/\/aconteceunovale.com.br\/portal\/?p=19652#respond"]}]},{"@type":"WebPage","@id":"https:\/\/aconteceunovale.com.br\/portal\/?p=19652","url":"https:\/\/aconteceunovale.com.br\/portal\/?p=19652","name":"Itaip\u00e9 recebe investimento do Governo Federal - Aconteceu no Vale","isPartOf":{"@id":"https:\/\/aconteceunovale.com.br\/portal\/#website"},"primaryImageOfPage":{"@id":"https:\/\/aconteceunovale.com.br\/portal\/?p=19652#primaryimage"},"image":{"@id":"https:\/\/aconteceunovale.com.br\/portal\/?p=19652#primaryimage"},"thumbnailUrl":"https:\/\/aconteceunovale.com.br\/portal\/wp-content\/uploads\/2014\/01\/itaipe_recebe_veiculos_do_pac_2_4.jpg","datePublished":"2014-01-28T00:38:01+00:00","author":{"@id":"https:\/\/aconteceunovale.com.br\/portal\/#\/schema\/person\/633529146f2c94272bef50ac2953d589"},"breadcrumb":{"@id":"https:\/\/aconteceunovale.com.br\/portal\/?p=19652#breadcrumb"},"inLanguage":"pt-BR","potentialAction":[{"@type":"ReadAction","target":["https:\/\/aconteceunovale.com.br\/portal\/?p=19652"]}]},{"@type":"ImageObject","inLanguage":"pt-BR","@id":"https:\/\/aconteceunovale.com.br\/portal\/?p=19652#primaryimage","url":"https:\/\/aconteceunovale.com.br\/portal\/wp-content\/uploads\/2014\/01\/itaipe_recebe_veiculos_do_pac_2_4.jpg","contentUrl":"https:\/\/aconteceunovale.com.br\/portal\/wp-content\/uploads\/2014\/01\/itaipe_recebe_veiculos_do_pac_2_4.jpg","width":600,"height":450},{"@type":"BreadcrumbList","@id":"https:\/\/aconteceunovale.com.br\/portal\/?p=19652#breadcrumb","itemListElement":[{"@type":"ListItem","position":1,"name":"In\u00edcio","item":"https:\/\/aconteceunovale.com.br\/portal\/"},{"@type":"ListItem","position":2,"name":"Itaip\u00e9 recebe investimento do Governo Federal"}]},{"@type":"WebSite","@id":"https:\/\/aconteceunovale.com.br\/portal\/#website","url":"https:\/\/aconteceunovale.com.br\/portal\/","name":"Aconteceu no Vale","description":"Portal de Not\u00edcias","potentialAction":[{"@type":"SearchAction","target":{"@type":"EntryPoint","urlTemplate":"https:\/\/aconteceunovale.com.br\/portal\/?s={search_term_string}"},"query-input":{"@type":"PropertyValueSpecification","valueRequired":true,"valueName":"search_term_string"}}],"inLanguage":"pt-BR"},{"@type":"Person","@id":"https:\/\/aconteceunovale.com.br\/portal\/#\/schema\/person\/633529146f2c94272bef50ac2953d589","name":"Aconteceu no Vale","description":"Equipe de reportagem do Aconteceu no Vale, portal de not\u00edcias do Vale do Jequitinhonha, em Minas Gerais. Cobrimos as 51 cidades do Vale desde 2013. Sugest\u00f5es de pauta e pedidos de corre\u00e7\u00e3o: contato@aconteceunovale.com.br","sameAs":["http:\/\/www.aconteceunovale.com.br"],"url":"https:\/\/aconteceunovale.com.br\/portal\/?author=1"}]}},"_links":{"self":[{"href":"https:\/\/aconteceunovale.com.br\/portal\/index.php?rest_route=\/wp\/v2\/posts\/19652","targetHints":{"allow":["GET"]}}],"collection":[{"href":"https:\/\/aconteceunovale.com.br\/portal\/index.php?rest_route=\/wp\/v2\/posts"}],"about":[{"href":"https:\/\/aconteceunovale.com.br\/portal\/index.php?rest_route=\/wp\/v2\/types\/post"}],"author":[{"embeddable":true,"href":"https:\/\/aconteceunovale.com.br\/portal\/index.php?rest_route=\/wp\/v2\/users\/1"}],"replies":[{"embeddable":true,"href":"https:\/\/aconteceunovale.com.br\/portal\/index.php?rest_route=%2Fwp%2Fv2%2Fcomments&post=19652"}],"version-history":[{"count":0,"href":"https:\/\/aconteceunovale.com.br\/portal\/index.php?rest_route=\/wp\/v2\/posts\/19652\/revisions"}],"wp:featuredmedia":[{"embeddable":true,"href":"https:\/\/aconteceunovale.com.br\/portal\/index.php?rest_route=\/wp\/v2\/media\/19656"}],"wp:attachment":[{"href":"https:\/\/aconteceunovale.com.br\/portal\/index.php?rest_route=%2Fwp%2Fv2%2Fmedia&parent=19652"}],"wp:term":[{"taxonomy":"category","embeddable":true,"href":"https:\/\/aconteceunovale.com.br\/portal\/index.php?rest_route=%2Fwp%2Fv2%2Fcategories&post=19652"},{"taxonomy":"post_tag","embeddable":true,"href":"https:\/\/aconteceunovale.com.br\/portal\/index.php?rest_route=%2Fwp%2Fv2%2Ftags&post=19652"}],"curies":[{"name":"wp","href":"https:\/\/api.w.org\/{rel}","templated":true}]}}