{"id":196457,"date":"2025-01-28T15:16:39","date_gmt":"2025-01-28T18:16:39","guid":{"rendered":"https:\/\/aconteceunovale.com.br\/portal\/?p=196457"},"modified":"2025-01-28T15:17:08","modified_gmt":"2025-01-28T18:17:08","slug":"homem-e-denunciado-por-armazenamento-de-pornografia-infantil-em-conceicao-do-mato-dentro","status":"publish","type":"post","link":"https:\/\/aconteceunovale.com.br\/portal\/?p=196457","title":{"rendered":"Homem \u00e9 denunciado por armazenamento de pornografia infantil em Concei\u00e7\u00e3o do Mato Dentro"},"content":{"rendered":"\n<p>O Minist\u00e9rio P\u00fablico de Minas Gerais (MPMG) apresentou den\u00fancia contra um homem de 47 anos, residente em Concei\u00e7\u00e3o do Mato Dentro, na regi\u00e3o Central do Estado, pelo crime de armazenamento de pornografia infantil. A promotoria de Justi\u00e7a do munic\u00edpio foi informada sobre o caso atrav\u00e9s de um relat\u00f3rio da Pol\u00edcia Federal, que indicava a suspeita.<\/p>\n\n\n\n<p>Ap\u00f3s a emiss\u00e3o de um mandado de busca e apreens\u00e3o, foram encontrados no local de trabalho e na resid\u00eancia do acusado um celular e um tablet contendo mais de 800 arquivos de fotografias e v\u00eddeos de sexo com menores de idade. A per\u00edcia revelou que os arquivos vinham sendo baixados desde 2019, com um aumento significativo no ano passado. O acusado est\u00e1 atualmente preso preventivamente.<\/p>\n\n\n\n<p>Na den\u00fancia, o MPMG solicitou a aplica\u00e7\u00e3o do artigo 241-B do Estatuto da Crian\u00e7a e do Adolescente (ECA), que define como crime &#8220;adquirir, possuir ou armazenar, por qualquer meio, fotografia, v\u00eddeo ou outra forma de registro que contenha cena de sexo expl\u00edcito ou pornogr\u00e1fica envolvendo crian\u00e7a ou adolescente&#8221;. Al\u00e9m da condena\u00e7\u00e3o a quatro anos de reclus\u00e3o, o MPMG pediu repara\u00e7\u00e3o de danos morais coletivos, com multa variando entre R$ 1 mil e R$ 10 mil.<\/p>\n\n\n\n<p>&#8220;O material apreendido \u00e9 chocante, assim como a quantidade de imagens armazenadas. Diversas crian\u00e7as e adolescentes nus ou praticando sexo. Al\u00e9m do pedido de condena\u00e7\u00e3o do denunciado, a pe\u00e7a de acusa\u00e7\u00e3o inicial tamb\u00e9m traz pedido de danos morais coletivos, j\u00e1 que as v\u00edtimas n\u00e3o s\u00e3o identific\u00e1veis&#8221;, afirmou o promotor de Justi\u00e7a de Concei\u00e7\u00e3o do Mato Dentro, Frederico Tavares de Lanna Machado.<\/p>\n","protected":false},"excerpt":{"rendered":"<p>O Minist\u00e9rio P\u00fablico de Minas Gerais (MPMG) apresentou den\u00fancia contra um homem de 47 anos, residente em Concei\u00e7\u00e3o do Mato Dentro, na regi\u00e3o Central do Estado, pelo crime de armazenamento de pornografia infantil. A promotoria de Justi\u00e7a do munic\u00edpio foi informada sobre o caso atrav\u00e9s de um relat\u00f3rio da Pol\u00edcia Federal, que indicava a suspeita. [&hellip;]<\/p>\n","protected":false},"author":4,"featured_media":178146,"comment_status":"open","ping_status":"closed","sticky":false,"template":"","format":"standard","meta":{"amp_status":"","footnotes":""},"categories":[123],"tags":[628,270741,270740,19675,270743,270742],"class_list":["post-196457","post","type-post","status-publish","format-standard","has-post-thumbnail","hentry","category-gerais","tag-conceicao-do-mato-dentro","tag-denunciado-por-pedofilia-em-conceicao-do-mato-dentro","tag-homem-e-denunciado-por-armazenamento-de-pornografia-infantil-em-conceicao-do-mato-dentro","tag-mpmg","tag-mpmg-conceicao-do-mato-dentro","tag-pedofilo-conceicao-do-mato-dentro"],"_links":{"self":[{"href":"https:\/\/aconteceunovale.com.br\/portal\/index.php?rest_route=\/wp\/v2\/posts\/196457","targetHints":{"allow":["GET"]}}],"collection":[{"href":"https:\/\/aconteceunovale.com.br\/portal\/index.php?rest_route=\/wp\/v2\/posts"}],"about":[{"href":"https:\/\/aconteceunovale.com.br\/portal\/index.php?rest_route=\/wp\/v2\/types\/post"}],"author":[{"embeddable":true,"href":"https:\/\/aconteceunovale.com.br\/portal\/index.php?rest_route=\/wp\/v2\/users\/4"}],"replies":[{"embeddable":true,"href":"https:\/\/aconteceunovale.com.br\/portal\/index.php?rest_route=%2Fwp%2Fv2%2Fcomments&post=196457"}],"version-history":[{"count":1,"href":"https:\/\/aconteceunovale.com.br\/portal\/index.php?rest_route=\/wp\/v2\/posts\/196457\/revisions"}],"predecessor-version":[{"id":196458,"href":"https:\/\/aconteceunovale.com.br\/portal\/index.php?rest_route=\/wp\/v2\/posts\/196457\/revisions\/196458"}],"wp:featuredmedia":[{"embeddable":true,"href":"https:\/\/aconteceunovale.com.br\/portal\/index.php?rest_route=\/wp\/v2\/media\/178146"}],"wp:attachment":[{"href":"https:\/\/aconteceunovale.com.br\/portal\/index.php?rest_route=%2Fwp%2Fv2%2Fmedia&parent=196457"}],"wp:term":[{"taxonomy":"category","embeddable":true,"href":"https:\/\/aconteceunovale.com.br\/portal\/index.php?rest_route=%2Fwp%2Fv2%2Fcategories&post=196457"},{"taxonomy":"post_tag","embeddable":true,"href":"https:\/\/aconteceunovale.com.br\/portal\/index.php?rest_route=%2Fwp%2Fv2%2Ftags&post=196457"}],"curies":[{"name":"wp","href":"https:\/\/api.w.org\/{rel}","templated":true}]}}