{"id":196454,"date":"2025-01-28T15:06:43","date_gmt":"2025-01-28T18:06:43","guid":{"rendered":"https:\/\/aconteceunovale.com.br\/portal\/?p=196454"},"modified":"2025-01-28T15:07:26","modified_gmt":"2025-01-28T18:07:26","slug":"camara-municipal-de-almenara-firma-tac-com-o-mpmg-para-regularizar-contratacoes","status":"publish","type":"post","link":"https:\/\/aconteceunovale.com.br\/portal\/?p=196454","title":{"rendered":"C\u00e2mara Municipal de Almenara firma TAC com o MPMG para regularizar contrata\u00e7\u00f5es"},"content":{"rendered":"\n<p>A C\u00e2mara Municipal de Almenara, no Vale do Jequitinhonha, firmou um Termo de Ajustamento de Conduta (TAC) com o Minist\u00e9rio P\u00fablico de Minas Gerais (MPMG), por meio da 1\u00aa Promotoria de Justi\u00e7a do munic\u00edpio, comprometendo-se a regularizar as contrata\u00e7\u00f5es de pessoal no \u00e2mbito do Legislativo.<\/p>\n\n\n\n<figure class=\"wp-block-gallery has-nested-images columns-default is-cropped wp-block-gallery-1 is-layout-flex wp-block-gallery-is-layout-flex\">\n<figure class=\"wp-block-image size-large\"><img loading=\"lazy\" decoding=\"async\" width=\"650\" height=\"432\" data-id=\"196455\" src=\"https:\/\/aconteceunovale.com.br\/portal\/wp-content\/uploads\/2025\/01\/tac_almenara.png\" alt=\"\" class=\"wp-image-196455\" srcset=\"https:\/\/aconteceunovale.com.br\/portal\/wp-content\/uploads\/2025\/01\/tac_almenara.png 650w, https:\/\/aconteceunovale.com.br\/portal\/wp-content\/uploads\/2025\/01\/tac_almenara-300x199.png 300w, https:\/\/aconteceunovale.com.br\/portal\/wp-content\/uploads\/2025\/01\/tac_almenara-632x420.png 632w\" sizes=\"auto, (max-width: 650px) 100vw, 650px\" \/><figcaption class=\"wp-element-caption\"><em>Foto: Divulga\u00e7\u00e3o \/ MPMG<\/em><\/figcaption><\/figure>\n<\/figure>\n\n\n\n<p>O acordo, decorrente de uma A\u00e7\u00e3o Civil P\u00fablica movida pelo MPMG, tem como objetivo assegurar o cumprimento dos princ\u00edpios constitucionais da legalidade, impessoalidade, moralidade, publicidade e efici\u00eancia na gest\u00e3o p\u00fablica.<\/p>\n\n\n\n<p>Entre as medidas previstas no TAC est\u00e3o a revis\u00e3o de contratos tempor\u00e1rios em vigor, a suspens\u00e3o de novas contrata\u00e7\u00f5es irregulares e a ado\u00e7\u00e3o de procedimentos legais para a admiss\u00e3o de pessoal, seja pela terceiriza\u00e7\u00e3o de atividades-meio ou pela realiza\u00e7\u00e3o de concurso p\u00fablico. O prazo estabelecido para a implementa\u00e7\u00e3o dessas a\u00e7\u00f5es \u00e9 de 360 dias.<\/p>\n\n\n\n<p>O promotor de Justi\u00e7a Olemar Miranda Santiago destacou a relev\u00e2ncia do acordo para a comunidade local. <em>\u201cA celebra\u00e7\u00e3o do TAC representa uma importante conquista para a sociedade de Almenara, pois, al\u00e9m de garantir a conformidade da conduta da C\u00e2mara Municipal com os padr\u00f5es constitucionais e legais, evita a judicializa\u00e7\u00e3o do conflito, proporcionando uma solu\u00e7\u00e3o mais c\u00e9lere e eficiente para a quest\u00e3o.\u201d<\/em> Ele tamb\u00e9m enfatizou o papel da desjudicializa\u00e7\u00e3o e da autocomposi\u00e7\u00e3o como ferramentas para a promo\u00e7\u00e3o da justi\u00e7a social.<\/p>\n\n\n\n<p>O presidente da C\u00e2mara Municipal de Almenara, Vereador Ailton Ferreira de Oliveira, ressaltou o compromisso do Legislativo com a legalidade e a transpar\u00eancia, afirmando que o TAC ser\u00e1 cumprido integralmente.<\/p>\n","protected":false},"excerpt":{"rendered":"<p>A C\u00e2mara Municipal de Almenara, no Vale do Jequitinhonha, firmou um Termo de Ajustamento de Conduta (TAC) com o Minist\u00e9rio P\u00fablico de Minas Gerais (MPMG), por meio da 1\u00aa Promotoria de Justi\u00e7a do munic\u00edpio, comprometendo-se a regularizar as contrata\u00e7\u00f5es de pessoal no \u00e2mbito do Legislativo. O acordo, decorrente de uma A\u00e7\u00e3o Civil P\u00fablica movida pelo [&hellip;]<\/p>\n","protected":false},"author":4,"featured_media":196455,"comment_status":"open","ping_status":"closed","sticky":false,"template":"","format":"standard","meta":{"amp_status":"","footnotes":""},"categories":[120],"tags":[270738,42545,270735,270739,270736,19675,270737],"class_list":["post-196454","post","type-post","status-publish","format-standard","has-post-thumbnail","hentry","category-jequi","tag-camara-de-vereadores-de-almenara","tag-camara-municipal-de-almenara","tag-camara-municipal-de-almenara-firma-tac-com-o-mpmg-para-regularizar-contratacoes","tag-irregularidades-na-camara-municipal-de-almenara","tag-ministerio-publico-em-almenara","tag-mpmg","tag-promotoria-de-almenara"],"_links":{"self":[{"href":"https:\/\/aconteceunovale.com.br\/portal\/index.php?rest_route=\/wp\/v2\/posts\/196454","targetHints":{"allow":["GET"]}}],"collection":[{"href":"https:\/\/aconteceunovale.com.br\/portal\/index.php?rest_route=\/wp\/v2\/posts"}],"about":[{"href":"https:\/\/aconteceunovale.com.br\/portal\/index.php?rest_route=\/wp\/v2\/types\/post"}],"author":[{"embeddable":true,"href":"https:\/\/aconteceunovale.com.br\/portal\/index.php?rest_route=\/wp\/v2\/users\/4"}],"replies":[{"embeddable":true,"href":"https:\/\/aconteceunovale.com.br\/portal\/index.php?rest_route=%2Fwp%2Fv2%2Fcomments&post=196454"}],"version-history":[{"count":1,"href":"https:\/\/aconteceunovale.com.br\/portal\/index.php?rest_route=\/wp\/v2\/posts\/196454\/revisions"}],"predecessor-version":[{"id":196456,"href":"https:\/\/aconteceunovale.com.br\/portal\/index.php?rest_route=\/wp\/v2\/posts\/196454\/revisions\/196456"}],"wp:featuredmedia":[{"embeddable":true,"href":"https:\/\/aconteceunovale.com.br\/portal\/index.php?rest_route=\/wp\/v2\/media\/196455"}],"wp:attachment":[{"href":"https:\/\/aconteceunovale.com.br\/portal\/index.php?rest_route=%2Fwp%2Fv2%2Fmedia&parent=196454"}],"wp:term":[{"taxonomy":"category","embeddable":true,"href":"https:\/\/aconteceunovale.com.br\/portal\/index.php?rest_route=%2Fwp%2Fv2%2Fcategories&post=196454"},{"taxonomy":"post_tag","embeddable":true,"href":"https:\/\/aconteceunovale.com.br\/portal\/index.php?rest_route=%2Fwp%2Fv2%2Ftags&post=196454"}],"curies":[{"name":"wp","href":"https:\/\/api.w.org\/{rel}","templated":true}]}}