{"id":196443,"date":"2025-01-28T09:57:32","date_gmt":"2025-01-28T12:57:32","guid":{"rendered":"https:\/\/aconteceunovale.com.br\/portal\/?p=196443"},"modified":"2025-01-28T09:59:35","modified_gmt":"2025-01-28T12:59:35","slug":"vaticano-alerta-para-sombra-do-mal-na-inteligencia-artificial-e-defende-supervisao-rigorosa","status":"publish","type":"post","link":"https:\/\/aconteceunovale.com.br\/portal\/?p=196443","title":{"rendered":"Vaticano alerta para &#8220;sombra do mal&#8221; na Intelig\u00eancia Artificial e defende supervis\u00e3o rigorosa"},"content":{"rendered":"\n<p class=\"wp-block-paragraph\">O Vaticano emitiu nesta ter\u00e7a-feira (28\/1\/2025) um alerta sobre os riscos associados ao desenvolvimento da intelig\u00eancia artificial (IA), destacando a necessidade de uma supervis\u00e3o rigorosa para evitar o uso indevido da tecnologia e a dissemina\u00e7\u00e3o de desinforma\u00e7\u00e3o. A preocupa\u00e7\u00e3o foi formalizada no documento &#8220;Antica et nova&#8221; (Antiga e nova), elaborado por dois departamentos do Vaticano e aprovado pelo Papa Francisco.<\/p>\n\n\n\n<p class=\"wp-block-paragraph\">No documento, o Vaticano adverte que &#8220;a m\u00eddia falsa gerada pela IA pode gradualmente minar os fundamentos da sociedade&#8221;. Segundo o texto, \u201cessa quest\u00e3o requer uma regulamenta\u00e7\u00e3o cuidadosa, pois a desinforma\u00e7\u00e3o \u2014 especialmente por meio da m\u00eddia controlada ou influenciada pela IA \u2014 pode se espalhar involuntariamente, alimentando a polariza\u00e7\u00e3o pol\u00edtica e a agita\u00e7\u00e3o social\u201d.<\/p>\n\n\n\n<p class=\"wp-block-paragraph\">O Papa Francisco tem abordado de forma recorrente as implica\u00e7\u00f5es \u00e9ticas da IA. Recentemente, enviou uma mensagem ao F\u00f3rum Econ\u00f4mico Mundial, em Davos, chamando a aten\u00e7\u00e3o de l\u00edderes pol\u00edticos, econ\u00f4micos e empresariais para as \u201cpreocupa\u00e7\u00f5es cr\u00edticas\u201d que a tecnologia levanta para o futuro da humanidade. Durante a c\u00fapula do G7 na It\u00e1lia, em junho do ano passado, o pont\u00edfice refor\u00e7ou que as pessoas n\u00e3o devem permitir que algoritmos tomem decis\u00f5es em seu lugar.<\/p>\n\n\n\n<p class=\"wp-block-paragraph\">O documento vaticano analisa ainda os impactos da IA em diferentes setores, como o mercado de trabalho, a sa\u00fade e a educa\u00e7\u00e3o. O texto destaca que, \u201ccomo em todas as \u00e1reas em que os seres humanos s\u00e3o chamados a tomar decis\u00f5es, a sombra do mal tamb\u00e9m aparece aqui\u201d, sugerindo que a avalia\u00e7\u00e3o moral da tecnologia deve levar em conta a forma como ela \u00e9 direcionada e utilizada.<\/p>\n\n\n\n<p class=\"wp-block-paragraph\">Em outra ocasi\u00e3o, durante o Dia Mundial da Paz, o Papa Francisco enfatizou a necessidade de uma reflex\u00e3o global sobre os perigos potenciais da IA. Na mensagem, ele apontou as \u201cpossibilidades disruptivas e efeitos ambivalentes\u201d da tecnologia e defendeu que seu desenvolvimento seja conduzido de forma respons\u00e1vel, visando ao bem comum e \u00e0 prote\u00e7\u00e3o da \u201cnossa casa comum\u201d. O pont\u00edfice tamb\u00e9m alertou contra uma poss\u00edvel l\u00f3gica de viol\u00eancia e discrimina\u00e7\u00e3o que possa emergir na utiliza\u00e7\u00e3o desses dispositivos, especialmente em preju\u00edzo dos mais vulner\u00e1veis e exclu\u00eddos.<\/p>\n","protected":false},"excerpt":{"rendered":"<p>O Vaticano emitiu nesta ter\u00e7a-feira (28\/1\/2025) um alerta sobre os riscos associados ao desenvolvimento da intelig\u00eancia artificial (IA), destacando a necessidade de uma supervis\u00e3o rigorosa para evitar o uso indevido da tecnologia e a dissemina\u00e7\u00e3o de desinforma\u00e7\u00e3o. A preocupa\u00e7\u00e3o foi formalizada no documento &#8220;Antica et nova&#8221; (Antiga e nova), elaborado por dois departamentos do Vaticano [&hellip;]<\/p>\n","protected":false},"author":4,"featured_media":196444,"comment_status":"open","ping_status":"closed","sticky":false,"template":"","format":"standard","meta":{"amp_status":"","footnotes":""},"categories":[28848],"tags":[270712,156833,25360,946,270710,270711,22968,270709],"class_list":["post-196443","post","type-post","status-publish","format-standard","has-post-thumbnail","hentry","category-mundo","tag-antica-et-nova","tag-ia","tag-inteligencia-artificial","tag-papa-francisco","tag-sombra-do-mal-na-inteligencia-artificial","tag-supervisao-rigorosa-na-ia","tag-vaticano","tag-vaticano-alerta-para-sombra-do-mal-na-inteligencia-artificial-e-defende-supervisao-rigorosa"],"yoast_head":"<!-- This site is optimized with the Yoast SEO plugin v28.3 - https:\/\/yoast.com\/product\/yoast-seo-wordpress\/ -->\n<title>Vaticano alerta para &quot;sombra do mal&quot; na Intelig\u00eancia Artificial e defende supervis\u00e3o rigorosa - Aconteceu no Vale<\/title>\n<meta name=\"robots\" content=\"index, follow, max-snippet:-1, max-image-preview:large, max-video-preview:-1\" \/>\n<link rel=\"canonical\" href=\"https:\/\/aconteceunovale.com.br\/portal\/?p=196443\" \/>\n<meta property=\"og:locale\" content=\"pt_BR\" \/>\n<meta property=\"og:type\" content=\"article\" \/>\n<meta property=\"og:title\" content=\"Vaticano alerta para &quot;sombra do mal&quot; na Intelig\u00eancia Artificial e defende supervis\u00e3o rigorosa - Aconteceu no Vale\" \/>\n<meta property=\"og:description\" content=\"O Vaticano emitiu nesta ter\u00e7a-feira (28\/1\/2025) um alerta sobre os riscos associados ao desenvolvimento da intelig\u00eancia artificial (IA), destacando a necessidade de uma supervis\u00e3o rigorosa para evitar o uso indevido da tecnologia e a dissemina\u00e7\u00e3o de desinforma\u00e7\u00e3o. A preocupa\u00e7\u00e3o foi formalizada no documento &#8220;Antica et nova&#8221; (Antiga e nova), elaborado por dois departamentos do Vaticano [&hellip;]\" \/>\n<meta property=\"og:url\" content=\"https:\/\/aconteceunovale.com.br\/portal\/?p=196443\" \/>\n<meta property=\"og:site_name\" content=\"Aconteceu no Vale\" \/>\n<meta property=\"article:publisher\" content=\"https:\/\/www.facebook.com\/aconteceunovale\/\" \/>\n<meta property=\"article:published_time\" content=\"2025-01-28T12:57:32+00:00\" \/>\n<meta property=\"article:modified_time\" content=\"2025-01-28T12:59:35+00:00\" \/>\n<meta property=\"og:image\" content=\"https:\/\/aconteceunovale.com.br\/portal\/wp-content\/uploads\/2025\/01\/inteligencia_artificial.jpg\" \/>\n\t<meta property=\"og:image:width\" content=\"678\" \/>\n\t<meta property=\"og:image:height\" content=\"380\" \/>\n\t<meta property=\"og:image:type\" content=\"image\/jpeg\" \/>\n<meta name=\"author\" content=\"Reda\u00e7\u00e3o Aconteceu no Vale\" \/>\n<meta name=\"twitter:card\" content=\"summary_large_image\" \/>\n<meta name=\"twitter:creator\" content=\"@noticiadosvales\" \/>\n<meta name=\"twitter:site\" content=\"@noticiadosvales\" \/>\n<meta name=\"twitter:label1\" content=\"Escrito por\" \/>\n\t<meta name=\"twitter:data1\" content=\"Reda\u00e7\u00e3o Aconteceu no Vale\" \/>\n\t<meta name=\"twitter:label2\" content=\"Est. tempo de leitura\" \/>\n\t<meta name=\"twitter:data2\" content=\"2 minutos\" \/>\n<script type=\"application\/ld+json\" class=\"yoast-schema-graph\">{\"@context\":\"https:\\\/\\\/schema.org\",\"@graph\":[{\"@type\":\"Article\",\"@id\":\"https:\\\/\\\/aconteceunovale.com.br\\\/portal\\\/?p=196443#article\",\"isPartOf\":{\"@id\":\"https:\\\/\\\/aconteceunovale.com.br\\\/portal\\\/?p=196443\"},\"author\":{\"name\":\"Reda\u00e7\u00e3o Aconteceu no Vale\",\"@id\":\"https:\\\/\\\/aconteceunovale.com.br\\\/portal\\\/#\\\/schema\\\/person\\\/7d2f26d1483f8a63de73da1ee0754d35\"},\"headline\":\"Vaticano alerta para &#8220;sombra do mal&#8221; na Intelig\u00eancia Artificial e defende supervis\u00e3o rigorosa\",\"datePublished\":\"2025-01-28T12:57:32+00:00\",\"dateModified\":\"2025-01-28T12:59:35+00:00\",\"mainEntityOfPage\":{\"@id\":\"https:\\\/\\\/aconteceunovale.com.br\\\/portal\\\/?p=196443\"},\"wordCount\":399,\"commentCount\":0,\"image\":{\"@id\":\"https:\\\/\\\/aconteceunovale.com.br\\\/portal\\\/?p=196443#primaryimage\"},\"thumbnailUrl\":\"https:\\\/\\\/aconteceunovale.com.br\\\/portal\\\/wp-content\\\/uploads\\\/2025\\\/01\\\/inteligencia_artificial.jpg\",\"keywords\":[\"Antica et Nova\",\"IA\",\"intelig\u00eancia artificial\",\"papa francisco\",\"Sombra do mal na Intelig\u00eancia Artificial\",\"Supervis\u00e3o rigorosa na IA\",\"Vaticano\",\"Vaticano alerta para sombra do mal na Intelig\u00eancia Artificial e defende supervis\u00e3o rigorosa\"],\"articleSection\":[\"Mundo\"],\"inLanguage\":\"pt-BR\",\"potentialAction\":[{\"@type\":\"CommentAction\",\"name\":\"Comment\",\"target\":[\"https:\\\/\\\/aconteceunovale.com.br\\\/portal\\\/?p=196443#respond\"]}]},{\"@type\":\"WebPage\",\"@id\":\"https:\\\/\\\/aconteceunovale.com.br\\\/portal\\\/?p=196443\",\"url\":\"https:\\\/\\\/aconteceunovale.com.br\\\/portal\\\/?p=196443\",\"name\":\"Vaticano alerta para \\\"sombra do mal\\\" na Intelig\u00eancia Artificial e defende supervis\u00e3o rigorosa - Aconteceu no Vale\",\"isPartOf\":{\"@id\":\"https:\\\/\\\/aconteceunovale.com.br\\\/portal\\\/#website\"},\"primaryImageOfPage\":{\"@id\":\"https:\\\/\\\/aconteceunovale.com.br\\\/portal\\\/?p=196443#primaryimage\"},\"image\":{\"@id\":\"https:\\\/\\\/aconteceunovale.com.br\\\/portal\\\/?p=196443#primaryimage\"},\"thumbnailUrl\":\"https:\\\/\\\/aconteceunovale.com.br\\\/portal\\\/wp-content\\\/uploads\\\/2025\\\/01\\\/inteligencia_artificial.jpg\",\"datePublished\":\"2025-01-28T12:57:32+00:00\",\"dateModified\":\"2025-01-28T12:59:35+00:00\",\"author\":{\"@id\":\"https:\\\/\\\/aconteceunovale.com.br\\\/portal\\\/#\\\/schema\\\/person\\\/7d2f26d1483f8a63de73da1ee0754d35\"},\"breadcrumb\":{\"@id\":\"https:\\\/\\\/aconteceunovale.com.br\\\/portal\\\/?p=196443#breadcrumb\"},\"inLanguage\":\"pt-BR\",\"potentialAction\":[{\"@type\":\"ReadAction\",\"target\":[\"https:\\\/\\\/aconteceunovale.com.br\\\/portal\\\/?p=196443\"]}]},{\"@type\":\"ImageObject\",\"inLanguage\":\"pt-BR\",\"@id\":\"https:\\\/\\\/aconteceunovale.com.br\\\/portal\\\/?p=196443#primaryimage\",\"url\":\"https:\\\/\\\/aconteceunovale.com.br\\\/portal\\\/wp-content\\\/uploads\\\/2025\\\/01\\\/inteligencia_artificial.jpg\",\"contentUrl\":\"https:\\\/\\\/aconteceunovale.com.br\\\/portal\\\/wp-content\\\/uploads\\\/2025\\\/01\\\/inteligencia_artificial.jpg\",\"width\":678,\"height\":380,\"caption\":\"Foto: Pixabay\"},{\"@type\":\"BreadcrumbList\",\"@id\":\"https:\\\/\\\/aconteceunovale.com.br\\\/portal\\\/?p=196443#breadcrumb\",\"itemListElement\":[{\"@type\":\"ListItem\",\"position\":1,\"name\":\"In\u00edcio\",\"item\":\"https:\\\/\\\/aconteceunovale.com.br\\\/portal\\\/\"},{\"@type\":\"ListItem\",\"position\":2,\"name\":\"Vaticano alerta para &#8220;sombra do mal&#8221; na Intelig\u00eancia Artificial e defende supervis\u00e3o rigorosa\"}]},{\"@type\":\"WebSite\",\"@id\":\"https:\\\/\\\/aconteceunovale.com.br\\\/portal\\\/#website\",\"url\":\"https:\\\/\\\/aconteceunovale.com.br\\\/portal\\\/\",\"name\":\"Aconteceu no Vale\",\"description\":\"Portal de Not\u00edcias\",\"potentialAction\":[{\"@type\":\"SearchAction\",\"target\":{\"@type\":\"EntryPoint\",\"urlTemplate\":\"https:\\\/\\\/aconteceunovale.com.br\\\/portal\\\/?s={search_term_string}\"},\"query-input\":{\"@type\":\"PropertyValueSpecification\",\"valueRequired\":true,\"valueName\":\"search_term_string\"}}],\"inLanguage\":\"pt-BR\"},{\"@type\":\"Person\",\"@id\":\"https:\\\/\\\/aconteceunovale.com.br\\\/portal\\\/#\\\/schema\\\/person\\\/7d2f26d1483f8a63de73da1ee0754d35\",\"name\":\"Reda\u00e7\u00e3o Aconteceu no Vale\",\"description\":\"Equipe de reportagem do Aconteceu no Vale, portal de not\u00edcias do Vale do Jequitinhonha, em Minas Gerais. Cobrimos as 51 cidades do Vale desde 2013. Sugest\u00f5es de pauta e pedidos de corre\u00e7\u00e3o: contato@aconteceunovale.com.br\",\"url\":\"https:\\\/\\\/aconteceunovale.com.br\\\/portal\\\/?author=4\"}]}<\/script>\n<!-- \/ Yoast SEO plugin. -->","yoast_head_json":{"title":"Vaticano alerta para \"sombra do mal\" na Intelig\u00eancia Artificial e defende supervis\u00e3o rigorosa - Aconteceu no Vale","robots":{"index":"index","follow":"follow","max-snippet":"max-snippet:-1","max-image-preview":"max-image-preview:large","max-video-preview":"max-video-preview:-1"},"canonical":"https:\/\/aconteceunovale.com.br\/portal\/?p=196443","og_locale":"pt_BR","og_type":"article","og_title":"Vaticano alerta para \"sombra do mal\" na Intelig\u00eancia Artificial e defende supervis\u00e3o rigorosa - Aconteceu no Vale","og_description":"O Vaticano emitiu nesta ter\u00e7a-feira (28\/1\/2025) um alerta sobre os riscos associados ao desenvolvimento da intelig\u00eancia artificial (IA), destacando a necessidade de uma supervis\u00e3o rigorosa para evitar o uso indevido da tecnologia e a dissemina\u00e7\u00e3o de desinforma\u00e7\u00e3o. A preocupa\u00e7\u00e3o foi formalizada no documento &#8220;Antica et nova&#8221; (Antiga e nova), elaborado por dois departamentos do Vaticano [&hellip;]","og_url":"https:\/\/aconteceunovale.com.br\/portal\/?p=196443","og_site_name":"Aconteceu no Vale","article_publisher":"https:\/\/www.facebook.com\/aconteceunovale\/","article_published_time":"2025-01-28T12:57:32+00:00","article_modified_time":"2025-01-28T12:59:35+00:00","og_image":[{"width":678,"height":380,"url":"https:\/\/aconteceunovale.com.br\/portal\/wp-content\/uploads\/2025\/01\/inteligencia_artificial.jpg","type":"image\/jpeg"}],"author":"Reda\u00e7\u00e3o Aconteceu no Vale","twitter_card":"summary_large_image","twitter_creator":"@noticiadosvales","twitter_site":"@noticiadosvales","twitter_misc":{"Escrito por":"Reda\u00e7\u00e3o Aconteceu no Vale","Est. tempo de leitura":"2 minutos"},"schema":{"@context":"https:\/\/schema.org","@graph":[{"@type":"Article","@id":"https:\/\/aconteceunovale.com.br\/portal\/?p=196443#article","isPartOf":{"@id":"https:\/\/aconteceunovale.com.br\/portal\/?p=196443"},"author":{"name":"Reda\u00e7\u00e3o Aconteceu no Vale","@id":"https:\/\/aconteceunovale.com.br\/portal\/#\/schema\/person\/7d2f26d1483f8a63de73da1ee0754d35"},"headline":"Vaticano alerta para &#8220;sombra do mal&#8221; na Intelig\u00eancia Artificial e defende supervis\u00e3o rigorosa","datePublished":"2025-01-28T12:57:32+00:00","dateModified":"2025-01-28T12:59:35+00:00","mainEntityOfPage":{"@id":"https:\/\/aconteceunovale.com.br\/portal\/?p=196443"},"wordCount":399,"commentCount":0,"image":{"@id":"https:\/\/aconteceunovale.com.br\/portal\/?p=196443#primaryimage"},"thumbnailUrl":"https:\/\/aconteceunovale.com.br\/portal\/wp-content\/uploads\/2025\/01\/inteligencia_artificial.jpg","keywords":["Antica et Nova","IA","intelig\u00eancia artificial","papa francisco","Sombra do mal na Intelig\u00eancia Artificial","Supervis\u00e3o rigorosa na IA","Vaticano","Vaticano alerta para sombra do mal na Intelig\u00eancia Artificial e defende supervis\u00e3o rigorosa"],"articleSection":["Mundo"],"inLanguage":"pt-BR","potentialAction":[{"@type":"CommentAction","name":"Comment","target":["https:\/\/aconteceunovale.com.br\/portal\/?p=196443#respond"]}]},{"@type":"WebPage","@id":"https:\/\/aconteceunovale.com.br\/portal\/?p=196443","url":"https:\/\/aconteceunovale.com.br\/portal\/?p=196443","name":"Vaticano alerta para \"sombra do mal\" na Intelig\u00eancia Artificial e defende supervis\u00e3o rigorosa - Aconteceu no Vale","isPartOf":{"@id":"https:\/\/aconteceunovale.com.br\/portal\/#website"},"primaryImageOfPage":{"@id":"https:\/\/aconteceunovale.com.br\/portal\/?p=196443#primaryimage"},"image":{"@id":"https:\/\/aconteceunovale.com.br\/portal\/?p=196443#primaryimage"},"thumbnailUrl":"https:\/\/aconteceunovale.com.br\/portal\/wp-content\/uploads\/2025\/01\/inteligencia_artificial.jpg","datePublished":"2025-01-28T12:57:32+00:00","dateModified":"2025-01-28T12:59:35+00:00","author":{"@id":"https:\/\/aconteceunovale.com.br\/portal\/#\/schema\/person\/7d2f26d1483f8a63de73da1ee0754d35"},"breadcrumb":{"@id":"https:\/\/aconteceunovale.com.br\/portal\/?p=196443#breadcrumb"},"inLanguage":"pt-BR","potentialAction":[{"@type":"ReadAction","target":["https:\/\/aconteceunovale.com.br\/portal\/?p=196443"]}]},{"@type":"ImageObject","inLanguage":"pt-BR","@id":"https:\/\/aconteceunovale.com.br\/portal\/?p=196443#primaryimage","url":"https:\/\/aconteceunovale.com.br\/portal\/wp-content\/uploads\/2025\/01\/inteligencia_artificial.jpg","contentUrl":"https:\/\/aconteceunovale.com.br\/portal\/wp-content\/uploads\/2025\/01\/inteligencia_artificial.jpg","width":678,"height":380,"caption":"Foto: Pixabay"},{"@type":"BreadcrumbList","@id":"https:\/\/aconteceunovale.com.br\/portal\/?p=196443#breadcrumb","itemListElement":[{"@type":"ListItem","position":1,"name":"In\u00edcio","item":"https:\/\/aconteceunovale.com.br\/portal\/"},{"@type":"ListItem","position":2,"name":"Vaticano alerta para &#8220;sombra do mal&#8221; na Intelig\u00eancia Artificial e defende supervis\u00e3o rigorosa"}]},{"@type":"WebSite","@id":"https:\/\/aconteceunovale.com.br\/portal\/#website","url":"https:\/\/aconteceunovale.com.br\/portal\/","name":"Aconteceu no Vale","description":"Portal de Not\u00edcias","potentialAction":[{"@type":"SearchAction","target":{"@type":"EntryPoint","urlTemplate":"https:\/\/aconteceunovale.com.br\/portal\/?s={search_term_string}"},"query-input":{"@type":"PropertyValueSpecification","valueRequired":true,"valueName":"search_term_string"}}],"inLanguage":"pt-BR"},{"@type":"Person","@id":"https:\/\/aconteceunovale.com.br\/portal\/#\/schema\/person\/7d2f26d1483f8a63de73da1ee0754d35","name":"Reda\u00e7\u00e3o Aconteceu no Vale","description":"Equipe de reportagem do Aconteceu no Vale, portal de not\u00edcias do Vale do Jequitinhonha, em Minas Gerais. Cobrimos as 51 cidades do Vale desde 2013. Sugest\u00f5es de pauta e pedidos de corre\u00e7\u00e3o: contato@aconteceunovale.com.br","url":"https:\/\/aconteceunovale.com.br\/portal\/?author=4"}]}},"_links":{"self":[{"href":"https:\/\/aconteceunovale.com.br\/portal\/index.php?rest_route=\/wp\/v2\/posts\/196443","targetHints":{"allow":["GET"]}}],"collection":[{"href":"https:\/\/aconteceunovale.com.br\/portal\/index.php?rest_route=\/wp\/v2\/posts"}],"about":[{"href":"https:\/\/aconteceunovale.com.br\/portal\/index.php?rest_route=\/wp\/v2\/types\/post"}],"author":[{"embeddable":true,"href":"https:\/\/aconteceunovale.com.br\/portal\/index.php?rest_route=\/wp\/v2\/users\/4"}],"replies":[{"embeddable":true,"href":"https:\/\/aconteceunovale.com.br\/portal\/index.php?rest_route=%2Fwp%2Fv2%2Fcomments&post=196443"}],"version-history":[{"count":1,"href":"https:\/\/aconteceunovale.com.br\/portal\/index.php?rest_route=\/wp\/v2\/posts\/196443\/revisions"}],"predecessor-version":[{"id":196445,"href":"https:\/\/aconteceunovale.com.br\/portal\/index.php?rest_route=\/wp\/v2\/posts\/196443\/revisions\/196445"}],"wp:featuredmedia":[{"embeddable":true,"href":"https:\/\/aconteceunovale.com.br\/portal\/index.php?rest_route=\/wp\/v2\/media\/196444"}],"wp:attachment":[{"href":"https:\/\/aconteceunovale.com.br\/portal\/index.php?rest_route=%2Fwp%2Fv2%2Fmedia&parent=196443"}],"wp:term":[{"taxonomy":"category","embeddable":true,"href":"https:\/\/aconteceunovale.com.br\/portal\/index.php?rest_route=%2Fwp%2Fv2%2Fcategories&post=196443"},{"taxonomy":"post_tag","embeddable":true,"href":"https:\/\/aconteceunovale.com.br\/portal\/index.php?rest_route=%2Fwp%2Fv2%2Ftags&post=196443"}],"curies":[{"name":"wp","href":"https:\/\/api.w.org\/{rel}","templated":true}]}}