{"id":196440,"date":"2025-01-28T00:46:55","date_gmt":"2025-01-28T03:46:55","guid":{"rendered":"https:\/\/aconteceunovale.com.br\/portal\/?p=196440"},"modified":"2025-01-28T00:47:32","modified_gmt":"2025-01-28T03:47:32","slug":"inseguranca-alimentar-diminui-na-america-latina-aponta-fao","status":"publish","type":"post","link":"https:\/\/aconteceunovale.com.br\/portal\/?p=196440","title":{"rendered":"Inseguran\u00e7a alimentar diminui na Am\u00e9rica Latina, aponta FAO"},"content":{"rendered":"\n<p class=\"wp-block-paragraph\">Ao menos 20 pa\u00edses da Am\u00e9rica Latina e Caribe, ou seja, 73% dos que comp\u00f5em a regi\u00e3o, est\u00e3o \u201caltamente expostos\u201d a eventos clim\u00e1ticos extremos\u00a0e mais da metade (52%) t\u00eam alta probabilidade de conviver com a subalimenta\u00e7\u00e3o provocada por esses eventos. Lan\u00e7ado nesta segunda-feira (27), o Panorama Regional de Seguran\u00e7a Alimentar e Nutri\u00e7\u00e3o 2024 destaca tamb\u00e9m que, em rela\u00e7\u00e3o ao acesso \u00e0 alimenta\u00e7\u00e3o ideal, h\u00e1 diferen\u00e7as entre os pa\u00edses, que se d\u00e3o por fatores como as pol\u00edticas p\u00fablicas.<\/p>\n\n\n\n<figure class=\"wp-block-gallery has-nested-images columns-default is-cropped wp-block-gallery-1 is-layout-flex wp-block-gallery-is-layout-flex\">\n<figure class=\"wp-block-image size-large\"><img loading=\"lazy\" decoding=\"async\" width=\"678\" height=\"406\" data-id=\"196441\" src=\"https:\/\/aconteceunovale.com.br\/portal\/wp-content\/uploads\/2025\/01\/alimentos-1.png\" alt=\"\" class=\"wp-image-196441\" srcset=\"https:\/\/aconteceunovale.com.br\/portal\/wp-content\/uploads\/2025\/01\/alimentos-1.png 678w, https:\/\/aconteceunovale.com.br\/portal\/wp-content\/uploads\/2025\/01\/alimentos-1-300x180.png 300w\" sizes=\"auto, (max-width: 678px) 100vw, 678px\" \/><figcaption class=\"wp-element-caption\"><em>Foto: William Werneck\/Divulga\u00e7\u00e3o<\/em><\/figcaption><\/figure>\n<\/figure>\n\n\n\n<p class=\"wp-block-paragraph\">Segundo o relat\u00f3rio da Organiza\u00e7\u00e3o das Na\u00e7\u00f5es Unidas para a Alimenta\u00e7\u00e3o e a Agricultura (FAO) e outras ag\u00eancias da ONU, no Caribe, o \u00edndice de popula\u00e7\u00e3o que passa fome chegou a 17,2%. J\u00e1 entre pa\u00edses da Am\u00e9rica Central, manteve-se est\u00e1vel, em 5,8%.<\/p>\n\n\n\n<p class=\"wp-block-paragraph\">Os especialistas da ONU salientaram, no entanto, que a quantidade de pessoas com inseguran\u00e7a alimentar na regi\u00e3o diminuiu significativamente em 2023, na compara\u00e7\u00e3o com 2022, passando de 207,3 milh\u00f5es para 187,6 milh\u00f5es, uma diferen\u00e7a de 19,7 milh\u00f5es. Em rela\u00e7\u00e3o a 2021, a diminui\u00e7\u00e3o foi de 37,3 milh\u00f5es.&nbsp;<\/p>\n\n\n\n<p class=\"wp-block-paragraph\">Como fatores que explicam essa evolu\u00e7\u00e3o, figuram melhores indicadores na economia de diversos pa\u00edses da Am\u00e9rica do Sul e a implementa\u00e7\u00e3o de pol\u00edticas que t\u00eam por objetivo ampliar o acesso da popula\u00e7\u00e3o a alimentos de qualidade. Os dados de 2023 tamb\u00e9m mostram queda nos n\u00edveis de pobreza, pobreza extrema, desigualdade (mensurada pelo \u00cdndice de Gini) e, ao mesmo tempo, aumento nos de emprego e sal\u00e1rio m\u00ednimo.<\/p>\n\n\n\n<p class=\"wp-block-paragraph\">Durante a apresenta\u00e7\u00e3o dos dados a jornalistas, Mario Lubetkin, subdiretor-geral e representante regional da FAO para a Am\u00e9rica Latina e o Caribe, argumentou ser imposs\u00edvel dissociar a luta de combate \u00e0 fome e a defesa de sistemas agroalimentares de maior resili\u00eancia. Ele disse que, embora se possa comemorar alguns progressos no ano de 2023, h\u00e1 grupos minorizados, como o de mulheres e moradores da zona rural, que sentem mais fortemente os baques ocasionados pelos eventos clim\u00e1ticos extremos.<\/p>\n\n\n\n<p class=\"wp-block-paragraph\">&#8220;O acesso aos alimentos aumentou, mas o custo ainda \u00e9 um obst\u00e1culo&#8221;, afirmou, se referindo a alimentos saud\u00e1veis, que tamb\u00e9m t\u00eam ocupado mais centralidade nas discuss\u00f5es, em oposi\u00e7\u00e3o aos ultraprocessados que, al\u00e9m de n\u00e3o serem nutritivos s\u00e3o, em geral, mais baratos e, portanto, mais acess\u00edveis a fam\u00edlias de baixa renda.&nbsp;<\/p>\n\n\n\n<p class=\"wp-block-paragraph\">&#8220;E isso j\u00e1 que estamos falando da regi\u00e3o mais poderosa em produ\u00e7\u00e3o de alimentos&#8221;, disse, acrescentando que h\u00e1, ainda, at\u00e9 hoje, duas situa\u00e7\u00f5es que desafiam, simultaneamente, as autoridades locais, que s\u00e3o a obesidade entre crian\u00e7as e crian\u00e7as com peso abaixo do ideal.<\/p>\n\n\n\n<p class=\"wp-block-paragraph\">Os\u00a0<a href=\"https:\/\/www.gov.br\/saude\/pt-br\/assuntos\/saude-brasil\/eu-quero-me-alimentar-melhor\/noticias\/2022\/por-que-limitar-o-consumo-de-alimentos-processados-e-evitar-alimentos-ultraprocessados\" target=\"_blank\" rel=\"noreferrer noopener\">ultraprocessados s\u00e3o motivo de preocupa\u00e7\u00e3o<\/a>\u00a0por estarem relacionados ao desenvolvimento de doen\u00e7as. Uma das medidas propostas para controlar o consumo desse tipo de alimento\u00a0\u00e9 elevar a taxa\u00e7\u00e3o.<\/p>\n","protected":false},"excerpt":{"rendered":"<p>Ao menos 20 pa\u00edses da Am\u00e9rica Latina e Caribe, ou seja, 73% dos que comp\u00f5em a regi\u00e3o, est\u00e3o \u201caltamente expostos\u201d a eventos clim\u00e1ticos extremos\u00a0e mais da metade (52%) t\u00eam alta probabilidade de conviver com a subalimenta\u00e7\u00e3o provocada por esses eventos. Lan\u00e7ado nesta segunda-feira (27), o Panorama Regional de Seguran\u00e7a Alimentar e Nutri\u00e7\u00e3o 2024 destaca tamb\u00e9m [&hellip;]<\/p>\n","protected":false},"author":4,"featured_media":196441,"comment_status":"open","ping_status":"closed","sticky":false,"template":"","format":"standard","meta":{"amp_status":"","footnotes":""},"categories":[6,28848],"tags":[1018,270708,19661,270706,270705,270707,24300],"class_list":["post-196440","post","type-post","status-publish","format-standard","has-post-thumbnail","hentry","category-br","category-mundo","tag-destaque","tag-falta-de-alimentos-na-america-latina","tag-fao","tag-fome-na-america-latina","tag-inseguranca-alimentar-diminui-na-america-latina","tag-inseguranca-alimentar-na-america-latina","tag-onu"],"yoast_head":"<!-- This site is optimized with the Yoast SEO plugin v28.3 - https:\/\/yoast.com\/product\/yoast-seo-wordpress\/ -->\n<title>Inseguran\u00e7a alimentar diminui na Am\u00e9rica Latina, aponta FAO - Aconteceu no Vale<\/title>\n<meta name=\"robots\" content=\"index, follow, max-snippet:-1, max-image-preview:large, max-video-preview:-1\" \/>\n<link rel=\"canonical\" href=\"https:\/\/aconteceunovale.com.br\/portal\/?p=196440\" \/>\n<meta property=\"og:locale\" content=\"pt_BR\" \/>\n<meta property=\"og:type\" content=\"article\" \/>\n<meta property=\"og:title\" content=\"Inseguran\u00e7a alimentar diminui na Am\u00e9rica Latina, aponta FAO - Aconteceu no Vale\" \/>\n<meta property=\"og:description\" content=\"Ao menos 20 pa\u00edses da Am\u00e9rica Latina e Caribe, ou seja, 73% dos que comp\u00f5em a regi\u00e3o, est\u00e3o \u201caltamente expostos\u201d a eventos clim\u00e1ticos extremos\u00a0e mais da metade (52%) t\u00eam alta probabilidade de conviver com a subalimenta\u00e7\u00e3o provocada por esses eventos. Lan\u00e7ado nesta segunda-feira (27), o Panorama Regional de Seguran\u00e7a Alimentar e Nutri\u00e7\u00e3o 2024 destaca tamb\u00e9m [&hellip;]\" \/>\n<meta property=\"og:url\" content=\"https:\/\/aconteceunovale.com.br\/portal\/?p=196440\" \/>\n<meta property=\"og:site_name\" content=\"Aconteceu no Vale\" \/>\n<meta property=\"article:publisher\" content=\"https:\/\/www.facebook.com\/aconteceunovale\/\" \/>\n<meta property=\"article:published_time\" content=\"2025-01-28T03:46:55+00:00\" \/>\n<meta property=\"article:modified_time\" content=\"2025-01-28T03:47:32+00:00\" \/>\n<meta property=\"og:image\" content=\"https:\/\/aconteceunovale.com.br\/portal\/wp-content\/uploads\/2025\/01\/alimentos-1.png\" \/>\n\t<meta property=\"og:image:width\" content=\"678\" \/>\n\t<meta property=\"og:image:height\" content=\"406\" \/>\n\t<meta property=\"og:image:type\" content=\"image\/png\" \/>\n<meta name=\"author\" content=\"Reda\u00e7\u00e3o Aconteceu no Vale\" \/>\n<meta name=\"twitter:card\" content=\"summary_large_image\" \/>\n<meta name=\"twitter:creator\" content=\"@noticiadosvales\" \/>\n<meta name=\"twitter:site\" content=\"@noticiadosvales\" \/>\n<meta name=\"twitter:label1\" content=\"Escrito por\" \/>\n\t<meta name=\"twitter:data1\" content=\"Reda\u00e7\u00e3o Aconteceu no Vale\" \/>\n\t<meta name=\"twitter:label2\" content=\"Est. tempo de leitura\" \/>\n\t<meta name=\"twitter:data2\" content=\"2 minutos\" \/>\n<script type=\"application\/ld+json\" class=\"yoast-schema-graph\">{\"@context\":\"https:\\\/\\\/schema.org\",\"@graph\":[{\"@type\":\"Article\",\"@id\":\"https:\\\/\\\/aconteceunovale.com.br\\\/portal\\\/?p=196440#article\",\"isPartOf\":{\"@id\":\"https:\\\/\\\/aconteceunovale.com.br\\\/portal\\\/?p=196440\"},\"author\":{\"name\":\"Reda\u00e7\u00e3o Aconteceu no Vale\",\"@id\":\"https:\\\/\\\/aconteceunovale.com.br\\\/portal\\\/#\\\/schema\\\/person\\\/7d2f26d1483f8a63de73da1ee0754d35\"},\"headline\":\"Inseguran\u00e7a alimentar diminui na Am\u00e9rica Latina, aponta FAO\",\"datePublished\":\"2025-01-28T03:46:55+00:00\",\"dateModified\":\"2025-01-28T03:47:32+00:00\",\"mainEntityOfPage\":{\"@id\":\"https:\\\/\\\/aconteceunovale.com.br\\\/portal\\\/?p=196440\"},\"wordCount\":503,\"commentCount\":0,\"image\":{\"@id\":\"https:\\\/\\\/aconteceunovale.com.br\\\/portal\\\/?p=196440#primaryimage\"},\"thumbnailUrl\":\"https:\\\/\\\/aconteceunovale.com.br\\\/portal\\\/wp-content\\\/uploads\\\/2025\\\/01\\\/alimentos-1.png\",\"keywords\":[\"destaque\",\"Falta de alimentos na Am\u00e9rica Latina\",\"FAO\",\"Fome na Am\u00e9rica Latina\",\"Inseguran\u00e7a alimentar diminui na Am\u00e9rica Latina\",\"Inseguran\u00e7a alimentar na Am\u00e9rica Latina\",\"ONU\"],\"articleSection\":[\"Brasil\",\"Mundo\"],\"inLanguage\":\"pt-BR\",\"potentialAction\":[{\"@type\":\"CommentAction\",\"name\":\"Comment\",\"target\":[\"https:\\\/\\\/aconteceunovale.com.br\\\/portal\\\/?p=196440#respond\"]}]},{\"@type\":\"WebPage\",\"@id\":\"https:\\\/\\\/aconteceunovale.com.br\\\/portal\\\/?p=196440\",\"url\":\"https:\\\/\\\/aconteceunovale.com.br\\\/portal\\\/?p=196440\",\"name\":\"Inseguran\u00e7a alimentar diminui na Am\u00e9rica Latina, aponta FAO - Aconteceu no Vale\",\"isPartOf\":{\"@id\":\"https:\\\/\\\/aconteceunovale.com.br\\\/portal\\\/#website\"},\"primaryImageOfPage\":{\"@id\":\"https:\\\/\\\/aconteceunovale.com.br\\\/portal\\\/?p=196440#primaryimage\"},\"image\":{\"@id\":\"https:\\\/\\\/aconteceunovale.com.br\\\/portal\\\/?p=196440#primaryimage\"},\"thumbnailUrl\":\"https:\\\/\\\/aconteceunovale.com.br\\\/portal\\\/wp-content\\\/uploads\\\/2025\\\/01\\\/alimentos-1.png\",\"datePublished\":\"2025-01-28T03:46:55+00:00\",\"dateModified\":\"2025-01-28T03:47:32+00:00\",\"author\":{\"@id\":\"https:\\\/\\\/aconteceunovale.com.br\\\/portal\\\/#\\\/schema\\\/person\\\/7d2f26d1483f8a63de73da1ee0754d35\"},\"breadcrumb\":{\"@id\":\"https:\\\/\\\/aconteceunovale.com.br\\\/portal\\\/?p=196440#breadcrumb\"},\"inLanguage\":\"pt-BR\",\"potentialAction\":[{\"@type\":\"ReadAction\",\"target\":[\"https:\\\/\\\/aconteceunovale.com.br\\\/portal\\\/?p=196440\"]}]},{\"@type\":\"ImageObject\",\"inLanguage\":\"pt-BR\",\"@id\":\"https:\\\/\\\/aconteceunovale.com.br\\\/portal\\\/?p=196440#primaryimage\",\"url\":\"https:\\\/\\\/aconteceunovale.com.br\\\/portal\\\/wp-content\\\/uploads\\\/2025\\\/01\\\/alimentos-1.png\",\"contentUrl\":\"https:\\\/\\\/aconteceunovale.com.br\\\/portal\\\/wp-content\\\/uploads\\\/2025\\\/01\\\/alimentos-1.png\",\"width\":678,\"height\":406,\"caption\":\"Foto: William Werneck\\\/Divulga\u00e7\u00e3o\"},{\"@type\":\"BreadcrumbList\",\"@id\":\"https:\\\/\\\/aconteceunovale.com.br\\\/portal\\\/?p=196440#breadcrumb\",\"itemListElement\":[{\"@type\":\"ListItem\",\"position\":1,\"name\":\"In\u00edcio\",\"item\":\"https:\\\/\\\/aconteceunovale.com.br\\\/portal\\\/\"},{\"@type\":\"ListItem\",\"position\":2,\"name\":\"Inseguran\u00e7a alimentar diminui na Am\u00e9rica Latina, aponta FAO\"}]},{\"@type\":\"WebSite\",\"@id\":\"https:\\\/\\\/aconteceunovale.com.br\\\/portal\\\/#website\",\"url\":\"https:\\\/\\\/aconteceunovale.com.br\\\/portal\\\/\",\"name\":\"Aconteceu no Vale\",\"description\":\"Portal de Not\u00edcias\",\"potentialAction\":[{\"@type\":\"SearchAction\",\"target\":{\"@type\":\"EntryPoint\",\"urlTemplate\":\"https:\\\/\\\/aconteceunovale.com.br\\\/portal\\\/?s={search_term_string}\"},\"query-input\":{\"@type\":\"PropertyValueSpecification\",\"valueRequired\":true,\"valueName\":\"search_term_string\"}}],\"inLanguage\":\"pt-BR\"},{\"@type\":\"Person\",\"@id\":\"https:\\\/\\\/aconteceunovale.com.br\\\/portal\\\/#\\\/schema\\\/person\\\/7d2f26d1483f8a63de73da1ee0754d35\",\"name\":\"Reda\u00e7\u00e3o Aconteceu no Vale\",\"description\":\"Equipe de reportagem do Aconteceu no Vale, portal de not\u00edcias do Vale do Jequitinhonha, em Minas Gerais. Cobrimos as 51 cidades do Vale desde 2013. Sugest\u00f5es de pauta e pedidos de corre\u00e7\u00e3o: contato@aconteceunovale.com.br\",\"url\":\"https:\\\/\\\/aconteceunovale.com.br\\\/portal\\\/?author=4\"}]}<\/script>\n<!-- \/ Yoast SEO plugin. -->","yoast_head_json":{"title":"Inseguran\u00e7a alimentar diminui na Am\u00e9rica Latina, aponta FAO - Aconteceu no Vale","robots":{"index":"index","follow":"follow","max-snippet":"max-snippet:-1","max-image-preview":"max-image-preview:large","max-video-preview":"max-video-preview:-1"},"canonical":"https:\/\/aconteceunovale.com.br\/portal\/?p=196440","og_locale":"pt_BR","og_type":"article","og_title":"Inseguran\u00e7a alimentar diminui na Am\u00e9rica Latina, aponta FAO - Aconteceu no Vale","og_description":"Ao menos 20 pa\u00edses da Am\u00e9rica Latina e Caribe, ou seja, 73% dos que comp\u00f5em a regi\u00e3o, est\u00e3o \u201caltamente expostos\u201d a eventos clim\u00e1ticos extremos\u00a0e mais da metade (52%) t\u00eam alta probabilidade de conviver com a subalimenta\u00e7\u00e3o provocada por esses eventos. Lan\u00e7ado nesta segunda-feira (27), o Panorama Regional de Seguran\u00e7a Alimentar e Nutri\u00e7\u00e3o 2024 destaca tamb\u00e9m [&hellip;]","og_url":"https:\/\/aconteceunovale.com.br\/portal\/?p=196440","og_site_name":"Aconteceu no Vale","article_publisher":"https:\/\/www.facebook.com\/aconteceunovale\/","article_published_time":"2025-01-28T03:46:55+00:00","article_modified_time":"2025-01-28T03:47:32+00:00","og_image":[{"width":678,"height":406,"url":"https:\/\/aconteceunovale.com.br\/portal\/wp-content\/uploads\/2025\/01\/alimentos-1.png","type":"image\/png"}],"author":"Reda\u00e7\u00e3o Aconteceu no Vale","twitter_card":"summary_large_image","twitter_creator":"@noticiadosvales","twitter_site":"@noticiadosvales","twitter_misc":{"Escrito por":"Reda\u00e7\u00e3o Aconteceu no Vale","Est. tempo de leitura":"2 minutos"},"schema":{"@context":"https:\/\/schema.org","@graph":[{"@type":"Article","@id":"https:\/\/aconteceunovale.com.br\/portal\/?p=196440#article","isPartOf":{"@id":"https:\/\/aconteceunovale.com.br\/portal\/?p=196440"},"author":{"name":"Reda\u00e7\u00e3o Aconteceu no Vale","@id":"https:\/\/aconteceunovale.com.br\/portal\/#\/schema\/person\/7d2f26d1483f8a63de73da1ee0754d35"},"headline":"Inseguran\u00e7a alimentar diminui na Am\u00e9rica Latina, aponta FAO","datePublished":"2025-01-28T03:46:55+00:00","dateModified":"2025-01-28T03:47:32+00:00","mainEntityOfPage":{"@id":"https:\/\/aconteceunovale.com.br\/portal\/?p=196440"},"wordCount":503,"commentCount":0,"image":{"@id":"https:\/\/aconteceunovale.com.br\/portal\/?p=196440#primaryimage"},"thumbnailUrl":"https:\/\/aconteceunovale.com.br\/portal\/wp-content\/uploads\/2025\/01\/alimentos-1.png","keywords":["destaque","Falta de alimentos na Am\u00e9rica Latina","FAO","Fome na Am\u00e9rica Latina","Inseguran\u00e7a alimentar diminui na Am\u00e9rica Latina","Inseguran\u00e7a alimentar na Am\u00e9rica Latina","ONU"],"articleSection":["Brasil","Mundo"],"inLanguage":"pt-BR","potentialAction":[{"@type":"CommentAction","name":"Comment","target":["https:\/\/aconteceunovale.com.br\/portal\/?p=196440#respond"]}]},{"@type":"WebPage","@id":"https:\/\/aconteceunovale.com.br\/portal\/?p=196440","url":"https:\/\/aconteceunovale.com.br\/portal\/?p=196440","name":"Inseguran\u00e7a alimentar diminui na Am\u00e9rica Latina, aponta FAO - Aconteceu no Vale","isPartOf":{"@id":"https:\/\/aconteceunovale.com.br\/portal\/#website"},"primaryImageOfPage":{"@id":"https:\/\/aconteceunovale.com.br\/portal\/?p=196440#primaryimage"},"image":{"@id":"https:\/\/aconteceunovale.com.br\/portal\/?p=196440#primaryimage"},"thumbnailUrl":"https:\/\/aconteceunovale.com.br\/portal\/wp-content\/uploads\/2025\/01\/alimentos-1.png","datePublished":"2025-01-28T03:46:55+00:00","dateModified":"2025-01-28T03:47:32+00:00","author":{"@id":"https:\/\/aconteceunovale.com.br\/portal\/#\/schema\/person\/7d2f26d1483f8a63de73da1ee0754d35"},"breadcrumb":{"@id":"https:\/\/aconteceunovale.com.br\/portal\/?p=196440#breadcrumb"},"inLanguage":"pt-BR","potentialAction":[{"@type":"ReadAction","target":["https:\/\/aconteceunovale.com.br\/portal\/?p=196440"]}]},{"@type":"ImageObject","inLanguage":"pt-BR","@id":"https:\/\/aconteceunovale.com.br\/portal\/?p=196440#primaryimage","url":"https:\/\/aconteceunovale.com.br\/portal\/wp-content\/uploads\/2025\/01\/alimentos-1.png","contentUrl":"https:\/\/aconteceunovale.com.br\/portal\/wp-content\/uploads\/2025\/01\/alimentos-1.png","width":678,"height":406,"caption":"Foto: William Werneck\/Divulga\u00e7\u00e3o"},{"@type":"BreadcrumbList","@id":"https:\/\/aconteceunovale.com.br\/portal\/?p=196440#breadcrumb","itemListElement":[{"@type":"ListItem","position":1,"name":"In\u00edcio","item":"https:\/\/aconteceunovale.com.br\/portal\/"},{"@type":"ListItem","position":2,"name":"Inseguran\u00e7a alimentar diminui na Am\u00e9rica Latina, aponta FAO"}]},{"@type":"WebSite","@id":"https:\/\/aconteceunovale.com.br\/portal\/#website","url":"https:\/\/aconteceunovale.com.br\/portal\/","name":"Aconteceu no Vale","description":"Portal de Not\u00edcias","potentialAction":[{"@type":"SearchAction","target":{"@type":"EntryPoint","urlTemplate":"https:\/\/aconteceunovale.com.br\/portal\/?s={search_term_string}"},"query-input":{"@type":"PropertyValueSpecification","valueRequired":true,"valueName":"search_term_string"}}],"inLanguage":"pt-BR"},{"@type":"Person","@id":"https:\/\/aconteceunovale.com.br\/portal\/#\/schema\/person\/7d2f26d1483f8a63de73da1ee0754d35","name":"Reda\u00e7\u00e3o Aconteceu no Vale","description":"Equipe de reportagem do Aconteceu no Vale, portal de not\u00edcias do Vale do Jequitinhonha, em Minas Gerais. Cobrimos as 51 cidades do Vale desde 2013. Sugest\u00f5es de pauta e pedidos de corre\u00e7\u00e3o: contato@aconteceunovale.com.br","url":"https:\/\/aconteceunovale.com.br\/portal\/?author=4"}]}},"_links":{"self":[{"href":"https:\/\/aconteceunovale.com.br\/portal\/index.php?rest_route=\/wp\/v2\/posts\/196440","targetHints":{"allow":["GET"]}}],"collection":[{"href":"https:\/\/aconteceunovale.com.br\/portal\/index.php?rest_route=\/wp\/v2\/posts"}],"about":[{"href":"https:\/\/aconteceunovale.com.br\/portal\/index.php?rest_route=\/wp\/v2\/types\/post"}],"author":[{"embeddable":true,"href":"https:\/\/aconteceunovale.com.br\/portal\/index.php?rest_route=\/wp\/v2\/users\/4"}],"replies":[{"embeddable":true,"href":"https:\/\/aconteceunovale.com.br\/portal\/index.php?rest_route=%2Fwp%2Fv2%2Fcomments&post=196440"}],"version-history":[{"count":1,"href":"https:\/\/aconteceunovale.com.br\/portal\/index.php?rest_route=\/wp\/v2\/posts\/196440\/revisions"}],"predecessor-version":[{"id":196442,"href":"https:\/\/aconteceunovale.com.br\/portal\/index.php?rest_route=\/wp\/v2\/posts\/196440\/revisions\/196442"}],"wp:featuredmedia":[{"embeddable":true,"href":"https:\/\/aconteceunovale.com.br\/portal\/index.php?rest_route=\/wp\/v2\/media\/196441"}],"wp:attachment":[{"href":"https:\/\/aconteceunovale.com.br\/portal\/index.php?rest_route=%2Fwp%2Fv2%2Fmedia&parent=196440"}],"wp:term":[{"taxonomy":"category","embeddable":true,"href":"https:\/\/aconteceunovale.com.br\/portal\/index.php?rest_route=%2Fwp%2Fv2%2Fcategories&post=196440"},{"taxonomy":"post_tag","embeddable":true,"href":"https:\/\/aconteceunovale.com.br\/portal\/index.php?rest_route=%2Fwp%2Fv2%2Ftags&post=196440"}],"curies":[{"name":"wp","href":"https:\/\/api.w.org\/{rel}","templated":true}]}}