{"id":19637,"date":"2014-01-27T18:43:32","date_gmt":"2014-01-27T20:43:32","guid":{"rendered":"http:\/\/aconteceunovale.com.br\/portal\/?p=19637"},"modified":"2014-01-27T18:43:32","modified_gmt":"2014-01-27T20:43:32","slug":"montes-claros-carreta-cai-em-ribanceira-e-mata-motorista-na-br-365","status":"publish","type":"post","link":"https:\/\/aconteceunovale.com.br\/portal\/?p=19637","title":{"rendered":"MONTES CLAROS: Carreta cai em ribanceira e mata motorista na BR-365"},"content":{"rendered":"<p>Uma carreta carregada com iogurte caiu em uma ribanceira e matou uma pessoa na BR-365, pr\u00f3ximo a Montes Claros, no Norte de Minas. De acordo com o Corpo de Bombeiros, o acidente aconteceu nesse domingo (26\/01), pr\u00f3ximo ao KM 18.<\/p>\n<p><img decoding=\"async\" src=\"http:\/\/aconteceunovale.com.br\/portal\/wp-content\/uploads\/2014\/01\/acidente_carreta_araras_em_moc.jpg\" alt=\"\" \/><br \/>\n<em><strong>Carreta despencou de uma altura de 10 m<\/strong><\/em><\/p>\n<p>Segundo a corpora\u00e7\u00e3o, o motorista perdeu o controle da dire\u00e7\u00e3o e caiu em uma ribanceira de cerca de 10m. Como o local \u00e9 de dif\u00edcil acesso, o corpo da v\u00edtima, identificada como Marcio Rosa da Silva, de 39 anos, s\u00f3 foi resgatado nesta segunda-feira (27\/01).<\/p>\n<p>A carreta, com placa de Araras, no interior de S\u00e3o Paulo, ficou completamente destru\u00edda.<\/p>\n","protected":false},"excerpt":{"rendered":"<p>Uma carreta carregada com iogurte caiu em uma ribanceira e matou uma pessoa na BR-365, pr\u00f3ximo a Montes Claros, no Norte de Minas. De acordo com o Corpo de Bombeiros, o acidente aconteceu nesse domingo (26\/01), pr\u00f3ximo ao KM 18. Carreta despencou de uma altura de 10 m Segundo a corpora\u00e7\u00e3o, o motorista perdeu o [&hellip;]<\/p>\n","protected":false},"author":1,"featured_media":19638,"comment_status":"open","ping_status":"closed","sticky":false,"template":"","format":"standard","meta":{"amp_status":"","footnotes":""},"categories":[1236],"tags":[3620,3622,3621,210],"class_list":["post-19637","post","type-post","status-publish","format-standard","has-post-thumbnail","hentry","category-norte_de_minas","tag-carreta-cai-em-ribanceira-e-mata-motorista-na-br-365-em-montes-claros","tag-foto-acidente-com-carreta-de-araras-no-norte-de-minas","tag-marcio-rosa-da-silva","tag-montes-claros"],"yoast_head":"<!-- This site is optimized with the Yoast SEO plugin v28.3 - https:\/\/yoast.com\/product\/yoast-seo-wordpress\/ -->\n<title>MONTES CLAROS: Carreta cai em ribanceira e mata motorista na BR-365 - Aconteceu no Vale<\/title>\n<meta name=\"robots\" content=\"index, follow, max-snippet:-1, max-image-preview:large, max-video-preview:-1\" \/>\n<link rel=\"canonical\" href=\"https:\/\/aconteceunovale.com.br\/portal\/?p=19637\" \/>\n<meta property=\"og:locale\" content=\"pt_BR\" \/>\n<meta property=\"og:type\" content=\"article\" \/>\n<meta property=\"og:title\" content=\"MONTES CLAROS: Carreta cai em ribanceira e mata motorista na BR-365 - Aconteceu no Vale\" \/>\n<meta property=\"og:description\" content=\"Uma carreta carregada com iogurte caiu em uma ribanceira e matou uma pessoa na BR-365, pr\u00f3ximo a Montes Claros, no Norte de Minas. De acordo com o Corpo de Bombeiros, o acidente aconteceu nesse domingo (26\/01), pr\u00f3ximo ao KM 18. Carreta despencou de uma altura de 10 m Segundo a corpora\u00e7\u00e3o, o motorista perdeu o [&hellip;]\" \/>\n<meta property=\"og:url\" content=\"https:\/\/aconteceunovale.com.br\/portal\/?p=19637\" \/>\n<meta property=\"og:site_name\" content=\"Aconteceu no Vale\" \/>\n<meta property=\"article:publisher\" content=\"https:\/\/www.facebook.com\/aconteceunovale\/\" \/>\n<meta property=\"article:published_time\" content=\"2014-01-27T20:43:32+00:00\" \/>\n<meta property=\"og:image\" content=\"https:\/\/aconteceunovale.com.br\/portal\/wp-content\/uploads\/2014\/01\/acidente_carreta_araras_em_moc.jpg\" \/>\n\t<meta property=\"og:image:width\" content=\"620\" \/>\n\t<meta property=\"og:image:height\" content=\"420\" \/>\n\t<meta property=\"og:image:type\" content=\"image\/jpeg\" \/>\n<meta name=\"author\" content=\"Aconteceu no Vale\" \/>\n<meta name=\"twitter:card\" content=\"summary_large_image\" \/>\n<meta name=\"twitter:creator\" content=\"@noticiadosvales\" \/>\n<meta name=\"twitter:site\" content=\"@noticiadosvales\" \/>\n<meta name=\"twitter:label1\" content=\"Escrito por\" \/>\n\t<meta name=\"twitter:data1\" content=\"Aconteceu no Vale\" \/>\n\t<meta name=\"twitter:label2\" content=\"Est. tempo de leitura\" \/>\n\t<meta name=\"twitter:data2\" content=\"1 minuto\" \/>\n<script type=\"application\/ld+json\" class=\"yoast-schema-graph\">{\"@context\":\"https:\\\/\\\/schema.org\",\"@graph\":[{\"@type\":\"Article\",\"@id\":\"https:\\\/\\\/aconteceunovale.com.br\\\/portal\\\/?p=19637#article\",\"isPartOf\":{\"@id\":\"https:\\\/\\\/aconteceunovale.com.br\\\/portal\\\/?p=19637\"},\"author\":{\"name\":\"Aconteceu no Vale\",\"@id\":\"https:\\\/\\\/aconteceunovale.com.br\\\/portal\\\/#\\\/schema\\\/person\\\/633529146f2c94272bef50ac2953d589\"},\"headline\":\"MONTES CLAROS: Carreta cai em ribanceira e mata motorista na BR-365\",\"datePublished\":\"2014-01-27T20:43:32+00:00\",\"mainEntityOfPage\":{\"@id\":\"https:\\\/\\\/aconteceunovale.com.br\\\/portal\\\/?p=19637\"},\"wordCount\":120,\"commentCount\":0,\"image\":{\"@id\":\"https:\\\/\\\/aconteceunovale.com.br\\\/portal\\\/?p=19637#primaryimage\"},\"thumbnailUrl\":\"https:\\\/\\\/aconteceunovale.com.br\\\/portal\\\/wp-content\\\/uploads\\\/2014\\\/01\\\/acidente_carreta_araras_em_moc.jpg\",\"keywords\":[\"Carreta cai em ribanceira e mata motorista na BR-365 em Montes Claros\",\"Foto acidente com carreta de Araras no Norte de Minas\",\"Marcio Rosa da Silva\",\"Montes Claros\"],\"articleSection\":[\"Norte de Minas\"],\"inLanguage\":\"pt-BR\",\"potentialAction\":[{\"@type\":\"CommentAction\",\"name\":\"Comment\",\"target\":[\"https:\\\/\\\/aconteceunovale.com.br\\\/portal\\\/?p=19637#respond\"]}]},{\"@type\":\"WebPage\",\"@id\":\"https:\\\/\\\/aconteceunovale.com.br\\\/portal\\\/?p=19637\",\"url\":\"https:\\\/\\\/aconteceunovale.com.br\\\/portal\\\/?p=19637\",\"name\":\"MONTES CLAROS: Carreta cai em ribanceira e mata motorista na BR-365 - Aconteceu no Vale\",\"isPartOf\":{\"@id\":\"https:\\\/\\\/aconteceunovale.com.br\\\/portal\\\/#website\"},\"primaryImageOfPage\":{\"@id\":\"https:\\\/\\\/aconteceunovale.com.br\\\/portal\\\/?p=19637#primaryimage\"},\"image\":{\"@id\":\"https:\\\/\\\/aconteceunovale.com.br\\\/portal\\\/?p=19637#primaryimage\"},\"thumbnailUrl\":\"https:\\\/\\\/aconteceunovale.com.br\\\/portal\\\/wp-content\\\/uploads\\\/2014\\\/01\\\/acidente_carreta_araras_em_moc.jpg\",\"datePublished\":\"2014-01-27T20:43:32+00:00\",\"author\":{\"@id\":\"https:\\\/\\\/aconteceunovale.com.br\\\/portal\\\/#\\\/schema\\\/person\\\/633529146f2c94272bef50ac2953d589\"},\"breadcrumb\":{\"@id\":\"https:\\\/\\\/aconteceunovale.com.br\\\/portal\\\/?p=19637#breadcrumb\"},\"inLanguage\":\"pt-BR\",\"potentialAction\":[{\"@type\":\"ReadAction\",\"target\":[\"https:\\\/\\\/aconteceunovale.com.br\\\/portal\\\/?p=19637\"]}]},{\"@type\":\"ImageObject\",\"inLanguage\":\"pt-BR\",\"@id\":\"https:\\\/\\\/aconteceunovale.com.br\\\/portal\\\/?p=19637#primaryimage\",\"url\":\"https:\\\/\\\/aconteceunovale.com.br\\\/portal\\\/wp-content\\\/uploads\\\/2014\\\/01\\\/acidente_carreta_araras_em_moc.jpg\",\"contentUrl\":\"https:\\\/\\\/aconteceunovale.com.br\\\/portal\\\/wp-content\\\/uploads\\\/2014\\\/01\\\/acidente_carreta_araras_em_moc.jpg\",\"width\":620,\"height\":420},{\"@type\":\"BreadcrumbList\",\"@id\":\"https:\\\/\\\/aconteceunovale.com.br\\\/portal\\\/?p=19637#breadcrumb\",\"itemListElement\":[{\"@type\":\"ListItem\",\"position\":1,\"name\":\"In\u00edcio\",\"item\":\"https:\\\/\\\/aconteceunovale.com.br\\\/portal\\\/\"},{\"@type\":\"ListItem\",\"position\":2,\"name\":\"MONTES CLAROS: Carreta cai em ribanceira e mata motorista na BR-365\"}]},{\"@type\":\"WebSite\",\"@id\":\"https:\\\/\\\/aconteceunovale.com.br\\\/portal\\\/#website\",\"url\":\"https:\\\/\\\/aconteceunovale.com.br\\\/portal\\\/\",\"name\":\"Aconteceu no Vale\",\"description\":\"Portal de Not\u00edcias\",\"potentialAction\":[{\"@type\":\"SearchAction\",\"target\":{\"@type\":\"EntryPoint\",\"urlTemplate\":\"https:\\\/\\\/aconteceunovale.com.br\\\/portal\\\/?s={search_term_string}\"},\"query-input\":{\"@type\":\"PropertyValueSpecification\",\"valueRequired\":true,\"valueName\":\"search_term_string\"}}],\"inLanguage\":\"pt-BR\"},{\"@type\":\"Person\",\"@id\":\"https:\\\/\\\/aconteceunovale.com.br\\\/portal\\\/#\\\/schema\\\/person\\\/633529146f2c94272bef50ac2953d589\",\"name\":\"Aconteceu no Vale\",\"description\":\"Equipe de reportagem do Aconteceu no Vale, portal de not\u00edcias do Vale do Jequitinhonha, em Minas Gerais. Cobrimos as 51 cidades do Vale desde 2013. Sugest\u00f5es de pauta e pedidos de corre\u00e7\u00e3o: contato@aconteceunovale.com.br\",\"sameAs\":[\"http:\\\/\\\/www.aconteceunovale.com.br\"],\"url\":\"https:\\\/\\\/aconteceunovale.com.br\\\/portal\\\/?author=1\"}]}<\/script>\n<!-- \/ Yoast SEO plugin. -->","yoast_head_json":{"title":"MONTES CLAROS: Carreta cai em ribanceira e mata motorista na BR-365 - Aconteceu no Vale","robots":{"index":"index","follow":"follow","max-snippet":"max-snippet:-1","max-image-preview":"max-image-preview:large","max-video-preview":"max-video-preview:-1"},"canonical":"https:\/\/aconteceunovale.com.br\/portal\/?p=19637","og_locale":"pt_BR","og_type":"article","og_title":"MONTES CLAROS: Carreta cai em ribanceira e mata motorista na BR-365 - Aconteceu no Vale","og_description":"Uma carreta carregada com iogurte caiu em uma ribanceira e matou uma pessoa na BR-365, pr\u00f3ximo a Montes Claros, no Norte de Minas. De acordo com o Corpo de Bombeiros, o acidente aconteceu nesse domingo (26\/01), pr\u00f3ximo ao KM 18. Carreta despencou de uma altura de 10 m Segundo a corpora\u00e7\u00e3o, o motorista perdeu o [&hellip;]","og_url":"https:\/\/aconteceunovale.com.br\/portal\/?p=19637","og_site_name":"Aconteceu no Vale","article_publisher":"https:\/\/www.facebook.com\/aconteceunovale\/","article_published_time":"2014-01-27T20:43:32+00:00","og_image":[{"width":620,"height":420,"url":"https:\/\/aconteceunovale.com.br\/portal\/wp-content\/uploads\/2014\/01\/acidente_carreta_araras_em_moc.jpg","type":"image\/jpeg"}],"author":"Aconteceu no Vale","twitter_card":"summary_large_image","twitter_creator":"@noticiadosvales","twitter_site":"@noticiadosvales","twitter_misc":{"Escrito por":"Aconteceu no Vale","Est. tempo de leitura":"1 minuto"},"schema":{"@context":"https:\/\/schema.org","@graph":[{"@type":"Article","@id":"https:\/\/aconteceunovale.com.br\/portal\/?p=19637#article","isPartOf":{"@id":"https:\/\/aconteceunovale.com.br\/portal\/?p=19637"},"author":{"name":"Aconteceu no Vale","@id":"https:\/\/aconteceunovale.com.br\/portal\/#\/schema\/person\/633529146f2c94272bef50ac2953d589"},"headline":"MONTES CLAROS: Carreta cai em ribanceira e mata motorista na BR-365","datePublished":"2014-01-27T20:43:32+00:00","mainEntityOfPage":{"@id":"https:\/\/aconteceunovale.com.br\/portal\/?p=19637"},"wordCount":120,"commentCount":0,"image":{"@id":"https:\/\/aconteceunovale.com.br\/portal\/?p=19637#primaryimage"},"thumbnailUrl":"https:\/\/aconteceunovale.com.br\/portal\/wp-content\/uploads\/2014\/01\/acidente_carreta_araras_em_moc.jpg","keywords":["Carreta cai em ribanceira e mata motorista na BR-365 em Montes Claros","Foto acidente com carreta de Araras no Norte de Minas","Marcio Rosa da Silva","Montes Claros"],"articleSection":["Norte de Minas"],"inLanguage":"pt-BR","potentialAction":[{"@type":"CommentAction","name":"Comment","target":["https:\/\/aconteceunovale.com.br\/portal\/?p=19637#respond"]}]},{"@type":"WebPage","@id":"https:\/\/aconteceunovale.com.br\/portal\/?p=19637","url":"https:\/\/aconteceunovale.com.br\/portal\/?p=19637","name":"MONTES CLAROS: Carreta cai em ribanceira e mata motorista na BR-365 - Aconteceu no Vale","isPartOf":{"@id":"https:\/\/aconteceunovale.com.br\/portal\/#website"},"primaryImageOfPage":{"@id":"https:\/\/aconteceunovale.com.br\/portal\/?p=19637#primaryimage"},"image":{"@id":"https:\/\/aconteceunovale.com.br\/portal\/?p=19637#primaryimage"},"thumbnailUrl":"https:\/\/aconteceunovale.com.br\/portal\/wp-content\/uploads\/2014\/01\/acidente_carreta_araras_em_moc.jpg","datePublished":"2014-01-27T20:43:32+00:00","author":{"@id":"https:\/\/aconteceunovale.com.br\/portal\/#\/schema\/person\/633529146f2c94272bef50ac2953d589"},"breadcrumb":{"@id":"https:\/\/aconteceunovale.com.br\/portal\/?p=19637#breadcrumb"},"inLanguage":"pt-BR","potentialAction":[{"@type":"ReadAction","target":["https:\/\/aconteceunovale.com.br\/portal\/?p=19637"]}]},{"@type":"ImageObject","inLanguage":"pt-BR","@id":"https:\/\/aconteceunovale.com.br\/portal\/?p=19637#primaryimage","url":"https:\/\/aconteceunovale.com.br\/portal\/wp-content\/uploads\/2014\/01\/acidente_carreta_araras_em_moc.jpg","contentUrl":"https:\/\/aconteceunovale.com.br\/portal\/wp-content\/uploads\/2014\/01\/acidente_carreta_araras_em_moc.jpg","width":620,"height":420},{"@type":"BreadcrumbList","@id":"https:\/\/aconteceunovale.com.br\/portal\/?p=19637#breadcrumb","itemListElement":[{"@type":"ListItem","position":1,"name":"In\u00edcio","item":"https:\/\/aconteceunovale.com.br\/portal\/"},{"@type":"ListItem","position":2,"name":"MONTES CLAROS: Carreta cai em ribanceira e mata motorista na BR-365"}]},{"@type":"WebSite","@id":"https:\/\/aconteceunovale.com.br\/portal\/#website","url":"https:\/\/aconteceunovale.com.br\/portal\/","name":"Aconteceu no Vale","description":"Portal de Not\u00edcias","potentialAction":[{"@type":"SearchAction","target":{"@type":"EntryPoint","urlTemplate":"https:\/\/aconteceunovale.com.br\/portal\/?s={search_term_string}"},"query-input":{"@type":"PropertyValueSpecification","valueRequired":true,"valueName":"search_term_string"}}],"inLanguage":"pt-BR"},{"@type":"Person","@id":"https:\/\/aconteceunovale.com.br\/portal\/#\/schema\/person\/633529146f2c94272bef50ac2953d589","name":"Aconteceu no Vale","description":"Equipe de reportagem do Aconteceu no Vale, portal de not\u00edcias do Vale do Jequitinhonha, em Minas Gerais. Cobrimos as 51 cidades do Vale desde 2013. Sugest\u00f5es de pauta e pedidos de corre\u00e7\u00e3o: contato@aconteceunovale.com.br","sameAs":["http:\/\/www.aconteceunovale.com.br"],"url":"https:\/\/aconteceunovale.com.br\/portal\/?author=1"}]}},"_links":{"self":[{"href":"https:\/\/aconteceunovale.com.br\/portal\/index.php?rest_route=\/wp\/v2\/posts\/19637","targetHints":{"allow":["GET"]}}],"collection":[{"href":"https:\/\/aconteceunovale.com.br\/portal\/index.php?rest_route=\/wp\/v2\/posts"}],"about":[{"href":"https:\/\/aconteceunovale.com.br\/portal\/index.php?rest_route=\/wp\/v2\/types\/post"}],"author":[{"embeddable":true,"href":"https:\/\/aconteceunovale.com.br\/portal\/index.php?rest_route=\/wp\/v2\/users\/1"}],"replies":[{"embeddable":true,"href":"https:\/\/aconteceunovale.com.br\/portal\/index.php?rest_route=%2Fwp%2Fv2%2Fcomments&post=19637"}],"version-history":[{"count":0,"href":"https:\/\/aconteceunovale.com.br\/portal\/index.php?rest_route=\/wp\/v2\/posts\/19637\/revisions"}],"wp:featuredmedia":[{"embeddable":true,"href":"https:\/\/aconteceunovale.com.br\/portal\/index.php?rest_route=\/wp\/v2\/media\/19638"}],"wp:attachment":[{"href":"https:\/\/aconteceunovale.com.br\/portal\/index.php?rest_route=%2Fwp%2Fv2%2Fmedia&parent=19637"}],"wp:term":[{"taxonomy":"category","embeddable":true,"href":"https:\/\/aconteceunovale.com.br\/portal\/index.php?rest_route=%2Fwp%2Fv2%2Fcategories&post=19637"},{"taxonomy":"post_tag","embeddable":true,"href":"https:\/\/aconteceunovale.com.br\/portal\/index.php?rest_route=%2Fwp%2Fv2%2Ftags&post=19637"}],"curies":[{"name":"wp","href":"https:\/\/api.w.org\/{rel}","templated":true}]}}