{"id":19613,"date":"2014-01-27T14:19:39","date_gmt":"2014-01-27T16:19:39","guid":{"rendered":"http:\/\/aconteceunovale.com.br\/portal\/?p=19613"},"modified":"2014-01-27T14:19:39","modified_gmt":"2014-01-27T16:19:39","slug":"indios-pataxo-vivem-sob-tensao-em-acucena","status":"publish","type":"post","link":"https:\/\/aconteceunovale.com.br\/portal\/?p=19613","title":{"rendered":"\u00cdndios Patax\u00f3 vivem sob tens\u00e3o em A\u00e7ucena"},"content":{"rendered":"<p>A comunidade Ger\u00fa Tucum\u00e3 Patax\u00f3, localizada no Parque Estadual do Rio Corrente, munic\u00edpio de A\u00e7ucena, tem vivido dias de tens\u00e3o pelas constantes amea\u00e7as de posseiros e fazendeiros da regi\u00e3o. Os Patax\u00f3 chegaram na reserva em 23 de junho de 2010, com aproximadamente 80 pessoas, 17 fam\u00edlias entre crian\u00e7as, adolescentes, adultos e idosos. Todos vieram de Carm\u00e9sia para o Vale do A\u00e7o em busca de uma vida melhor e para fortalecer a cultura ind\u00edgena.<\/p>\n<p><img decoding=\"async\" src=\"http:\/\/aconteceunovale.com.br\/portal\/wp-content\/uploads\/2014\/01\/indios_pataxos_acucena_1.jpg\" alt=\"\" \/><br \/>\n<em><strong>Lideran\u00e7as ind\u00edgenas acionaram \u00f3rg\u00e3os de prote\u00e7\u00e3o &#8211; (Foto: Nilson Lages)<\/strong><\/em><\/p>\n<p>Entretanto, passados quase quatro anos, representantes da comunidade relatam transtornos cada vez maiores, pois a reserva ocupada pelos ind\u00edgenas \u00e9 uma \u00e1rea muito cobi\u00e7ada por posseiros e fazendeiros.  Atualmente, dentro da reserva, j\u00e1 existe uma grande \u00e1rea desmatada para forma\u00e7\u00e3o de pastagem, \u00e1rvores centen\u00e1rias foram derrubadas e d\u00e3o lugar ao capim braqui\u00e1ria. As principais nascentes de \u00e1gua s\u00e3o invadidas por rebanhos de bovinos.<\/p>\n<p>As lideran\u00e7as ind\u00edgenas garantem que, em quatro anos da chegada dos Patax\u00f3, a \u00e1rea foi reflorestada por eles e v\u00e1rias nascentes foram recuperadas.  Por\u00e9m, os problemas aumentam a cada dia com os posseiros e fazendeiros. Somente nos \u00faltimos seis meses foram registradas amea\u00e7as e inc\u00eandios criminosos em \u00e1reas verdes.<\/p>\n<p>Como forma de dificultar o acesso, fazendeiros impedem as passagens em estradas com toras de madeiras e destroem pontes. H\u00e1 registros, tamb\u00e9m, de tentativas de homic\u00eddio. Um \u00edndio foi alvejado por um tiro e outro teve dois disparos em sua dire\u00e7\u00e3o, sem ser atingido.<\/p>\n<p>Pessoas desconhecidas invadem a aldeia armadas e fazem amea\u00e7as frequentes aos estudantes da Escola Estadual Cristiano Machado em Felicina, distrito de A\u00e7ucena. \u201cToda esta situa\u00e7\u00e3o de tens\u00e3o \u00e9 devido a falta de demarca\u00e7\u00e3o das terras por parte do Instituto Estadual de Florestas (IEF)\u201d, afirmam as lideran\u00e7as ind\u00edgenas da comunidade.<\/p>\n<p><strong>Precariedade<\/strong><\/p>\n<p>Diferentemente de outras comunidades ind\u00edgenas, a aldeia Ger\u00fa Tucum\u00e3 Patax\u00f3 em A\u00e7ucena vive em condi\u00e7\u00f5es prec\u00e1rias, sem energia el\u00e9trica, saneamento b\u00e1sico, sistema de sa\u00fade e possui apenas uma escola para o ensino fundamental e da cultura Patax\u00f3.<\/p>\n<p><img decoding=\"async\" src=\"http:\/\/aconteceunovale.com.br\/portal\/wp-content\/uploads\/2014\/01\/indios_pataxos_acucena_2.jpg\" alt=\"\" \/><br \/>\n<em><strong>Boi flagrado em uma das nascentes da reserva &#8211; (Foto: Nilson Lages)<\/strong><\/em><\/p>\n<p>A situa\u00e7\u00e3o foi levada por lideran\u00e7as ind\u00edgenas \u00e0 sede da Funda\u00e7\u00e3o Nacional do \u00cdndio (Funai) em Governador Valadares, que responde pela regi\u00e3o. O agente em indigenismo, Pablo Matos Camargo, disse que na semana anterior o cacique da comunidade levou o boletim de ocorr\u00eancia ao \u00f3rg\u00e3o sobre a tentativa de homic\u00eddio ocorrida h\u00e1 poucos dias. \u201cA Funai est\u00e1 tomando as medidas, fez contato e acompanhamento com a Pol\u00edcia Federal, Minist\u00e9rio P\u00fablico, Procuradoria da Funai e IEF\u201d, explicou Pablo Matos.<\/p>\n<p>O agente da Funai contou que a comunidade j\u00e1 \u00e9 acompanhada pela Organiza\u00e7\u00e3o N\u00e3o Governamental Instituto Direitos Humanos, que oferece um programa de seguran\u00e7a para amea\u00e7ados, com recursos do governo federal que \u00e9 repassado pelo estado.<\/p>\n<p><strong>Guerra<\/strong><\/p>\n<p>Pablo Matos salienta que os conflitos ocorrem na comunidade desde que os \u00edndios chegaram ao local. \u201cPosseiros est\u00e3o destruindo o que restou da Mata Atl\u00e2ntica. Os \u00edndios foram convidados a ocuparem o local para preservar o que resta, at\u00e9 pelo uso sustent\u00e1vel. Eles recuperaram a vegeta\u00e7\u00e3o, plantaram muitas coisas de onde colhem seu sustento. A mandioca, por exemplo, eles usam para alimenta\u00e7\u00e3o e revenda. O grande problema \u00e9 a indefini\u00e7\u00e3o do pr\u00f3prio IEF para a demarca\u00e7\u00e3o\u201d, pontuou Pablo Matos. <\/p>\n<p><img decoding=\"async\" src=\"http:\/\/aconteceunovale.com.br\/portal\/wp-content\/uploads\/2014\/01\/indios_pataxos_acucena_3.jpg\" alt=\"\" \/><br \/>\n<em><strong>Durante as aulas na prec\u00e1ria escola, os alunos tamb\u00e9m s\u00e3o alvos de amea\u00e7as &#8211; (Foto: Nilson Lages)<\/strong><\/em><\/p>\n<p>Questionado sobre o problema no Parque Rio Corrente, a assessoria de imprensa do IEF, informou que a demarca\u00e7\u00e3o depende da Justi\u00e7a. \u201cNo momento em que governo declara uma \u00e1rea como parque estadual \u00e9 feita uma avalia\u00e7\u00e3o pelo Estado e oferecido um valor. Alguns n\u00e3o aceitam e levam para a Justi\u00e7a. Esse \u00e9 o caso do Parque Rio Corrente. Portanto, \u00e9 aguardada a decis\u00e3o judicial. O Estado tem inten\u00e7\u00e3o de indenizar e regularizar a situa\u00e7\u00e3o. O objetivo \u00e9 conseguir a melhor solu\u00e7\u00e3o poss\u00edvel que equilibre a heran\u00e7a cultural da comunidade e a quest\u00e3o ambiental\u201d, declarou a assessoria.<\/p>\n<p>A assessoria de imprensa do \u00f3rg\u00e3o destacou que trabalha em parceria com a Funai e Minist\u00e9rio P\u00fablico em busca de uma solu\u00e7\u00e3o. \u201cAguardamos ainda o posicionamento da Funai sobre o reconhecimento oficial da etnia para definir se ser\u00e1 necess\u00e1ria adequa\u00e7\u00e3o ao parque\u201d, frisou. Sobre os crimes ambientais, o IEF destacou que faz acompanhamento, boletins de ocorr\u00eancia de desmatamento e atos de fiscaliza\u00e7\u00e3o, mas n\u00e3o tem aplicado multa.<\/p>\n<p><em><strong>(Fonte: Di\u00e1rio do A\u00e7o)<\/strong><\/em><\/p>\n","protected":false},"excerpt":{"rendered":"<p>A comunidade Ger\u00fa Tucum\u00e3 Patax\u00f3, localizada no Parque Estadual do Rio Corrente, munic\u00edpio de A\u00e7ucena, tem vivido dias de tens\u00e3o pelas constantes amea\u00e7as de posseiros e fazendeiros da regi\u00e3o. Os Patax\u00f3 chegaram na reserva em 23 de junho de 2010, com aproximadamente 80 pessoas, 17 fam\u00edlias entre crian\u00e7as, adolescentes, adultos e idosos. Todos vieram de [&hellip;]<\/p>\n","protected":false},"author":1,"featured_media":19616,"comment_status":"open","ping_status":"closed","sticky":false,"template":"","format":"standard","meta":{"amp_status":"","footnotes":""},"categories":[121],"tags":[971,3612],"class_list":["post-19613","post","type-post","status-publish","format-standard","has-post-thumbnail","hentry","category-leste","tag-acucena","tag-indios-pataxo-vivem-sob-tensao-em-acucena"],"_links":{"self":[{"href":"https:\/\/aconteceunovale.com.br\/portal\/index.php?rest_route=\/wp\/v2\/posts\/19613","targetHints":{"allow":["GET"]}}],"collection":[{"href":"https:\/\/aconteceunovale.com.br\/portal\/index.php?rest_route=\/wp\/v2\/posts"}],"about":[{"href":"https:\/\/aconteceunovale.com.br\/portal\/index.php?rest_route=\/wp\/v2\/types\/post"}],"author":[{"embeddable":true,"href":"https:\/\/aconteceunovale.com.br\/portal\/index.php?rest_route=\/wp\/v2\/users\/1"}],"replies":[{"embeddable":true,"href":"https:\/\/aconteceunovale.com.br\/portal\/index.php?rest_route=%2Fwp%2Fv2%2Fcomments&post=19613"}],"version-history":[{"count":0,"href":"https:\/\/aconteceunovale.com.br\/portal\/index.php?rest_route=\/wp\/v2\/posts\/19613\/revisions"}],"wp:featuredmedia":[{"embeddable":true,"href":"https:\/\/aconteceunovale.com.br\/portal\/index.php?rest_route=\/wp\/v2\/media\/19616"}],"wp:attachment":[{"href":"https:\/\/aconteceunovale.com.br\/portal\/index.php?rest_route=%2Fwp%2Fv2%2Fmedia&parent=19613"}],"wp:term":[{"taxonomy":"category","embeddable":true,"href":"https:\/\/aconteceunovale.com.br\/portal\/index.php?rest_route=%2Fwp%2Fv2%2Fcategories&post=19613"},{"taxonomy":"post_tag","embeddable":true,"href":"https:\/\/aconteceunovale.com.br\/portal\/index.php?rest_route=%2Fwp%2Fv2%2Ftags&post=19613"}],"curies":[{"name":"wp","href":"https:\/\/api.w.org\/{rel}","templated":true}]}}